{"id":124372,"date":"2015-03-10T12:34:08","date_gmt":"2015-03-10T11:34:08","guid":{"rendered":"https:\/\/sandzakpress.net\/arhiva\/?p=124372"},"modified":"2015-03-10T12:34:08","modified_gmt":"2015-03-10T11:34:08","slug":"bosnjaci-sahranili-komsiju-pravoslavca-koji-nije-imao-porodicu","status":"publish","type":"post","link":"https:\/\/sandzakpress.net\/arhiva\/bosnjaci-sahranili-komsiju-pravoslavca-koji-nije-imao-porodicu\/","title":{"rendered":"Bo\u0161njaci sahranili kom\u0161iju pravoslavca koji nije imao porodicu"},"content":{"rendered":"<p><img decoding=\"async\" src=\"http:\/\/static.klix.ba\/media\/images\/vijesti\/150310030.3_mn.jpg\" alt=\"\" \/><\/p>\n<p><strong>BiH &#8211; Mje\u0161tani okupljeni u d\u017eematu Ra\u0161telice, u op\u0107ini Had\u017ei\u0107i, pripremili su i obavili sahranu kom\u0161ije Milana Lalu\u0161i\u0107a, koji je preminuo a nije imao porodicu.<\/strong><\/p>\n<p>D\u017eematlije, na \u010delu s imamom Muamerom ef. Mrkonjom i predsjednikom Mjesne zajednice Hazretom Suba\u0161i\u0107em, izvr\u0161ili su sve pripreme i realizirali sahranu kom\u0161ije pravoslavca, koji je preminuo u 69. godini \u017eivota.<\/p>\n<p><strong>\u00a0<\/strong><\/p>\n<div class=\"vslika\"><a class=\"fancybox\" title=\"\" href=\"http:\/\/static.klix.ba\/media\/images\/vijesti\/150310030.1_xl.jpg\" rel=\"group\"><img decoding=\"async\" src=\"http:\/\/static.klix.ba\/media\/images\/vijesti\/150310030.1_xl.jpg\" alt=\"\" border=\"0\" \/><\/a><\/p>\n<figure class=\"kvadrat\"><\/figure>\n<\/div>\n<p>Milan je svoj \u017eivotni vijek provodio u Ra\u0161telici kao rado vi\u0111en kom\u0161ija i prijatelj, stoga je d\u017eemat izrazio potrebu da mu na ovaj na\u010din uka\u017ee po\u010dast. Tako\u0111er, d\u017eemat nije zaboravio da je Milan svojim prilozima u\u010destvovao i u izgradnji d\u017eamije.<br \/><strong><br \/><\/strong>&#8220;Na ispra\u0107aju je bio prisutan veliki broj d\u017eematlija, koji su iskopali grob, obezbijedili prevoz preminulog, te odali sve po\u010dasti koje na\u0161 kom\u0161ija, dobri \u010dovjek i zaslu\u017euje&#8221;, kazao je za list Preporod mjesni imam Muamer efendija.<br \/><strong><br \/><\/strong><\/p>\n<div class=\"vslika\"><a class=\"fancybox\" title=\"\" href=\"http:\/\/static.klix.ba\/media\/images\/vijesti\/150310030.2_xl.jpg\" rel=\"group\"><img decoding=\"async\" src=\"http:\/\/static.klix.ba\/media\/images\/vijesti\/150310030.2_xl.jpg\" alt=\"\" border=\"0\" \/><\/a><\/p>\n<figure class=\"kvadrat\"><\/figure>\n<\/div>\n<p>Lalu\u0161i\u0107 nije imao porodicu niti bli\u017eu rodbinu, ali s ovim \u010dinom sahrane je iza sebe ostavio veliku porodicu, mje\u0161tane Ra\u0161telice. Nakon sahrane, imam Muamer efendija je ugostio pravoslavne sve\u0161tenike koji su prisustvovali sahrani te izrazili pohvale za ovaj kom\u0161ijski \u010din.<\/p>\n<p>(Klix)<\/p>\n<p>&nbsp;<\/p>\n","protected":false},"excerpt":{"rendered":"<p>BiH &#8211; Mje\u0161tani okupljeni u d\u017eematu Ra\u0161telice, u op\u0107ini Had\u017ei\u0107i, pripremili su i obavili sahranu kom\u0161ije Milana Lalu\u0161i\u0107a, koji je preminuo a nije imao porodicu. D\u017eematlije, na \u010delu s imamom Muamerom ef. Mrkonjom i predsjednikom Mjesne zajednice Hazretom Suba\u0161i\u0107em, izvr\u0161ili su sve pripreme i realizirali sahranu kom\u0161ije pravoslavca, koji je preminuo u 69. godini \u017eivota. [&hellip;]<\/p>\n","protected":false},"author":83,"featured_media":124373,"comment_status":"open","ping_status":"open","sticky":false,"template":"","format":"standard","meta":{"footnotes":""},"categories":[2860,5],"tags":[],"class_list":{"0":"post-124372","1":"post","2":"type-post","3":"status-publish","4":"format-standard","5":"has-post-thumbnail","7":"category-bosna-i-hercegovina-gradovi","8":"category-drustvo"},"yoast_head":"<!-- This site is optimized with the Yoast SEO Premium plugin v23.1 (Yoast SEO v24.9) - https:\/\/yoast.com\/wordpress\/plugins\/seo\/ -->\n<title>Bo\u0161njaci sahranili kom\u0161iju pravoslavca koji nije imao porodicu<\/title>\n<meta name=\"robots\" content=\"index, follow, max-snippet:-1, max-image-preview:large, max-video-preview:-1\" \/>\n<link rel=\"canonical\" href=\"https:\/\/sandzakpress.net\/arhiva\/bosnjaci-sahranili-komsiju-pravoslavca-koji-nije-imao-porodicu\/\" \/>\n<meta property=\"og:locale\" content=\"bs_BA\" \/>\n<meta property=\"og:type\" content=\"article\" \/>\n<meta property=\"og:title\" content=\"Bo\u0161njaci sahranili kom\u0161iju pravoslavca koji nije imao porodicu\" \/>\n<meta property=\"og:description\" content=\"BiH &#8211; Mje\u0161tani okupljeni u d\u017eematu Ra\u0161telice, u op\u0107ini Had\u017ei\u0107i, pripremili su i obavili sahranu kom\u0161ije Milana Lalu\u0161i\u0107a, koji je preminuo a nije imao porodicu. D\u017eematlije, na \u010delu s imamom Muamerom ef. Mrkonjom i predsjednikom Mjesne zajednice Hazretom Suba\u0161i\u0107em, izvr\u0161ili su sve pripreme i realizirali sahranu kom\u0161ije pravoslavca, koji je preminuo u 69. godini \u017eivota. [&hellip;]\" \/>\n<meta property=\"og:url\" content=\"https:\/\/sandzakpress.net\/arhiva\/bosnjaci-sahranili-komsiju-pravoslavca-koji-nije-imao-porodicu\/\" \/>\n<meta property=\"og:site_name\" content=\"Sand\u017eak PRESS\" \/>\n<meta property=\"article:published_time\" content=\"2015-03-10T11:34:08+00:00\" \/>\n<meta property=\"og:image\" content=\"https:\/\/sandzakpress.net\/arhiva\/wp-content\/uploads\/2015\/03\/150310030.3_mn.jpg\" \/>\n\t<meta property=\"og:image:width\" content=\"632\" \/>\n\t<meta property=\"og:image:height\" content=\"469\" \/>\n\t<meta property=\"og:image:type\" content=\"image\/jpeg\" \/>\n<meta name=\"author\" content=\"bosniak\" \/>\n<meta name=\"twitter:card\" content=\"summary_large_image\" \/>\n<meta name=\"twitter:label1\" content=\"Written by\" \/>\n\t<meta name=\"twitter:data1\" content=\"bosniak\" \/>\n\t<meta name=\"twitter:label2\" content=\"Est. reading time\" \/>\n\t<meta name=\"twitter:data2\" content=\"1 minuta\" \/>\n<script type=\"application\/ld+json\" class=\"yoast-schema-graph\">{\"@context\":\"https:\/\/schema.org\",\"@graph\":[{\"@type\":\"Article\",\"@id\":\"https:\/\/sandzakpress.net\/arhiva\/bosnjaci-sahranili-komsiju-pravoslavca-koji-nije-imao-porodicu\/#article\",\"isPartOf\":{\"@id\":\"https:\/\/sandzakpress.net\/arhiva\/bosnjaci-sahranili-komsiju-pravoslavca-koji-nije-imao-porodicu\/\"},\"author\":{\"name\":\"bosniak\",\"@id\":\"https:\/\/sandzakpress.net\/arhiva\/#\/schema\/person\/c8baee722073534b583ea7bdb2e36c02\"},\"headline\":\"Bo\u0161njaci sahranili kom\u0161iju pravoslavca koji nije imao porodicu\",\"datePublished\":\"2015-03-10T11:34:08+00:00\",\"mainEntityOfPage\":{\"@id\":\"https:\/\/sandzakpress.net\/arhiva\/bosnjaci-sahranili-komsiju-pravoslavca-koji-nije-imao-porodicu\/\"},\"wordCount\":217,\"commentCount\":24,\"publisher\":{\"@id\":\"https:\/\/sandzakpress.net\/arhiva\/#\/schema\/person\/6e72b67d6e51910a1117b3b483ba20bd\"},\"image\":{\"@id\":\"https:\/\/sandzakpress.net\/arhiva\/bosnjaci-sahranili-komsiju-pravoslavca-koji-nije-imao-porodicu\/#primaryimage\"},\"thumbnailUrl\":\"https:\/\/sandzakpress.net\/arhiva\/wp-content\/uploads\/2015\/03\/150310030.3_mn.jpg\",\"articleSection\":[\"Bosna i Hercegovina\",\"Dru\u0161tvo\"],\"inLanguage\":\"bs-BA\",\"potentialAction\":[{\"@type\":\"CommentAction\",\"name\":\"Comment\",\"target\":[\"https:\/\/sandzakpress.net\/arhiva\/bosnjaci-sahranili-komsiju-pravoslavca-koji-nije-imao-porodicu\/#respond\"]}]},{\"@type\":\"WebPage\",\"@id\":\"https:\/\/sandzakpress.net\/arhiva\/bosnjaci-sahranili-komsiju-pravoslavca-koji-nije-imao-porodicu\/\",\"url\":\"https:\/\/sandzakpress.net\/arhiva\/bosnjaci-sahranili-komsiju-pravoslavca-koji-nije-imao-porodicu\/\",\"name\":\"Bo\u0161njaci sahranili kom\u0161iju pravoslavca koji nije imao porodicu\",\"isPartOf\":{\"@id\":\"https:\/\/sandzakpress.net\/arhiva\/#website\"},\"primaryImageOfPage\":{\"@id\":\"https:\/\/sandzakpress.net\/arhiva\/bosnjaci-sahranili-komsiju-pravoslavca-koji-nije-imao-porodicu\/#primaryimage\"},\"image\":{\"@id\":\"https:\/\/sandzakpress.net\/arhiva\/bosnjaci-sahranili-komsiju-pravoslavca-koji-nije-imao-porodicu\/#primaryimage\"},\"thumbnailUrl\":\"https:\/\/sandzakpress.net\/arhiva\/wp-content\/uploads\/2015\/03\/150310030.3_mn.jpg\",\"datePublished\":\"2015-03-10T11:34:08+00:00\",\"breadcrumb\":{\"@id\":\"https:\/\/sandzakpress.net\/arhiva\/bosnjaci-sahranili-komsiju-pravoslavca-koji-nije-imao-porodicu\/#breadcrumb\"},\"inLanguage\":\"bs-BA\",\"potentialAction\":[{\"@type\":\"ReadAction\",\"target\":[\"https:\/\/sandzakpress.net\/arhiva\/bosnjaci-sahranili-komsiju-pravoslavca-koji-nije-imao-porodicu\/\"]}]},{\"@type\":\"ImageObject\",\"inLanguage\":\"bs-BA\",\"@id\":\"https:\/\/sandzakpress.net\/arhiva\/bosnjaci-sahranili-komsiju-pravoslavca-koji-nije-imao-porodicu\/#primaryimage\",\"url\":\"https:\/\/sandzakpress.net\/arhiva\/wp-content\/uploads\/2015\/03\/150310030.3_mn.jpg\",\"contentUrl\":\"https:\/\/sandzakpress.net\/arhiva\/wp-content\/uploads\/2015\/03\/150310030.3_mn.jpg\",\"width\":632,\"height\":469},{\"@type\":\"BreadcrumbList\",\"@id\":\"https:\/\/sandzakpress.net\/arhiva\/bosnjaci-sahranili-komsiju-pravoslavca-koji-nije-imao-porodicu\/#breadcrumb\",\"itemListElement\":[{\"@type\":\"ListItem\",\"position\":1,\"name\":\"Home\",\"item\":\"https:\/\/sandzakpress.net\/arhiva\/\"},{\"@type\":\"ListItem\",\"position\":2,\"name\":\"Bo\u0161njaci sahranili kom\u0161iju pravoslavca koji nije imao porodicu\"}]},{\"@type\":\"WebSite\",\"@id\":\"https:\/\/sandzakpress.net\/arhiva\/#website\",\"url\":\"https:\/\/sandzakpress.net\/arhiva\/\",\"name\":\"Sand\u017eak PRESS\",\"description\":\"Prve elektronske novine u Sand\u017eaku\",\"publisher\":{\"@id\":\"https:\/\/sandzakpress.net\/arhiva\/#\/schema\/person\/6e72b67d6e51910a1117b3b483ba20bd\"},\"potentialAction\":[{\"@type\":\"SearchAction\",\"target\":{\"@type\":\"EntryPoint\",\"urlTemplate\":\"https:\/\/sandzakpress.net\/arhiva\/?s={search_term_string}\"},\"query-input\":{\"@type\":\"PropertyValueSpecification\",\"valueRequired\":true,\"valueName\":\"search_term_string\"}}],\"inLanguage\":\"bs-BA\"},{\"@type\":[\"Person\",\"Organization\"],\"@id\":\"https:\/\/sandzakpress.net\/arhiva\/#\/schema\/person\/6e72b67d6e51910a1117b3b483ba20bd\",\"name\":\"Kul\",\"image\":{\"@type\":\"ImageObject\",\"inLanguage\":\"bs-BA\",\"@id\":\"https:\/\/sandzakpress.net\/arhiva\/#\/schema\/person\/image\/\",\"url\":\"https:\/\/secure.gravatar.com\/avatar\/42263f39aa27ac04c43cab85c280eb2e?s=96&d=mm&r=pg\",\"contentUrl\":\"https:\/\/secure.gravatar.com\/avatar\/42263f39aa27ac04c43cab85c280eb2e?s=96&d=mm&r=pg\",\"caption\":\"Kul\"},\"logo\":{\"@id\":\"https:\/\/sandzakpress.net\/arhiva\/#\/schema\/person\/image\/\"}},{\"@type\":\"Person\",\"@id\":\"https:\/\/sandzakpress.net\/arhiva\/#\/schema\/person\/c8baee722073534b583ea7bdb2e36c02\",\"name\":\"bosniak\",\"image\":{\"@type\":\"ImageObject\",\"inLanguage\":\"bs-BA\",\"@id\":\"https:\/\/sandzakpress.net\/arhiva\/#\/schema\/person\/image\/\",\"url\":\"https:\/\/secure.gravatar.com\/avatar\/a04fd330bfe3a36a72a0ad4a6d89fca7?s=96&d=mm&r=pg\",\"contentUrl\":\"https:\/\/secure.gravatar.com\/avatar\/a04fd330bfe3a36a72a0ad4a6d89fca7?s=96&d=mm&r=pg\",\"caption\":\"bosniak\"},\"url\":\"https:\/\/sandzakpress.net\/arhiva\/author\/bosniak\/\"}]}<\/script>\n<!-- \/ Yoast SEO Premium plugin. -->","yoast_head_json":{"title":"Bo\u0161njaci sahranili kom\u0161iju pravoslavca koji nije imao porodicu","robots":{"index":"index","follow":"follow","max-snippet":"max-snippet:-1","max-image-preview":"max-image-preview:large","max-video-preview":"max-video-preview:-1"},"canonical":"https:\/\/sandzakpress.net\/arhiva\/bosnjaci-sahranili-komsiju-pravoslavca-koji-nije-imao-porodicu\/","og_locale":"bs_BA","og_type":"article","og_title":"Bo\u0161njaci sahranili kom\u0161iju pravoslavca koji nije imao porodicu","og_description":"BiH &#8211; Mje\u0161tani okupljeni u d\u017eematu Ra\u0161telice, u op\u0107ini Had\u017ei\u0107i, pripremili su i obavili sahranu kom\u0161ije Milana Lalu\u0161i\u0107a, koji je preminuo a nije imao porodicu. D\u017eematlije, na \u010delu s imamom Muamerom ef. Mrkonjom i predsjednikom Mjesne zajednice Hazretom Suba\u0161i\u0107em, izvr\u0161ili su sve pripreme i realizirali sahranu kom\u0161ije pravoslavca, koji je preminuo u 69. godini \u017eivota. [&hellip;]","og_url":"https:\/\/sandzakpress.net\/arhiva\/bosnjaci-sahranili-komsiju-pravoslavca-koji-nije-imao-porodicu\/","og_site_name":"Sand\u017eak PRESS","article_published_time":"2015-03-10T11:34:08+00:00","og_image":[{"width":632,"height":469,"url":"https:\/\/sandzakpress.net\/arhiva\/wp-content\/uploads\/2015\/03\/150310030.3_mn.jpg","type":"image\/jpeg"}],"author":"bosniak","twitter_card":"summary_large_image","twitter_misc":{"Written by":"bosniak","Est. reading time":"1 minuta"},"schema":{"@context":"https:\/\/schema.org","@graph":[{"@type":"Article","@id":"https:\/\/sandzakpress.net\/arhiva\/bosnjaci-sahranili-komsiju-pravoslavca-koji-nije-imao-porodicu\/#article","isPartOf":{"@id":"https:\/\/sandzakpress.net\/arhiva\/bosnjaci-sahranili-komsiju-pravoslavca-koji-nije-imao-porodicu\/"},"author":{"name":"bosniak","@id":"https:\/\/sandzakpress.net\/arhiva\/#\/schema\/person\/c8baee722073534b583ea7bdb2e36c02"},"headline":"Bo\u0161njaci sahranili kom\u0161iju pravoslavca koji nije imao porodicu","datePublished":"2015-03-10T11:34:08+00:00","mainEntityOfPage":{"@id":"https:\/\/sandzakpress.net\/arhiva\/bosnjaci-sahranili-komsiju-pravoslavca-koji-nije-imao-porodicu\/"},"wordCount":217,"commentCount":24,"publisher":{"@id":"https:\/\/sandzakpress.net\/arhiva\/#\/schema\/person\/6e72b67d6e51910a1117b3b483ba20bd"},"image":{"@id":"https:\/\/sandzakpress.net\/arhiva\/bosnjaci-sahranili-komsiju-pravoslavca-koji-nije-imao-porodicu\/#primaryimage"},"thumbnailUrl":"https:\/\/sandzakpress.net\/arhiva\/wp-content\/uploads\/2015\/03\/150310030.3_mn.jpg","articleSection":["Bosna i Hercegovina","Dru\u0161tvo"],"inLanguage":"bs-BA","potentialAction":[{"@type":"CommentAction","name":"Comment","target":["https:\/\/sandzakpress.net\/arhiva\/bosnjaci-sahranili-komsiju-pravoslavca-koji-nije-imao-porodicu\/#respond"]}]},{"@type":"WebPage","@id":"https:\/\/sandzakpress.net\/arhiva\/bosnjaci-sahranili-komsiju-pravoslavca-koji-nije-imao-porodicu\/","url":"https:\/\/sandzakpress.net\/arhiva\/bosnjaci-sahranili-komsiju-pravoslavca-koji-nije-imao-porodicu\/","name":"Bo\u0161njaci sahranili kom\u0161iju pravoslavca koji nije imao porodicu","isPartOf":{"@id":"https:\/\/sandzakpress.net\/arhiva\/#website"},"primaryImageOfPage":{"@id":"https:\/\/sandzakpress.net\/arhiva\/bosnjaci-sahranili-komsiju-pravoslavca-koji-nije-imao-porodicu\/#primaryimage"},"image":{"@id":"https:\/\/sandzakpress.net\/arhiva\/bosnjaci-sahranili-komsiju-pravoslavca-koji-nije-imao-porodicu\/#primaryimage"},"thumbnailUrl":"https:\/\/sandzakpress.net\/arhiva\/wp-content\/uploads\/2015\/03\/150310030.3_mn.jpg","datePublished":"2015-03-10T11:34:08+00:00","breadcrumb":{"@id":"https:\/\/sandzakpress.net\/arhiva\/bosnjaci-sahranili-komsiju-pravoslavca-koji-nije-imao-porodicu\/#breadcrumb"},"inLanguage":"bs-BA","potentialAction":[{"@type":"ReadAction","target":["https:\/\/sandzakpress.net\/arhiva\/bosnjaci-sahranili-komsiju-pravoslavca-koji-nije-imao-porodicu\/"]}]},{"@type":"ImageObject","inLanguage":"bs-BA","@id":"https:\/\/sandzakpress.net\/arhiva\/bosnjaci-sahranili-komsiju-pravoslavca-koji-nije-imao-porodicu\/#primaryimage","url":"https:\/\/sandzakpress.net\/arhiva\/wp-content\/uploads\/2015\/03\/150310030.3_mn.jpg","contentUrl":"https:\/\/sandzakpress.net\/arhiva\/wp-content\/uploads\/2015\/03\/150310030.3_mn.jpg","width":632,"height":469},{"@type":"BreadcrumbList","@id":"https:\/\/sandzakpress.net\/arhiva\/bosnjaci-sahranili-komsiju-pravoslavca-koji-nije-imao-porodicu\/#breadcrumb","itemListElement":[{"@type":"ListItem","position":1,"name":"Home","item":"https:\/\/sandzakpress.net\/arhiva\/"},{"@type":"ListItem","position":2,"name":"Bo\u0161njaci sahranili kom\u0161iju pravoslavca koji nije imao porodicu"}]},{"@type":"WebSite","@id":"https:\/\/sandzakpress.net\/arhiva\/#website","url":"https:\/\/sandzakpress.net\/arhiva\/","name":"Sand\u017eak PRESS","description":"Prve elektronske novine u Sand\u017eaku","publisher":{"@id":"https:\/\/sandzakpress.net\/arhiva\/#\/schema\/person\/6e72b67d6e51910a1117b3b483ba20bd"},"potentialAction":[{"@type":"SearchAction","target":{"@type":"EntryPoint","urlTemplate":"https:\/\/sandzakpress.net\/arhiva\/?s={search_term_string}"},"query-input":{"@type":"PropertyValueSpecification","valueRequired":true,"valueName":"search_term_string"}}],"inLanguage":"bs-BA"},{"@type":["Person","Organization"],"@id":"https:\/\/sandzakpress.net\/arhiva\/#\/schema\/person\/6e72b67d6e51910a1117b3b483ba20bd","name":"Kul","image":{"@type":"ImageObject","inLanguage":"bs-BA","@id":"https:\/\/sandzakpress.net\/arhiva\/#\/schema\/person\/image\/","url":"https:\/\/secure.gravatar.com\/avatar\/42263f39aa27ac04c43cab85c280eb2e?s=96&d=mm&r=pg","contentUrl":"https:\/\/secure.gravatar.com\/avatar\/42263f39aa27ac04c43cab85c280eb2e?s=96&d=mm&r=pg","caption":"Kul"},"logo":{"@id":"https:\/\/sandzakpress.net\/arhiva\/#\/schema\/person\/image\/"}},{"@type":"Person","@id":"https:\/\/sandzakpress.net\/arhiva\/#\/schema\/person\/c8baee722073534b583ea7bdb2e36c02","name":"bosniak","image":{"@type":"ImageObject","inLanguage":"bs-BA","@id":"https:\/\/sandzakpress.net\/arhiva\/#\/schema\/person\/image\/","url":"https:\/\/secure.gravatar.com\/avatar\/a04fd330bfe3a36a72a0ad4a6d89fca7?s=96&d=mm&r=pg","contentUrl":"https:\/\/secure.gravatar.com\/avatar\/a04fd330bfe3a36a72a0ad4a6d89fca7?s=96&d=mm&r=pg","caption":"bosniak"},"url":"https:\/\/sandzakpress.net\/arhiva\/author\/bosniak\/"}]}},"_links":{"self":[{"href":"https:\/\/sandzakpress.net\/arhiva\/wp-json\/wp\/v2\/posts\/124372"}],"collection":[{"href":"https:\/\/sandzakpress.net\/arhiva\/wp-json\/wp\/v2\/posts"}],"about":[{"href":"https:\/\/sandzakpress.net\/arhiva\/wp-json\/wp\/v2\/types\/post"}],"author":[{"embeddable":true,"href":"https:\/\/sandzakpress.net\/arhiva\/wp-json\/wp\/v2\/users\/83"}],"replies":[{"embeddable":true,"href":"https:\/\/sandzakpress.net\/arhiva\/wp-json\/wp\/v2\/comments?post=124372"}],"version-history":[{"count":0,"href":"https:\/\/sandzakpress.net\/arhiva\/wp-json\/wp\/v2\/posts\/124372\/revisions"}],"wp:featuredmedia":[{"embeddable":true,"href":"https:\/\/sandzakpress.net\/arhiva\/wp-json\/wp\/v2\/media\/124373"}],"wp:attachment":[{"href":"https:\/\/sandzakpress.net\/arhiva\/wp-json\/wp\/v2\/media?parent=124372"}],"wp:term":[{"taxonomy":"category","embeddable":true,"href":"https:\/\/sandzakpress.net\/arhiva\/wp-json\/wp\/v2\/categories?post=124372"},{"taxonomy":"post_tag","embeddable":true,"href":"https:\/\/sandzakpress.net\/arhiva\/wp-json\/wp\/v2\/tags?post=124372"}],"curies":[{"name":"wp","href":"https:\/\/api.w.org\/{rel}","templated":true}]}}