{"id":124260,"date":"2015-03-09T10:16:12","date_gmt":"2015-03-09T09:16:12","guid":{"rendered":"https:\/\/sandzakpress.net\/arhiva\/?p=124260"},"modified":"2015-03-09T23:40:20","modified_gmt":"2015-03-09T22:40:20","slug":"ukinut-pritvor-osumnjicenima-za-strpce","status":"publish","type":"post","link":"https:\/\/sandzakpress.net\/arhiva\/ukinut-pritvor-osumnjicenima-za-strpce\/","title":{"rendered":"Ukinut pritvor osumnji\u010denima za \u0160trpce"},"content":{"rendered":"<p><strong><img loading=\"lazy\" decoding=\"async\" class=\"aligncenter size-full wp-image-123664\" src=\"https:\/\/sandzakpress.net\/arhiva\/wp-content\/uploads\/2015\/02\/stanica-strpci-utonula-u-tisinu-prije-21-godinu-bila-kobna-za-putnike-voza-smrti.jpg\" alt=\"stanica-strpci-utonula-u-tisinu--prije-21-godinu-bila-kobna-za-putnike-voza-smrti\" width=\"600\" height=\"400\" \/>Srbija, BiH\u00a0 \u0336\u00a0 Sud BiH ukinuo je pritvor petorici osumnji\u010denih za ubistvo 20 osoba po\u010dinjeno na podru\u010dju Vi\u0161egrada i odredio im mjere zabrane.<\/strong><\/p>\n<p>&nbsp;<\/p>\n<p>Pritvor je ukinut Bobanu In\u0111i\u0107u, Obradu Polugi, Petku In\u0111i\u0107u, Radojici Risti\u0107u i Novaku Polugi. Odre\u0111ene su im mjere zabrane napu\u0161tanja boravi\u0161ta i putovanja, te sastajanja s odre\u0111enim osobama.<\/p>\n<p>Njima je pritvor odre\u0111en 5. decembra pro\u0161le godine, nakon hap\u0161enja, zbog mogu\u0107nosti utjecaja na svjedoke ili sau\u010desnike.<\/p>\n<p>Osumnji\u010denima se stavlja na teret da su 1993. u mjestu \u0160trpci (op\u0107ina Rudo) oteli 20 putnika iz voza na relaciji Beograd \u2013 Bar, a potom ih odveli u Vi\u0161egrad i ubili.<\/p>\n<p>Tu\u017eila\u0161tvo BiH pored ove petorice za isti zlo\u010din sumnji\u010di i Olivera Krsmanovi\u0107a, Vuka Ratkovi\u0107a, Luku Dragi\u010devi\u0107a, Dragana Laki\u0107a i Momira Nikoli\u0107a, kojima su ranije odre\u0111ene mjere zabrane.<\/p>\n<p>U Srbiji je podignuta optu\u017enica protiv pet osoba, optu\u017eenih za isti zlo\u010din.<\/p>\n<p>(birn)<\/p>\n","protected":false},"excerpt":{"rendered":"<p>Srbija, BiH\u00a0 \u0336\u00a0 Sud BiH ukinuo je pritvor petorici osumnji\u010denih za ubistvo 20 osoba po\u010dinjeno na podru\u010dju Vi\u0161egrada i odredio im mjere zabrane. &nbsp; Pritvor je ukinut Bobanu In\u0111i\u0107u, Obradu Polugi, Petku In\u0111i\u0107u, Radojici Risti\u0107u i Novaku Polugi. Odre\u0111ene su im mjere zabrane napu\u0161tanja boravi\u0161ta i putovanja, te sastajanja s odre\u0111enim osobama. Njima je pritvor [&hellip;]<\/p>\n","protected":false},"author":83,"featured_media":123664,"comment_status":"open","ping_status":"open","sticky":false,"template":"","format":"standard","meta":{"footnotes":""},"categories":[2860,1,10307,8957,798,10429],"tags":[],"class_list":{"0":"post-124260","1":"post","2":"type-post","3":"status-publish","4":"format-standard","5":"has-post-thumbnail","7":"category-bosna-i-hercegovina-gradovi","8":"category-politika","9":"category-srbija","10":"category-vijesti-dana","11":"category-teme","12":"category-vazno"},"yoast_head":"<!-- This site is optimized with the Yoast SEO Premium plugin v23.1 (Yoast SEO v24.9) - https:\/\/yoast.com\/wordpress\/plugins\/seo\/ -->\n<title>Ukinut pritvor osumnji\u010denima za \u0160trpce<\/title>\n<meta name=\"robots\" content=\"index, follow, max-snippet:-1, max-image-preview:large, max-video-preview:-1\" \/>\n<link rel=\"canonical\" href=\"https:\/\/sandzakpress.net\/arhiva\/ukinut-pritvor-osumnjicenima-za-strpce\/\" \/>\n<meta property=\"og:locale\" content=\"bs_BA\" \/>\n<meta property=\"og:type\" content=\"article\" \/>\n<meta property=\"og:title\" content=\"Ukinut pritvor osumnji\u010denima za \u0160trpce\" \/>\n<meta property=\"og:description\" content=\"Srbija, BiH\u00a0 \u0336\u00a0 Sud BiH ukinuo je pritvor petorici osumnji\u010denih za ubistvo 20 osoba po\u010dinjeno na podru\u010dju Vi\u0161egrada i odredio im mjere zabrane. &nbsp; Pritvor je ukinut Bobanu In\u0111i\u0107u, Obradu Polugi, Petku In\u0111i\u0107u, Radojici Risti\u0107u i Novaku Polugi. Odre\u0111ene su im mjere zabrane napu\u0161tanja boravi\u0161ta i putovanja, te sastajanja s odre\u0111enim osobama. Njima je pritvor [&hellip;]\" \/>\n<meta property=\"og:url\" content=\"https:\/\/sandzakpress.net\/arhiva\/ukinut-pritvor-osumnjicenima-za-strpce\/\" \/>\n<meta property=\"og:site_name\" content=\"Sand\u017eak PRESS\" \/>\n<meta property=\"article:published_time\" content=\"2015-03-09T09:16:12+00:00\" \/>\n<meta property=\"article:modified_time\" content=\"2015-03-09T22:40:20+00:00\" \/>\n<meta property=\"og:image\" content=\"https:\/\/sandzakpress.net\/arhiva\/wp-content\/uploads\/2015\/02\/stanica-strpci-utonula-u-tisinu-prije-21-godinu-bila-kobna-za-putnike-voza-smrti.jpg\" \/>\n\t<meta property=\"og:image:width\" content=\"600\" \/>\n\t<meta property=\"og:image:height\" content=\"400\" \/>\n\t<meta property=\"og:image:type\" content=\"image\/jpeg\" \/>\n<meta name=\"author\" content=\"bosniak\" \/>\n<meta name=\"twitter:card\" content=\"summary_large_image\" \/>\n<meta name=\"twitter:label1\" content=\"Written by\" \/>\n\t<meta name=\"twitter:data1\" content=\"bosniak\" \/>\n\t<meta name=\"twitter:label2\" content=\"Est. reading time\" \/>\n\t<meta name=\"twitter:data2\" content=\"1 minuta\" \/>\n<script type=\"application\/ld+json\" class=\"yoast-schema-graph\">{\"@context\":\"https:\/\/schema.org\",\"@graph\":[{\"@type\":\"Article\",\"@id\":\"https:\/\/sandzakpress.net\/arhiva\/ukinut-pritvor-osumnjicenima-za-strpce\/#article\",\"isPartOf\":{\"@id\":\"https:\/\/sandzakpress.net\/arhiva\/ukinut-pritvor-osumnjicenima-za-strpce\/\"},\"author\":{\"name\":\"bosniak\",\"@id\":\"https:\/\/sandzakpress.net\/arhiva\/#\/schema\/person\/c8baee722073534b583ea7bdb2e36c02\"},\"headline\":\"Ukinut pritvor osumnji\u010denima za \u0160trpce\",\"datePublished\":\"2015-03-09T09:16:12+00:00\",\"dateModified\":\"2015-03-09T22:40:20+00:00\",\"mainEntityOfPage\":{\"@id\":\"https:\/\/sandzakpress.net\/arhiva\/ukinut-pritvor-osumnjicenima-za-strpce\/\"},\"wordCount\":175,\"commentCount\":5,\"publisher\":{\"@id\":\"https:\/\/sandzakpress.net\/arhiva\/#\/schema\/person\/6e72b67d6e51910a1117b3b483ba20bd\"},\"image\":{\"@id\":\"https:\/\/sandzakpress.net\/arhiva\/ukinut-pritvor-osumnjicenima-za-strpce\/#primaryimage\"},\"thumbnailUrl\":\"https:\/\/sandzakpress.net\/arhiva\/wp-content\/uploads\/2015\/02\/stanica-strpci-utonula-u-tisinu-prije-21-godinu-bila-kobna-za-putnike-voza-smrti.jpg\",\"articleSection\":[\"Bosna i Hercegovina\",\"Politika\",\"Srbija\",\"VIJESTI DANA\",\"NAJNOVIJE\",\"VA\u017dNO!\"],\"inLanguage\":\"bs-BA\",\"potentialAction\":[{\"@type\":\"CommentAction\",\"name\":\"Comment\",\"target\":[\"https:\/\/sandzakpress.net\/arhiva\/ukinut-pritvor-osumnjicenima-za-strpce\/#respond\"]}]},{\"@type\":\"WebPage\",\"@id\":\"https:\/\/sandzakpress.net\/arhiva\/ukinut-pritvor-osumnjicenima-za-strpce\/\",\"url\":\"https:\/\/sandzakpress.net\/arhiva\/ukinut-pritvor-osumnjicenima-za-strpce\/\",\"name\":\"Ukinut pritvor osumnji\u010denima za \u0160trpce\",\"isPartOf\":{\"@id\":\"https:\/\/sandzakpress.net\/arhiva\/#website\"},\"primaryImageOfPage\":{\"@id\":\"https:\/\/sandzakpress.net\/arhiva\/ukinut-pritvor-osumnjicenima-za-strpce\/#primaryimage\"},\"image\":{\"@id\":\"https:\/\/sandzakpress.net\/arhiva\/ukinut-pritvor-osumnjicenima-za-strpce\/#primaryimage\"},\"thumbnailUrl\":\"https:\/\/sandzakpress.net\/arhiva\/wp-content\/uploads\/2015\/02\/stanica-strpci-utonula-u-tisinu-prije-21-godinu-bila-kobna-za-putnike-voza-smrti.jpg\",\"datePublished\":\"2015-03-09T09:16:12+00:00\",\"dateModified\":\"2015-03-09T22:40:20+00:00\",\"breadcrumb\":{\"@id\":\"https:\/\/sandzakpress.net\/arhiva\/ukinut-pritvor-osumnjicenima-za-strpce\/#breadcrumb\"},\"inLanguage\":\"bs-BA\",\"potentialAction\":[{\"@type\":\"ReadAction\",\"target\":[\"https:\/\/sandzakpress.net\/arhiva\/ukinut-pritvor-osumnjicenima-za-strpce\/\"]}]},{\"@type\":\"ImageObject\",\"inLanguage\":\"bs-BA\",\"@id\":\"https:\/\/sandzakpress.net\/arhiva\/ukinut-pritvor-osumnjicenima-za-strpce\/#primaryimage\",\"url\":\"https:\/\/sandzakpress.net\/arhiva\/wp-content\/uploads\/2015\/02\/stanica-strpci-utonula-u-tisinu-prije-21-godinu-bila-kobna-za-putnike-voza-smrti.jpg\",\"contentUrl\":\"https:\/\/sandzakpress.net\/arhiva\/wp-content\/uploads\/2015\/02\/stanica-strpci-utonula-u-tisinu-prije-21-godinu-bila-kobna-za-putnike-voza-smrti.jpg\",\"width\":600,\"height\":400},{\"@type\":\"BreadcrumbList\",\"@id\":\"https:\/\/sandzakpress.net\/arhiva\/ukinut-pritvor-osumnjicenima-za-strpce\/#breadcrumb\",\"itemListElement\":[{\"@type\":\"ListItem\",\"position\":1,\"name\":\"Home\",\"item\":\"https:\/\/sandzakpress.net\/arhiva\/\"},{\"@type\":\"ListItem\",\"position\":2,\"name\":\"Ukinut pritvor osumnji\u010denima za \u0160trpce\"}]},{\"@type\":\"WebSite\",\"@id\":\"https:\/\/sandzakpress.net\/arhiva\/#website\",\"url\":\"https:\/\/sandzakpress.net\/arhiva\/\",\"name\":\"Sand\u017eak PRESS\",\"description\":\"Prve elektronske novine u Sand\u017eaku\",\"publisher\":{\"@id\":\"https:\/\/sandzakpress.net\/arhiva\/#\/schema\/person\/6e72b67d6e51910a1117b3b483ba20bd\"},\"potentialAction\":[{\"@type\":\"SearchAction\",\"target\":{\"@type\":\"EntryPoint\",\"urlTemplate\":\"https:\/\/sandzakpress.net\/arhiva\/?s={search_term_string}\"},\"query-input\":{\"@type\":\"PropertyValueSpecification\",\"valueRequired\":true,\"valueName\":\"search_term_string\"}}],\"inLanguage\":\"bs-BA\"},{\"@type\":[\"Person\",\"Organization\"],\"@id\":\"https:\/\/sandzakpress.net\/arhiva\/#\/schema\/person\/6e72b67d6e51910a1117b3b483ba20bd\",\"name\":\"Kul\",\"image\":{\"@type\":\"ImageObject\",\"inLanguage\":\"bs-BA\",\"@id\":\"https:\/\/sandzakpress.net\/arhiva\/#\/schema\/person\/image\/\",\"url\":\"https:\/\/secure.gravatar.com\/avatar\/42263f39aa27ac04c43cab85c280eb2e?s=96&d=mm&r=pg\",\"contentUrl\":\"https:\/\/secure.gravatar.com\/avatar\/42263f39aa27ac04c43cab85c280eb2e?s=96&d=mm&r=pg\",\"caption\":\"Kul\"},\"logo\":{\"@id\":\"https:\/\/sandzakpress.net\/arhiva\/#\/schema\/person\/image\/\"}},{\"@type\":\"Person\",\"@id\":\"https:\/\/sandzakpress.net\/arhiva\/#\/schema\/person\/c8baee722073534b583ea7bdb2e36c02\",\"name\":\"bosniak\",\"image\":{\"@type\":\"ImageObject\",\"inLanguage\":\"bs-BA\",\"@id\":\"https:\/\/sandzakpress.net\/arhiva\/#\/schema\/person\/image\/\",\"url\":\"https:\/\/secure.gravatar.com\/avatar\/a04fd330bfe3a36a72a0ad4a6d89fca7?s=96&d=mm&r=pg\",\"contentUrl\":\"https:\/\/secure.gravatar.com\/avatar\/a04fd330bfe3a36a72a0ad4a6d89fca7?s=96&d=mm&r=pg\",\"caption\":\"bosniak\"},\"url\":\"https:\/\/sandzakpress.net\/arhiva\/author\/bosniak\/\"}]}<\/script>\n<!-- \/ Yoast SEO Premium plugin. -->","yoast_head_json":{"title":"Ukinut pritvor osumnji\u010denima za \u0160trpce","robots":{"index":"index","follow":"follow","max-snippet":"max-snippet:-1","max-image-preview":"max-image-preview:large","max-video-preview":"max-video-preview:-1"},"canonical":"https:\/\/sandzakpress.net\/arhiva\/ukinut-pritvor-osumnjicenima-za-strpce\/","og_locale":"bs_BA","og_type":"article","og_title":"Ukinut pritvor osumnji\u010denima za \u0160trpce","og_description":"Srbija, BiH\u00a0 \u0336\u00a0 Sud BiH ukinuo je pritvor petorici osumnji\u010denih za ubistvo 20 osoba po\u010dinjeno na podru\u010dju Vi\u0161egrada i odredio im mjere zabrane. &nbsp; Pritvor je ukinut Bobanu In\u0111i\u0107u, Obradu Polugi, Petku In\u0111i\u0107u, Radojici Risti\u0107u i Novaku Polugi. Odre\u0111ene su im mjere zabrane napu\u0161tanja boravi\u0161ta i putovanja, te sastajanja s odre\u0111enim osobama. Njima je pritvor [&hellip;]","og_url":"https:\/\/sandzakpress.net\/arhiva\/ukinut-pritvor-osumnjicenima-za-strpce\/","og_site_name":"Sand\u017eak PRESS","article_published_time":"2015-03-09T09:16:12+00:00","article_modified_time":"2015-03-09T22:40:20+00:00","og_image":[{"width":600,"height":400,"url":"https:\/\/sandzakpress.net\/arhiva\/wp-content\/uploads\/2015\/02\/stanica-strpci-utonula-u-tisinu-prije-21-godinu-bila-kobna-za-putnike-voza-smrti.jpg","type":"image\/jpeg"}],"author":"bosniak","twitter_card":"summary_large_image","twitter_misc":{"Written by":"bosniak","Est. reading time":"1 minuta"},"schema":{"@context":"https:\/\/schema.org","@graph":[{"@type":"Article","@id":"https:\/\/sandzakpress.net\/arhiva\/ukinut-pritvor-osumnjicenima-za-strpce\/#article","isPartOf":{"@id":"https:\/\/sandzakpress.net\/arhiva\/ukinut-pritvor-osumnjicenima-za-strpce\/"},"author":{"name":"bosniak","@id":"https:\/\/sandzakpress.net\/arhiva\/#\/schema\/person\/c8baee722073534b583ea7bdb2e36c02"},"headline":"Ukinut pritvor osumnji\u010denima za \u0160trpce","datePublished":"2015-03-09T09:16:12+00:00","dateModified":"2015-03-09T22:40:20+00:00","mainEntityOfPage":{"@id":"https:\/\/sandzakpress.net\/arhiva\/ukinut-pritvor-osumnjicenima-za-strpce\/"},"wordCount":175,"commentCount":5,"publisher":{"@id":"https:\/\/sandzakpress.net\/arhiva\/#\/schema\/person\/6e72b67d6e51910a1117b3b483ba20bd"},"image":{"@id":"https:\/\/sandzakpress.net\/arhiva\/ukinut-pritvor-osumnjicenima-za-strpce\/#primaryimage"},"thumbnailUrl":"https:\/\/sandzakpress.net\/arhiva\/wp-content\/uploads\/2015\/02\/stanica-strpci-utonula-u-tisinu-prije-21-godinu-bila-kobna-za-putnike-voza-smrti.jpg","articleSection":["Bosna i Hercegovina","Politika","Srbija","VIJESTI DANA","NAJNOVIJE","VA\u017dNO!"],"inLanguage":"bs-BA","potentialAction":[{"@type":"CommentAction","name":"Comment","target":["https:\/\/sandzakpress.net\/arhiva\/ukinut-pritvor-osumnjicenima-za-strpce\/#respond"]}]},{"@type":"WebPage","@id":"https:\/\/sandzakpress.net\/arhiva\/ukinut-pritvor-osumnjicenima-za-strpce\/","url":"https:\/\/sandzakpress.net\/arhiva\/ukinut-pritvor-osumnjicenima-za-strpce\/","name":"Ukinut pritvor osumnji\u010denima za \u0160trpce","isPartOf":{"@id":"https:\/\/sandzakpress.net\/arhiva\/#website"},"primaryImageOfPage":{"@id":"https:\/\/sandzakpress.net\/arhiva\/ukinut-pritvor-osumnjicenima-za-strpce\/#primaryimage"},"image":{"@id":"https:\/\/sandzakpress.net\/arhiva\/ukinut-pritvor-osumnjicenima-za-strpce\/#primaryimage"},"thumbnailUrl":"https:\/\/sandzakpress.net\/arhiva\/wp-content\/uploads\/2015\/02\/stanica-strpci-utonula-u-tisinu-prije-21-godinu-bila-kobna-za-putnike-voza-smrti.jpg","datePublished":"2015-03-09T09:16:12+00:00","dateModified":"2015-03-09T22:40:20+00:00","breadcrumb":{"@id":"https:\/\/sandzakpress.net\/arhiva\/ukinut-pritvor-osumnjicenima-za-strpce\/#breadcrumb"},"inLanguage":"bs-BA","potentialAction":[{"@type":"ReadAction","target":["https:\/\/sandzakpress.net\/arhiva\/ukinut-pritvor-osumnjicenima-za-strpce\/"]}]},{"@type":"ImageObject","inLanguage":"bs-BA","@id":"https:\/\/sandzakpress.net\/arhiva\/ukinut-pritvor-osumnjicenima-za-strpce\/#primaryimage","url":"https:\/\/sandzakpress.net\/arhiva\/wp-content\/uploads\/2015\/02\/stanica-strpci-utonula-u-tisinu-prije-21-godinu-bila-kobna-za-putnike-voza-smrti.jpg","contentUrl":"https:\/\/sandzakpress.net\/arhiva\/wp-content\/uploads\/2015\/02\/stanica-strpci-utonula-u-tisinu-prije-21-godinu-bila-kobna-za-putnike-voza-smrti.jpg","width":600,"height":400},{"@type":"BreadcrumbList","@id":"https:\/\/sandzakpress.net\/arhiva\/ukinut-pritvor-osumnjicenima-za-strpce\/#breadcrumb","itemListElement":[{"@type":"ListItem","position":1,"name":"Home","item":"https:\/\/sandzakpress.net\/arhiva\/"},{"@type":"ListItem","position":2,"name":"Ukinut pritvor osumnji\u010denima za \u0160trpce"}]},{"@type":"WebSite","@id":"https:\/\/sandzakpress.net\/arhiva\/#website","url":"https:\/\/sandzakpress.net\/arhiva\/","name":"Sand\u017eak PRESS","description":"Prve elektronske novine u Sand\u017eaku","publisher":{"@id":"https:\/\/sandzakpress.net\/arhiva\/#\/schema\/person\/6e72b67d6e51910a1117b3b483ba20bd"},"potentialAction":[{"@type":"SearchAction","target":{"@type":"EntryPoint","urlTemplate":"https:\/\/sandzakpress.net\/arhiva\/?s={search_term_string}"},"query-input":{"@type":"PropertyValueSpecification","valueRequired":true,"valueName":"search_term_string"}}],"inLanguage":"bs-BA"},{"@type":["Person","Organization"],"@id":"https:\/\/sandzakpress.net\/arhiva\/#\/schema\/person\/6e72b67d6e51910a1117b3b483ba20bd","name":"Kul","image":{"@type":"ImageObject","inLanguage":"bs-BA","@id":"https:\/\/sandzakpress.net\/arhiva\/#\/schema\/person\/image\/","url":"https:\/\/secure.gravatar.com\/avatar\/42263f39aa27ac04c43cab85c280eb2e?s=96&d=mm&r=pg","contentUrl":"https:\/\/secure.gravatar.com\/avatar\/42263f39aa27ac04c43cab85c280eb2e?s=96&d=mm&r=pg","caption":"Kul"},"logo":{"@id":"https:\/\/sandzakpress.net\/arhiva\/#\/schema\/person\/image\/"}},{"@type":"Person","@id":"https:\/\/sandzakpress.net\/arhiva\/#\/schema\/person\/c8baee722073534b583ea7bdb2e36c02","name":"bosniak","image":{"@type":"ImageObject","inLanguage":"bs-BA","@id":"https:\/\/sandzakpress.net\/arhiva\/#\/schema\/person\/image\/","url":"https:\/\/secure.gravatar.com\/avatar\/a04fd330bfe3a36a72a0ad4a6d89fca7?s=96&d=mm&r=pg","contentUrl":"https:\/\/secure.gravatar.com\/avatar\/a04fd330bfe3a36a72a0ad4a6d89fca7?s=96&d=mm&r=pg","caption":"bosniak"},"url":"https:\/\/sandzakpress.net\/arhiva\/author\/bosniak\/"}]}},"_links":{"self":[{"href":"https:\/\/sandzakpress.net\/arhiva\/wp-json\/wp\/v2\/posts\/124260"}],"collection":[{"href":"https:\/\/sandzakpress.net\/arhiva\/wp-json\/wp\/v2\/posts"}],"about":[{"href":"https:\/\/sandzakpress.net\/arhiva\/wp-json\/wp\/v2\/types\/post"}],"author":[{"embeddable":true,"href":"https:\/\/sandzakpress.net\/arhiva\/wp-json\/wp\/v2\/users\/83"}],"replies":[{"embeddable":true,"href":"https:\/\/sandzakpress.net\/arhiva\/wp-json\/wp\/v2\/comments?post=124260"}],"version-history":[{"count":0,"href":"https:\/\/sandzakpress.net\/arhiva\/wp-json\/wp\/v2\/posts\/124260\/revisions"}],"wp:featuredmedia":[{"embeddable":true,"href":"https:\/\/sandzakpress.net\/arhiva\/wp-json\/wp\/v2\/media\/123664"}],"wp:attachment":[{"href":"https:\/\/sandzakpress.net\/arhiva\/wp-json\/wp\/v2\/media?parent=124260"}],"wp:term":[{"taxonomy":"category","embeddable":true,"href":"https:\/\/sandzakpress.net\/arhiva\/wp-json\/wp\/v2\/categories?post=124260"},{"taxonomy":"post_tag","embeddable":true,"href":"https:\/\/sandzakpress.net\/arhiva\/wp-json\/wp\/v2\/tags?post=124260"}],"curies":[{"name":"wp","href":"https:\/\/api.w.org\/{rel}","templated":true}]}}