{"id":124138,"date":"2015-03-06T15:11:58","date_gmt":"2015-03-06T14:11:58","guid":{"rendered":"https:\/\/sandzakpress.net\/arhiva\/?p=124138"},"modified":"2015-03-06T15:12:33","modified_gmt":"2015-03-06T14:12:33","slug":"ne-stidi-se-bosnjo-budi-ponosan","status":"publish","type":"post","link":"https:\/\/sandzakpress.net\/arhiva\/ne-stidi-se-bosnjobudi","title":{"rendered":"Ne stidi se Bo\u0161njo, ponosan budi"},"content":{"rendered":"<p><img loading=\"lazy\" decoding=\"async\" class=\"aligncenter  wp-image-124139\" src=\"https:\/\/sandzakpress.net\/arhiva\/wp-content\/uploads\/2015\/03\/2015-03-06-15_09_33-NE-STIDI-SE-BO\u0160NJO-SEBE-PONOSAN-BUDI.jpg\" alt=\"2015-03-06 15_09_33-NE STIDI SE BO\u0160NJO SEBE, PONOSAN BUDI\" width=\"509\" height=\"351\" \/>Nemoj se nikada zastidjeti svoje majke i njenih dimija, bosanske sinije i bo\u0161\u010de iz svoga djetinjstva, tevsije demirlije i bakrenog abdesnog ibrika i \u0111uguma, nanine sehare, svoje iz djetinjstva avlije i ku\u0107e \u010dardaklije.<\/p>\n<p>Ne zastidi se na\u0161ih tijesnih \u0161efteli sokaka i osun\u010danih cvijetnih bosanskih kar\u0161ija, babine tihe eglene i nanine \u0161arene \u0161amije, djedove \u017eute had\u017eijske abanije i amid\u017einog crvenog u desno naherenog fesa.<\/p>\n<p>Nikada se ne zastidi avlijskog prosca i tarabe, \u017eutog u avliji duda, drvenog ahara i ku\u0107nog mutvaka.<\/p>\n<div class=\"td-g-rec td-g-rec-id-content_inlineright\">Ne zastidi se sestrine suze kada te je ispra\u0107ala u Hrvatsku, Sloveniju, Ameriku i Australiju. To je, Allahov robe, tvoja dimenzija, tvoj ukras i biser, tvoje blago, ostalo od na\u0161ih pradjedova, dobrih Bo\u0161njana.<\/div>\n<p>Ne zastidi se Bo\u017eiji robe, strinine re\u0161edije, nutme, halebije, gurabije, \u0107etenije, kvrgu\u0161e, kljuku\u0161e, dilje, sutlije, pelteta i zerdeta! To je Bo\u0161njo tvoja koda, kojom te je Uzvi\u0161eni ozna\u010dio i odredio, zacrtao ti sudbinu da se rodi\u0161 u najljep\u0161oj zemlji i \u0111ulistanu dunjalu\u010dkom, zemlji Bosni.<\/p>\n<p>Ne zastidi se Bo\u0161njo dajd\u017einih \u0161alvara kada ih obu\u010de i krene u svoju mahalsku d\u017eamiju, \u0161alvare su dio tebe i ti si dio njih, iz \u0161alvara si iza\u0161ao i nikad se ne nasmij kada ugleda\u0161 Bo\u0161nju da ih je obukao, znaj dobro \u0161alvare su dio tebe i ti si dio njih, iz njih si iza\u0161ao.<\/p>\n<p>Ne zaboravi Bo\u0161njo u dalekom svijetu, na cvije\u0107e: zambak, sabljicu, had\u017eibeg, kalanfir (karanfil), maj\u010dinu du\u0161icu, bosiljak, \u0161ekaik, pokraj cvije\u0107a si uvijek prolazio kada si se umoran vra\u0107ao i sa puta dolazio u svoju avliju iz d\u017eamije, \u0161kole, njive, igranja sa djecom na livadi\u2026 To cvije\u0107e te je uvijek do\u010dekivalo pored avlijske staze ogra\u0111eno okre\u010denim kamenjem i svojim mirisom ti iskazivalo najljep\u0161u dobrodo\u0161licu.<\/p>\n<p>Ne zaboravi Allahov insanu gdje god bio da bio, ma koliko se trudio da nekome ugodi\u0161 i da se prilagodi\u0161, uvijek \u0107e\u0161 biti ono \u0161to i jesi, Bo\u0161njak i musliman. Ako je to tako, a jest sigurno, onda ne daj nipo\u0161to ono \u0161to si dobio u amanet od Dragog Allaha i na\u0161ih dobrih djedova, dobrih, lijepih i ponosnih Bo\u0161njana, vjeru Islam, vatan Bosnu i na\u0161e lijepe obi\u010daje, drage, bosanske adete.<\/p>\n<div class=\"su-box su-box-style-glass\">\n<div class=\"su-box-title\">Tre\u0107a generacija Bo\u0161njaka u Turskoj. Pri\u010da odli\u010dno bosanski jezik. istra\u017euje porijeklo svoje porodice i razloge dolaska Bo\u0161njaka u Tursku.<\/div>\n<div class=\"su-box-content su-clearfix\">\n<p>Ponosan \u0161to je Bo\u0161njak.<\/p>\n<p>Autor:\u00a0Mustafa Durmi\u0161ovi\u0107<\/p>\n<\/div>\n<\/div>\n","protected":false},"excerpt":{"rendered":"<p>Mustafa Durmi\u0161ovi\u0107<\/p>\n","protected":false},"author":83,"featured_media":124139,"comment_status":"open","ping_status":"open","sticky":false,"template":"","format":"standard","meta":{"footnotes":""},"categories":[10196],"tags":[],"class_list":{"0":"post-124138","1":"post","2":"type-post","3":"status-publish","4":"format-standard","5":"has-post-thumbnail","7":"category-iz-pera-nasih-autora"},"yoast_head":"<!-- This site is optimized with the Yoast SEO Premium plugin v23.1 (Yoast SEO v24.9) - https:\/\/yoast.com\/wordpress\/plugins\/seo\/ -->\n<title>Ne stidi se Bo\u0161njo, ponosan budi<\/title>\n<meta name=\"robots\" content=\"index, follow, max-snippet:-1, max-image-preview:large, max-video-preview:-1\" \/>\n<link rel=\"canonical\" href=\"https:\/\/sandzakpress.net\/arhiva\/ne-stidi-se-bosnjobudi\/\" \/>\n<meta property=\"og:locale\" content=\"bs_BA\" \/>\n<meta property=\"og:type\" content=\"article\" \/>\n<meta property=\"og:title\" content=\"Ne stidi se Bo\u0161njo, ponosan budi\" \/>\n<meta property=\"og:description\" content=\"Mustafa Durmi\u0161ovi\u0107\" \/>\n<meta property=\"og:url\" content=\"https:\/\/sandzakpress.net\/arhiva\/ne-stidi-se-bosnjobudi\/\" \/>\n<meta property=\"og:site_name\" content=\"Sand\u017eak PRESS\" \/>\n<meta property=\"article:published_time\" content=\"2015-03-06T14:11:58+00:00\" \/>\n<meta property=\"article:modified_time\" content=\"2015-03-06T14:12:33+00:00\" \/>\n<meta property=\"og:image\" content=\"https:\/\/sandzakpress.net\/arhiva\/wp-content\/uploads\/2015\/03\/2015-03-06-15_09_33-NE-STIDI-SE-BO\u0160NJO-SEBE-PONOSAN-BUDI.jpg\" \/>\n\t<meta property=\"og:image:width\" content=\"473\" \/>\n\t<meta property=\"og:image:height\" content=\"326\" \/>\n\t<meta property=\"og:image:type\" content=\"image\/jpeg\" \/>\n<meta name=\"author\" content=\"bosniak\" \/>\n<meta name=\"twitter:card\" content=\"summary_large_image\" \/>\n<meta name=\"twitter:label1\" content=\"Written by\" \/>\n\t<meta name=\"twitter:data1\" content=\"bosniak\" \/>\n\t<meta name=\"twitter:label2\" content=\"Est. reading time\" \/>\n\t<meta name=\"twitter:data2\" content=\"2 minute\" \/>\n<script type=\"application\/ld+json\" class=\"yoast-schema-graph\">{\"@context\":\"https:\/\/schema.org\",\"@graph\":[{\"@type\":\"Article\",\"@id\":\"https:\/\/sandzakpress.net\/arhiva\/ne-stidi-se-bosnjobudi\/#article\",\"isPartOf\":{\"@id\":\"https:\/\/sandzakpress.net\/arhiva\/ne-stidi-se-bosnjobudi\/\"},\"author\":{\"name\":\"bosniak\",\"@id\":\"https:\/\/sandzakpress.net\/arhiva\/#\/schema\/person\/c8baee722073534b583ea7bdb2e36c02\"},\"headline\":\"Ne stidi se Bo\u0161njo, ponosan budi\",\"datePublished\":\"2015-03-06T14:11:58+00:00\",\"dateModified\":\"2015-03-06T14:12:33+00:00\",\"mainEntityOfPage\":{\"@id\":\"https:\/\/sandzakpress.net\/arhiva\/ne-stidi-se-bosnjobudi\/\"},\"wordCount\":432,\"commentCount\":4,\"publisher\":{\"@id\":\"https:\/\/sandzakpress.net\/arhiva\/#\/schema\/person\/6e72b67d6e51910a1117b3b483ba20bd\"},\"image\":{\"@id\":\"https:\/\/sandzakpress.net\/arhiva\/ne-stidi-se-bosnjobudi\/#primaryimage\"},\"thumbnailUrl\":\"https:\/\/sandzakpress.net\/arhiva\/wp-content\/uploads\/2015\/03\/2015-03-06-15_09_33-NE-STIDI-SE-BO\u0160NJO-SEBE-PONOSAN-BUDI.jpg\",\"articleSection\":[\"Iz pera na\u0161ih autora\"],\"inLanguage\":\"bs-BA\",\"potentialAction\":[{\"@type\":\"CommentAction\",\"name\":\"Comment\",\"target\":[\"https:\/\/sandzakpress.net\/arhiva\/ne-stidi-se-bosnjobudi\/#respond\"]}]},{\"@type\":\"WebPage\",\"@id\":\"https:\/\/sandzakpress.net\/arhiva\/ne-stidi-se-bosnjobudi\/\",\"url\":\"https:\/\/sandzakpress.net\/arhiva\/ne-stidi-se-bosnjobudi\/\",\"name\":\"Ne stidi se Bo\u0161njo, ponosan budi\",\"isPartOf\":{\"@id\":\"https:\/\/sandzakpress.net\/arhiva\/#website\"},\"primaryImageOfPage\":{\"@id\":\"https:\/\/sandzakpress.net\/arhiva\/ne-stidi-se-bosnjobudi\/#primaryimage\"},\"image\":{\"@id\":\"https:\/\/sandzakpress.net\/arhiva\/ne-stidi-se-bosnjobudi\/#primaryimage\"},\"thumbnailUrl\":\"https:\/\/sandzakpress.net\/arhiva\/wp-content\/uploads\/2015\/03\/2015-03-06-15_09_33-NE-STIDI-SE-BO\u0160NJO-SEBE-PONOSAN-BUDI.jpg\",\"datePublished\":\"2015-03-06T14:11:58+00:00\",\"dateModified\":\"2015-03-06T14:12:33+00:00\",\"breadcrumb\":{\"@id\":\"https:\/\/sandzakpress.net\/arhiva\/ne-stidi-se-bosnjobudi\/#breadcrumb\"},\"inLanguage\":\"bs-BA\",\"potentialAction\":[{\"@type\":\"ReadAction\",\"target\":[\"https:\/\/sandzakpress.net\/arhiva\/ne-stidi-se-bosnjobudi\/\"]}]},{\"@type\":\"ImageObject\",\"inLanguage\":\"bs-BA\",\"@id\":\"https:\/\/sandzakpress.net\/arhiva\/ne-stidi-se-bosnjobudi\/#primaryimage\",\"url\":\"https:\/\/sandzakpress.net\/arhiva\/wp-content\/uploads\/2015\/03\/2015-03-06-15_09_33-NE-STIDI-SE-BO\u0160NJO-SEBE-PONOSAN-BUDI.jpg\",\"contentUrl\":\"https:\/\/sandzakpress.net\/arhiva\/wp-content\/uploads\/2015\/03\/2015-03-06-15_09_33-NE-STIDI-SE-BO\u0160NJO-SEBE-PONOSAN-BUDI.jpg\",\"width\":473,\"height\":326},{\"@type\":\"BreadcrumbList\",\"@id\":\"https:\/\/sandzakpress.net\/arhiva\/ne-stidi-se-bosnjobudi\/#breadcrumb\",\"itemListElement\":[{\"@type\":\"ListItem\",\"position\":1,\"name\":\"Home\",\"item\":\"https:\/\/sandzakpress.net\/arhiva\/\"},{\"@type\":\"ListItem\",\"position\":2,\"name\":\"Ne stidi se Bo\u0161njo, ponosan budi\"}]},{\"@type\":\"WebSite\",\"@id\":\"https:\/\/sandzakpress.net\/arhiva\/#website\",\"url\":\"https:\/\/sandzakpress.net\/arhiva\/\",\"name\":\"Sand\u017eak PRESS\",\"description\":\"Prve elektronske novine u Sand\u017eaku\",\"publisher\":{\"@id\":\"https:\/\/sandzakpress.net\/arhiva\/#\/schema\/person\/6e72b67d6e51910a1117b3b483ba20bd\"},\"potentialAction\":[{\"@type\":\"SearchAction\",\"target\":{\"@type\":\"EntryPoint\",\"urlTemplate\":\"https:\/\/sandzakpress.net\/arhiva\/?s={search_term_string}\"},\"query-input\":{\"@type\":\"PropertyValueSpecification\",\"valueRequired\":true,\"valueName\":\"search_term_string\"}}],\"inLanguage\":\"bs-BA\"},{\"@type\":[\"Person\",\"Organization\"],\"@id\":\"https:\/\/sandzakpress.net\/arhiva\/#\/schema\/person\/6e72b67d6e51910a1117b3b483ba20bd\",\"name\":\"Kul\",\"image\":{\"@type\":\"ImageObject\",\"inLanguage\":\"bs-BA\",\"@id\":\"https:\/\/sandzakpress.net\/arhiva\/#\/schema\/person\/image\/\",\"url\":\"https:\/\/secure.gravatar.com\/avatar\/42263f39aa27ac04c43cab85c280eb2e?s=96&d=mm&r=pg\",\"contentUrl\":\"https:\/\/secure.gravatar.com\/avatar\/42263f39aa27ac04c43cab85c280eb2e?s=96&d=mm&r=pg\",\"caption\":\"Kul\"},\"logo\":{\"@id\":\"https:\/\/sandzakpress.net\/arhiva\/#\/schema\/person\/image\/\"}},{\"@type\":\"Person\",\"@id\":\"https:\/\/sandzakpress.net\/arhiva\/#\/schema\/person\/c8baee722073534b583ea7bdb2e36c02\",\"name\":\"bosniak\",\"image\":{\"@type\":\"ImageObject\",\"inLanguage\":\"bs-BA\",\"@id\":\"https:\/\/sandzakpress.net\/arhiva\/#\/schema\/person\/image\/\",\"url\":\"https:\/\/secure.gravatar.com\/avatar\/a04fd330bfe3a36a72a0ad4a6d89fca7?s=96&d=mm&r=pg\",\"contentUrl\":\"https:\/\/secure.gravatar.com\/avatar\/a04fd330bfe3a36a72a0ad4a6d89fca7?s=96&d=mm&r=pg\",\"caption\":\"bosniak\"},\"url\":\"https:\/\/sandzakpress.net\/arhiva\/author\/bosniak\/\"}]}<\/script>\n<!-- \/ Yoast SEO Premium plugin. -->","yoast_head_json":{"title":"Ne stidi se Bo\u0161njo, ponosan budi","robots":{"index":"index","follow":"follow","max-snippet":"max-snippet:-1","max-image-preview":"max-image-preview:large","max-video-preview":"max-video-preview:-1"},"canonical":"https:\/\/sandzakpress.net\/arhiva\/ne-stidi-se-bosnjobudi\/","og_locale":"bs_BA","og_type":"article","og_title":"Ne stidi se Bo\u0161njo, ponosan budi","og_description":"Mustafa Durmi\u0161ovi\u0107","og_url":"https:\/\/sandzakpress.net\/arhiva\/ne-stidi-se-bosnjobudi\/","og_site_name":"Sand\u017eak PRESS","article_published_time":"2015-03-06T14:11:58+00:00","article_modified_time":"2015-03-06T14:12:33+00:00","og_image":[{"width":473,"height":326,"url":"https:\/\/sandzakpress.net\/arhiva\/wp-content\/uploads\/2015\/03\/2015-03-06-15_09_33-NE-STIDI-SE-BO\u0160NJO-SEBE-PONOSAN-BUDI.jpg","type":"image\/jpeg"}],"author":"bosniak","twitter_card":"summary_large_image","twitter_misc":{"Written by":"bosniak","Est. reading time":"2 minute"},"schema":{"@context":"https:\/\/schema.org","@graph":[{"@type":"Article","@id":"https:\/\/sandzakpress.net\/arhiva\/ne-stidi-se-bosnjobudi\/#article","isPartOf":{"@id":"https:\/\/sandzakpress.net\/arhiva\/ne-stidi-se-bosnjobudi\/"},"author":{"name":"bosniak","@id":"https:\/\/sandzakpress.net\/arhiva\/#\/schema\/person\/c8baee722073534b583ea7bdb2e36c02"},"headline":"Ne stidi se Bo\u0161njo, ponosan budi","datePublished":"2015-03-06T14:11:58+00:00","dateModified":"2015-03-06T14:12:33+00:00","mainEntityOfPage":{"@id":"https:\/\/sandzakpress.net\/arhiva\/ne-stidi-se-bosnjobudi\/"},"wordCount":432,"commentCount":4,"publisher":{"@id":"https:\/\/sandzakpress.net\/arhiva\/#\/schema\/person\/6e72b67d6e51910a1117b3b483ba20bd"},"image":{"@id":"https:\/\/sandzakpress.net\/arhiva\/ne-stidi-se-bosnjobudi\/#primaryimage"},"thumbnailUrl":"https:\/\/sandzakpress.net\/arhiva\/wp-content\/uploads\/2015\/03\/2015-03-06-15_09_33-NE-STIDI-SE-BO\u0160NJO-SEBE-PONOSAN-BUDI.jpg","articleSection":["Iz pera na\u0161ih autora"],"inLanguage":"bs-BA","potentialAction":[{"@type":"CommentAction","name":"Comment","target":["https:\/\/sandzakpress.net\/arhiva\/ne-stidi-se-bosnjobudi\/#respond"]}]},{"@type":"WebPage","@id":"https:\/\/sandzakpress.net\/arhiva\/ne-stidi-se-bosnjobudi\/","url":"https:\/\/sandzakpress.net\/arhiva\/ne-stidi-se-bosnjobudi\/","name":"Ne stidi se Bo\u0161njo, ponosan budi","isPartOf":{"@id":"https:\/\/sandzakpress.net\/arhiva\/#website"},"primaryImageOfPage":{"@id":"https:\/\/sandzakpress.net\/arhiva\/ne-stidi-se-bosnjobudi\/#primaryimage"},"image":{"@id":"https:\/\/sandzakpress.net\/arhiva\/ne-stidi-se-bosnjobudi\/#primaryimage"},"thumbnailUrl":"https:\/\/sandzakpress.net\/arhiva\/wp-content\/uploads\/2015\/03\/2015-03-06-15_09_33-NE-STIDI-SE-BO\u0160NJO-SEBE-PONOSAN-BUDI.jpg","datePublished":"2015-03-06T14:11:58+00:00","dateModified":"2015-03-06T14:12:33+00:00","breadcrumb":{"@id":"https:\/\/sandzakpress.net\/arhiva\/ne-stidi-se-bosnjobudi\/#breadcrumb"},"inLanguage":"bs-BA","potentialAction":[{"@type":"ReadAction","target":["https:\/\/sandzakpress.net\/arhiva\/ne-stidi-se-bosnjobudi\/"]}]},{"@type":"ImageObject","inLanguage":"bs-BA","@id":"https:\/\/sandzakpress.net\/arhiva\/ne-stidi-se-bosnjobudi\/#primaryimage","url":"https:\/\/sandzakpress.net\/arhiva\/wp-content\/uploads\/2015\/03\/2015-03-06-15_09_33-NE-STIDI-SE-BO\u0160NJO-SEBE-PONOSAN-BUDI.jpg","contentUrl":"https:\/\/sandzakpress.net\/arhiva\/wp-content\/uploads\/2015\/03\/2015-03-06-15_09_33-NE-STIDI-SE-BO\u0160NJO-SEBE-PONOSAN-BUDI.jpg","width":473,"height":326},{"@type":"BreadcrumbList","@id":"https:\/\/sandzakpress.net\/arhiva\/ne-stidi-se-bosnjobudi\/#breadcrumb","itemListElement":[{"@type":"ListItem","position":1,"name":"Home","item":"https:\/\/sandzakpress.net\/arhiva\/"},{"@type":"ListItem","position":2,"name":"Ne stidi se Bo\u0161njo, ponosan budi"}]},{"@type":"WebSite","@id":"https:\/\/sandzakpress.net\/arhiva\/#website","url":"https:\/\/sandzakpress.net\/arhiva\/","name":"Sand\u017eak PRESS","description":"Prve elektronske novine u Sand\u017eaku","publisher":{"@id":"https:\/\/sandzakpress.net\/arhiva\/#\/schema\/person\/6e72b67d6e51910a1117b3b483ba20bd"},"potentialAction":[{"@type":"SearchAction","target":{"@type":"EntryPoint","urlTemplate":"https:\/\/sandzakpress.net\/arhiva\/?s={search_term_string}"},"query-input":{"@type":"PropertyValueSpecification","valueRequired":true,"valueName":"search_term_string"}}],"inLanguage":"bs-BA"},{"@type":["Person","Organization"],"@id":"https:\/\/sandzakpress.net\/arhiva\/#\/schema\/person\/6e72b67d6e51910a1117b3b483ba20bd","name":"Kul","image":{"@type":"ImageObject","inLanguage":"bs-BA","@id":"https:\/\/sandzakpress.net\/arhiva\/#\/schema\/person\/image\/","url":"https:\/\/secure.gravatar.com\/avatar\/42263f39aa27ac04c43cab85c280eb2e?s=96&d=mm&r=pg","contentUrl":"https:\/\/secure.gravatar.com\/avatar\/42263f39aa27ac04c43cab85c280eb2e?s=96&d=mm&r=pg","caption":"Kul"},"logo":{"@id":"https:\/\/sandzakpress.net\/arhiva\/#\/schema\/person\/image\/"}},{"@type":"Person","@id":"https:\/\/sandzakpress.net\/arhiva\/#\/schema\/person\/c8baee722073534b583ea7bdb2e36c02","name":"bosniak","image":{"@type":"ImageObject","inLanguage":"bs-BA","@id":"https:\/\/sandzakpress.net\/arhiva\/#\/schema\/person\/image\/","url":"https:\/\/secure.gravatar.com\/avatar\/a04fd330bfe3a36a72a0ad4a6d89fca7?s=96&d=mm&r=pg","contentUrl":"https:\/\/secure.gravatar.com\/avatar\/a04fd330bfe3a36a72a0ad4a6d89fca7?s=96&d=mm&r=pg","caption":"bosniak"},"url":"https:\/\/sandzakpress.net\/arhiva\/author\/bosniak\/"}]}},"_links":{"self":[{"href":"https:\/\/sandzakpress.net\/arhiva\/wp-json\/wp\/v2\/posts\/124138"}],"collection":[{"href":"https:\/\/sandzakpress.net\/arhiva\/wp-json\/wp\/v2\/posts"}],"about":[{"href":"https:\/\/sandzakpress.net\/arhiva\/wp-json\/wp\/v2\/types\/post"}],"author":[{"embeddable":true,"href":"https:\/\/sandzakpress.net\/arhiva\/wp-json\/wp\/v2\/users\/83"}],"replies":[{"embeddable":true,"href":"https:\/\/sandzakpress.net\/arhiva\/wp-json\/wp\/v2\/comments?post=124138"}],"version-history":[{"count":0,"href":"https:\/\/sandzakpress.net\/arhiva\/wp-json\/wp\/v2\/posts\/124138\/revisions"}],"wp:featuredmedia":[{"embeddable":true,"href":"https:\/\/sandzakpress.net\/arhiva\/wp-json\/wp\/v2\/media\/124139"}],"wp:attachment":[{"href":"https:\/\/sandzakpress.net\/arhiva\/wp-json\/wp\/v2\/media?parent=124138"}],"wp:term":[{"taxonomy":"category","embeddable":true,"href":"https:\/\/sandzakpress.net\/arhiva\/wp-json\/wp\/v2\/categories?post=124138"},{"taxonomy":"post_tag","embeddable":true,"href":"https:\/\/sandzakpress.net\/arhiva\/wp-json\/wp\/v2\/tags?post=124138"}],"curies":[{"name":"wp","href":"https:\/\/api.w.org\/{rel}","templated":true}]}}