{"id":12412,"date":"2011-02-09T17:17:02","date_gmt":"2011-02-09T16:17:02","guid":{"rendered":"https:\/\/sandzakpress.net\/arhiva\/?p=12412"},"modified":"2011-02-09T17:17:02","modified_gmt":"2011-02-09T16:17:02","slug":"i-novine-dan-napadaju-muslimane","status":"publish","type":"post","link":"https:\/\/sandzakpress.net\/arhiva\/i-novine-dan-napadaju-muslimane\/","title":{"rendered":"I novine &#8220;Dan&#8221; napadaju muslimane"},"content":{"rendered":"<p><strong><a href=\"https:\/\/sandzakpress.net\/arhiva\/wp-content\/uploads\/2011\/02\/dan-muslimani.jpg\"><img loading=\"lazy\" decoding=\"async\" class=\"alignleft size-medium wp-image-12413\" title=\"dan - muslimani\" src=\"https:\/\/sandzakpress.net\/arhiva\/wp-content\/uploads\/2011\/02\/dan-muslimani-300x166.jpg\" alt=\"\" width=\"300\" height=\"166\" \/><\/a>Ju\u017eni Sand\u017eak &#8211; Islamska zajednica u Crnoj Gori, ogor\u010dena je naslovom teksta \u201cHod\u017ea u slasti\u010darni dilovao heroin\u201d, objavljenim ju\u010de, 07. februara 2011. godine u dnevnim novinama \u201cDan\u201d, kojim se na najgrublji na\u010din, daleko od novinarske etike udara na ugled i integritet vjerskih slu\u017ebenika Islamske zajednice u Crnoj Gori. Prije svega, u tekstu pomenuti Refik Bibuljica nije hod\u017ea, niti je ikada bio.<\/strong><\/p>\n<p>Nadimak hod\u017ea nosi zbog toga \u0161to je poku\u0161ao zavr\u0161iti medresu (srednju teolo\u0161ku \u0161kolu), \u0161to mu nikada nije po\u0161lo za rukom. Isto tako, u kona\u010dnici teksta stoji da je pomenuti \u010dovjek zavr\u0161io teolo\u0161ki fakultet, \u0161to je \u2013 blago re\u010deno \u2013 notorna la\u017e, sa ciljem da se okalja ugled imama.<\/p>\n<p>Vjerujemo da u multikonfesionalnoj Crnoj Gori, kao i multietni\u010dkoj sredini kakva je Bijelo Polje, ovakav vid javnog poni\u017eavanja vjerskih slu\u017ebenika je nedopustiv. Brane\u0107i \u010dasni imamski poziv, te radi istine sa kojom javnost mora biti upoznata, naoj\u0161trije osu\u0111ujemo ovakve neodmjerene, tendenciozne i krajnje zlonamjerne podvale!<\/p>\n<p>Ovdje pogledajte orginalni tekst:<br \/>\n<a href=\"http:\/\/www.dan.co.me\/?nivo=3&amp;rubrika=Hronika&amp;clanak=267094&amp;najdatum=2011-02-07&amp;datum=2011-02-08\">http:\/\/www.dan.co.me\/?nivo=3&amp;rubrika=Hronika&amp;clanak=267094&amp;najdatum=2011-02-07&amp;datum=2011-02-08<\/a><\/p>\n<p>Izvor: <strong>MonteIslam.com<\/strong><\/p>\n","protected":false},"excerpt":{"rendered":"<p>Ju\u017eni Sand\u017eak &#8211; Islamska zajednica u Crnoj Gori, ogor\u010dena je naslovom teksta \u201cHod\u017ea u slasti\u010darni dilovao heroin\u201d, objavljenim ju\u010de, 07. februara 2011. godine u dnevnim novinama \u201cDan\u201d, kojim se na najgrublji na\u010din, daleko od novinarske etike udara na ugled i integritet vjerskih slu\u017ebenika Islamske zajednice u Crnoj Gori. Prije svega, u tekstu pomenuti Refik Bibuljica [&hellip;]<\/p>\n","protected":false},"author":83,"featured_media":12413,"comment_status":"open","ping_status":"open","sticky":false,"template":"","format":"standard","meta":{"footnotes":""},"categories":[398,397,396,395,802,399],"tags":[],"class_list":{"0":"post-12412","1":"post","2":"type-post","3":"status-publish","4":"format-standard","5":"has-post-thumbnail","7":"category-rozaje","8":"category-berane","9":"category-bijelo_polje","10":"category-pljevlja_","11":"category-islamska_zajednica","12":"category-plav_"},"yoast_head":"<!-- This site is optimized with the Yoast SEO Premium plugin v23.1 (Yoast SEO v24.9) - https:\/\/yoast.com\/wordpress\/plugins\/seo\/ -->\n<title>I novine &quot;Dan&quot; napadaju muslimane<\/title>\n<meta name=\"robots\" content=\"index, follow, max-snippet:-1, max-image-preview:large, max-video-preview:-1\" \/>\n<link rel=\"canonical\" href=\"https:\/\/sandzakpress.net\/arhiva\/i-novine-dan-napadaju-muslimane\/\" \/>\n<meta property=\"og:locale\" content=\"bs_BA\" \/>\n<meta property=\"og:type\" content=\"article\" \/>\n<meta property=\"og:title\" content=\"I novine &quot;Dan&quot; napadaju muslimane\" \/>\n<meta property=\"og:description\" content=\"Ju\u017eni Sand\u017eak &#8211; Islamska zajednica u Crnoj Gori, ogor\u010dena je naslovom teksta \u201cHod\u017ea u slasti\u010darni dilovao heroin\u201d, objavljenim ju\u010de, 07. februara 2011. godine u dnevnim novinama \u201cDan\u201d, kojim se na najgrublji na\u010din, daleko od novinarske etike udara na ugled i integritet vjerskih slu\u017ebenika Islamske zajednice u Crnoj Gori. Prije svega, u tekstu pomenuti Refik Bibuljica [&hellip;]\" \/>\n<meta property=\"og:url\" content=\"https:\/\/sandzakpress.net\/arhiva\/i-novine-dan-napadaju-muslimane\/\" \/>\n<meta property=\"og:site_name\" content=\"Sand\u017eak PRESS\" \/>\n<meta property=\"article:published_time\" content=\"2011-02-09T16:17:02+00:00\" \/>\n<meta property=\"og:image\" content=\"https:\/\/sandzakpress.net\/arhiva\/wp-content\/uploads\/2011\/02\/dan-muslimani.jpg\" \/>\n\t<meta property=\"og:image:width\" content=\"415\" \/>\n\t<meta property=\"og:image:height\" content=\"230\" \/>\n\t<meta property=\"og:image:type\" content=\"image\/jpeg\" \/>\n<meta name=\"author\" content=\"bosniak\" \/>\n<meta name=\"twitter:card\" content=\"summary_large_image\" \/>\n<meta name=\"twitter:label1\" content=\"Written by\" \/>\n\t<meta name=\"twitter:data1\" content=\"bosniak\" \/>\n\t<meta name=\"twitter:label2\" content=\"Est. reading time\" \/>\n\t<meta name=\"twitter:data2\" content=\"1 minuta\" \/>\n<script type=\"application\/ld+json\" class=\"yoast-schema-graph\">{\"@context\":\"https:\/\/schema.org\",\"@graph\":[{\"@type\":\"Article\",\"@id\":\"https:\/\/sandzakpress.net\/arhiva\/i-novine-dan-napadaju-muslimane\/#article\",\"isPartOf\":{\"@id\":\"https:\/\/sandzakpress.net\/arhiva\/i-novine-dan-napadaju-muslimane\/\"},\"author\":{\"name\":\"bosniak\",\"@id\":\"https:\/\/sandzakpress.net\/arhiva\/#\/schema\/person\/c8baee722073534b583ea7bdb2e36c02\"},\"headline\":\"I novine &#8220;Dan&#8221; napadaju muslimane\",\"datePublished\":\"2011-02-09T16:17:02+00:00\",\"mainEntityOfPage\":{\"@id\":\"https:\/\/sandzakpress.net\/arhiva\/i-novine-dan-napadaju-muslimane\/\"},\"wordCount\":204,\"commentCount\":2,\"publisher\":{\"@id\":\"https:\/\/sandzakpress.net\/arhiva\/#\/schema\/person\/6e72b67d6e51910a1117b3b483ba20bd\"},\"image\":{\"@id\":\"https:\/\/sandzakpress.net\/arhiva\/i-novine-dan-napadaju-muslimane\/#primaryimage\"},\"thumbnailUrl\":\"https:\/\/sandzakpress.net\/arhiva\/wp-content\/uploads\/2011\/02\/dan-muslimani.jpg\",\"articleSection\":[\"Ro\u017eaje\",\"Berane\",\"Bijelo Polje\",\"Pljevlja\",\"Islamska zajednica\",\"Plav\"],\"inLanguage\":\"bs-BA\",\"potentialAction\":[{\"@type\":\"CommentAction\",\"name\":\"Comment\",\"target\":[\"https:\/\/sandzakpress.net\/arhiva\/i-novine-dan-napadaju-muslimane\/#respond\"]}]},{\"@type\":\"WebPage\",\"@id\":\"https:\/\/sandzakpress.net\/arhiva\/i-novine-dan-napadaju-muslimane\/\",\"url\":\"https:\/\/sandzakpress.net\/arhiva\/i-novine-dan-napadaju-muslimane\/\",\"name\":\"I novine \\\"Dan\\\" napadaju muslimane\",\"isPartOf\":{\"@id\":\"https:\/\/sandzakpress.net\/arhiva\/#website\"},\"primaryImageOfPage\":{\"@id\":\"https:\/\/sandzakpress.net\/arhiva\/i-novine-dan-napadaju-muslimane\/#primaryimage\"},\"image\":{\"@id\":\"https:\/\/sandzakpress.net\/arhiva\/i-novine-dan-napadaju-muslimane\/#primaryimage\"},\"thumbnailUrl\":\"https:\/\/sandzakpress.net\/arhiva\/wp-content\/uploads\/2011\/02\/dan-muslimani.jpg\",\"datePublished\":\"2011-02-09T16:17:02+00:00\",\"breadcrumb\":{\"@id\":\"https:\/\/sandzakpress.net\/arhiva\/i-novine-dan-napadaju-muslimane\/#breadcrumb\"},\"inLanguage\":\"bs-BA\",\"potentialAction\":[{\"@type\":\"ReadAction\",\"target\":[\"https:\/\/sandzakpress.net\/arhiva\/i-novine-dan-napadaju-muslimane\/\"]}]},{\"@type\":\"ImageObject\",\"inLanguage\":\"bs-BA\",\"@id\":\"https:\/\/sandzakpress.net\/arhiva\/i-novine-dan-napadaju-muslimane\/#primaryimage\",\"url\":\"https:\/\/sandzakpress.net\/arhiva\/wp-content\/uploads\/2011\/02\/dan-muslimani.jpg\",\"contentUrl\":\"https:\/\/sandzakpress.net\/arhiva\/wp-content\/uploads\/2011\/02\/dan-muslimani.jpg\",\"width\":415,\"height\":230},{\"@type\":\"BreadcrumbList\",\"@id\":\"https:\/\/sandzakpress.net\/arhiva\/i-novine-dan-napadaju-muslimane\/#breadcrumb\",\"itemListElement\":[{\"@type\":\"ListItem\",\"position\":1,\"name\":\"Home\",\"item\":\"https:\/\/sandzakpress.net\/arhiva\/\"},{\"@type\":\"ListItem\",\"position\":2,\"name\":\"I novine &#8220;Dan&#8221; napadaju muslimane\"}]},{\"@type\":\"WebSite\",\"@id\":\"https:\/\/sandzakpress.net\/arhiva\/#website\",\"url\":\"https:\/\/sandzakpress.net\/arhiva\/\",\"name\":\"Sand\u017eak PRESS\",\"description\":\"Prve elektronske novine u Sand\u017eaku\",\"publisher\":{\"@id\":\"https:\/\/sandzakpress.net\/arhiva\/#\/schema\/person\/6e72b67d6e51910a1117b3b483ba20bd\"},\"potentialAction\":[{\"@type\":\"SearchAction\",\"target\":{\"@type\":\"EntryPoint\",\"urlTemplate\":\"https:\/\/sandzakpress.net\/arhiva\/?s={search_term_string}\"},\"query-input\":{\"@type\":\"PropertyValueSpecification\",\"valueRequired\":true,\"valueName\":\"search_term_string\"}}],\"inLanguage\":\"bs-BA\"},{\"@type\":[\"Person\",\"Organization\"],\"@id\":\"https:\/\/sandzakpress.net\/arhiva\/#\/schema\/person\/6e72b67d6e51910a1117b3b483ba20bd\",\"name\":\"Kul\",\"image\":{\"@type\":\"ImageObject\",\"inLanguage\":\"bs-BA\",\"@id\":\"https:\/\/sandzakpress.net\/arhiva\/#\/schema\/person\/image\/\",\"url\":\"https:\/\/secure.gravatar.com\/avatar\/42263f39aa27ac04c43cab85c280eb2e?s=96&d=mm&r=pg\",\"contentUrl\":\"https:\/\/secure.gravatar.com\/avatar\/42263f39aa27ac04c43cab85c280eb2e?s=96&d=mm&r=pg\",\"caption\":\"Kul\"},\"logo\":{\"@id\":\"https:\/\/sandzakpress.net\/arhiva\/#\/schema\/person\/image\/\"}},{\"@type\":\"Person\",\"@id\":\"https:\/\/sandzakpress.net\/arhiva\/#\/schema\/person\/c8baee722073534b583ea7bdb2e36c02\",\"name\":\"bosniak\",\"image\":{\"@type\":\"ImageObject\",\"inLanguage\":\"bs-BA\",\"@id\":\"https:\/\/sandzakpress.net\/arhiva\/#\/schema\/person\/image\/\",\"url\":\"https:\/\/secure.gravatar.com\/avatar\/a04fd330bfe3a36a72a0ad4a6d89fca7?s=96&d=mm&r=pg\",\"contentUrl\":\"https:\/\/secure.gravatar.com\/avatar\/a04fd330bfe3a36a72a0ad4a6d89fca7?s=96&d=mm&r=pg\",\"caption\":\"bosniak\"},\"url\":\"https:\/\/sandzakpress.net\/arhiva\/author\/bosniak\/\"}]}<\/script>\n<!-- \/ Yoast SEO Premium plugin. -->","yoast_head_json":{"title":"I novine \"Dan\" napadaju muslimane","robots":{"index":"index","follow":"follow","max-snippet":"max-snippet:-1","max-image-preview":"max-image-preview:large","max-video-preview":"max-video-preview:-1"},"canonical":"https:\/\/sandzakpress.net\/arhiva\/i-novine-dan-napadaju-muslimane\/","og_locale":"bs_BA","og_type":"article","og_title":"I novine \"Dan\" napadaju muslimane","og_description":"Ju\u017eni Sand\u017eak &#8211; Islamska zajednica u Crnoj Gori, ogor\u010dena je naslovom teksta \u201cHod\u017ea u slasti\u010darni dilovao heroin\u201d, objavljenim ju\u010de, 07. februara 2011. godine u dnevnim novinama \u201cDan\u201d, kojim se na najgrublji na\u010din, daleko od novinarske etike udara na ugled i integritet vjerskih slu\u017ebenika Islamske zajednice u Crnoj Gori. Prije svega, u tekstu pomenuti Refik Bibuljica [&hellip;]","og_url":"https:\/\/sandzakpress.net\/arhiva\/i-novine-dan-napadaju-muslimane\/","og_site_name":"Sand\u017eak PRESS","article_published_time":"2011-02-09T16:17:02+00:00","og_image":[{"width":415,"height":230,"url":"https:\/\/sandzakpress.net\/arhiva\/wp-content\/uploads\/2011\/02\/dan-muslimani.jpg","type":"image\/jpeg"}],"author":"bosniak","twitter_card":"summary_large_image","twitter_misc":{"Written by":"bosniak","Est. reading time":"1 minuta"},"schema":{"@context":"https:\/\/schema.org","@graph":[{"@type":"Article","@id":"https:\/\/sandzakpress.net\/arhiva\/i-novine-dan-napadaju-muslimane\/#article","isPartOf":{"@id":"https:\/\/sandzakpress.net\/arhiva\/i-novine-dan-napadaju-muslimane\/"},"author":{"name":"bosniak","@id":"https:\/\/sandzakpress.net\/arhiva\/#\/schema\/person\/c8baee722073534b583ea7bdb2e36c02"},"headline":"I novine &#8220;Dan&#8221; napadaju muslimane","datePublished":"2011-02-09T16:17:02+00:00","mainEntityOfPage":{"@id":"https:\/\/sandzakpress.net\/arhiva\/i-novine-dan-napadaju-muslimane\/"},"wordCount":204,"commentCount":2,"publisher":{"@id":"https:\/\/sandzakpress.net\/arhiva\/#\/schema\/person\/6e72b67d6e51910a1117b3b483ba20bd"},"image":{"@id":"https:\/\/sandzakpress.net\/arhiva\/i-novine-dan-napadaju-muslimane\/#primaryimage"},"thumbnailUrl":"https:\/\/sandzakpress.net\/arhiva\/wp-content\/uploads\/2011\/02\/dan-muslimani.jpg","articleSection":["Ro\u017eaje","Berane","Bijelo Polje","Pljevlja","Islamska zajednica","Plav"],"inLanguage":"bs-BA","potentialAction":[{"@type":"CommentAction","name":"Comment","target":["https:\/\/sandzakpress.net\/arhiva\/i-novine-dan-napadaju-muslimane\/#respond"]}]},{"@type":"WebPage","@id":"https:\/\/sandzakpress.net\/arhiva\/i-novine-dan-napadaju-muslimane\/","url":"https:\/\/sandzakpress.net\/arhiva\/i-novine-dan-napadaju-muslimane\/","name":"I novine \"Dan\" napadaju muslimane","isPartOf":{"@id":"https:\/\/sandzakpress.net\/arhiva\/#website"},"primaryImageOfPage":{"@id":"https:\/\/sandzakpress.net\/arhiva\/i-novine-dan-napadaju-muslimane\/#primaryimage"},"image":{"@id":"https:\/\/sandzakpress.net\/arhiva\/i-novine-dan-napadaju-muslimane\/#primaryimage"},"thumbnailUrl":"https:\/\/sandzakpress.net\/arhiva\/wp-content\/uploads\/2011\/02\/dan-muslimani.jpg","datePublished":"2011-02-09T16:17:02+00:00","breadcrumb":{"@id":"https:\/\/sandzakpress.net\/arhiva\/i-novine-dan-napadaju-muslimane\/#breadcrumb"},"inLanguage":"bs-BA","potentialAction":[{"@type":"ReadAction","target":["https:\/\/sandzakpress.net\/arhiva\/i-novine-dan-napadaju-muslimane\/"]}]},{"@type":"ImageObject","inLanguage":"bs-BA","@id":"https:\/\/sandzakpress.net\/arhiva\/i-novine-dan-napadaju-muslimane\/#primaryimage","url":"https:\/\/sandzakpress.net\/arhiva\/wp-content\/uploads\/2011\/02\/dan-muslimani.jpg","contentUrl":"https:\/\/sandzakpress.net\/arhiva\/wp-content\/uploads\/2011\/02\/dan-muslimani.jpg","width":415,"height":230},{"@type":"BreadcrumbList","@id":"https:\/\/sandzakpress.net\/arhiva\/i-novine-dan-napadaju-muslimane\/#breadcrumb","itemListElement":[{"@type":"ListItem","position":1,"name":"Home","item":"https:\/\/sandzakpress.net\/arhiva\/"},{"@type":"ListItem","position":2,"name":"I novine &#8220;Dan&#8221; napadaju muslimane"}]},{"@type":"WebSite","@id":"https:\/\/sandzakpress.net\/arhiva\/#website","url":"https:\/\/sandzakpress.net\/arhiva\/","name":"Sand\u017eak PRESS","description":"Prve elektronske novine u Sand\u017eaku","publisher":{"@id":"https:\/\/sandzakpress.net\/arhiva\/#\/schema\/person\/6e72b67d6e51910a1117b3b483ba20bd"},"potentialAction":[{"@type":"SearchAction","target":{"@type":"EntryPoint","urlTemplate":"https:\/\/sandzakpress.net\/arhiva\/?s={search_term_string}"},"query-input":{"@type":"PropertyValueSpecification","valueRequired":true,"valueName":"search_term_string"}}],"inLanguage":"bs-BA"},{"@type":["Person","Organization"],"@id":"https:\/\/sandzakpress.net\/arhiva\/#\/schema\/person\/6e72b67d6e51910a1117b3b483ba20bd","name":"Kul","image":{"@type":"ImageObject","inLanguage":"bs-BA","@id":"https:\/\/sandzakpress.net\/arhiva\/#\/schema\/person\/image\/","url":"https:\/\/secure.gravatar.com\/avatar\/42263f39aa27ac04c43cab85c280eb2e?s=96&d=mm&r=pg","contentUrl":"https:\/\/secure.gravatar.com\/avatar\/42263f39aa27ac04c43cab85c280eb2e?s=96&d=mm&r=pg","caption":"Kul"},"logo":{"@id":"https:\/\/sandzakpress.net\/arhiva\/#\/schema\/person\/image\/"}},{"@type":"Person","@id":"https:\/\/sandzakpress.net\/arhiva\/#\/schema\/person\/c8baee722073534b583ea7bdb2e36c02","name":"bosniak","image":{"@type":"ImageObject","inLanguage":"bs-BA","@id":"https:\/\/sandzakpress.net\/arhiva\/#\/schema\/person\/image\/","url":"https:\/\/secure.gravatar.com\/avatar\/a04fd330bfe3a36a72a0ad4a6d89fca7?s=96&d=mm&r=pg","contentUrl":"https:\/\/secure.gravatar.com\/avatar\/a04fd330bfe3a36a72a0ad4a6d89fca7?s=96&d=mm&r=pg","caption":"bosniak"},"url":"https:\/\/sandzakpress.net\/arhiva\/author\/bosniak\/"}]}},"_links":{"self":[{"href":"https:\/\/sandzakpress.net\/arhiva\/wp-json\/wp\/v2\/posts\/12412"}],"collection":[{"href":"https:\/\/sandzakpress.net\/arhiva\/wp-json\/wp\/v2\/posts"}],"about":[{"href":"https:\/\/sandzakpress.net\/arhiva\/wp-json\/wp\/v2\/types\/post"}],"author":[{"embeddable":true,"href":"https:\/\/sandzakpress.net\/arhiva\/wp-json\/wp\/v2\/users\/83"}],"replies":[{"embeddable":true,"href":"https:\/\/sandzakpress.net\/arhiva\/wp-json\/wp\/v2\/comments?post=12412"}],"version-history":[{"count":0,"href":"https:\/\/sandzakpress.net\/arhiva\/wp-json\/wp\/v2\/posts\/12412\/revisions"}],"wp:featuredmedia":[{"embeddable":true,"href":"https:\/\/sandzakpress.net\/arhiva\/wp-json\/wp\/v2\/media\/12413"}],"wp:attachment":[{"href":"https:\/\/sandzakpress.net\/arhiva\/wp-json\/wp\/v2\/media?parent=12412"}],"wp:term":[{"taxonomy":"category","embeddable":true,"href":"https:\/\/sandzakpress.net\/arhiva\/wp-json\/wp\/v2\/categories?post=12412"},{"taxonomy":"post_tag","embeddable":true,"href":"https:\/\/sandzakpress.net\/arhiva\/wp-json\/wp\/v2\/tags?post=12412"}],"curies":[{"name":"wp","href":"https:\/\/api.w.org\/{rel}","templated":true}]}}