{"id":124098,"date":"2015-03-06T11:13:25","date_gmt":"2015-03-06T10:13:25","guid":{"rendered":"https:\/\/sandzakpress.net\/arhiva\/?p=124098"},"modified":"2015-03-06T11:13:25","modified_gmt":"2015-03-06T10:13:25","slug":"mufti-zukorlic-hielte-einen-vortrag-auf-der-veranstaltung-bosnische-kulturtage-in-rijeka","status":"publish","type":"post","link":"https:\/\/sandzakpress.net\/arhiva\/mufti-zukorlic-hielte-einen-vortrag-auf-der-veranstaltung-bosnische-kulturtage-in-rijeka\/","title":{"rendered":"Mufti Zukorlic hielte einen Vortrag auf der Veranstaltung &#8220;Bosnische Kulturtage&#8221; in Rijeka"},"content":{"rendered":"<p><img decoding=\"async\" src=\"https:\/\/sandzakpress.net\/arhiva\/wp-content\/uploads\/2015\/03\/mufti1.jpg\" alt=\"mufti1\" \/><\/p>\n<p><strong>Kroatien, Novi Pazar \u2013 Wie es bereits zur Tradition geworden ist, auch in diesem Jahr haben die Bosniakischen Verb\u00e4nder in Rijeka und der K\u00fcste &#8211; Gorski Kotar organisierte die Veranstaltung namens Bosnische Kulturtge 2015.&#8221;<\/strong><\/p>\n<p>Der Grund f\u00fcr diese Veranstaltung ist es, den Tag der Unabh\u00e4ngigkeit von Bosnien und Herzegowina zu feiern. In einer Reihe von Unterhaltungsveranstaltungen , das wichtigste Ereignis war eine Podiumsdiskussion zum Thema: &#8220;Bosnien und Herzegowina nach den Wahlen aus der Perspektive der Bosnischen Diaspora \u2013 was haben wir zu tun&#8221;.<\/p>\n<p>Die Bosniaken von Rijeka und der K\u00fcste \u2013 Gorski Kotar\u00a0 wurden am Montag geehrt, dem 02\/03\/2015., in der Kongresshalle des Islamischen Zentrums Rijeka, den Mufti von Sandschak Muamer ef. Zukorlic zu gasten, die extrem inspirierte Rede wies auf die historische Genese der Bosnischen Staatlichkeit und Bosniakischen nationalen Identit\u00e4t hin. Mr. Zukorlic hat in seinem Stil mit Argumenten auf\u00a0 die Fallen hingewiesen, die den Bosniaken plaziert werden im Kampf um unser \u00dcberleben, und klauzalne Verbindung zwischen Islamischer und ethnischer Herkunft als Determinanten, die, die Bosniakische nationale Identit\u00e4t definieren. Er bezog sich auf jene, die den Bosniaken, die Bosnianhood plazieren als nationale Identit\u00e4t, und das w\u00e4re der Weg, um den Abbau von Bosnien und das Verschwinden von Bosniaken.<\/p>\n<p>Dar\u00fcber hinaus forderte er alle Anwesenden die Erhaltung von unserer kulturellen, religi\u00f6sen und nationalen Identit\u00e4t zu bewahren und betonte, dass Bildung die beste Garantie f\u00fcr unser \u00dcberleben ist. Nur ausgebildet k\u00f6nnen wir uns und unsere Gemeinschaft, und in diesem Sinne auch \u00a0unserem Heimatland Bosnien-Herzegowina erfolgreich helfen. Er betonte die Notwendigkeit, aller Bosniaken in der Heimat und in der Diaspora zu verbinden, denn nur gebunden erh\u00f6hen wir unser eigenen organisatorischen Gesamtpotenzial, und werden zu einem wichtigen Faktor, der unser Schicksal entscheidet.<\/p>\n<p>Neben Mufti Zukorlic war bei der Veranstaltung Harudin ef. Mujkanovi\u0107 dabei &#8211; Oberste Imam der Majlis der Islamischen Gemeinschaft von Rijeka, der eine surah aus dem Qur an rezitierte und schickte ein paar Worte zur Begr\u00fc\u00dfung im Namen der Gastgeber.<\/p>\n<p>\u00dcber den Tag der Unabh\u00e4ngigkeit vor dem Organisator sprach kurz \u0160ehrizad Begic, Pr\u00e4sident des Rates der BNM f\u00fcr das PGC. Skizzen aus der Biografien unseres Gastes Muamer ef . Zukorlic lieste Samir Galija\u0161evi\u0107, Pr\u00e4sident BNZ f\u00fcr PGC.<\/p>\n<p>Moderator der Trib\u00fcne und Autor dieses Artikels war Ibrahim Ru\u017eni\u0107.<\/p>\n<p><img decoding=\"async\" src=\"https:\/\/sandzakpress.net\/arhiva\/wp-content\/uploads\/2015\/03\/mufti4.jpg\" alt=\"mufti4\" \/><\/p>\n<p><img decoding=\"async\" src=\"https:\/\/sandzakpress.net\/arhiva\/wp-content\/uploads\/2015\/03\/mufti31.jpg\" alt=\"mufti3\" \/><\/p>\n<p><img decoding=\"async\" src=\"https:\/\/sandzakpress.net\/arhiva\/wp-content\/uploads\/2015\/03\/mufti2.jpg\" alt=\"mufti2\" \/><\/p>\n<p>&nbsp;<\/p>\n","protected":false},"excerpt":{"rendered":"<p>Kroatien, Novi Pazar \u2013 Wie es bereits zur Tradition geworden ist, auch in diesem Jahr haben die Bosniakischen Verb\u00e4nder in Rijeka und der K\u00fcste &#8211; Gorski Kotar organisierte die Veranstaltung namens Bosnische Kulturtge 2015.&#8221; Der Grund f\u00fcr diese Veranstaltung ist es, den Tag der Unabh\u00e4ngigkeit von Bosnien und Herzegowina zu feiern. In einer Reihe von [&hellip;]<\/p>\n","protected":false},"author":83,"featured_media":124000,"comment_status":"open","ping_status":"open","sticky":false,"template":"","format":"standard","meta":{"footnotes":""},"categories":[10502],"tags":[],"class_list":{"0":"post-124098","1":"post","2":"type-post","3":"status-publish","4":"format-standard","5":"has-post-thumbnail","7":"category-deutsch"},"yoast_head":"<!-- This site is optimized with the Yoast SEO Premium plugin v23.1 (Yoast SEO v24.9) - https:\/\/yoast.com\/wordpress\/plugins\/seo\/ -->\n<title>Mufti Zukorlic hielte einen Vortrag auf der Veranstaltung &quot;Bosnische Kulturtage&quot; in Rijeka<\/title>\n<meta name=\"robots\" content=\"index, follow, max-snippet:-1, max-image-preview:large, max-video-preview:-1\" \/>\n<link rel=\"canonical\" href=\"https:\/\/sandzakpress.net\/arhiva\/mufti-zukorlic-hielte-einen-vortrag-auf-der-veranstaltung-bosnische-kulturtage-in-rijeka\/\" \/>\n<meta property=\"og:locale\" content=\"bs_BA\" \/>\n<meta property=\"og:type\" content=\"article\" \/>\n<meta property=\"og:title\" content=\"Mufti Zukorlic hielte einen Vortrag auf der Veranstaltung &quot;Bosnische Kulturtage&quot; in Rijeka\" \/>\n<meta property=\"og:description\" content=\"Kroatien, Novi Pazar \u2013 Wie es bereits zur Tradition geworden ist, auch in diesem Jahr haben die Bosniakischen Verb\u00e4nder in Rijeka und der K\u00fcste &#8211; Gorski Kotar organisierte die Veranstaltung namens Bosnische Kulturtge 2015.&#8221; Der Grund f\u00fcr diese Veranstaltung ist es, den Tag der Unabh\u00e4ngigkeit von Bosnien und Herzegowina zu feiern. In einer Reihe von [&hellip;]\" \/>\n<meta property=\"og:url\" content=\"https:\/\/sandzakpress.net\/arhiva\/mufti-zukorlic-hielte-einen-vortrag-auf-der-veranstaltung-bosnische-kulturtage-in-rijeka\/\" \/>\n<meta property=\"og:site_name\" content=\"Sand\u017eak PRESS\" \/>\n<meta property=\"article:published_time\" content=\"2015-03-06T10:13:25+00:00\" \/>\n<meta property=\"og:image\" content=\"https:\/\/sandzakpress.net\/arhiva\/wp-content\/uploads\/2015\/03\/mufti1.jpg\" \/>\n\t<meta property=\"og:image:width\" content=\"600\" \/>\n\t<meta property=\"og:image:height\" content=\"450\" \/>\n\t<meta property=\"og:image:type\" content=\"image\/jpeg\" \/>\n<meta name=\"author\" content=\"bosniak\" \/>\n<meta name=\"twitter:card\" content=\"summary_large_image\" \/>\n<meta name=\"twitter:label1\" content=\"Written by\" \/>\n\t<meta name=\"twitter:data1\" content=\"bosniak\" \/>\n\t<meta name=\"twitter:label2\" content=\"Est. reading time\" \/>\n\t<meta name=\"twitter:data2\" content=\"2 minute\" \/>\n<script type=\"application\/ld+json\" class=\"yoast-schema-graph\">{\"@context\":\"https:\/\/schema.org\",\"@graph\":[{\"@type\":\"Article\",\"@id\":\"https:\/\/sandzakpress.net\/arhiva\/mufti-zukorlic-hielte-einen-vortrag-auf-der-veranstaltung-bosnische-kulturtage-in-rijeka\/#article\",\"isPartOf\":{\"@id\":\"https:\/\/sandzakpress.net\/arhiva\/mufti-zukorlic-hielte-einen-vortrag-auf-der-veranstaltung-bosnische-kulturtage-in-rijeka\/\"},\"author\":{\"name\":\"bosniak\",\"@id\":\"https:\/\/sandzakpress.net\/arhiva\/#\/schema\/person\/c8baee722073534b583ea7bdb2e36c02\"},\"headline\":\"Mufti Zukorlic hielte einen Vortrag auf der Veranstaltung &#8220;Bosnische Kulturtage&#8221; in Rijeka\",\"datePublished\":\"2015-03-06T10:13:25+00:00\",\"mainEntityOfPage\":{\"@id\":\"https:\/\/sandzakpress.net\/arhiva\/mufti-zukorlic-hielte-einen-vortrag-auf-der-veranstaltung-bosnische-kulturtage-in-rijeka\/\"},\"wordCount\":396,\"commentCount\":0,\"publisher\":{\"@id\":\"https:\/\/sandzakpress.net\/arhiva\/#\/schema\/person\/6e72b67d6e51910a1117b3b483ba20bd\"},\"image\":{\"@id\":\"https:\/\/sandzakpress.net\/arhiva\/mufti-zukorlic-hielte-einen-vortrag-auf-der-veranstaltung-bosnische-kulturtage-in-rijeka\/#primaryimage\"},\"thumbnailUrl\":\"https:\/\/sandzakpress.net\/arhiva\/wp-content\/uploads\/2015\/03\/mufti1.jpg\",\"articleSection\":[\"Deutsch\"],\"inLanguage\":\"bs-BA\",\"potentialAction\":[{\"@type\":\"CommentAction\",\"name\":\"Comment\",\"target\":[\"https:\/\/sandzakpress.net\/arhiva\/mufti-zukorlic-hielte-einen-vortrag-auf-der-veranstaltung-bosnische-kulturtage-in-rijeka\/#respond\"]}]},{\"@type\":\"WebPage\",\"@id\":\"https:\/\/sandzakpress.net\/arhiva\/mufti-zukorlic-hielte-einen-vortrag-auf-der-veranstaltung-bosnische-kulturtage-in-rijeka\/\",\"url\":\"https:\/\/sandzakpress.net\/arhiva\/mufti-zukorlic-hielte-einen-vortrag-auf-der-veranstaltung-bosnische-kulturtage-in-rijeka\/\",\"name\":\"Mufti Zukorlic hielte einen Vortrag auf der Veranstaltung \\\"Bosnische Kulturtage\\\" in Rijeka\",\"isPartOf\":{\"@id\":\"https:\/\/sandzakpress.net\/arhiva\/#website\"},\"primaryImageOfPage\":{\"@id\":\"https:\/\/sandzakpress.net\/arhiva\/mufti-zukorlic-hielte-einen-vortrag-auf-der-veranstaltung-bosnische-kulturtage-in-rijeka\/#primaryimage\"},\"image\":{\"@id\":\"https:\/\/sandzakpress.net\/arhiva\/mufti-zukorlic-hielte-einen-vortrag-auf-der-veranstaltung-bosnische-kulturtage-in-rijeka\/#primaryimage\"},\"thumbnailUrl\":\"https:\/\/sandzakpress.net\/arhiva\/wp-content\/uploads\/2015\/03\/mufti1.jpg\",\"datePublished\":\"2015-03-06T10:13:25+00:00\",\"breadcrumb\":{\"@id\":\"https:\/\/sandzakpress.net\/arhiva\/mufti-zukorlic-hielte-einen-vortrag-auf-der-veranstaltung-bosnische-kulturtage-in-rijeka\/#breadcrumb\"},\"inLanguage\":\"bs-BA\",\"potentialAction\":[{\"@type\":\"ReadAction\",\"target\":[\"https:\/\/sandzakpress.net\/arhiva\/mufti-zukorlic-hielte-einen-vortrag-auf-der-veranstaltung-bosnische-kulturtage-in-rijeka\/\"]}]},{\"@type\":\"ImageObject\",\"inLanguage\":\"bs-BA\",\"@id\":\"https:\/\/sandzakpress.net\/arhiva\/mufti-zukorlic-hielte-einen-vortrag-auf-der-veranstaltung-bosnische-kulturtage-in-rijeka\/#primaryimage\",\"url\":\"https:\/\/sandzakpress.net\/arhiva\/wp-content\/uploads\/2015\/03\/mufti1.jpg\",\"contentUrl\":\"https:\/\/sandzakpress.net\/arhiva\/wp-content\/uploads\/2015\/03\/mufti1.jpg\",\"width\":600,\"height\":450},{\"@type\":\"BreadcrumbList\",\"@id\":\"https:\/\/sandzakpress.net\/arhiva\/mufti-zukorlic-hielte-einen-vortrag-auf-der-veranstaltung-bosnische-kulturtage-in-rijeka\/#breadcrumb\",\"itemListElement\":[{\"@type\":\"ListItem\",\"position\":1,\"name\":\"Home\",\"item\":\"https:\/\/sandzakpress.net\/arhiva\/\"},{\"@type\":\"ListItem\",\"position\":2,\"name\":\"Mufti Zukorlic hielte einen Vortrag auf der Veranstaltung &#8220;Bosnische Kulturtage&#8221; in Rijeka\"}]},{\"@type\":\"WebSite\",\"@id\":\"https:\/\/sandzakpress.net\/arhiva\/#website\",\"url\":\"https:\/\/sandzakpress.net\/arhiva\/\",\"name\":\"Sand\u017eak PRESS\",\"description\":\"Prve elektronske novine u Sand\u017eaku\",\"publisher\":{\"@id\":\"https:\/\/sandzakpress.net\/arhiva\/#\/schema\/person\/6e72b67d6e51910a1117b3b483ba20bd\"},\"potentialAction\":[{\"@type\":\"SearchAction\",\"target\":{\"@type\":\"EntryPoint\",\"urlTemplate\":\"https:\/\/sandzakpress.net\/arhiva\/?s={search_term_string}\"},\"query-input\":{\"@type\":\"PropertyValueSpecification\",\"valueRequired\":true,\"valueName\":\"search_term_string\"}}],\"inLanguage\":\"bs-BA\"},{\"@type\":[\"Person\",\"Organization\"],\"@id\":\"https:\/\/sandzakpress.net\/arhiva\/#\/schema\/person\/6e72b67d6e51910a1117b3b483ba20bd\",\"name\":\"Kul\",\"image\":{\"@type\":\"ImageObject\",\"inLanguage\":\"bs-BA\",\"@id\":\"https:\/\/sandzakpress.net\/arhiva\/#\/schema\/person\/image\/\",\"url\":\"https:\/\/secure.gravatar.com\/avatar\/42263f39aa27ac04c43cab85c280eb2e?s=96&d=mm&r=pg\",\"contentUrl\":\"https:\/\/secure.gravatar.com\/avatar\/42263f39aa27ac04c43cab85c280eb2e?s=96&d=mm&r=pg\",\"caption\":\"Kul\"},\"logo\":{\"@id\":\"https:\/\/sandzakpress.net\/arhiva\/#\/schema\/person\/image\/\"}},{\"@type\":\"Person\",\"@id\":\"https:\/\/sandzakpress.net\/arhiva\/#\/schema\/person\/c8baee722073534b583ea7bdb2e36c02\",\"name\":\"bosniak\",\"image\":{\"@type\":\"ImageObject\",\"inLanguage\":\"bs-BA\",\"@id\":\"https:\/\/sandzakpress.net\/arhiva\/#\/schema\/person\/image\/\",\"url\":\"https:\/\/secure.gravatar.com\/avatar\/a04fd330bfe3a36a72a0ad4a6d89fca7?s=96&d=mm&r=pg\",\"contentUrl\":\"https:\/\/secure.gravatar.com\/avatar\/a04fd330bfe3a36a72a0ad4a6d89fca7?s=96&d=mm&r=pg\",\"caption\":\"bosniak\"},\"url\":\"https:\/\/sandzakpress.net\/arhiva\/author\/bosniak\/\"}]}<\/script>\n<!-- \/ Yoast SEO Premium plugin. -->","yoast_head_json":{"title":"Mufti Zukorlic hielte einen Vortrag auf der Veranstaltung \"Bosnische Kulturtage\" in Rijeka","robots":{"index":"index","follow":"follow","max-snippet":"max-snippet:-1","max-image-preview":"max-image-preview:large","max-video-preview":"max-video-preview:-1"},"canonical":"https:\/\/sandzakpress.net\/arhiva\/mufti-zukorlic-hielte-einen-vortrag-auf-der-veranstaltung-bosnische-kulturtage-in-rijeka\/","og_locale":"bs_BA","og_type":"article","og_title":"Mufti Zukorlic hielte einen Vortrag auf der Veranstaltung \"Bosnische Kulturtage\" in Rijeka","og_description":"Kroatien, Novi Pazar \u2013 Wie es bereits zur Tradition geworden ist, auch in diesem Jahr haben die Bosniakischen Verb\u00e4nder in Rijeka und der K\u00fcste &#8211; Gorski Kotar organisierte die Veranstaltung namens Bosnische Kulturtge 2015.&#8221; Der Grund f\u00fcr diese Veranstaltung ist es, den Tag der Unabh\u00e4ngigkeit von Bosnien und Herzegowina zu feiern. In einer Reihe von [&hellip;]","og_url":"https:\/\/sandzakpress.net\/arhiva\/mufti-zukorlic-hielte-einen-vortrag-auf-der-veranstaltung-bosnische-kulturtage-in-rijeka\/","og_site_name":"Sand\u017eak PRESS","article_published_time":"2015-03-06T10:13:25+00:00","og_image":[{"width":600,"height":450,"url":"https:\/\/sandzakpress.net\/arhiva\/wp-content\/uploads\/2015\/03\/mufti1.jpg","type":"image\/jpeg"}],"author":"bosniak","twitter_card":"summary_large_image","twitter_misc":{"Written by":"bosniak","Est. reading time":"2 minute"},"schema":{"@context":"https:\/\/schema.org","@graph":[{"@type":"Article","@id":"https:\/\/sandzakpress.net\/arhiva\/mufti-zukorlic-hielte-einen-vortrag-auf-der-veranstaltung-bosnische-kulturtage-in-rijeka\/#article","isPartOf":{"@id":"https:\/\/sandzakpress.net\/arhiva\/mufti-zukorlic-hielte-einen-vortrag-auf-der-veranstaltung-bosnische-kulturtage-in-rijeka\/"},"author":{"name":"bosniak","@id":"https:\/\/sandzakpress.net\/arhiva\/#\/schema\/person\/c8baee722073534b583ea7bdb2e36c02"},"headline":"Mufti Zukorlic hielte einen Vortrag auf der Veranstaltung &#8220;Bosnische Kulturtage&#8221; in Rijeka","datePublished":"2015-03-06T10:13:25+00:00","mainEntityOfPage":{"@id":"https:\/\/sandzakpress.net\/arhiva\/mufti-zukorlic-hielte-einen-vortrag-auf-der-veranstaltung-bosnische-kulturtage-in-rijeka\/"},"wordCount":396,"commentCount":0,"publisher":{"@id":"https:\/\/sandzakpress.net\/arhiva\/#\/schema\/person\/6e72b67d6e51910a1117b3b483ba20bd"},"image":{"@id":"https:\/\/sandzakpress.net\/arhiva\/mufti-zukorlic-hielte-einen-vortrag-auf-der-veranstaltung-bosnische-kulturtage-in-rijeka\/#primaryimage"},"thumbnailUrl":"https:\/\/sandzakpress.net\/arhiva\/wp-content\/uploads\/2015\/03\/mufti1.jpg","articleSection":["Deutsch"],"inLanguage":"bs-BA","potentialAction":[{"@type":"CommentAction","name":"Comment","target":["https:\/\/sandzakpress.net\/arhiva\/mufti-zukorlic-hielte-einen-vortrag-auf-der-veranstaltung-bosnische-kulturtage-in-rijeka\/#respond"]}]},{"@type":"WebPage","@id":"https:\/\/sandzakpress.net\/arhiva\/mufti-zukorlic-hielte-einen-vortrag-auf-der-veranstaltung-bosnische-kulturtage-in-rijeka\/","url":"https:\/\/sandzakpress.net\/arhiva\/mufti-zukorlic-hielte-einen-vortrag-auf-der-veranstaltung-bosnische-kulturtage-in-rijeka\/","name":"Mufti Zukorlic hielte einen Vortrag auf der Veranstaltung \"Bosnische Kulturtage\" in Rijeka","isPartOf":{"@id":"https:\/\/sandzakpress.net\/arhiva\/#website"},"primaryImageOfPage":{"@id":"https:\/\/sandzakpress.net\/arhiva\/mufti-zukorlic-hielte-einen-vortrag-auf-der-veranstaltung-bosnische-kulturtage-in-rijeka\/#primaryimage"},"image":{"@id":"https:\/\/sandzakpress.net\/arhiva\/mufti-zukorlic-hielte-einen-vortrag-auf-der-veranstaltung-bosnische-kulturtage-in-rijeka\/#primaryimage"},"thumbnailUrl":"https:\/\/sandzakpress.net\/arhiva\/wp-content\/uploads\/2015\/03\/mufti1.jpg","datePublished":"2015-03-06T10:13:25+00:00","breadcrumb":{"@id":"https:\/\/sandzakpress.net\/arhiva\/mufti-zukorlic-hielte-einen-vortrag-auf-der-veranstaltung-bosnische-kulturtage-in-rijeka\/#breadcrumb"},"inLanguage":"bs-BA","potentialAction":[{"@type":"ReadAction","target":["https:\/\/sandzakpress.net\/arhiva\/mufti-zukorlic-hielte-einen-vortrag-auf-der-veranstaltung-bosnische-kulturtage-in-rijeka\/"]}]},{"@type":"ImageObject","inLanguage":"bs-BA","@id":"https:\/\/sandzakpress.net\/arhiva\/mufti-zukorlic-hielte-einen-vortrag-auf-der-veranstaltung-bosnische-kulturtage-in-rijeka\/#primaryimage","url":"https:\/\/sandzakpress.net\/arhiva\/wp-content\/uploads\/2015\/03\/mufti1.jpg","contentUrl":"https:\/\/sandzakpress.net\/arhiva\/wp-content\/uploads\/2015\/03\/mufti1.jpg","width":600,"height":450},{"@type":"BreadcrumbList","@id":"https:\/\/sandzakpress.net\/arhiva\/mufti-zukorlic-hielte-einen-vortrag-auf-der-veranstaltung-bosnische-kulturtage-in-rijeka\/#breadcrumb","itemListElement":[{"@type":"ListItem","position":1,"name":"Home","item":"https:\/\/sandzakpress.net\/arhiva\/"},{"@type":"ListItem","position":2,"name":"Mufti Zukorlic hielte einen Vortrag auf der Veranstaltung &#8220;Bosnische Kulturtage&#8221; in Rijeka"}]},{"@type":"WebSite","@id":"https:\/\/sandzakpress.net\/arhiva\/#website","url":"https:\/\/sandzakpress.net\/arhiva\/","name":"Sand\u017eak PRESS","description":"Prve elektronske novine u Sand\u017eaku","publisher":{"@id":"https:\/\/sandzakpress.net\/arhiva\/#\/schema\/person\/6e72b67d6e51910a1117b3b483ba20bd"},"potentialAction":[{"@type":"SearchAction","target":{"@type":"EntryPoint","urlTemplate":"https:\/\/sandzakpress.net\/arhiva\/?s={search_term_string}"},"query-input":{"@type":"PropertyValueSpecification","valueRequired":true,"valueName":"search_term_string"}}],"inLanguage":"bs-BA"},{"@type":["Person","Organization"],"@id":"https:\/\/sandzakpress.net\/arhiva\/#\/schema\/person\/6e72b67d6e51910a1117b3b483ba20bd","name":"Kul","image":{"@type":"ImageObject","inLanguage":"bs-BA","@id":"https:\/\/sandzakpress.net\/arhiva\/#\/schema\/person\/image\/","url":"https:\/\/secure.gravatar.com\/avatar\/42263f39aa27ac04c43cab85c280eb2e?s=96&d=mm&r=pg","contentUrl":"https:\/\/secure.gravatar.com\/avatar\/42263f39aa27ac04c43cab85c280eb2e?s=96&d=mm&r=pg","caption":"Kul"},"logo":{"@id":"https:\/\/sandzakpress.net\/arhiva\/#\/schema\/person\/image\/"}},{"@type":"Person","@id":"https:\/\/sandzakpress.net\/arhiva\/#\/schema\/person\/c8baee722073534b583ea7bdb2e36c02","name":"bosniak","image":{"@type":"ImageObject","inLanguage":"bs-BA","@id":"https:\/\/sandzakpress.net\/arhiva\/#\/schema\/person\/image\/","url":"https:\/\/secure.gravatar.com\/avatar\/a04fd330bfe3a36a72a0ad4a6d89fca7?s=96&d=mm&r=pg","contentUrl":"https:\/\/secure.gravatar.com\/avatar\/a04fd330bfe3a36a72a0ad4a6d89fca7?s=96&d=mm&r=pg","caption":"bosniak"},"url":"https:\/\/sandzakpress.net\/arhiva\/author\/bosniak\/"}]}},"_links":{"self":[{"href":"https:\/\/sandzakpress.net\/arhiva\/wp-json\/wp\/v2\/posts\/124098"}],"collection":[{"href":"https:\/\/sandzakpress.net\/arhiva\/wp-json\/wp\/v2\/posts"}],"about":[{"href":"https:\/\/sandzakpress.net\/arhiva\/wp-json\/wp\/v2\/types\/post"}],"author":[{"embeddable":true,"href":"https:\/\/sandzakpress.net\/arhiva\/wp-json\/wp\/v2\/users\/83"}],"replies":[{"embeddable":true,"href":"https:\/\/sandzakpress.net\/arhiva\/wp-json\/wp\/v2\/comments?post=124098"}],"version-history":[{"count":0,"href":"https:\/\/sandzakpress.net\/arhiva\/wp-json\/wp\/v2\/posts\/124098\/revisions"}],"wp:featuredmedia":[{"embeddable":true,"href":"https:\/\/sandzakpress.net\/arhiva\/wp-json\/wp\/v2\/media\/124000"}],"wp:attachment":[{"href":"https:\/\/sandzakpress.net\/arhiva\/wp-json\/wp\/v2\/media?parent=124098"}],"wp:term":[{"taxonomy":"category","embeddable":true,"href":"https:\/\/sandzakpress.net\/arhiva\/wp-json\/wp\/v2\/categories?post=124098"},{"taxonomy":"post_tag","embeddable":true,"href":"https:\/\/sandzakpress.net\/arhiva\/wp-json\/wp\/v2\/tags?post=124098"}],"curies":[{"name":"wp","href":"https:\/\/api.w.org\/{rel}","templated":true}]}}