{"id":124086,"date":"2015-03-05T16:49:16","date_gmt":"2015-03-05T15:49:16","guid":{"rendered":"https:\/\/sandzakpress.net\/arhiva\/?p=124086"},"modified":"2015-03-05T21:30:04","modified_gmt":"2015-03-05T20:30:04","slug":"vlast-imamo-dokaze-da-je-bnv-godinama-placao-kiriju-za-zgradu-esadu-dzudzu","status":"publish","type":"post","link":"https:\/\/sandzakpress.net\/arhiva\/vlast-imamo-dokaze-da-je-bnv-godinama-placao-kiriju-za-zgradu-esadu-dzudzu\/","title":{"rendered":"Vlast &#8211; &#8216;Imamo dokaze da je BNV godinama pla\u0107ao kiriju za zgradu Esadu D\u017eud\u017eu&#8217;"},"content":{"rendered":"<div class=\"padding20 introduce\">\n<div id=\"textHolder\">\n<p><img decoding=\"async\" src=\"http:\/\/www.bnv.org.rs\/wp-content\/uploads\/2014\/01\/Glavni-ured-580.jpg\" alt=\"\" \/><\/p>\n<p><strong>Novi Pazar &#8211; Gradona\u010delnik Novog Pazara Meho Mahmutovi\u0107 optu\u017eio je danas Bo\u0161nja\u010dko nacionalno vije\u0107e (BNV) da je pla\u0107alo zakup zgrade u ulici 28. novembra, koja je u vlasni\u0161tvu Grada, Centru za bo\u0161nja\u010dke studije (CBS), dok u Ve\u0107u odbacuju ove navode.<\/strong><\/p>\n<p>\u201cNa\u0161a zgrada je nezakonito dodjeljena BNV, a ubrzo nakon toga je tada\u0161nji predsjednik Izvr\u0161nog odbora Vije\u0107a Esad D\u017eud\u017eo na nju oka\u010dio tablu Centra za bo\u0161nja\u010dke studije (CBS), njegove privatne NVO iz Tutina\u201d, izjavio je Mahmutovi\u0107 na konferenciji za novinare.<\/p>\n<p>On je optu\u017eio D\u017eud\u017ea da je, dok je bio predsjednik BNV u tehni\u010dkom mandatu, Vije\u0107e pla\u0107alo zakup te zgrade CBS.<\/p>\n<p>\u201cImamo izvje\u0161taje revizora u kojima se navodi da je sredstva dobijena od dr\u017eave za pla\u0107anje zakupa, D\u017eud\u017eo prebacivao sa ra\u010duna Vije\u0107a na ra\u010dun Centra za bo\u0161nja\u010dke studije, tj. pla\u0107ao je svojoj privatnoj NVO koju je \u010dak i proglasio institucijom od nacionalnog zna\u010daja za Bo\u0161njake\u201d, naglasio je Mahmutovi\u0107, ali nije precizirao u kom periodu se to de\u0161avalo i koliko dugo je trajalo.<\/p>\n<p>Gradona\u010delnik je dodao i da je sudskom presudom nalo\u017eeno da se zgrada u ulici 28. novembra vrati Gradu.<\/p>\n<p>\u201cMe\u0111utim, mi smo odlu\u010dili da ne tra\u017eimo iseljavanje BNV jer smatramo da je to institucija od nacionalnog zna\u010daja. Umjesto toga, izra\u010duna\u0107emo koliko \u0107e morati da nam pla\u0107aju kiriju, pa \u0107emo to kompenzovati na ime sredstava koje lokalna samouprava treba da izdvaja za finansiranje rada Vije\u0107a\u201d, istakao je Mahmutovi\u0107.<\/p>\n<p>Biv\u0161i predsjednik BNV Esad D\u017eud\u017eo u telefonskom razgovoru nam je rekao da Mahmutovi\u0107evi navodi nisu ta\u010dni.<\/p>\n<p>\u201cNikada BNV nije pla\u0107alo kiriju Centru za bo\u0161nja\u010dke studije, to su obi\u010dne budala\u0161tine. Ta\u010dno je da je CBS izvjesno vrijeme besplatno koristio jednu prostoriju u toj zgradi kao biblioteku i za to postoji potpisan ugovor\u201d, rekao je D\u017eud\u017eo.<\/p>\n<p>On je dodao i da su na osnovu Zakona o nacionalnim savetima nacionalnih manjina dr\u017eava i lokalne samouprave bile du\u017ene da savetima obezbede prostorije na kori\u0161\u0107enje bez naknade, a da Novi Pazar to nije ispo\u0161tovao.<\/p>\n<p>\u201cZgrada u kojoj se nalazi Vije\u0107e jeste u vlasni\u0161tvu Grada, ali ta inicijativa da odricanje od kirije predstave kao finansiranje BNV nije zakonita, jer je striktno predvi\u0111eno da u bud\u017eetima lokalnih samouprava postoji posebna pozicija koja se odnosi na donacije za rad nacionalnih saveta\u201d, izjavio je D\u017eud\u017eo.<\/p>\n<p>N. Ko\u010dovi\u0107<\/p>\n<p>(Radio100+)<\/p>\n<\/div>\n<\/div>\n","protected":false},"excerpt":{"rendered":"<p>Novi Pazar &#8211; Gradona\u010delnik Novog Pazara Meho Mahmutovi\u0107 optu\u017eio je danas Bo\u0161nja\u010dko nacionalno vije\u0107e (BNV) da je pla\u0107alo zakup zgrade u ulici 28. novembra, koja je u vlasni\u0161tvu Grada, Centru za bo\u0161nja\u010dke studije (CBS), dok u Ve\u0107u odbacuju ove navode. \u201cNa\u0161a zgrada je nezakonito dodjeljena BNV, a ubrzo nakon toga je tada\u0161nji predsjednik Izvr\u0161nog odbora [&hellip;]<\/p>\n","protected":false},"author":83,"featured_media":124087,"comment_status":"open","ping_status":"open","sticky":false,"template":"","format":"standard","meta":{"footnotes":""},"categories":[72,1,8957],"tags":[10238,10243,10248],"class_list":{"0":"post-124086","1":"post","2":"type-post","3":"status-publish","4":"format-standard","5":"has-post-thumbnail","7":"category-novi-pazar","8":"category-politika","9":"category-vijesti-dana","10":"tag-esad-dzudzevic","11":"tag-bnv","12":"tag-gradska-uprava-novi-pazar"},"yoast_head":"<!-- This site is optimized with the Yoast SEO Premium plugin v23.1 (Yoast SEO v24.9) - https:\/\/yoast.com\/wordpress\/plugins\/seo\/ -->\n<title>Vlast - &#039;Imamo dokaze da je BNV godinama pla\u0107ao kiriju za zgradu Esadu D\u017eud\u017eu&#039;<\/title>\n<meta name=\"robots\" content=\"index, follow, max-snippet:-1, max-image-preview:large, max-video-preview:-1\" \/>\n<link rel=\"canonical\" href=\"https:\/\/sandzakpress.net\/arhiva\/vlast-imamo-dokaze-da-je-bnv-godinama-placao-kiriju-za-zgradu-esadu-dzudzu\/\" \/>\n<meta property=\"og:locale\" content=\"bs_BA\" \/>\n<meta property=\"og:type\" content=\"article\" \/>\n<meta property=\"og:title\" content=\"Vlast - &#039;Imamo dokaze da je BNV godinama pla\u0107ao kiriju za zgradu Esadu D\u017eud\u017eu&#039;\" \/>\n<meta property=\"og:description\" content=\"Novi Pazar &#8211; Gradona\u010delnik Novog Pazara Meho Mahmutovi\u0107 optu\u017eio je danas Bo\u0161nja\u010dko nacionalno vije\u0107e (BNV) da je pla\u0107alo zakup zgrade u ulici 28. novembra, koja je u vlasni\u0161tvu Grada, Centru za bo\u0161nja\u010dke studije (CBS), dok u Ve\u0107u odbacuju ove navode. \u201cNa\u0161a zgrada je nezakonito dodjeljena BNV, a ubrzo nakon toga je tada\u0161nji predsjednik Izvr\u0161nog odbora [&hellip;]\" \/>\n<meta property=\"og:url\" content=\"https:\/\/sandzakpress.net\/arhiva\/vlast-imamo-dokaze-da-je-bnv-godinama-placao-kiriju-za-zgradu-esadu-dzudzu\/\" \/>\n<meta property=\"og:site_name\" content=\"Sand\u017eak PRESS\" \/>\n<meta property=\"article:published_time\" content=\"2015-03-05T15:49:16+00:00\" \/>\n<meta property=\"article:modified_time\" content=\"2015-03-05T20:30:04+00:00\" \/>\n<meta property=\"og:image\" content=\"https:\/\/sandzakpress.net\/arhiva\/wp-content\/uploads\/2015\/03\/Glavni-ured-580.jpg\" \/>\n\t<meta property=\"og:image:width\" content=\"580\" \/>\n\t<meta property=\"og:image:height\" content=\"435\" \/>\n\t<meta property=\"og:image:type\" content=\"image\/jpeg\" \/>\n<meta name=\"author\" content=\"bosniak\" \/>\n<meta name=\"twitter:card\" content=\"summary_large_image\" \/>\n<meta name=\"twitter:label1\" content=\"Written by\" \/>\n\t<meta name=\"twitter:data1\" content=\"bosniak\" \/>\n\t<meta name=\"twitter:label2\" content=\"Est. reading time\" \/>\n\t<meta name=\"twitter:data2\" content=\"2 minute\" \/>\n<script type=\"application\/ld+json\" class=\"yoast-schema-graph\">{\"@context\":\"https:\/\/schema.org\",\"@graph\":[{\"@type\":\"Article\",\"@id\":\"https:\/\/sandzakpress.net\/arhiva\/vlast-imamo-dokaze-da-je-bnv-godinama-placao-kiriju-za-zgradu-esadu-dzudzu\/#article\",\"isPartOf\":{\"@id\":\"https:\/\/sandzakpress.net\/arhiva\/vlast-imamo-dokaze-da-je-bnv-godinama-placao-kiriju-za-zgradu-esadu-dzudzu\/\"},\"author\":{\"name\":\"bosniak\",\"@id\":\"https:\/\/sandzakpress.net\/arhiva\/#\/schema\/person\/c8baee722073534b583ea7bdb2e36c02\"},\"headline\":\"Vlast &#8211; &#8216;Imamo dokaze da je BNV godinama pla\u0107ao kiriju za zgradu Esadu D\u017eud\u017eu&#8217;\",\"datePublished\":\"2015-03-05T15:49:16+00:00\",\"dateModified\":\"2015-03-05T20:30:04+00:00\",\"mainEntityOfPage\":{\"@id\":\"https:\/\/sandzakpress.net\/arhiva\/vlast-imamo-dokaze-da-je-bnv-godinama-placao-kiriju-za-zgradu-esadu-dzudzu\/\"},\"wordCount\":453,\"commentCount\":16,\"publisher\":{\"@id\":\"https:\/\/sandzakpress.net\/arhiva\/#\/schema\/person\/6e72b67d6e51910a1117b3b483ba20bd\"},\"image\":{\"@id\":\"https:\/\/sandzakpress.net\/arhiva\/vlast-imamo-dokaze-da-je-bnv-godinama-placao-kiriju-za-zgradu-esadu-dzudzu\/#primaryimage\"},\"thumbnailUrl\":\"https:\/\/sandzakpress.net\/arhiva\/wp-content\/uploads\/2015\/03\/Glavni-ured-580.jpg\",\"keywords\":[\"Esad D\u017eud\u017eo\",\"BNV\",\"Vlast u Novom Pazaru\"],\"articleSection\":[\"Novi Pazar\",\"Politika\",\"VIJESTI DANA\"],\"inLanguage\":\"bs-BA\",\"potentialAction\":[{\"@type\":\"CommentAction\",\"name\":\"Comment\",\"target\":[\"https:\/\/sandzakpress.net\/arhiva\/vlast-imamo-dokaze-da-je-bnv-godinama-placao-kiriju-za-zgradu-esadu-dzudzu\/#respond\"]}]},{\"@type\":\"WebPage\",\"@id\":\"https:\/\/sandzakpress.net\/arhiva\/vlast-imamo-dokaze-da-je-bnv-godinama-placao-kiriju-za-zgradu-esadu-dzudzu\/\",\"url\":\"https:\/\/sandzakpress.net\/arhiva\/vlast-imamo-dokaze-da-je-bnv-godinama-placao-kiriju-za-zgradu-esadu-dzudzu\/\",\"name\":\"Vlast - 'Imamo dokaze da je BNV godinama pla\u0107ao kiriju za zgradu Esadu D\u017eud\u017eu'\",\"isPartOf\":{\"@id\":\"https:\/\/sandzakpress.net\/arhiva\/#website\"},\"primaryImageOfPage\":{\"@id\":\"https:\/\/sandzakpress.net\/arhiva\/vlast-imamo-dokaze-da-je-bnv-godinama-placao-kiriju-za-zgradu-esadu-dzudzu\/#primaryimage\"},\"image\":{\"@id\":\"https:\/\/sandzakpress.net\/arhiva\/vlast-imamo-dokaze-da-je-bnv-godinama-placao-kiriju-za-zgradu-esadu-dzudzu\/#primaryimage\"},\"thumbnailUrl\":\"https:\/\/sandzakpress.net\/arhiva\/wp-content\/uploads\/2015\/03\/Glavni-ured-580.jpg\",\"datePublished\":\"2015-03-05T15:49:16+00:00\",\"dateModified\":\"2015-03-05T20:30:04+00:00\",\"breadcrumb\":{\"@id\":\"https:\/\/sandzakpress.net\/arhiva\/vlast-imamo-dokaze-da-je-bnv-godinama-placao-kiriju-za-zgradu-esadu-dzudzu\/#breadcrumb\"},\"inLanguage\":\"bs-BA\",\"potentialAction\":[{\"@type\":\"ReadAction\",\"target\":[\"https:\/\/sandzakpress.net\/arhiva\/vlast-imamo-dokaze-da-je-bnv-godinama-placao-kiriju-za-zgradu-esadu-dzudzu\/\"]}]},{\"@type\":\"ImageObject\",\"inLanguage\":\"bs-BA\",\"@id\":\"https:\/\/sandzakpress.net\/arhiva\/vlast-imamo-dokaze-da-je-bnv-godinama-placao-kiriju-za-zgradu-esadu-dzudzu\/#primaryimage\",\"url\":\"https:\/\/sandzakpress.net\/arhiva\/wp-content\/uploads\/2015\/03\/Glavni-ured-580.jpg\",\"contentUrl\":\"https:\/\/sandzakpress.net\/arhiva\/wp-content\/uploads\/2015\/03\/Glavni-ured-580.jpg\",\"width\":580,\"height\":435},{\"@type\":\"BreadcrumbList\",\"@id\":\"https:\/\/sandzakpress.net\/arhiva\/vlast-imamo-dokaze-da-je-bnv-godinama-placao-kiriju-za-zgradu-esadu-dzudzu\/#breadcrumb\",\"itemListElement\":[{\"@type\":\"ListItem\",\"position\":1,\"name\":\"Home\",\"item\":\"https:\/\/sandzakpress.net\/arhiva\/\"},{\"@type\":\"ListItem\",\"position\":2,\"name\":\"Vlast &#8211; &#8216;Imamo dokaze da je BNV godinama pla\u0107ao kiriju za zgradu Esadu D\u017eud\u017eu&#8217;\"}]},{\"@type\":\"WebSite\",\"@id\":\"https:\/\/sandzakpress.net\/arhiva\/#website\",\"url\":\"https:\/\/sandzakpress.net\/arhiva\/\",\"name\":\"Sand\u017eak PRESS\",\"description\":\"Prve elektronske novine u Sand\u017eaku\",\"publisher\":{\"@id\":\"https:\/\/sandzakpress.net\/arhiva\/#\/schema\/person\/6e72b67d6e51910a1117b3b483ba20bd\"},\"potentialAction\":[{\"@type\":\"SearchAction\",\"target\":{\"@type\":\"EntryPoint\",\"urlTemplate\":\"https:\/\/sandzakpress.net\/arhiva\/?s={search_term_string}\"},\"query-input\":{\"@type\":\"PropertyValueSpecification\",\"valueRequired\":true,\"valueName\":\"search_term_string\"}}],\"inLanguage\":\"bs-BA\"},{\"@type\":[\"Person\",\"Organization\"],\"@id\":\"https:\/\/sandzakpress.net\/arhiva\/#\/schema\/person\/6e72b67d6e51910a1117b3b483ba20bd\",\"name\":\"Kul\",\"image\":{\"@type\":\"ImageObject\",\"inLanguage\":\"bs-BA\",\"@id\":\"https:\/\/sandzakpress.net\/arhiva\/#\/schema\/person\/image\/\",\"url\":\"https:\/\/secure.gravatar.com\/avatar\/42263f39aa27ac04c43cab85c280eb2e?s=96&d=mm&r=pg\",\"contentUrl\":\"https:\/\/secure.gravatar.com\/avatar\/42263f39aa27ac04c43cab85c280eb2e?s=96&d=mm&r=pg\",\"caption\":\"Kul\"},\"logo\":{\"@id\":\"https:\/\/sandzakpress.net\/arhiva\/#\/schema\/person\/image\/\"}},{\"@type\":\"Person\",\"@id\":\"https:\/\/sandzakpress.net\/arhiva\/#\/schema\/person\/c8baee722073534b583ea7bdb2e36c02\",\"name\":\"bosniak\",\"image\":{\"@type\":\"ImageObject\",\"inLanguage\":\"bs-BA\",\"@id\":\"https:\/\/sandzakpress.net\/arhiva\/#\/schema\/person\/image\/\",\"url\":\"https:\/\/secure.gravatar.com\/avatar\/a04fd330bfe3a36a72a0ad4a6d89fca7?s=96&d=mm&r=pg\",\"contentUrl\":\"https:\/\/secure.gravatar.com\/avatar\/a04fd330bfe3a36a72a0ad4a6d89fca7?s=96&d=mm&r=pg\",\"caption\":\"bosniak\"},\"url\":\"https:\/\/sandzakpress.net\/arhiva\/author\/bosniak\/\"}]}<\/script>\n<!-- \/ Yoast SEO Premium plugin. -->","yoast_head_json":{"title":"Vlast - 'Imamo dokaze da je BNV godinama pla\u0107ao kiriju za zgradu Esadu D\u017eud\u017eu'","robots":{"index":"index","follow":"follow","max-snippet":"max-snippet:-1","max-image-preview":"max-image-preview:large","max-video-preview":"max-video-preview:-1"},"canonical":"https:\/\/sandzakpress.net\/arhiva\/vlast-imamo-dokaze-da-je-bnv-godinama-placao-kiriju-za-zgradu-esadu-dzudzu\/","og_locale":"bs_BA","og_type":"article","og_title":"Vlast - 'Imamo dokaze da je BNV godinama pla\u0107ao kiriju za zgradu Esadu D\u017eud\u017eu'","og_description":"Novi Pazar &#8211; Gradona\u010delnik Novog Pazara Meho Mahmutovi\u0107 optu\u017eio je danas Bo\u0161nja\u010dko nacionalno vije\u0107e (BNV) da je pla\u0107alo zakup zgrade u ulici 28. novembra, koja je u vlasni\u0161tvu Grada, Centru za bo\u0161nja\u010dke studije (CBS), dok u Ve\u0107u odbacuju ove navode. \u201cNa\u0161a zgrada je nezakonito dodjeljena BNV, a ubrzo nakon toga je tada\u0161nji predsjednik Izvr\u0161nog odbora [&hellip;]","og_url":"https:\/\/sandzakpress.net\/arhiva\/vlast-imamo-dokaze-da-je-bnv-godinama-placao-kiriju-za-zgradu-esadu-dzudzu\/","og_site_name":"Sand\u017eak PRESS","article_published_time":"2015-03-05T15:49:16+00:00","article_modified_time":"2015-03-05T20:30:04+00:00","og_image":[{"width":580,"height":435,"url":"https:\/\/sandzakpress.net\/arhiva\/wp-content\/uploads\/2015\/03\/Glavni-ured-580.jpg","type":"image\/jpeg"}],"author":"bosniak","twitter_card":"summary_large_image","twitter_misc":{"Written by":"bosniak","Est. reading time":"2 minute"},"schema":{"@context":"https:\/\/schema.org","@graph":[{"@type":"Article","@id":"https:\/\/sandzakpress.net\/arhiva\/vlast-imamo-dokaze-da-je-bnv-godinama-placao-kiriju-za-zgradu-esadu-dzudzu\/#article","isPartOf":{"@id":"https:\/\/sandzakpress.net\/arhiva\/vlast-imamo-dokaze-da-je-bnv-godinama-placao-kiriju-za-zgradu-esadu-dzudzu\/"},"author":{"name":"bosniak","@id":"https:\/\/sandzakpress.net\/arhiva\/#\/schema\/person\/c8baee722073534b583ea7bdb2e36c02"},"headline":"Vlast &#8211; &#8216;Imamo dokaze da je BNV godinama pla\u0107ao kiriju za zgradu Esadu D\u017eud\u017eu&#8217;","datePublished":"2015-03-05T15:49:16+00:00","dateModified":"2015-03-05T20:30:04+00:00","mainEntityOfPage":{"@id":"https:\/\/sandzakpress.net\/arhiva\/vlast-imamo-dokaze-da-je-bnv-godinama-placao-kiriju-za-zgradu-esadu-dzudzu\/"},"wordCount":453,"commentCount":16,"publisher":{"@id":"https:\/\/sandzakpress.net\/arhiva\/#\/schema\/person\/6e72b67d6e51910a1117b3b483ba20bd"},"image":{"@id":"https:\/\/sandzakpress.net\/arhiva\/vlast-imamo-dokaze-da-je-bnv-godinama-placao-kiriju-za-zgradu-esadu-dzudzu\/#primaryimage"},"thumbnailUrl":"https:\/\/sandzakpress.net\/arhiva\/wp-content\/uploads\/2015\/03\/Glavni-ured-580.jpg","keywords":["Esad D\u017eud\u017eo","BNV","Vlast u Novom Pazaru"],"articleSection":["Novi Pazar","Politika","VIJESTI DANA"],"inLanguage":"bs-BA","potentialAction":[{"@type":"CommentAction","name":"Comment","target":["https:\/\/sandzakpress.net\/arhiva\/vlast-imamo-dokaze-da-je-bnv-godinama-placao-kiriju-za-zgradu-esadu-dzudzu\/#respond"]}]},{"@type":"WebPage","@id":"https:\/\/sandzakpress.net\/arhiva\/vlast-imamo-dokaze-da-je-bnv-godinama-placao-kiriju-za-zgradu-esadu-dzudzu\/","url":"https:\/\/sandzakpress.net\/arhiva\/vlast-imamo-dokaze-da-je-bnv-godinama-placao-kiriju-za-zgradu-esadu-dzudzu\/","name":"Vlast - 'Imamo dokaze da je BNV godinama pla\u0107ao kiriju za zgradu Esadu D\u017eud\u017eu'","isPartOf":{"@id":"https:\/\/sandzakpress.net\/arhiva\/#website"},"primaryImageOfPage":{"@id":"https:\/\/sandzakpress.net\/arhiva\/vlast-imamo-dokaze-da-je-bnv-godinama-placao-kiriju-za-zgradu-esadu-dzudzu\/#primaryimage"},"image":{"@id":"https:\/\/sandzakpress.net\/arhiva\/vlast-imamo-dokaze-da-je-bnv-godinama-placao-kiriju-za-zgradu-esadu-dzudzu\/#primaryimage"},"thumbnailUrl":"https:\/\/sandzakpress.net\/arhiva\/wp-content\/uploads\/2015\/03\/Glavni-ured-580.jpg","datePublished":"2015-03-05T15:49:16+00:00","dateModified":"2015-03-05T20:30:04+00:00","breadcrumb":{"@id":"https:\/\/sandzakpress.net\/arhiva\/vlast-imamo-dokaze-da-je-bnv-godinama-placao-kiriju-za-zgradu-esadu-dzudzu\/#breadcrumb"},"inLanguage":"bs-BA","potentialAction":[{"@type":"ReadAction","target":["https:\/\/sandzakpress.net\/arhiva\/vlast-imamo-dokaze-da-je-bnv-godinama-placao-kiriju-za-zgradu-esadu-dzudzu\/"]}]},{"@type":"ImageObject","inLanguage":"bs-BA","@id":"https:\/\/sandzakpress.net\/arhiva\/vlast-imamo-dokaze-da-je-bnv-godinama-placao-kiriju-za-zgradu-esadu-dzudzu\/#primaryimage","url":"https:\/\/sandzakpress.net\/arhiva\/wp-content\/uploads\/2015\/03\/Glavni-ured-580.jpg","contentUrl":"https:\/\/sandzakpress.net\/arhiva\/wp-content\/uploads\/2015\/03\/Glavni-ured-580.jpg","width":580,"height":435},{"@type":"BreadcrumbList","@id":"https:\/\/sandzakpress.net\/arhiva\/vlast-imamo-dokaze-da-je-bnv-godinama-placao-kiriju-za-zgradu-esadu-dzudzu\/#breadcrumb","itemListElement":[{"@type":"ListItem","position":1,"name":"Home","item":"https:\/\/sandzakpress.net\/arhiva\/"},{"@type":"ListItem","position":2,"name":"Vlast &#8211; &#8216;Imamo dokaze da je BNV godinama pla\u0107ao kiriju za zgradu Esadu D\u017eud\u017eu&#8217;"}]},{"@type":"WebSite","@id":"https:\/\/sandzakpress.net\/arhiva\/#website","url":"https:\/\/sandzakpress.net\/arhiva\/","name":"Sand\u017eak PRESS","description":"Prve elektronske novine u Sand\u017eaku","publisher":{"@id":"https:\/\/sandzakpress.net\/arhiva\/#\/schema\/person\/6e72b67d6e51910a1117b3b483ba20bd"},"potentialAction":[{"@type":"SearchAction","target":{"@type":"EntryPoint","urlTemplate":"https:\/\/sandzakpress.net\/arhiva\/?s={search_term_string}"},"query-input":{"@type":"PropertyValueSpecification","valueRequired":true,"valueName":"search_term_string"}}],"inLanguage":"bs-BA"},{"@type":["Person","Organization"],"@id":"https:\/\/sandzakpress.net\/arhiva\/#\/schema\/person\/6e72b67d6e51910a1117b3b483ba20bd","name":"Kul","image":{"@type":"ImageObject","inLanguage":"bs-BA","@id":"https:\/\/sandzakpress.net\/arhiva\/#\/schema\/person\/image\/","url":"https:\/\/secure.gravatar.com\/avatar\/42263f39aa27ac04c43cab85c280eb2e?s=96&d=mm&r=pg","contentUrl":"https:\/\/secure.gravatar.com\/avatar\/42263f39aa27ac04c43cab85c280eb2e?s=96&d=mm&r=pg","caption":"Kul"},"logo":{"@id":"https:\/\/sandzakpress.net\/arhiva\/#\/schema\/person\/image\/"}},{"@type":"Person","@id":"https:\/\/sandzakpress.net\/arhiva\/#\/schema\/person\/c8baee722073534b583ea7bdb2e36c02","name":"bosniak","image":{"@type":"ImageObject","inLanguage":"bs-BA","@id":"https:\/\/sandzakpress.net\/arhiva\/#\/schema\/person\/image\/","url":"https:\/\/secure.gravatar.com\/avatar\/a04fd330bfe3a36a72a0ad4a6d89fca7?s=96&d=mm&r=pg","contentUrl":"https:\/\/secure.gravatar.com\/avatar\/a04fd330bfe3a36a72a0ad4a6d89fca7?s=96&d=mm&r=pg","caption":"bosniak"},"url":"https:\/\/sandzakpress.net\/arhiva\/author\/bosniak\/"}]}},"_links":{"self":[{"href":"https:\/\/sandzakpress.net\/arhiva\/wp-json\/wp\/v2\/posts\/124086"}],"collection":[{"href":"https:\/\/sandzakpress.net\/arhiva\/wp-json\/wp\/v2\/posts"}],"about":[{"href":"https:\/\/sandzakpress.net\/arhiva\/wp-json\/wp\/v2\/types\/post"}],"author":[{"embeddable":true,"href":"https:\/\/sandzakpress.net\/arhiva\/wp-json\/wp\/v2\/users\/83"}],"replies":[{"embeddable":true,"href":"https:\/\/sandzakpress.net\/arhiva\/wp-json\/wp\/v2\/comments?post=124086"}],"version-history":[{"count":0,"href":"https:\/\/sandzakpress.net\/arhiva\/wp-json\/wp\/v2\/posts\/124086\/revisions"}],"wp:featuredmedia":[{"embeddable":true,"href":"https:\/\/sandzakpress.net\/arhiva\/wp-json\/wp\/v2\/media\/124087"}],"wp:attachment":[{"href":"https:\/\/sandzakpress.net\/arhiva\/wp-json\/wp\/v2\/media?parent=124086"}],"wp:term":[{"taxonomy":"category","embeddable":true,"href":"https:\/\/sandzakpress.net\/arhiva\/wp-json\/wp\/v2\/categories?post=124086"},{"taxonomy":"post_tag","embeddable":true,"href":"https:\/\/sandzakpress.net\/arhiva\/wp-json\/wp\/v2\/tags?post=124086"}],"curies":[{"name":"wp","href":"https:\/\/api.w.org\/{rel}","templated":true}]}}