{"id":124017,"date":"2015-03-05T10:03:48","date_gmt":"2015-03-05T09:03:48","guid":{"rendered":"https:\/\/sandzakpress.net\/arhiva\/?p=124017"},"modified":"2015-03-05T10:03:48","modified_gmt":"2015-03-05T09:03:48","slug":"erdogan-idis-spaljivanjem-biblioteka-vrsi-kulturni-genocid","status":"publish","type":"post","link":"https:\/\/sandzakpress.net\/arhiva\/erdogan-idis-spaljivanjem-biblioteka-vrsi-kulturni-genocid\/","title":{"rendered":"Erdogan &#8211; IDI\u0160 spaljivanjem biblioteka vr\u0161i kulturni genocid"},"content":{"rendered":"<p><img decoding=\"async\" src=\"http:\/\/balkans.aljazeera.net\/sites\/staff.balkans.aljazeera.com\/files\/styles\/aljazeera_article_main_image\/public\/erdogan_main_anadolija.jpg?itok=6B-MtGdP\" alt=\"Turska, Recep Tayyip Erdogan, ISIL\" \/><\/p>\n<p><strong>Turska &#8211; Turski predsjednik Recep Tayyip Erdogan izjavio je da teroristi\u010dka organizacija Islamska dr\u017eava Irak i \u0160am\u00a0radi na uni\u0161tavanju svega \u0161to postoji od civilizacije i kulture, a da je dokaz za to spaljivanje i ru\u0161enje biblioteka i svih kulturnih vrijednosti u Siriji i Iraku, javlja Anadolija.<br \/>\n<\/strong><br \/>\nErdogan je prisustvovao sve\u010danosti povodom otvaranja izlo\u017ebe klasi\u010dne umjetnosti \u201eVeliki susret od olovke do olovke\u201c u Istanbulu i tom prilikom istakao da islamska civilizacija pridaje veliku va\u017enost znanju, u\u010denju i knjigama.<\/p>\n<p><strong>Poziv na u\u010denje<\/strong><\/p>\n<p>\u201ePreciznije re\u010deno, islamska civilizacija je civilizacija nauke, znanja i knjige. Govorimo o civilizaciji u \u010dijem temelju je naredba \u201eu\u010di\u201c, a i Poslanik je od be\u0161ike do mezara pozivao na u\u010denje. Kinezi jesu otkrili papir, ali na\u0161i preci su ga s pravom koristili i kasnije dopremili na Zapad i druge regije\u201c, kazao je Erdogan.<\/p>\n<p>Ukazuju\u0107i na va\u017enost bibliotekarske gra\u0111e i sadr\u017eaja djela koja su doprinijela razvoju civilizacija, turski predsjednik Erdogan je podsjetio i na tamna razdoblja u historiji \u010dovje\u010danstva kada su se ru\u0161ile biblioteke i palile knjige.<\/p>\n<p>Podsjetiv\u0161i na takve zlo\u010dine spaljivanja abasijskih biblioteka tokom pohoda mongolskog vojskovo\u0111e Hulagua i andaluzijskog kardinala koji je na trgu Granada javno spalio milion knjiga, Erdogan je kazao da i IDI\u0160\u00a0danas istom metodom uni\u0161tava svu civilizacijsku i kulturnu gra\u0111u u Siriji i Iraku.<\/p>\n<p><strong>Kulturni genocid<\/strong><\/p>\n<p>Erdogan je kazao da mu je nedavno jedan prijatelj iz Mosula javio da su pripadnici IDI\u0160\u00a0u tom ira\u010dkom gradu spalili veliku biblioteku i da ru\u0161e sve d\u017eamije i druge objekte.<\/p>\n<p>\u201eTa teroristi\u010dka organizacija je spalila mosulsku biblioteku u kojoj je bilo 8.000 rijetkih primjeraka knjiga. Ranije se sli\u010dno desilo i u Timbuktuu. Na\u0161a civilizacija je pre\u017eivjela sve ranije poku\u0161aje kulturnih genocida i zlo\u010dina i ako Bog da pre\u017eivjet \u0107e i dalje. Evropa, koja je na trgu Granada spalila milion knjiga, nije renesansu izgradila od tog pepela, ve\u0107 na spa\u0161enim primjercima i njihovim sadr\u017eajima\u201c, zaklju\u010dio je Davutoglu.<\/p>\n<p>(Agencije)<\/p>\n","protected":false},"excerpt":{"rendered":"<p>Turska &#8211; Turski predsjednik Recep Tayyip Erdogan izjavio je da teroristi\u010dka organizacija Islamska dr\u017eava Irak i \u0160am\u00a0radi na uni\u0161tavanju svega \u0161to postoji od civilizacije i kulture, a da je dokaz za to spaljivanje i ru\u0161enje biblioteka i svih kulturnih vrijednosti u Siriji i Iraku, javlja Anadolija. Erdogan je prisustvovao sve\u010danosti povodom otvaranja izlo\u017ebe klasi\u010dne umjetnosti [&hellip;]<\/p>\n","protected":false},"author":83,"featured_media":124018,"comment_status":"open","ping_status":"open","sticky":false,"template":"","format":"standard","meta":{"footnotes":""},"categories":[9,798,2692],"tags":[],"class_list":{"0":"post-124017","1":"post","2":"type-post","3":"status-publish","4":"format-standard","5":"has-post-thumbnail","7":"category-svijet","8":"category-teme","9":"category-turska-gradovi"},"yoast_head":"<!-- This site is optimized with the Yoast SEO Premium plugin v23.1 (Yoast SEO v24.9) - https:\/\/yoast.com\/wordpress\/plugins\/seo\/ -->\n<title>Erdogan - IDI\u0160 spaljivanjem biblioteka vr\u0161i kulturni genocid<\/title>\n<meta name=\"robots\" content=\"index, follow, max-snippet:-1, max-image-preview:large, max-video-preview:-1\" \/>\n<link rel=\"canonical\" href=\"https:\/\/sandzakpress.net\/arhiva\/erdogan-idis-spaljivanjem-biblioteka-vrsi-kulturni-genocid\/\" \/>\n<meta property=\"og:locale\" content=\"bs_BA\" \/>\n<meta property=\"og:type\" content=\"article\" \/>\n<meta property=\"og:title\" content=\"Erdogan - IDI\u0160 spaljivanjem biblioteka vr\u0161i kulturni genocid\" \/>\n<meta property=\"og:description\" content=\"Turska &#8211; Turski predsjednik Recep Tayyip Erdogan izjavio je da teroristi\u010dka organizacija Islamska dr\u017eava Irak i \u0160am\u00a0radi na uni\u0161tavanju svega \u0161to postoji od civilizacije i kulture, a da je dokaz za to spaljivanje i ru\u0161enje biblioteka i svih kulturnih vrijednosti u Siriji i Iraku, javlja Anadolija. Erdogan je prisustvovao sve\u010danosti povodom otvaranja izlo\u017ebe klasi\u010dne umjetnosti [&hellip;]\" \/>\n<meta property=\"og:url\" content=\"https:\/\/sandzakpress.net\/arhiva\/erdogan-idis-spaljivanjem-biblioteka-vrsi-kulturni-genocid\/\" \/>\n<meta property=\"og:site_name\" content=\"Sand\u017eak PRESS\" \/>\n<meta property=\"article:published_time\" content=\"2015-03-05T09:03:48+00:00\" \/>\n<meta property=\"og:image\" content=\"https:\/\/sandzakpress.net\/arhiva\/wp-content\/uploads\/2015\/03\/erdogan_main_anadolija.jpg\" \/>\n\t<meta property=\"og:image:width\" content=\"900\" \/>\n\t<meta property=\"og:image:height\" content=\"602\" \/>\n\t<meta property=\"og:image:type\" content=\"image\/jpeg\" \/>\n<meta name=\"author\" content=\"bosniak\" \/>\n<meta name=\"twitter:card\" content=\"summary_large_image\" \/>\n<meta name=\"twitter:label1\" content=\"Written by\" \/>\n\t<meta name=\"twitter:data1\" content=\"bosniak\" \/>\n\t<meta name=\"twitter:label2\" content=\"Est. reading time\" \/>\n\t<meta name=\"twitter:data2\" content=\"2 minute\" \/>\n<script type=\"application\/ld+json\" class=\"yoast-schema-graph\">{\"@context\":\"https:\/\/schema.org\",\"@graph\":[{\"@type\":\"Article\",\"@id\":\"https:\/\/sandzakpress.net\/arhiva\/erdogan-idis-spaljivanjem-biblioteka-vrsi-kulturni-genocid\/#article\",\"isPartOf\":{\"@id\":\"https:\/\/sandzakpress.net\/arhiva\/erdogan-idis-spaljivanjem-biblioteka-vrsi-kulturni-genocid\/\"},\"author\":{\"name\":\"bosniak\",\"@id\":\"https:\/\/sandzakpress.net\/arhiva\/#\/schema\/person\/c8baee722073534b583ea7bdb2e36c02\"},\"headline\":\"Erdogan &#8211; IDI\u0160 spaljivanjem biblioteka vr\u0161i kulturni genocid\",\"datePublished\":\"2015-03-05T09:03:48+00:00\",\"mainEntityOfPage\":{\"@id\":\"https:\/\/sandzakpress.net\/arhiva\/erdogan-idis-spaljivanjem-biblioteka-vrsi-kulturni-genocid\/\"},\"wordCount\":357,\"commentCount\":2,\"publisher\":{\"@id\":\"https:\/\/sandzakpress.net\/arhiva\/#\/schema\/person\/6e72b67d6e51910a1117b3b483ba20bd\"},\"image\":{\"@id\":\"https:\/\/sandzakpress.net\/arhiva\/erdogan-idis-spaljivanjem-biblioteka-vrsi-kulturni-genocid\/#primaryimage\"},\"thumbnailUrl\":\"https:\/\/sandzakpress.net\/arhiva\/wp-content\/uploads\/2015\/03\/erdogan_main_anadolija.jpg\",\"articleSection\":[\"Svijet\",\"NAJNOVIJE\",\"Turska\"],\"inLanguage\":\"bs-BA\",\"potentialAction\":[{\"@type\":\"CommentAction\",\"name\":\"Comment\",\"target\":[\"https:\/\/sandzakpress.net\/arhiva\/erdogan-idis-spaljivanjem-biblioteka-vrsi-kulturni-genocid\/#respond\"]}]},{\"@type\":\"WebPage\",\"@id\":\"https:\/\/sandzakpress.net\/arhiva\/erdogan-idis-spaljivanjem-biblioteka-vrsi-kulturni-genocid\/\",\"url\":\"https:\/\/sandzakpress.net\/arhiva\/erdogan-idis-spaljivanjem-biblioteka-vrsi-kulturni-genocid\/\",\"name\":\"Erdogan - IDI\u0160 spaljivanjem biblioteka vr\u0161i kulturni genocid\",\"isPartOf\":{\"@id\":\"https:\/\/sandzakpress.net\/arhiva\/#website\"},\"primaryImageOfPage\":{\"@id\":\"https:\/\/sandzakpress.net\/arhiva\/erdogan-idis-spaljivanjem-biblioteka-vrsi-kulturni-genocid\/#primaryimage\"},\"image\":{\"@id\":\"https:\/\/sandzakpress.net\/arhiva\/erdogan-idis-spaljivanjem-biblioteka-vrsi-kulturni-genocid\/#primaryimage\"},\"thumbnailUrl\":\"https:\/\/sandzakpress.net\/arhiva\/wp-content\/uploads\/2015\/03\/erdogan_main_anadolija.jpg\",\"datePublished\":\"2015-03-05T09:03:48+00:00\",\"breadcrumb\":{\"@id\":\"https:\/\/sandzakpress.net\/arhiva\/erdogan-idis-spaljivanjem-biblioteka-vrsi-kulturni-genocid\/#breadcrumb\"},\"inLanguage\":\"bs-BA\",\"potentialAction\":[{\"@type\":\"ReadAction\",\"target\":[\"https:\/\/sandzakpress.net\/arhiva\/erdogan-idis-spaljivanjem-biblioteka-vrsi-kulturni-genocid\/\"]}]},{\"@type\":\"ImageObject\",\"inLanguage\":\"bs-BA\",\"@id\":\"https:\/\/sandzakpress.net\/arhiva\/erdogan-idis-spaljivanjem-biblioteka-vrsi-kulturni-genocid\/#primaryimage\",\"url\":\"https:\/\/sandzakpress.net\/arhiva\/wp-content\/uploads\/2015\/03\/erdogan_main_anadolija.jpg\",\"contentUrl\":\"https:\/\/sandzakpress.net\/arhiva\/wp-content\/uploads\/2015\/03\/erdogan_main_anadolija.jpg\",\"width\":900,\"height\":602},{\"@type\":\"BreadcrumbList\",\"@id\":\"https:\/\/sandzakpress.net\/arhiva\/erdogan-idis-spaljivanjem-biblioteka-vrsi-kulturni-genocid\/#breadcrumb\",\"itemListElement\":[{\"@type\":\"ListItem\",\"position\":1,\"name\":\"Home\",\"item\":\"https:\/\/sandzakpress.net\/arhiva\/\"},{\"@type\":\"ListItem\",\"position\":2,\"name\":\"Erdogan &#8211; IDI\u0160 spaljivanjem biblioteka vr\u0161i kulturni genocid\"}]},{\"@type\":\"WebSite\",\"@id\":\"https:\/\/sandzakpress.net\/arhiva\/#website\",\"url\":\"https:\/\/sandzakpress.net\/arhiva\/\",\"name\":\"Sand\u017eak PRESS\",\"description\":\"Prve elektronske novine u Sand\u017eaku\",\"publisher\":{\"@id\":\"https:\/\/sandzakpress.net\/arhiva\/#\/schema\/person\/6e72b67d6e51910a1117b3b483ba20bd\"},\"potentialAction\":[{\"@type\":\"SearchAction\",\"target\":{\"@type\":\"EntryPoint\",\"urlTemplate\":\"https:\/\/sandzakpress.net\/arhiva\/?s={search_term_string}\"},\"query-input\":{\"@type\":\"PropertyValueSpecification\",\"valueRequired\":true,\"valueName\":\"search_term_string\"}}],\"inLanguage\":\"bs-BA\"},{\"@type\":[\"Person\",\"Organization\"],\"@id\":\"https:\/\/sandzakpress.net\/arhiva\/#\/schema\/person\/6e72b67d6e51910a1117b3b483ba20bd\",\"name\":\"Kul\",\"image\":{\"@type\":\"ImageObject\",\"inLanguage\":\"bs-BA\",\"@id\":\"https:\/\/sandzakpress.net\/arhiva\/#\/schema\/person\/image\/\",\"url\":\"https:\/\/secure.gravatar.com\/avatar\/42263f39aa27ac04c43cab85c280eb2e?s=96&d=mm&r=pg\",\"contentUrl\":\"https:\/\/secure.gravatar.com\/avatar\/42263f39aa27ac04c43cab85c280eb2e?s=96&d=mm&r=pg\",\"caption\":\"Kul\"},\"logo\":{\"@id\":\"https:\/\/sandzakpress.net\/arhiva\/#\/schema\/person\/image\/\"}},{\"@type\":\"Person\",\"@id\":\"https:\/\/sandzakpress.net\/arhiva\/#\/schema\/person\/c8baee722073534b583ea7bdb2e36c02\",\"name\":\"bosniak\",\"image\":{\"@type\":\"ImageObject\",\"inLanguage\":\"bs-BA\",\"@id\":\"https:\/\/sandzakpress.net\/arhiva\/#\/schema\/person\/image\/\",\"url\":\"https:\/\/secure.gravatar.com\/avatar\/a04fd330bfe3a36a72a0ad4a6d89fca7?s=96&d=mm&r=pg\",\"contentUrl\":\"https:\/\/secure.gravatar.com\/avatar\/a04fd330bfe3a36a72a0ad4a6d89fca7?s=96&d=mm&r=pg\",\"caption\":\"bosniak\"},\"url\":\"https:\/\/sandzakpress.net\/arhiva\/author\/bosniak\/\"}]}<\/script>\n<!-- \/ Yoast SEO Premium plugin. -->","yoast_head_json":{"title":"Erdogan - IDI\u0160 spaljivanjem biblioteka vr\u0161i kulturni genocid","robots":{"index":"index","follow":"follow","max-snippet":"max-snippet:-1","max-image-preview":"max-image-preview:large","max-video-preview":"max-video-preview:-1"},"canonical":"https:\/\/sandzakpress.net\/arhiva\/erdogan-idis-spaljivanjem-biblioteka-vrsi-kulturni-genocid\/","og_locale":"bs_BA","og_type":"article","og_title":"Erdogan - IDI\u0160 spaljivanjem biblioteka vr\u0161i kulturni genocid","og_description":"Turska &#8211; Turski predsjednik Recep Tayyip Erdogan izjavio je da teroristi\u010dka organizacija Islamska dr\u017eava Irak i \u0160am\u00a0radi na uni\u0161tavanju svega \u0161to postoji od civilizacije i kulture, a da je dokaz za to spaljivanje i ru\u0161enje biblioteka i svih kulturnih vrijednosti u Siriji i Iraku, javlja Anadolija. Erdogan je prisustvovao sve\u010danosti povodom otvaranja izlo\u017ebe klasi\u010dne umjetnosti [&hellip;]","og_url":"https:\/\/sandzakpress.net\/arhiva\/erdogan-idis-spaljivanjem-biblioteka-vrsi-kulturni-genocid\/","og_site_name":"Sand\u017eak PRESS","article_published_time":"2015-03-05T09:03:48+00:00","og_image":[{"width":900,"height":602,"url":"https:\/\/sandzakpress.net\/arhiva\/wp-content\/uploads\/2015\/03\/erdogan_main_anadolija.jpg","type":"image\/jpeg"}],"author":"bosniak","twitter_card":"summary_large_image","twitter_misc":{"Written by":"bosniak","Est. reading time":"2 minute"},"schema":{"@context":"https:\/\/schema.org","@graph":[{"@type":"Article","@id":"https:\/\/sandzakpress.net\/arhiva\/erdogan-idis-spaljivanjem-biblioteka-vrsi-kulturni-genocid\/#article","isPartOf":{"@id":"https:\/\/sandzakpress.net\/arhiva\/erdogan-idis-spaljivanjem-biblioteka-vrsi-kulturni-genocid\/"},"author":{"name":"bosniak","@id":"https:\/\/sandzakpress.net\/arhiva\/#\/schema\/person\/c8baee722073534b583ea7bdb2e36c02"},"headline":"Erdogan &#8211; IDI\u0160 spaljivanjem biblioteka vr\u0161i kulturni genocid","datePublished":"2015-03-05T09:03:48+00:00","mainEntityOfPage":{"@id":"https:\/\/sandzakpress.net\/arhiva\/erdogan-idis-spaljivanjem-biblioteka-vrsi-kulturni-genocid\/"},"wordCount":357,"commentCount":2,"publisher":{"@id":"https:\/\/sandzakpress.net\/arhiva\/#\/schema\/person\/6e72b67d6e51910a1117b3b483ba20bd"},"image":{"@id":"https:\/\/sandzakpress.net\/arhiva\/erdogan-idis-spaljivanjem-biblioteka-vrsi-kulturni-genocid\/#primaryimage"},"thumbnailUrl":"https:\/\/sandzakpress.net\/arhiva\/wp-content\/uploads\/2015\/03\/erdogan_main_anadolija.jpg","articleSection":["Svijet","NAJNOVIJE","Turska"],"inLanguage":"bs-BA","potentialAction":[{"@type":"CommentAction","name":"Comment","target":["https:\/\/sandzakpress.net\/arhiva\/erdogan-idis-spaljivanjem-biblioteka-vrsi-kulturni-genocid\/#respond"]}]},{"@type":"WebPage","@id":"https:\/\/sandzakpress.net\/arhiva\/erdogan-idis-spaljivanjem-biblioteka-vrsi-kulturni-genocid\/","url":"https:\/\/sandzakpress.net\/arhiva\/erdogan-idis-spaljivanjem-biblioteka-vrsi-kulturni-genocid\/","name":"Erdogan - IDI\u0160 spaljivanjem biblioteka vr\u0161i kulturni genocid","isPartOf":{"@id":"https:\/\/sandzakpress.net\/arhiva\/#website"},"primaryImageOfPage":{"@id":"https:\/\/sandzakpress.net\/arhiva\/erdogan-idis-spaljivanjem-biblioteka-vrsi-kulturni-genocid\/#primaryimage"},"image":{"@id":"https:\/\/sandzakpress.net\/arhiva\/erdogan-idis-spaljivanjem-biblioteka-vrsi-kulturni-genocid\/#primaryimage"},"thumbnailUrl":"https:\/\/sandzakpress.net\/arhiva\/wp-content\/uploads\/2015\/03\/erdogan_main_anadolija.jpg","datePublished":"2015-03-05T09:03:48+00:00","breadcrumb":{"@id":"https:\/\/sandzakpress.net\/arhiva\/erdogan-idis-spaljivanjem-biblioteka-vrsi-kulturni-genocid\/#breadcrumb"},"inLanguage":"bs-BA","potentialAction":[{"@type":"ReadAction","target":["https:\/\/sandzakpress.net\/arhiva\/erdogan-idis-spaljivanjem-biblioteka-vrsi-kulturni-genocid\/"]}]},{"@type":"ImageObject","inLanguage":"bs-BA","@id":"https:\/\/sandzakpress.net\/arhiva\/erdogan-idis-spaljivanjem-biblioteka-vrsi-kulturni-genocid\/#primaryimage","url":"https:\/\/sandzakpress.net\/arhiva\/wp-content\/uploads\/2015\/03\/erdogan_main_anadolija.jpg","contentUrl":"https:\/\/sandzakpress.net\/arhiva\/wp-content\/uploads\/2015\/03\/erdogan_main_anadolija.jpg","width":900,"height":602},{"@type":"BreadcrumbList","@id":"https:\/\/sandzakpress.net\/arhiva\/erdogan-idis-spaljivanjem-biblioteka-vrsi-kulturni-genocid\/#breadcrumb","itemListElement":[{"@type":"ListItem","position":1,"name":"Home","item":"https:\/\/sandzakpress.net\/arhiva\/"},{"@type":"ListItem","position":2,"name":"Erdogan &#8211; IDI\u0160 spaljivanjem biblioteka vr\u0161i kulturni genocid"}]},{"@type":"WebSite","@id":"https:\/\/sandzakpress.net\/arhiva\/#website","url":"https:\/\/sandzakpress.net\/arhiva\/","name":"Sand\u017eak PRESS","description":"Prve elektronske novine u Sand\u017eaku","publisher":{"@id":"https:\/\/sandzakpress.net\/arhiva\/#\/schema\/person\/6e72b67d6e51910a1117b3b483ba20bd"},"potentialAction":[{"@type":"SearchAction","target":{"@type":"EntryPoint","urlTemplate":"https:\/\/sandzakpress.net\/arhiva\/?s={search_term_string}"},"query-input":{"@type":"PropertyValueSpecification","valueRequired":true,"valueName":"search_term_string"}}],"inLanguage":"bs-BA"},{"@type":["Person","Organization"],"@id":"https:\/\/sandzakpress.net\/arhiva\/#\/schema\/person\/6e72b67d6e51910a1117b3b483ba20bd","name":"Kul","image":{"@type":"ImageObject","inLanguage":"bs-BA","@id":"https:\/\/sandzakpress.net\/arhiva\/#\/schema\/person\/image\/","url":"https:\/\/secure.gravatar.com\/avatar\/42263f39aa27ac04c43cab85c280eb2e?s=96&d=mm&r=pg","contentUrl":"https:\/\/secure.gravatar.com\/avatar\/42263f39aa27ac04c43cab85c280eb2e?s=96&d=mm&r=pg","caption":"Kul"},"logo":{"@id":"https:\/\/sandzakpress.net\/arhiva\/#\/schema\/person\/image\/"}},{"@type":"Person","@id":"https:\/\/sandzakpress.net\/arhiva\/#\/schema\/person\/c8baee722073534b583ea7bdb2e36c02","name":"bosniak","image":{"@type":"ImageObject","inLanguage":"bs-BA","@id":"https:\/\/sandzakpress.net\/arhiva\/#\/schema\/person\/image\/","url":"https:\/\/secure.gravatar.com\/avatar\/a04fd330bfe3a36a72a0ad4a6d89fca7?s=96&d=mm&r=pg","contentUrl":"https:\/\/secure.gravatar.com\/avatar\/a04fd330bfe3a36a72a0ad4a6d89fca7?s=96&d=mm&r=pg","caption":"bosniak"},"url":"https:\/\/sandzakpress.net\/arhiva\/author\/bosniak\/"}]}},"_links":{"self":[{"href":"https:\/\/sandzakpress.net\/arhiva\/wp-json\/wp\/v2\/posts\/124017"}],"collection":[{"href":"https:\/\/sandzakpress.net\/arhiva\/wp-json\/wp\/v2\/posts"}],"about":[{"href":"https:\/\/sandzakpress.net\/arhiva\/wp-json\/wp\/v2\/types\/post"}],"author":[{"embeddable":true,"href":"https:\/\/sandzakpress.net\/arhiva\/wp-json\/wp\/v2\/users\/83"}],"replies":[{"embeddable":true,"href":"https:\/\/sandzakpress.net\/arhiva\/wp-json\/wp\/v2\/comments?post=124017"}],"version-history":[{"count":0,"href":"https:\/\/sandzakpress.net\/arhiva\/wp-json\/wp\/v2\/posts\/124017\/revisions"}],"wp:featuredmedia":[{"embeddable":true,"href":"https:\/\/sandzakpress.net\/arhiva\/wp-json\/wp\/v2\/media\/124018"}],"wp:attachment":[{"href":"https:\/\/sandzakpress.net\/arhiva\/wp-json\/wp\/v2\/media?parent=124017"}],"wp:term":[{"taxonomy":"category","embeddable":true,"href":"https:\/\/sandzakpress.net\/arhiva\/wp-json\/wp\/v2\/categories?post=124017"},{"taxonomy":"post_tag","embeddable":true,"href":"https:\/\/sandzakpress.net\/arhiva\/wp-json\/wp\/v2\/tags?post=124017"}],"curies":[{"name":"wp","href":"https:\/\/api.w.org\/{rel}","templated":true}]}}