{"id":123810,"date":"2015-03-02T11:19:24","date_gmt":"2015-03-02T10:19:24","guid":{"rendered":"https:\/\/sandzakpress.net\/arhiva\/?p=123810"},"modified":"2015-03-02T11:19:24","modified_gmt":"2015-03-02T10:19:24","slug":"adem-ljajic-na-totijevom-putu","status":"publish","type":"post","link":"https:\/\/sandzakpress.net\/arhiva\/adem-ljajic-na-totijevom-putu\/","title":{"rendered":"Adem Ljaji\u0107 na Totijevom putu"},"content":{"rendered":"<p><img decoding=\"async\" src=\"http:\/\/www.sandzaklive.rs\/images\/OSTALO-1\/Adem-Ljajic-Francesco-Totti-Roma.jpg\" alt=\"Adem-Ljajic-Francesco-Totti-Roma\" \/><\/p>\n<p><strong>Italija &#8211; Od mjesta na kraju klupe na po\u010detku sezone, do najboljeg strijelca Rome u martu mjesecu, tako je izgledao put Adema Ljaji\u0107a teku\u0107e takmi\u010darske godine.<br \/>\n<\/strong><\/p>\n<p>Rudi Garsija, trener &#8220;vu\u010dice&#8221;, imao je namjeru da tokom ljetnjeg prijelaznog roka proda srpskog reprezentativca, \u010dak mu je poru\u010dio da u konkurenciji Iturbea, \u017dervinja, Florencija, kasnije i mladog Verdea, sigurno ne\u0107e biti u prvom planu, me\u0111utim nekada\u0161nji igra\u010d Partizana natjerao je francuskog stru\u010dnjaka da se &#8220;ujede za jezik&#8221;, prizna gre\u0161ku i prije par dana ponudi novi ugovor prefinjenom vezisti.<\/p>\n<p>Garsija je zapravo preduhitrio Man\u010dester siti, koji je na kraju prethodne nedelje objavio da sprema ponudu za Ljaji\u0107a koju Roma ne\u0107e mo\u0107i da odbije. Rije\u010d je o 34 miliona evra, \u0161to je tri puta vi\u0161e u odnosu na cifru koju su Rimljani izdvojili kada su Adema doveli iz Fiorentine. Ljaji\u0107 \u0107e biti na potezu na kraju sezone.<\/p>\n<p>Na njemu \u0107e biti odluka da li \u0107e potezima, prefinjenom tehnikom, ali i odnosom prema Rominom dresu nastaviti putem Fran\u010deska Totija ili \u0107e ipak aminovati eventualni dogovor izme\u0111u &#8220;vu\u010dice&#8221; i &#8220;gra\u0111ana&#8221;.Mada nije bio centralna figura najva\u017enijih tema, kao ni glavna uloga u ovogodi\u0161njem scenariju \u010duvenog rimskog kluba, Ljaji\u0107 je na terenu bukvalno natJerao stru\u010dni \u0161tab da prilikom sastavljanja startne postave u najva\u017enijim me\u010devima Serije A, ali i Lige Evrope njegovo ime bude tik uz velikog Totija.<\/p>\n<p>Sa osam golova u italijanskom prvenstvu Ljaji\u0107 je najbolji strIJelac kluba, dok je nedavno pogotkom u Roterdamu direktno kumovao eliminaciji Fejnorda, odnosno plasmanu Rome u osminu finala Lige Evrope. Ovakve partije ubedile su i Radovana \u0106ur\u010di\u0107a, selektora Srbije, da &#8220;zapuca&#8221; u Rim i poku\u0161a da ubedi Ljaji\u0107a da se vrati u reprezentaciju, nakon \u0161to je njegov prethodnik Dik Advokat odlu\u010dio da ga vi\u0161e ne poziva, navodno zbog toga \u0161to mu se nije uklapao u koncepciju. Istina se zapravo dobro sakrila iza sva\u0111e i sukoba Baneta Ivanovi\u0107a i Adema Ljaji\u0107a u svla\u010dionici nakon duela izme\u0111u Srbije i Francuske. Ishod razgovora novog selektora i ponosa Novog Pazara sazna\u0107emo uskoro, ta\u010dnije u narednim duelima kvalifikacija za Evropsko prvenstvo 2016. u Francuskoj.<\/p>\n<p>Ljaji\u0107 je \u0161to svojom nesmotreno\u0161\u0107u (dok je Sini\u0161a Mihajlovi\u0107 vodio Srbiju), \u0161to nerazumnim potezima trenera (nasrtaj Delija Rosija dok je Adem nastupao za Fiorentinu) ozna\u010den kao fudbaler nepredvidivog karaktera, mada je utisak da je samo za razliku od velike ve\u0107ine &#8220;lo\u0161 glumac&#8221;, da govori i radi ono \u0161to misli, \u0161to nije na cijeni u dana\u0161njim, surovim vremenima. Iako je u dresu Srbije pretrpeo mnoge nepravde, neshvatljivo uvijek bio u drugom planu, Ljaji\u0107 nikada nije imao nedoumice u vezi sa tim za koju \u0107e reprezentaciju nastupati. Imao je ponudu Bosne i Hercegovine, o njegovom &#8220;zdravlju&#8221; raspitivala se i Crna Gora, ali je Adem svima poru\u010dio da za njega samo Srbija dolazi u obzir. Beograd obo\u017eava, Novi Pazar voli, veoma je vezan za svoju porodicu i gradu kraj Jo\u0161anice se uvijek vra\u0107a.<\/p>\n<p>(Danas)<\/p>\n","protected":false},"excerpt":{"rendered":"<p>Italija &#8211; Od mjesta na kraju klupe na po\u010detku sezone, do najboljeg strijelca Rome u martu mjesecu, tako je izgledao put Adema Ljaji\u0107a teku\u0107e takmi\u010darske godine. Rudi Garsija, trener &#8220;vu\u010dice&#8221;, imao je namjeru da tokom ljetnjeg prijelaznog roka proda srpskog reprezentativca, \u010dak mu je poru\u010dio da u konkurenciji Iturbea, \u017dervinja, Florencija, kasnije i mladog Verdea, [&hellip;]<\/p>\n","protected":false},"author":83,"featured_media":123811,"comment_status":"open","ping_status":"open","sticky":false,"template":"","format":"standard","meta":{"footnotes":""},"categories":[72,9,10309,798],"tags":[],"class_list":{"0":"post-123810","1":"post","2":"type-post","3":"status-publish","4":"format-standard","5":"has-post-thumbnail","7":"category-novi-pazar","8":"category-svijet","9":"category-italija","10":"category-teme"},"yoast_head":"<!-- This site is optimized with the Yoast SEO Premium plugin v23.1 (Yoast SEO v24.9) - https:\/\/yoast.com\/wordpress\/plugins\/seo\/ -->\n<title>Adem Ljaji\u0107 na Totijevom putu<\/title>\n<meta name=\"robots\" content=\"index, follow, max-snippet:-1, max-image-preview:large, max-video-preview:-1\" \/>\n<link rel=\"canonical\" href=\"https:\/\/sandzakpress.net\/arhiva\/adem-ljajic-na-totijevom-putu\/\" \/>\n<meta property=\"og:locale\" content=\"bs_BA\" \/>\n<meta property=\"og:type\" content=\"article\" \/>\n<meta property=\"og:title\" content=\"Adem Ljaji\u0107 na Totijevom putu\" \/>\n<meta property=\"og:description\" content=\"Italija &#8211; Od mjesta na kraju klupe na po\u010detku sezone, do najboljeg strijelca Rome u martu mjesecu, tako je izgledao put Adema Ljaji\u0107a teku\u0107e takmi\u010darske godine. Rudi Garsija, trener &#8220;vu\u010dice&#8221;, imao je namjeru da tokom ljetnjeg prijelaznog roka proda srpskog reprezentativca, \u010dak mu je poru\u010dio da u konkurenciji Iturbea, \u017dervinja, Florencija, kasnije i mladog Verdea, [&hellip;]\" \/>\n<meta property=\"og:url\" content=\"https:\/\/sandzakpress.net\/arhiva\/adem-ljajic-na-totijevom-putu\/\" \/>\n<meta property=\"og:site_name\" content=\"Sand\u017eak PRESS\" \/>\n<meta property=\"article:published_time\" content=\"2015-03-02T10:19:24+00:00\" \/>\n<meta property=\"og:image\" content=\"https:\/\/sandzakpress.net\/arhiva\/wp-content\/uploads\/2015\/03\/Adem-Ljajic-Francesco-Totti-Roma.jpg\" \/>\n\t<meta property=\"og:image:width\" content=\"620\" \/>\n\t<meta property=\"og:image:height\" content=\"350\" \/>\n\t<meta property=\"og:image:type\" content=\"image\/jpeg\" \/>\n<meta name=\"author\" content=\"bosniak\" \/>\n<meta name=\"twitter:card\" content=\"summary_large_image\" \/>\n<meta name=\"twitter:label1\" content=\"Written by\" \/>\n\t<meta name=\"twitter:data1\" content=\"bosniak\" \/>\n\t<meta name=\"twitter:label2\" content=\"Est. reading time\" \/>\n\t<meta name=\"twitter:data2\" content=\"3 minute\" \/>\n<script type=\"application\/ld+json\" class=\"yoast-schema-graph\">{\"@context\":\"https:\/\/schema.org\",\"@graph\":[{\"@type\":\"Article\",\"@id\":\"https:\/\/sandzakpress.net\/arhiva\/adem-ljajic-na-totijevom-putu\/#article\",\"isPartOf\":{\"@id\":\"https:\/\/sandzakpress.net\/arhiva\/adem-ljajic-na-totijevom-putu\/\"},\"author\":{\"name\":\"bosniak\",\"@id\":\"https:\/\/sandzakpress.net\/arhiva\/#\/schema\/person\/c8baee722073534b583ea7bdb2e36c02\"},\"headline\":\"Adem Ljaji\u0107 na Totijevom putu\",\"datePublished\":\"2015-03-02T10:19:24+00:00\",\"mainEntityOfPage\":{\"@id\":\"https:\/\/sandzakpress.net\/arhiva\/adem-ljajic-na-totijevom-putu\/\"},\"wordCount\":518,\"commentCount\":0,\"publisher\":{\"@id\":\"https:\/\/sandzakpress.net\/arhiva\/#\/schema\/person\/6e72b67d6e51910a1117b3b483ba20bd\"},\"image\":{\"@id\":\"https:\/\/sandzakpress.net\/arhiva\/adem-ljajic-na-totijevom-putu\/#primaryimage\"},\"thumbnailUrl\":\"https:\/\/sandzakpress.net\/arhiva\/wp-content\/uploads\/2015\/03\/Adem-Ljajic-Francesco-Totti-Roma.jpg\",\"articleSection\":[\"Novi Pazar\",\"Svijet\",\"Italija\",\"NAJNOVIJE\"],\"inLanguage\":\"bs-BA\",\"potentialAction\":[{\"@type\":\"CommentAction\",\"name\":\"Comment\",\"target\":[\"https:\/\/sandzakpress.net\/arhiva\/adem-ljajic-na-totijevom-putu\/#respond\"]}]},{\"@type\":\"WebPage\",\"@id\":\"https:\/\/sandzakpress.net\/arhiva\/adem-ljajic-na-totijevom-putu\/\",\"url\":\"https:\/\/sandzakpress.net\/arhiva\/adem-ljajic-na-totijevom-putu\/\",\"name\":\"Adem Ljaji\u0107 na Totijevom putu\",\"isPartOf\":{\"@id\":\"https:\/\/sandzakpress.net\/arhiva\/#website\"},\"primaryImageOfPage\":{\"@id\":\"https:\/\/sandzakpress.net\/arhiva\/adem-ljajic-na-totijevom-putu\/#primaryimage\"},\"image\":{\"@id\":\"https:\/\/sandzakpress.net\/arhiva\/adem-ljajic-na-totijevom-putu\/#primaryimage\"},\"thumbnailUrl\":\"https:\/\/sandzakpress.net\/arhiva\/wp-content\/uploads\/2015\/03\/Adem-Ljajic-Francesco-Totti-Roma.jpg\",\"datePublished\":\"2015-03-02T10:19:24+00:00\",\"breadcrumb\":{\"@id\":\"https:\/\/sandzakpress.net\/arhiva\/adem-ljajic-na-totijevom-putu\/#breadcrumb\"},\"inLanguage\":\"bs-BA\",\"potentialAction\":[{\"@type\":\"ReadAction\",\"target\":[\"https:\/\/sandzakpress.net\/arhiva\/adem-ljajic-na-totijevom-putu\/\"]}]},{\"@type\":\"ImageObject\",\"inLanguage\":\"bs-BA\",\"@id\":\"https:\/\/sandzakpress.net\/arhiva\/adem-ljajic-na-totijevom-putu\/#primaryimage\",\"url\":\"https:\/\/sandzakpress.net\/arhiva\/wp-content\/uploads\/2015\/03\/Adem-Ljajic-Francesco-Totti-Roma.jpg\",\"contentUrl\":\"https:\/\/sandzakpress.net\/arhiva\/wp-content\/uploads\/2015\/03\/Adem-Ljajic-Francesco-Totti-Roma.jpg\",\"width\":620,\"height\":350},{\"@type\":\"BreadcrumbList\",\"@id\":\"https:\/\/sandzakpress.net\/arhiva\/adem-ljajic-na-totijevom-putu\/#breadcrumb\",\"itemListElement\":[{\"@type\":\"ListItem\",\"position\":1,\"name\":\"Home\",\"item\":\"https:\/\/sandzakpress.net\/arhiva\/\"},{\"@type\":\"ListItem\",\"position\":2,\"name\":\"Adem Ljaji\u0107 na Totijevom putu\"}]},{\"@type\":\"WebSite\",\"@id\":\"https:\/\/sandzakpress.net\/arhiva\/#website\",\"url\":\"https:\/\/sandzakpress.net\/arhiva\/\",\"name\":\"Sand\u017eak PRESS\",\"description\":\"Prve elektronske novine u Sand\u017eaku\",\"publisher\":{\"@id\":\"https:\/\/sandzakpress.net\/arhiva\/#\/schema\/person\/6e72b67d6e51910a1117b3b483ba20bd\"},\"potentialAction\":[{\"@type\":\"SearchAction\",\"target\":{\"@type\":\"EntryPoint\",\"urlTemplate\":\"https:\/\/sandzakpress.net\/arhiva\/?s={search_term_string}\"},\"query-input\":{\"@type\":\"PropertyValueSpecification\",\"valueRequired\":true,\"valueName\":\"search_term_string\"}}],\"inLanguage\":\"bs-BA\"},{\"@type\":[\"Person\",\"Organization\"],\"@id\":\"https:\/\/sandzakpress.net\/arhiva\/#\/schema\/person\/6e72b67d6e51910a1117b3b483ba20bd\",\"name\":\"Kul\",\"image\":{\"@type\":\"ImageObject\",\"inLanguage\":\"bs-BA\",\"@id\":\"https:\/\/sandzakpress.net\/arhiva\/#\/schema\/person\/image\/\",\"url\":\"https:\/\/secure.gravatar.com\/avatar\/42263f39aa27ac04c43cab85c280eb2e?s=96&d=mm&r=pg\",\"contentUrl\":\"https:\/\/secure.gravatar.com\/avatar\/42263f39aa27ac04c43cab85c280eb2e?s=96&d=mm&r=pg\",\"caption\":\"Kul\"},\"logo\":{\"@id\":\"https:\/\/sandzakpress.net\/arhiva\/#\/schema\/person\/image\/\"}},{\"@type\":\"Person\",\"@id\":\"https:\/\/sandzakpress.net\/arhiva\/#\/schema\/person\/c8baee722073534b583ea7bdb2e36c02\",\"name\":\"bosniak\",\"image\":{\"@type\":\"ImageObject\",\"inLanguage\":\"bs-BA\",\"@id\":\"https:\/\/sandzakpress.net\/arhiva\/#\/schema\/person\/image\/\",\"url\":\"https:\/\/secure.gravatar.com\/avatar\/a04fd330bfe3a36a72a0ad4a6d89fca7?s=96&d=mm&r=pg\",\"contentUrl\":\"https:\/\/secure.gravatar.com\/avatar\/a04fd330bfe3a36a72a0ad4a6d89fca7?s=96&d=mm&r=pg\",\"caption\":\"bosniak\"},\"url\":\"https:\/\/sandzakpress.net\/arhiva\/author\/bosniak\/\"}]}<\/script>\n<!-- \/ Yoast SEO Premium plugin. -->","yoast_head_json":{"title":"Adem Ljaji\u0107 na Totijevom putu","robots":{"index":"index","follow":"follow","max-snippet":"max-snippet:-1","max-image-preview":"max-image-preview:large","max-video-preview":"max-video-preview:-1"},"canonical":"https:\/\/sandzakpress.net\/arhiva\/adem-ljajic-na-totijevom-putu\/","og_locale":"bs_BA","og_type":"article","og_title":"Adem Ljaji\u0107 na Totijevom putu","og_description":"Italija &#8211; Od mjesta na kraju klupe na po\u010detku sezone, do najboljeg strijelca Rome u martu mjesecu, tako je izgledao put Adema Ljaji\u0107a teku\u0107e takmi\u010darske godine. Rudi Garsija, trener &#8220;vu\u010dice&#8221;, imao je namjeru da tokom ljetnjeg prijelaznog roka proda srpskog reprezentativca, \u010dak mu je poru\u010dio da u konkurenciji Iturbea, \u017dervinja, Florencija, kasnije i mladog Verdea, [&hellip;]","og_url":"https:\/\/sandzakpress.net\/arhiva\/adem-ljajic-na-totijevom-putu\/","og_site_name":"Sand\u017eak PRESS","article_published_time":"2015-03-02T10:19:24+00:00","og_image":[{"width":620,"height":350,"url":"https:\/\/sandzakpress.net\/arhiva\/wp-content\/uploads\/2015\/03\/Adem-Ljajic-Francesco-Totti-Roma.jpg","type":"image\/jpeg"}],"author":"bosniak","twitter_card":"summary_large_image","twitter_misc":{"Written by":"bosniak","Est. reading time":"3 minute"},"schema":{"@context":"https:\/\/schema.org","@graph":[{"@type":"Article","@id":"https:\/\/sandzakpress.net\/arhiva\/adem-ljajic-na-totijevom-putu\/#article","isPartOf":{"@id":"https:\/\/sandzakpress.net\/arhiva\/adem-ljajic-na-totijevom-putu\/"},"author":{"name":"bosniak","@id":"https:\/\/sandzakpress.net\/arhiva\/#\/schema\/person\/c8baee722073534b583ea7bdb2e36c02"},"headline":"Adem Ljaji\u0107 na Totijevom putu","datePublished":"2015-03-02T10:19:24+00:00","mainEntityOfPage":{"@id":"https:\/\/sandzakpress.net\/arhiva\/adem-ljajic-na-totijevom-putu\/"},"wordCount":518,"commentCount":0,"publisher":{"@id":"https:\/\/sandzakpress.net\/arhiva\/#\/schema\/person\/6e72b67d6e51910a1117b3b483ba20bd"},"image":{"@id":"https:\/\/sandzakpress.net\/arhiva\/adem-ljajic-na-totijevom-putu\/#primaryimage"},"thumbnailUrl":"https:\/\/sandzakpress.net\/arhiva\/wp-content\/uploads\/2015\/03\/Adem-Ljajic-Francesco-Totti-Roma.jpg","articleSection":["Novi Pazar","Svijet","Italija","NAJNOVIJE"],"inLanguage":"bs-BA","potentialAction":[{"@type":"CommentAction","name":"Comment","target":["https:\/\/sandzakpress.net\/arhiva\/adem-ljajic-na-totijevom-putu\/#respond"]}]},{"@type":"WebPage","@id":"https:\/\/sandzakpress.net\/arhiva\/adem-ljajic-na-totijevom-putu\/","url":"https:\/\/sandzakpress.net\/arhiva\/adem-ljajic-na-totijevom-putu\/","name":"Adem Ljaji\u0107 na Totijevom putu","isPartOf":{"@id":"https:\/\/sandzakpress.net\/arhiva\/#website"},"primaryImageOfPage":{"@id":"https:\/\/sandzakpress.net\/arhiva\/adem-ljajic-na-totijevom-putu\/#primaryimage"},"image":{"@id":"https:\/\/sandzakpress.net\/arhiva\/adem-ljajic-na-totijevom-putu\/#primaryimage"},"thumbnailUrl":"https:\/\/sandzakpress.net\/arhiva\/wp-content\/uploads\/2015\/03\/Adem-Ljajic-Francesco-Totti-Roma.jpg","datePublished":"2015-03-02T10:19:24+00:00","breadcrumb":{"@id":"https:\/\/sandzakpress.net\/arhiva\/adem-ljajic-na-totijevom-putu\/#breadcrumb"},"inLanguage":"bs-BA","potentialAction":[{"@type":"ReadAction","target":["https:\/\/sandzakpress.net\/arhiva\/adem-ljajic-na-totijevom-putu\/"]}]},{"@type":"ImageObject","inLanguage":"bs-BA","@id":"https:\/\/sandzakpress.net\/arhiva\/adem-ljajic-na-totijevom-putu\/#primaryimage","url":"https:\/\/sandzakpress.net\/arhiva\/wp-content\/uploads\/2015\/03\/Adem-Ljajic-Francesco-Totti-Roma.jpg","contentUrl":"https:\/\/sandzakpress.net\/arhiva\/wp-content\/uploads\/2015\/03\/Adem-Ljajic-Francesco-Totti-Roma.jpg","width":620,"height":350},{"@type":"BreadcrumbList","@id":"https:\/\/sandzakpress.net\/arhiva\/adem-ljajic-na-totijevom-putu\/#breadcrumb","itemListElement":[{"@type":"ListItem","position":1,"name":"Home","item":"https:\/\/sandzakpress.net\/arhiva\/"},{"@type":"ListItem","position":2,"name":"Adem Ljaji\u0107 na Totijevom putu"}]},{"@type":"WebSite","@id":"https:\/\/sandzakpress.net\/arhiva\/#website","url":"https:\/\/sandzakpress.net\/arhiva\/","name":"Sand\u017eak PRESS","description":"Prve elektronske novine u Sand\u017eaku","publisher":{"@id":"https:\/\/sandzakpress.net\/arhiva\/#\/schema\/person\/6e72b67d6e51910a1117b3b483ba20bd"},"potentialAction":[{"@type":"SearchAction","target":{"@type":"EntryPoint","urlTemplate":"https:\/\/sandzakpress.net\/arhiva\/?s={search_term_string}"},"query-input":{"@type":"PropertyValueSpecification","valueRequired":true,"valueName":"search_term_string"}}],"inLanguage":"bs-BA"},{"@type":["Person","Organization"],"@id":"https:\/\/sandzakpress.net\/arhiva\/#\/schema\/person\/6e72b67d6e51910a1117b3b483ba20bd","name":"Kul","image":{"@type":"ImageObject","inLanguage":"bs-BA","@id":"https:\/\/sandzakpress.net\/arhiva\/#\/schema\/person\/image\/","url":"https:\/\/secure.gravatar.com\/avatar\/42263f39aa27ac04c43cab85c280eb2e?s=96&d=mm&r=pg","contentUrl":"https:\/\/secure.gravatar.com\/avatar\/42263f39aa27ac04c43cab85c280eb2e?s=96&d=mm&r=pg","caption":"Kul"},"logo":{"@id":"https:\/\/sandzakpress.net\/arhiva\/#\/schema\/person\/image\/"}},{"@type":"Person","@id":"https:\/\/sandzakpress.net\/arhiva\/#\/schema\/person\/c8baee722073534b583ea7bdb2e36c02","name":"bosniak","image":{"@type":"ImageObject","inLanguage":"bs-BA","@id":"https:\/\/sandzakpress.net\/arhiva\/#\/schema\/person\/image\/","url":"https:\/\/secure.gravatar.com\/avatar\/a04fd330bfe3a36a72a0ad4a6d89fca7?s=96&d=mm&r=pg","contentUrl":"https:\/\/secure.gravatar.com\/avatar\/a04fd330bfe3a36a72a0ad4a6d89fca7?s=96&d=mm&r=pg","caption":"bosniak"},"url":"https:\/\/sandzakpress.net\/arhiva\/author\/bosniak\/"}]}},"_links":{"self":[{"href":"https:\/\/sandzakpress.net\/arhiva\/wp-json\/wp\/v2\/posts\/123810"}],"collection":[{"href":"https:\/\/sandzakpress.net\/arhiva\/wp-json\/wp\/v2\/posts"}],"about":[{"href":"https:\/\/sandzakpress.net\/arhiva\/wp-json\/wp\/v2\/types\/post"}],"author":[{"embeddable":true,"href":"https:\/\/sandzakpress.net\/arhiva\/wp-json\/wp\/v2\/users\/83"}],"replies":[{"embeddable":true,"href":"https:\/\/sandzakpress.net\/arhiva\/wp-json\/wp\/v2\/comments?post=123810"}],"version-history":[{"count":0,"href":"https:\/\/sandzakpress.net\/arhiva\/wp-json\/wp\/v2\/posts\/123810\/revisions"}],"wp:featuredmedia":[{"embeddable":true,"href":"https:\/\/sandzakpress.net\/arhiva\/wp-json\/wp\/v2\/media\/123811"}],"wp:attachment":[{"href":"https:\/\/sandzakpress.net\/arhiva\/wp-json\/wp\/v2\/media?parent=123810"}],"wp:term":[{"taxonomy":"category","embeddable":true,"href":"https:\/\/sandzakpress.net\/arhiva\/wp-json\/wp\/v2\/categories?post=123810"},{"taxonomy":"post_tag","embeddable":true,"href":"https:\/\/sandzakpress.net\/arhiva\/wp-json\/wp\/v2\/tags?post=123810"}],"curies":[{"name":"wp","href":"https:\/\/api.w.org\/{rel}","templated":true}]}}