{"id":123791,"date":"2015-03-02T10:22:41","date_gmt":"2015-03-02T09:22:41","guid":{"rendered":"https:\/\/sandzakpress.net\/arhiva\/?p=123791"},"modified":"2015-03-02T10:22:41","modified_gmt":"2015-03-02T09:22:41","slug":"zabranjena-upotreba-muslimanskih-rijeci-u-tuzli","status":"publish","type":"post","link":"https:\/\/sandzakpress.net\/arhiva\/zabranjena-upotreba-muslimanskih-rijeci-u-tuzli\/","title":{"rendered":"Zabranjena upotreba \u201cmuslimanskih rije\u010di\u201d u Tuzli"},"content":{"rendered":"<p><img decoding=\"async\" src=\"http:\/\/www.sarajevotimes.com\/wp-content\/uploads\/2014\/07\/tuzla-ekapija.jpg\" alt=\"\" \/><\/p>\n<p><strong>BiH &#8211; Na tuzlanskoj radio-televiziji Slon jutros je (18. septembar) spikerica pro\u010ditala informaciju da je na Ginekologiji ro\u0111eno 18 beba, a po\u0161to se obi\u010dno u Tuzli rodi do desetak beba, to je prokomentarisala rije\u010dima: \u201e\u0160to bi se u na\u0161em narodu kazalo \u2013 ma\u0161ala\u201d. Dva sata poslije, kako nezvani\u010dno saznajemo, odr\u017ean je hitan sastanak lokalnog SDP-a na kome se raspravljalo o \u201eovom incidentu\u201d, na kome je rtv Slon zaprije\u0107eno da vi\u0161e nikada ne upotrebljava \u201emuslimanske rije\u010di\u201d, koje pripadaju samo jednom narodu, ve\u0107 da se mora koristiti rije\u010dima koje pripadaju svim gra\u0111anima.<\/strong><\/p>\n<p>U protivnom, SDP Tuzle \u0107e prijaviti ovu televiziju kod Regulatorne agencije za diskriminaciju Srba i Hrvata koji \u201emoraju u Tuzli da slu\u0161aju muslimanske rije\u010di u medijima\u201d. Ovaj slu\u010daj umnogome podsje\u0107a na slu\u010daj iz Maglaja, kada je sada\u0161nji velikosrpski tzv. ekspert za tzv. islamski terorizam D\u017eevad Galija\u0161evi\u0107 isposlovao da Op\u0107insko vije\u0107e Maglaja zabrani upotrebu selama, pa je izglasana i rezolucija protiv selama.<\/p>\n<p>A u Tuzli se ovih dana, u organizaciji udru\u017eenja \u201eRevolt\u201d, koje se finansira op\u0107inskim i SDP-ovskim parama, sprovodi antiustavna i genocidna kampanja prema ve\u0107inskim Bo\u0161njacima koji se po ulicama, ustanovama i haustorima ubje\u0111uju da ne trebaju biti Bo\u0161njaci ve\u0107 da se na Popisu trebaju izjasniti kao Bosanci, tj. kao Ostali. Iz ovog velikosrpskog udru\u017eenja \u201eRevolt\u201d ne govore Bo\u0161njacima kako \u0107e, ako se izjasne kao Bosanci, postati manjina u svome gradu, i u svojoj zemlji. Na ovom talasu mr\u017enje prema Bo\u0161njacima i prema islamu, i na talasu odanosti Beogradu, u Tuzli se evo budno motri da neko sa nekog javnog mjesta ne bi kazao rije\u010d \u2013 ma\u0161ala.A realnost je potpuno druga\u010dija\u2026 Vi\u0161e se u hrvatskim selima koristi rije\u010d \u201ema\u0161ala\u201d, nego u urbanom dijelu grada. Kao \u0161to se od srpskih i hrvatskih kom\u0161ija vi\u0161e vodi ra\u010duna o muslimanskim obi\u010dajima, nego u samom gradu. Tako je posljednji dan ramazana rukovodstvo SDP-a ispijalo pive u kafi\u0107u na Kapiji, valjda da poka\u017ee gra\u0111anima \u0161ta je to \u201emultikultura\u201d i nepo\u0161tivanje bosanske tradicije. Takvo \u0161to bi malo koji autohtoni Hrvat napravio, da ne povrijedi bo\u0161nja\u010dke kom\u0161ije u ramazanu. Ali, ovi koji se prodaju za promotore multikulture zapravo su samo, i jedino, puni mr\u017enje i \u0161ovinizma prema Bo\u0161njacima i prema islamu.<\/p>\n<p>Samo totalnim lu\u0111acima mo\u017ee zasmetati rije\u010d koja je odoma\u0107ena u svakodnevnom govoru tuzlanskih Srba, Hrvata, Bo\u0161njaka, a i Ostalih. Rije\u010d \u201ema\u0161ala\u201d je pre\u017eivjela komunizam, pa \u0107e nad\u017eivjeti i tuzlanske \u0161oviniste i islamofobe. In\u0161alah.<\/p>\n<p>(Saff)<\/p>\n","protected":false},"excerpt":{"rendered":"<p>BiH &#8211; Na tuzlanskoj radio-televiziji Slon jutros je (18. septembar) spikerica pro\u010ditala informaciju da je na Ginekologiji ro\u0111eno 18 beba, a po\u0161to se obi\u010dno u Tuzli rodi do desetak beba, to je prokomentarisala rije\u010dima: \u201e\u0160to bi se u na\u0161em narodu kazalo \u2013 ma\u0161ala\u201d. Dva sata poslije, kako nezvani\u010dno saznajemo, odr\u017ean je hitan sastanak lokalnog SDP-a [&hellip;]<\/p>\n","protected":false},"author":83,"featured_media":123792,"comment_status":"open","ping_status":"open","sticky":false,"template":"","format":"standard","meta":{"footnotes":""},"categories":[2860,1],"tags":[],"class_list":{"0":"post-123791","1":"post","2":"type-post","3":"status-publish","4":"format-standard","5":"has-post-thumbnail","7":"category-bosna-i-hercegovina-gradovi","8":"category-politika"},"yoast_head":"<!-- This site is optimized with the Yoast SEO Premium plugin v23.1 (Yoast SEO v24.9) - https:\/\/yoast.com\/wordpress\/plugins\/seo\/ -->\n<title>Zabranjena upotreba \u201cmuslimanskih rije\u010di\u201d u Tuzli<\/title>\n<meta name=\"robots\" content=\"index, follow, max-snippet:-1, max-image-preview:large, max-video-preview:-1\" \/>\n<link rel=\"canonical\" href=\"https:\/\/sandzakpress.net\/arhiva\/zabranjena-upotreba-muslimanskih-rijeci-u-tuzli\/\" \/>\n<meta property=\"og:locale\" content=\"bs_BA\" \/>\n<meta property=\"og:type\" content=\"article\" \/>\n<meta property=\"og:title\" content=\"Zabranjena upotreba \u201cmuslimanskih rije\u010di\u201d u Tuzli\" \/>\n<meta property=\"og:description\" content=\"BiH &#8211; Na tuzlanskoj radio-televiziji Slon jutros je (18. septembar) spikerica pro\u010ditala informaciju da je na Ginekologiji ro\u0111eno 18 beba, a po\u0161to se obi\u010dno u Tuzli rodi do desetak beba, to je prokomentarisala rije\u010dima: \u201e\u0160to bi se u na\u0161em narodu kazalo \u2013 ma\u0161ala\u201d. Dva sata poslije, kako nezvani\u010dno saznajemo, odr\u017ean je hitan sastanak lokalnog SDP-a [&hellip;]\" \/>\n<meta property=\"og:url\" content=\"https:\/\/sandzakpress.net\/arhiva\/zabranjena-upotreba-muslimanskih-rijeci-u-tuzli\/\" \/>\n<meta property=\"og:site_name\" content=\"Sand\u017eak PRESS\" \/>\n<meta property=\"article:published_time\" content=\"2015-03-02T09:22:41+00:00\" \/>\n<meta property=\"og:image\" content=\"https:\/\/sandzakpress.net\/arhiva\/wp-content\/uploads\/2015\/03\/tuzla-ekapija.jpg\" \/>\n\t<meta property=\"og:image:width\" content=\"500\" \/>\n\t<meta property=\"og:image:height\" content=\"335\" \/>\n\t<meta property=\"og:image:type\" content=\"image\/jpeg\" \/>\n<meta name=\"author\" content=\"bosniak\" \/>\n<meta name=\"twitter:card\" content=\"summary_large_image\" \/>\n<meta name=\"twitter:label1\" content=\"Written by\" \/>\n\t<meta name=\"twitter:data1\" content=\"bosniak\" \/>\n\t<meta name=\"twitter:label2\" content=\"Est. reading time\" \/>\n\t<meta name=\"twitter:data2\" content=\"2 minute\" \/>\n<script type=\"application\/ld+json\" class=\"yoast-schema-graph\">{\"@context\":\"https:\/\/schema.org\",\"@graph\":[{\"@type\":\"Article\",\"@id\":\"https:\/\/sandzakpress.net\/arhiva\/zabranjena-upotreba-muslimanskih-rijeci-u-tuzli\/#article\",\"isPartOf\":{\"@id\":\"https:\/\/sandzakpress.net\/arhiva\/zabranjena-upotreba-muslimanskih-rijeci-u-tuzli\/\"},\"author\":{\"name\":\"bosniak\",\"@id\":\"https:\/\/sandzakpress.net\/arhiva\/#\/schema\/person\/c8baee722073534b583ea7bdb2e36c02\"},\"headline\":\"Zabranjena upotreba \u201cmuslimanskih rije\u010di\u201d u Tuzli\",\"datePublished\":\"2015-03-02T09:22:41+00:00\",\"mainEntityOfPage\":{\"@id\":\"https:\/\/sandzakpress.net\/arhiva\/zabranjena-upotreba-muslimanskih-rijeci-u-tuzli\/\"},\"wordCount\":451,\"commentCount\":8,\"publisher\":{\"@id\":\"https:\/\/sandzakpress.net\/arhiva\/#\/schema\/person\/6e72b67d6e51910a1117b3b483ba20bd\"},\"image\":{\"@id\":\"https:\/\/sandzakpress.net\/arhiva\/zabranjena-upotreba-muslimanskih-rijeci-u-tuzli\/#primaryimage\"},\"thumbnailUrl\":\"https:\/\/sandzakpress.net\/arhiva\/wp-content\/uploads\/2015\/03\/tuzla-ekapija.jpg\",\"articleSection\":[\"Bosna i Hercegovina\",\"Politika\"],\"inLanguage\":\"bs-BA\",\"potentialAction\":[{\"@type\":\"CommentAction\",\"name\":\"Comment\",\"target\":[\"https:\/\/sandzakpress.net\/arhiva\/zabranjena-upotreba-muslimanskih-rijeci-u-tuzli\/#respond\"]}]},{\"@type\":\"WebPage\",\"@id\":\"https:\/\/sandzakpress.net\/arhiva\/zabranjena-upotreba-muslimanskih-rijeci-u-tuzli\/\",\"url\":\"https:\/\/sandzakpress.net\/arhiva\/zabranjena-upotreba-muslimanskih-rijeci-u-tuzli\/\",\"name\":\"Zabranjena upotreba \u201cmuslimanskih rije\u010di\u201d u Tuzli\",\"isPartOf\":{\"@id\":\"https:\/\/sandzakpress.net\/arhiva\/#website\"},\"primaryImageOfPage\":{\"@id\":\"https:\/\/sandzakpress.net\/arhiva\/zabranjena-upotreba-muslimanskih-rijeci-u-tuzli\/#primaryimage\"},\"image\":{\"@id\":\"https:\/\/sandzakpress.net\/arhiva\/zabranjena-upotreba-muslimanskih-rijeci-u-tuzli\/#primaryimage\"},\"thumbnailUrl\":\"https:\/\/sandzakpress.net\/arhiva\/wp-content\/uploads\/2015\/03\/tuzla-ekapija.jpg\",\"datePublished\":\"2015-03-02T09:22:41+00:00\",\"breadcrumb\":{\"@id\":\"https:\/\/sandzakpress.net\/arhiva\/zabranjena-upotreba-muslimanskih-rijeci-u-tuzli\/#breadcrumb\"},\"inLanguage\":\"bs-BA\",\"potentialAction\":[{\"@type\":\"ReadAction\",\"target\":[\"https:\/\/sandzakpress.net\/arhiva\/zabranjena-upotreba-muslimanskih-rijeci-u-tuzli\/\"]}]},{\"@type\":\"ImageObject\",\"inLanguage\":\"bs-BA\",\"@id\":\"https:\/\/sandzakpress.net\/arhiva\/zabranjena-upotreba-muslimanskih-rijeci-u-tuzli\/#primaryimage\",\"url\":\"https:\/\/sandzakpress.net\/arhiva\/wp-content\/uploads\/2015\/03\/tuzla-ekapija.jpg\",\"contentUrl\":\"https:\/\/sandzakpress.net\/arhiva\/wp-content\/uploads\/2015\/03\/tuzla-ekapija.jpg\",\"width\":500,\"height\":335},{\"@type\":\"BreadcrumbList\",\"@id\":\"https:\/\/sandzakpress.net\/arhiva\/zabranjena-upotreba-muslimanskih-rijeci-u-tuzli\/#breadcrumb\",\"itemListElement\":[{\"@type\":\"ListItem\",\"position\":1,\"name\":\"Home\",\"item\":\"https:\/\/sandzakpress.net\/arhiva\/\"},{\"@type\":\"ListItem\",\"position\":2,\"name\":\"Zabranjena upotreba \u201cmuslimanskih rije\u010di\u201d u Tuzli\"}]},{\"@type\":\"WebSite\",\"@id\":\"https:\/\/sandzakpress.net\/arhiva\/#website\",\"url\":\"https:\/\/sandzakpress.net\/arhiva\/\",\"name\":\"Sand\u017eak PRESS\",\"description\":\"Prve elektronske novine u Sand\u017eaku\",\"publisher\":{\"@id\":\"https:\/\/sandzakpress.net\/arhiva\/#\/schema\/person\/6e72b67d6e51910a1117b3b483ba20bd\"},\"potentialAction\":[{\"@type\":\"SearchAction\",\"target\":{\"@type\":\"EntryPoint\",\"urlTemplate\":\"https:\/\/sandzakpress.net\/arhiva\/?s={search_term_string}\"},\"query-input\":{\"@type\":\"PropertyValueSpecification\",\"valueRequired\":true,\"valueName\":\"search_term_string\"}}],\"inLanguage\":\"bs-BA\"},{\"@type\":[\"Person\",\"Organization\"],\"@id\":\"https:\/\/sandzakpress.net\/arhiva\/#\/schema\/person\/6e72b67d6e51910a1117b3b483ba20bd\",\"name\":\"Kul\",\"image\":{\"@type\":\"ImageObject\",\"inLanguage\":\"bs-BA\",\"@id\":\"https:\/\/sandzakpress.net\/arhiva\/#\/schema\/person\/image\/\",\"url\":\"https:\/\/secure.gravatar.com\/avatar\/42263f39aa27ac04c43cab85c280eb2e?s=96&d=mm&r=pg\",\"contentUrl\":\"https:\/\/secure.gravatar.com\/avatar\/42263f39aa27ac04c43cab85c280eb2e?s=96&d=mm&r=pg\",\"caption\":\"Kul\"},\"logo\":{\"@id\":\"https:\/\/sandzakpress.net\/arhiva\/#\/schema\/person\/image\/\"}},{\"@type\":\"Person\",\"@id\":\"https:\/\/sandzakpress.net\/arhiva\/#\/schema\/person\/c8baee722073534b583ea7bdb2e36c02\",\"name\":\"bosniak\",\"image\":{\"@type\":\"ImageObject\",\"inLanguage\":\"bs-BA\",\"@id\":\"https:\/\/sandzakpress.net\/arhiva\/#\/schema\/person\/image\/\",\"url\":\"https:\/\/secure.gravatar.com\/avatar\/a04fd330bfe3a36a72a0ad4a6d89fca7?s=96&d=mm&r=pg\",\"contentUrl\":\"https:\/\/secure.gravatar.com\/avatar\/a04fd330bfe3a36a72a0ad4a6d89fca7?s=96&d=mm&r=pg\",\"caption\":\"bosniak\"},\"url\":\"https:\/\/sandzakpress.net\/arhiva\/author\/bosniak\/\"}]}<\/script>\n<!-- \/ Yoast SEO Premium plugin. -->","yoast_head_json":{"title":"Zabranjena upotreba \u201cmuslimanskih rije\u010di\u201d u Tuzli","robots":{"index":"index","follow":"follow","max-snippet":"max-snippet:-1","max-image-preview":"max-image-preview:large","max-video-preview":"max-video-preview:-1"},"canonical":"https:\/\/sandzakpress.net\/arhiva\/zabranjena-upotreba-muslimanskih-rijeci-u-tuzli\/","og_locale":"bs_BA","og_type":"article","og_title":"Zabranjena upotreba \u201cmuslimanskih rije\u010di\u201d u Tuzli","og_description":"BiH &#8211; Na tuzlanskoj radio-televiziji Slon jutros je (18. septembar) spikerica pro\u010ditala informaciju da je na Ginekologiji ro\u0111eno 18 beba, a po\u0161to se obi\u010dno u Tuzli rodi do desetak beba, to je prokomentarisala rije\u010dima: \u201e\u0160to bi se u na\u0161em narodu kazalo \u2013 ma\u0161ala\u201d. Dva sata poslije, kako nezvani\u010dno saznajemo, odr\u017ean je hitan sastanak lokalnog SDP-a [&hellip;]","og_url":"https:\/\/sandzakpress.net\/arhiva\/zabranjena-upotreba-muslimanskih-rijeci-u-tuzli\/","og_site_name":"Sand\u017eak PRESS","article_published_time":"2015-03-02T09:22:41+00:00","og_image":[{"width":500,"height":335,"url":"https:\/\/sandzakpress.net\/arhiva\/wp-content\/uploads\/2015\/03\/tuzla-ekapija.jpg","type":"image\/jpeg"}],"author":"bosniak","twitter_card":"summary_large_image","twitter_misc":{"Written by":"bosniak","Est. reading time":"2 minute"},"schema":{"@context":"https:\/\/schema.org","@graph":[{"@type":"Article","@id":"https:\/\/sandzakpress.net\/arhiva\/zabranjena-upotreba-muslimanskih-rijeci-u-tuzli\/#article","isPartOf":{"@id":"https:\/\/sandzakpress.net\/arhiva\/zabranjena-upotreba-muslimanskih-rijeci-u-tuzli\/"},"author":{"name":"bosniak","@id":"https:\/\/sandzakpress.net\/arhiva\/#\/schema\/person\/c8baee722073534b583ea7bdb2e36c02"},"headline":"Zabranjena upotreba \u201cmuslimanskih rije\u010di\u201d u Tuzli","datePublished":"2015-03-02T09:22:41+00:00","mainEntityOfPage":{"@id":"https:\/\/sandzakpress.net\/arhiva\/zabranjena-upotreba-muslimanskih-rijeci-u-tuzli\/"},"wordCount":451,"commentCount":8,"publisher":{"@id":"https:\/\/sandzakpress.net\/arhiva\/#\/schema\/person\/6e72b67d6e51910a1117b3b483ba20bd"},"image":{"@id":"https:\/\/sandzakpress.net\/arhiva\/zabranjena-upotreba-muslimanskih-rijeci-u-tuzli\/#primaryimage"},"thumbnailUrl":"https:\/\/sandzakpress.net\/arhiva\/wp-content\/uploads\/2015\/03\/tuzla-ekapija.jpg","articleSection":["Bosna i Hercegovina","Politika"],"inLanguage":"bs-BA","potentialAction":[{"@type":"CommentAction","name":"Comment","target":["https:\/\/sandzakpress.net\/arhiva\/zabranjena-upotreba-muslimanskih-rijeci-u-tuzli\/#respond"]}]},{"@type":"WebPage","@id":"https:\/\/sandzakpress.net\/arhiva\/zabranjena-upotreba-muslimanskih-rijeci-u-tuzli\/","url":"https:\/\/sandzakpress.net\/arhiva\/zabranjena-upotreba-muslimanskih-rijeci-u-tuzli\/","name":"Zabranjena upotreba \u201cmuslimanskih rije\u010di\u201d u Tuzli","isPartOf":{"@id":"https:\/\/sandzakpress.net\/arhiva\/#website"},"primaryImageOfPage":{"@id":"https:\/\/sandzakpress.net\/arhiva\/zabranjena-upotreba-muslimanskih-rijeci-u-tuzli\/#primaryimage"},"image":{"@id":"https:\/\/sandzakpress.net\/arhiva\/zabranjena-upotreba-muslimanskih-rijeci-u-tuzli\/#primaryimage"},"thumbnailUrl":"https:\/\/sandzakpress.net\/arhiva\/wp-content\/uploads\/2015\/03\/tuzla-ekapija.jpg","datePublished":"2015-03-02T09:22:41+00:00","breadcrumb":{"@id":"https:\/\/sandzakpress.net\/arhiva\/zabranjena-upotreba-muslimanskih-rijeci-u-tuzli\/#breadcrumb"},"inLanguage":"bs-BA","potentialAction":[{"@type":"ReadAction","target":["https:\/\/sandzakpress.net\/arhiva\/zabranjena-upotreba-muslimanskih-rijeci-u-tuzli\/"]}]},{"@type":"ImageObject","inLanguage":"bs-BA","@id":"https:\/\/sandzakpress.net\/arhiva\/zabranjena-upotreba-muslimanskih-rijeci-u-tuzli\/#primaryimage","url":"https:\/\/sandzakpress.net\/arhiva\/wp-content\/uploads\/2015\/03\/tuzla-ekapija.jpg","contentUrl":"https:\/\/sandzakpress.net\/arhiva\/wp-content\/uploads\/2015\/03\/tuzla-ekapija.jpg","width":500,"height":335},{"@type":"BreadcrumbList","@id":"https:\/\/sandzakpress.net\/arhiva\/zabranjena-upotreba-muslimanskih-rijeci-u-tuzli\/#breadcrumb","itemListElement":[{"@type":"ListItem","position":1,"name":"Home","item":"https:\/\/sandzakpress.net\/arhiva\/"},{"@type":"ListItem","position":2,"name":"Zabranjena upotreba \u201cmuslimanskih rije\u010di\u201d u Tuzli"}]},{"@type":"WebSite","@id":"https:\/\/sandzakpress.net\/arhiva\/#website","url":"https:\/\/sandzakpress.net\/arhiva\/","name":"Sand\u017eak PRESS","description":"Prve elektronske novine u Sand\u017eaku","publisher":{"@id":"https:\/\/sandzakpress.net\/arhiva\/#\/schema\/person\/6e72b67d6e51910a1117b3b483ba20bd"},"potentialAction":[{"@type":"SearchAction","target":{"@type":"EntryPoint","urlTemplate":"https:\/\/sandzakpress.net\/arhiva\/?s={search_term_string}"},"query-input":{"@type":"PropertyValueSpecification","valueRequired":true,"valueName":"search_term_string"}}],"inLanguage":"bs-BA"},{"@type":["Person","Organization"],"@id":"https:\/\/sandzakpress.net\/arhiva\/#\/schema\/person\/6e72b67d6e51910a1117b3b483ba20bd","name":"Kul","image":{"@type":"ImageObject","inLanguage":"bs-BA","@id":"https:\/\/sandzakpress.net\/arhiva\/#\/schema\/person\/image\/","url":"https:\/\/secure.gravatar.com\/avatar\/42263f39aa27ac04c43cab85c280eb2e?s=96&d=mm&r=pg","contentUrl":"https:\/\/secure.gravatar.com\/avatar\/42263f39aa27ac04c43cab85c280eb2e?s=96&d=mm&r=pg","caption":"Kul"},"logo":{"@id":"https:\/\/sandzakpress.net\/arhiva\/#\/schema\/person\/image\/"}},{"@type":"Person","@id":"https:\/\/sandzakpress.net\/arhiva\/#\/schema\/person\/c8baee722073534b583ea7bdb2e36c02","name":"bosniak","image":{"@type":"ImageObject","inLanguage":"bs-BA","@id":"https:\/\/sandzakpress.net\/arhiva\/#\/schema\/person\/image\/","url":"https:\/\/secure.gravatar.com\/avatar\/a04fd330bfe3a36a72a0ad4a6d89fca7?s=96&d=mm&r=pg","contentUrl":"https:\/\/secure.gravatar.com\/avatar\/a04fd330bfe3a36a72a0ad4a6d89fca7?s=96&d=mm&r=pg","caption":"bosniak"},"url":"https:\/\/sandzakpress.net\/arhiva\/author\/bosniak\/"}]}},"_links":{"self":[{"href":"https:\/\/sandzakpress.net\/arhiva\/wp-json\/wp\/v2\/posts\/123791"}],"collection":[{"href":"https:\/\/sandzakpress.net\/arhiva\/wp-json\/wp\/v2\/posts"}],"about":[{"href":"https:\/\/sandzakpress.net\/arhiva\/wp-json\/wp\/v2\/types\/post"}],"author":[{"embeddable":true,"href":"https:\/\/sandzakpress.net\/arhiva\/wp-json\/wp\/v2\/users\/83"}],"replies":[{"embeddable":true,"href":"https:\/\/sandzakpress.net\/arhiva\/wp-json\/wp\/v2\/comments?post=123791"}],"version-history":[{"count":0,"href":"https:\/\/sandzakpress.net\/arhiva\/wp-json\/wp\/v2\/posts\/123791\/revisions"}],"wp:featuredmedia":[{"embeddable":true,"href":"https:\/\/sandzakpress.net\/arhiva\/wp-json\/wp\/v2\/media\/123792"}],"wp:attachment":[{"href":"https:\/\/sandzakpress.net\/arhiva\/wp-json\/wp\/v2\/media?parent=123791"}],"wp:term":[{"taxonomy":"category","embeddable":true,"href":"https:\/\/sandzakpress.net\/arhiva\/wp-json\/wp\/v2\/categories?post=123791"},{"taxonomy":"post_tag","embeddable":true,"href":"https:\/\/sandzakpress.net\/arhiva\/wp-json\/wp\/v2\/tags?post=123791"}],"curies":[{"name":"wp","href":"https:\/\/api.w.org\/{rel}","templated":true}]}}