{"id":123780,"date":"2015-03-01T19:37:32","date_gmt":"2015-03-01T18:37:32","guid":{"rendered":"https:\/\/sandzakpress.net\/arhiva\/?p=123780"},"modified":"2015-03-01T19:37:32","modified_gmt":"2015-03-01T18:37:32","slug":"redzep-tajip-erdoan-doputovao-u-saudijsku-arabiju-2","status":"publish","type":"post","link":"https:\/\/sandzakpress.net\/arhiva\/redzep-tajip-erdoan-doputovao-u-saudijsku-arabiju-2\/","title":{"rendered":"Red\u017eep Tajip Erdoan doputovao u Saudijsku Arabiju"},"content":{"rendered":"<p><img decoding=\"async\" src=\"http:\/\/saznajemo.net\/wp-content\/uploads\/2015\/03\/erdogan-selman.jpg\" alt=\"\" \/><\/p>\n<p><strong>Svijet \u2013 Turski predsjednik Red\u017eep Tajip Erdoan doputovao je ve\u010deras u D\u017eiddu, Saudijska Arabija u zvani\u010dnu posjetu Kraljevini koja \u0107e trajati tri dana a u toku koje \u0107e obaviti niz razgovora sa zvani\u010dnicima ove zaljevske zemlje.<br \/>\n<\/strong><br \/>\nDopisnik Anadolije na arapskom jeziku izvijestio je da je avion kojim je predsjednik Erdoan i delegacija Turske do\u0161li u Saudijsku Arabio, sletio na aerodrom Kralj Abdullah b. Abdulaziz u D\u017eiddi u 22:40 po lokalnom vremenu, a do\u010dekao ga je Mi\u0161\u2019al b. Mad\u017eid b. Abdulaziz, namjesnik D\u017eidde i turski ambasador u Rijadu, kao i drugi zvani\u010dnici ambasade.<\/p>\n<p>Turski predsjednik je do\u0161ao u Saudijsku Arabiju na \u010delu delegacije u kojoj su jo\u0161 i dvojica zamjenika premijera, ministar ekonomije, vanjskih poslova i grupa poslovnih ljudi. Predsjednik je odmah nanijetio i obukao umranske ihrame i uputio se kopnenim putem prema Mekki a nakon toga \u0107e posjetiti i Medinu gdje \u0107e obi\u0107i Poslanikovu d\u017eamiju. Tek nakon umre i zijareta Medini uputit \u0107e se prema Rijadu gdje \u0107e obaviti sastanke sa zvani\u010dnicima Saudijske Arabije.<\/p>\n<p>(Islambosna)<\/p>\n<p><img decoding=\"async\" src=\"https:\/\/1-ps.googleusercontent.com\/sxk\/XecDeSkhLQl9-G9QIiuZ400XzR\/www.islambosna.ba\/scontent-vie.xx.fbcdn.net\/hphotos-xaf1\/v\/t1.0-9\/s720x720\/604x430x10614132_10153192249422125_1954610438789145202_n.jpg,qoh=ff0507a573339110910b0e90674d1d13,aoe=558B1C8C.pagespeed.ic.QWgsrOKCinfIQoVmmIAs.webp\" alt=\"\" \/><img decoding=\"async\" src=\"http:\/\/1-ps.googleusercontent.com\/hk\/FSIrvuG2Dvjg123dTHcw8BYl3a\/www.islambosna.ba\/wp-content\/uploads\/2015\/03\/320x427xB-976qcVAAAOvae.jpg.pagespeed.ic.vQh43zLxBFh8kB_gpJhG.webp\" alt=\"\" \/><\/p>\n","protected":false},"excerpt":{"rendered":"<p>Svijet \u2013 Turski predsjednik Red\u017eep Tajip Erdoan doputovao je ve\u010deras u D\u017eiddu, Saudijska Arabija u zvani\u010dnu posjetu Kraljevini koja \u0107e trajati tri dana a u toku koje \u0107e obaviti niz razgovora sa zvani\u010dnicima ove zaljevske zemlje. Dopisnik Anadolije na arapskom jeziku izvijestio je da je avion kojim je predsjednik Erdoan i delegacija Turske do\u0161li u [&hellip;]<\/p>\n","protected":false},"author":83,"featured_media":123782,"comment_status":"open","ping_status":"open","sticky":false,"template":"","format":"standard","meta":{"footnotes":""},"categories":[9,798,2692],"tags":[],"class_list":{"0":"post-123780","1":"post","2":"type-post","3":"status-publish","4":"format-standard","5":"has-post-thumbnail","7":"category-svijet","8":"category-teme","9":"category-turska-gradovi"},"yoast_head":"<!-- This site is optimized with the Yoast SEO Premium plugin v23.1 (Yoast SEO v24.9) - https:\/\/yoast.com\/wordpress\/plugins\/seo\/ -->\n<title>Red\u017eep Tajip Erdoan doputovao u Saudijsku Arabiju<\/title>\n<meta name=\"robots\" content=\"index, follow, max-snippet:-1, max-image-preview:large, max-video-preview:-1\" \/>\n<link rel=\"canonical\" href=\"https:\/\/sandzakpress.net\/arhiva\/redzep-tajip-erdoan-doputovao-u-saudijsku-arabiju-2\/\" \/>\n<meta property=\"og:locale\" content=\"bs_BA\" \/>\n<meta property=\"og:type\" content=\"article\" \/>\n<meta property=\"og:title\" content=\"Red\u017eep Tajip Erdoan doputovao u Saudijsku Arabiju\" \/>\n<meta property=\"og:description\" content=\"Svijet \u2013 Turski predsjednik Red\u017eep Tajip Erdoan doputovao je ve\u010deras u D\u017eiddu, Saudijska Arabija u zvani\u010dnu posjetu Kraljevini koja \u0107e trajati tri dana a u toku koje \u0107e obaviti niz razgovora sa zvani\u010dnicima ove zaljevske zemlje. Dopisnik Anadolije na arapskom jeziku izvijestio je da je avion kojim je predsjednik Erdoan i delegacija Turske do\u0161li u [&hellip;]\" \/>\n<meta property=\"og:url\" content=\"https:\/\/sandzakpress.net\/arhiva\/redzep-tajip-erdoan-doputovao-u-saudijsku-arabiju-2\/\" \/>\n<meta property=\"og:site_name\" content=\"Sand\u017eak PRESS\" \/>\n<meta property=\"article:published_time\" content=\"2015-03-01T18:37:32+00:00\" \/>\n<meta property=\"og:image\" content=\"https:\/\/sandzakpress.net\/arhiva\/wp-content\/uploads\/2015\/03\/erdogan-selman2.jpg\" \/>\n\t<meta property=\"og:image:width\" content=\"600\" \/>\n\t<meta property=\"og:image:height\" content=\"408\" \/>\n\t<meta property=\"og:image:type\" content=\"image\/jpeg\" \/>\n<meta name=\"author\" content=\"bosniak\" \/>\n<meta name=\"twitter:card\" content=\"summary_large_image\" \/>\n<meta name=\"twitter:label1\" content=\"Written by\" \/>\n\t<meta name=\"twitter:data1\" content=\"bosniak\" \/>\n\t<meta name=\"twitter:label2\" content=\"Est. reading time\" \/>\n\t<meta name=\"twitter:data2\" content=\"1 minuta\" \/>\n<script type=\"application\/ld+json\" class=\"yoast-schema-graph\">{\"@context\":\"https:\/\/schema.org\",\"@graph\":[{\"@type\":\"Article\",\"@id\":\"https:\/\/sandzakpress.net\/arhiva\/redzep-tajip-erdoan-doputovao-u-saudijsku-arabiju-2\/#article\",\"isPartOf\":{\"@id\":\"https:\/\/sandzakpress.net\/arhiva\/redzep-tajip-erdoan-doputovao-u-saudijsku-arabiju-2\/\"},\"author\":{\"name\":\"bosniak\",\"@id\":\"https:\/\/sandzakpress.net\/arhiva\/#\/schema\/person\/c8baee722073534b583ea7bdb2e36c02\"},\"headline\":\"Red\u017eep Tajip Erdoan doputovao u Saudijsku Arabiju\",\"datePublished\":\"2015-03-01T18:37:32+00:00\",\"mainEntityOfPage\":{\"@id\":\"https:\/\/sandzakpress.net\/arhiva\/redzep-tajip-erdoan-doputovao-u-saudijsku-arabiju-2\/\"},\"wordCount\":187,\"commentCount\":20,\"publisher\":{\"@id\":\"https:\/\/sandzakpress.net\/arhiva\/#\/schema\/person\/6e72b67d6e51910a1117b3b483ba20bd\"},\"image\":{\"@id\":\"https:\/\/sandzakpress.net\/arhiva\/redzep-tajip-erdoan-doputovao-u-saudijsku-arabiju-2\/#primaryimage\"},\"thumbnailUrl\":\"https:\/\/sandzakpress.net\/arhiva\/wp-content\/uploads\/2015\/03\/erdogan-selman2.jpg\",\"articleSection\":[\"Svijet\",\"NAJNOVIJE\",\"Turska\"],\"inLanguage\":\"bs-BA\",\"potentialAction\":[{\"@type\":\"CommentAction\",\"name\":\"Comment\",\"target\":[\"https:\/\/sandzakpress.net\/arhiva\/redzep-tajip-erdoan-doputovao-u-saudijsku-arabiju-2\/#respond\"]}]},{\"@type\":\"WebPage\",\"@id\":\"https:\/\/sandzakpress.net\/arhiva\/redzep-tajip-erdoan-doputovao-u-saudijsku-arabiju-2\/\",\"url\":\"https:\/\/sandzakpress.net\/arhiva\/redzep-tajip-erdoan-doputovao-u-saudijsku-arabiju-2\/\",\"name\":\"Red\u017eep Tajip Erdoan doputovao u Saudijsku Arabiju\",\"isPartOf\":{\"@id\":\"https:\/\/sandzakpress.net\/arhiva\/#website\"},\"primaryImageOfPage\":{\"@id\":\"https:\/\/sandzakpress.net\/arhiva\/redzep-tajip-erdoan-doputovao-u-saudijsku-arabiju-2\/#primaryimage\"},\"image\":{\"@id\":\"https:\/\/sandzakpress.net\/arhiva\/redzep-tajip-erdoan-doputovao-u-saudijsku-arabiju-2\/#primaryimage\"},\"thumbnailUrl\":\"https:\/\/sandzakpress.net\/arhiva\/wp-content\/uploads\/2015\/03\/erdogan-selman2.jpg\",\"datePublished\":\"2015-03-01T18:37:32+00:00\",\"breadcrumb\":{\"@id\":\"https:\/\/sandzakpress.net\/arhiva\/redzep-tajip-erdoan-doputovao-u-saudijsku-arabiju-2\/#breadcrumb\"},\"inLanguage\":\"bs-BA\",\"potentialAction\":[{\"@type\":\"ReadAction\",\"target\":[\"https:\/\/sandzakpress.net\/arhiva\/redzep-tajip-erdoan-doputovao-u-saudijsku-arabiju-2\/\"]}]},{\"@type\":\"ImageObject\",\"inLanguage\":\"bs-BA\",\"@id\":\"https:\/\/sandzakpress.net\/arhiva\/redzep-tajip-erdoan-doputovao-u-saudijsku-arabiju-2\/#primaryimage\",\"url\":\"https:\/\/sandzakpress.net\/arhiva\/wp-content\/uploads\/2015\/03\/erdogan-selman2.jpg\",\"contentUrl\":\"https:\/\/sandzakpress.net\/arhiva\/wp-content\/uploads\/2015\/03\/erdogan-selman2.jpg\",\"width\":600,\"height\":408},{\"@type\":\"BreadcrumbList\",\"@id\":\"https:\/\/sandzakpress.net\/arhiva\/redzep-tajip-erdoan-doputovao-u-saudijsku-arabiju-2\/#breadcrumb\",\"itemListElement\":[{\"@type\":\"ListItem\",\"position\":1,\"name\":\"Home\",\"item\":\"https:\/\/sandzakpress.net\/arhiva\/\"},{\"@type\":\"ListItem\",\"position\":2,\"name\":\"Red\u017eep Tajip Erdoan doputovao u Saudijsku Arabiju\"}]},{\"@type\":\"WebSite\",\"@id\":\"https:\/\/sandzakpress.net\/arhiva\/#website\",\"url\":\"https:\/\/sandzakpress.net\/arhiva\/\",\"name\":\"Sand\u017eak PRESS\",\"description\":\"Prve elektronske novine u Sand\u017eaku\",\"publisher\":{\"@id\":\"https:\/\/sandzakpress.net\/arhiva\/#\/schema\/person\/6e72b67d6e51910a1117b3b483ba20bd\"},\"potentialAction\":[{\"@type\":\"SearchAction\",\"target\":{\"@type\":\"EntryPoint\",\"urlTemplate\":\"https:\/\/sandzakpress.net\/arhiva\/?s={search_term_string}\"},\"query-input\":{\"@type\":\"PropertyValueSpecification\",\"valueRequired\":true,\"valueName\":\"search_term_string\"}}],\"inLanguage\":\"bs-BA\"},{\"@type\":[\"Person\",\"Organization\"],\"@id\":\"https:\/\/sandzakpress.net\/arhiva\/#\/schema\/person\/6e72b67d6e51910a1117b3b483ba20bd\",\"name\":\"Kul\",\"image\":{\"@type\":\"ImageObject\",\"inLanguage\":\"bs-BA\",\"@id\":\"https:\/\/sandzakpress.net\/arhiva\/#\/schema\/person\/image\/\",\"url\":\"https:\/\/secure.gravatar.com\/avatar\/42263f39aa27ac04c43cab85c280eb2e?s=96&d=mm&r=pg\",\"contentUrl\":\"https:\/\/secure.gravatar.com\/avatar\/42263f39aa27ac04c43cab85c280eb2e?s=96&d=mm&r=pg\",\"caption\":\"Kul\"},\"logo\":{\"@id\":\"https:\/\/sandzakpress.net\/arhiva\/#\/schema\/person\/image\/\"}},{\"@type\":\"Person\",\"@id\":\"https:\/\/sandzakpress.net\/arhiva\/#\/schema\/person\/c8baee722073534b583ea7bdb2e36c02\",\"name\":\"bosniak\",\"image\":{\"@type\":\"ImageObject\",\"inLanguage\":\"bs-BA\",\"@id\":\"https:\/\/sandzakpress.net\/arhiva\/#\/schema\/person\/image\/\",\"url\":\"https:\/\/secure.gravatar.com\/avatar\/a04fd330bfe3a36a72a0ad4a6d89fca7?s=96&d=mm&r=pg\",\"contentUrl\":\"https:\/\/secure.gravatar.com\/avatar\/a04fd330bfe3a36a72a0ad4a6d89fca7?s=96&d=mm&r=pg\",\"caption\":\"bosniak\"},\"url\":\"https:\/\/sandzakpress.net\/arhiva\/author\/bosniak\/\"}]}<\/script>\n<!-- \/ Yoast SEO Premium plugin. -->","yoast_head_json":{"title":"Red\u017eep Tajip Erdoan doputovao u Saudijsku Arabiju","robots":{"index":"index","follow":"follow","max-snippet":"max-snippet:-1","max-image-preview":"max-image-preview:large","max-video-preview":"max-video-preview:-1"},"canonical":"https:\/\/sandzakpress.net\/arhiva\/redzep-tajip-erdoan-doputovao-u-saudijsku-arabiju-2\/","og_locale":"bs_BA","og_type":"article","og_title":"Red\u017eep Tajip Erdoan doputovao u Saudijsku Arabiju","og_description":"Svijet \u2013 Turski predsjednik Red\u017eep Tajip Erdoan doputovao je ve\u010deras u D\u017eiddu, Saudijska Arabija u zvani\u010dnu posjetu Kraljevini koja \u0107e trajati tri dana a u toku koje \u0107e obaviti niz razgovora sa zvani\u010dnicima ove zaljevske zemlje. Dopisnik Anadolije na arapskom jeziku izvijestio je da je avion kojim je predsjednik Erdoan i delegacija Turske do\u0161li u [&hellip;]","og_url":"https:\/\/sandzakpress.net\/arhiva\/redzep-tajip-erdoan-doputovao-u-saudijsku-arabiju-2\/","og_site_name":"Sand\u017eak PRESS","article_published_time":"2015-03-01T18:37:32+00:00","og_image":[{"width":600,"height":408,"url":"https:\/\/sandzakpress.net\/arhiva\/wp-content\/uploads\/2015\/03\/erdogan-selman2.jpg","type":"image\/jpeg"}],"author":"bosniak","twitter_card":"summary_large_image","twitter_misc":{"Written by":"bosniak","Est. reading time":"1 minuta"},"schema":{"@context":"https:\/\/schema.org","@graph":[{"@type":"Article","@id":"https:\/\/sandzakpress.net\/arhiva\/redzep-tajip-erdoan-doputovao-u-saudijsku-arabiju-2\/#article","isPartOf":{"@id":"https:\/\/sandzakpress.net\/arhiva\/redzep-tajip-erdoan-doputovao-u-saudijsku-arabiju-2\/"},"author":{"name":"bosniak","@id":"https:\/\/sandzakpress.net\/arhiva\/#\/schema\/person\/c8baee722073534b583ea7bdb2e36c02"},"headline":"Red\u017eep Tajip Erdoan doputovao u Saudijsku Arabiju","datePublished":"2015-03-01T18:37:32+00:00","mainEntityOfPage":{"@id":"https:\/\/sandzakpress.net\/arhiva\/redzep-tajip-erdoan-doputovao-u-saudijsku-arabiju-2\/"},"wordCount":187,"commentCount":20,"publisher":{"@id":"https:\/\/sandzakpress.net\/arhiva\/#\/schema\/person\/6e72b67d6e51910a1117b3b483ba20bd"},"image":{"@id":"https:\/\/sandzakpress.net\/arhiva\/redzep-tajip-erdoan-doputovao-u-saudijsku-arabiju-2\/#primaryimage"},"thumbnailUrl":"https:\/\/sandzakpress.net\/arhiva\/wp-content\/uploads\/2015\/03\/erdogan-selman2.jpg","articleSection":["Svijet","NAJNOVIJE","Turska"],"inLanguage":"bs-BA","potentialAction":[{"@type":"CommentAction","name":"Comment","target":["https:\/\/sandzakpress.net\/arhiva\/redzep-tajip-erdoan-doputovao-u-saudijsku-arabiju-2\/#respond"]}]},{"@type":"WebPage","@id":"https:\/\/sandzakpress.net\/arhiva\/redzep-tajip-erdoan-doputovao-u-saudijsku-arabiju-2\/","url":"https:\/\/sandzakpress.net\/arhiva\/redzep-tajip-erdoan-doputovao-u-saudijsku-arabiju-2\/","name":"Red\u017eep Tajip Erdoan doputovao u Saudijsku Arabiju","isPartOf":{"@id":"https:\/\/sandzakpress.net\/arhiva\/#website"},"primaryImageOfPage":{"@id":"https:\/\/sandzakpress.net\/arhiva\/redzep-tajip-erdoan-doputovao-u-saudijsku-arabiju-2\/#primaryimage"},"image":{"@id":"https:\/\/sandzakpress.net\/arhiva\/redzep-tajip-erdoan-doputovao-u-saudijsku-arabiju-2\/#primaryimage"},"thumbnailUrl":"https:\/\/sandzakpress.net\/arhiva\/wp-content\/uploads\/2015\/03\/erdogan-selman2.jpg","datePublished":"2015-03-01T18:37:32+00:00","breadcrumb":{"@id":"https:\/\/sandzakpress.net\/arhiva\/redzep-tajip-erdoan-doputovao-u-saudijsku-arabiju-2\/#breadcrumb"},"inLanguage":"bs-BA","potentialAction":[{"@type":"ReadAction","target":["https:\/\/sandzakpress.net\/arhiva\/redzep-tajip-erdoan-doputovao-u-saudijsku-arabiju-2\/"]}]},{"@type":"ImageObject","inLanguage":"bs-BA","@id":"https:\/\/sandzakpress.net\/arhiva\/redzep-tajip-erdoan-doputovao-u-saudijsku-arabiju-2\/#primaryimage","url":"https:\/\/sandzakpress.net\/arhiva\/wp-content\/uploads\/2015\/03\/erdogan-selman2.jpg","contentUrl":"https:\/\/sandzakpress.net\/arhiva\/wp-content\/uploads\/2015\/03\/erdogan-selman2.jpg","width":600,"height":408},{"@type":"BreadcrumbList","@id":"https:\/\/sandzakpress.net\/arhiva\/redzep-tajip-erdoan-doputovao-u-saudijsku-arabiju-2\/#breadcrumb","itemListElement":[{"@type":"ListItem","position":1,"name":"Home","item":"https:\/\/sandzakpress.net\/arhiva\/"},{"@type":"ListItem","position":2,"name":"Red\u017eep Tajip Erdoan doputovao u Saudijsku Arabiju"}]},{"@type":"WebSite","@id":"https:\/\/sandzakpress.net\/arhiva\/#website","url":"https:\/\/sandzakpress.net\/arhiva\/","name":"Sand\u017eak PRESS","description":"Prve elektronske novine u Sand\u017eaku","publisher":{"@id":"https:\/\/sandzakpress.net\/arhiva\/#\/schema\/person\/6e72b67d6e51910a1117b3b483ba20bd"},"potentialAction":[{"@type":"SearchAction","target":{"@type":"EntryPoint","urlTemplate":"https:\/\/sandzakpress.net\/arhiva\/?s={search_term_string}"},"query-input":{"@type":"PropertyValueSpecification","valueRequired":true,"valueName":"search_term_string"}}],"inLanguage":"bs-BA"},{"@type":["Person","Organization"],"@id":"https:\/\/sandzakpress.net\/arhiva\/#\/schema\/person\/6e72b67d6e51910a1117b3b483ba20bd","name":"Kul","image":{"@type":"ImageObject","inLanguage":"bs-BA","@id":"https:\/\/sandzakpress.net\/arhiva\/#\/schema\/person\/image\/","url":"https:\/\/secure.gravatar.com\/avatar\/42263f39aa27ac04c43cab85c280eb2e?s=96&d=mm&r=pg","contentUrl":"https:\/\/secure.gravatar.com\/avatar\/42263f39aa27ac04c43cab85c280eb2e?s=96&d=mm&r=pg","caption":"Kul"},"logo":{"@id":"https:\/\/sandzakpress.net\/arhiva\/#\/schema\/person\/image\/"}},{"@type":"Person","@id":"https:\/\/sandzakpress.net\/arhiva\/#\/schema\/person\/c8baee722073534b583ea7bdb2e36c02","name":"bosniak","image":{"@type":"ImageObject","inLanguage":"bs-BA","@id":"https:\/\/sandzakpress.net\/arhiva\/#\/schema\/person\/image\/","url":"https:\/\/secure.gravatar.com\/avatar\/a04fd330bfe3a36a72a0ad4a6d89fca7?s=96&d=mm&r=pg","contentUrl":"https:\/\/secure.gravatar.com\/avatar\/a04fd330bfe3a36a72a0ad4a6d89fca7?s=96&d=mm&r=pg","caption":"bosniak"},"url":"https:\/\/sandzakpress.net\/arhiva\/author\/bosniak\/"}]}},"_links":{"self":[{"href":"https:\/\/sandzakpress.net\/arhiva\/wp-json\/wp\/v2\/posts\/123780"}],"collection":[{"href":"https:\/\/sandzakpress.net\/arhiva\/wp-json\/wp\/v2\/posts"}],"about":[{"href":"https:\/\/sandzakpress.net\/arhiva\/wp-json\/wp\/v2\/types\/post"}],"author":[{"embeddable":true,"href":"https:\/\/sandzakpress.net\/arhiva\/wp-json\/wp\/v2\/users\/83"}],"replies":[{"embeddable":true,"href":"https:\/\/sandzakpress.net\/arhiva\/wp-json\/wp\/v2\/comments?post=123780"}],"version-history":[{"count":0,"href":"https:\/\/sandzakpress.net\/arhiva\/wp-json\/wp\/v2\/posts\/123780\/revisions"}],"wp:featuredmedia":[{"embeddable":true,"href":"https:\/\/sandzakpress.net\/arhiva\/wp-json\/wp\/v2\/media\/123782"}],"wp:attachment":[{"href":"https:\/\/sandzakpress.net\/arhiva\/wp-json\/wp\/v2\/media?parent=123780"}],"wp:term":[{"taxonomy":"category","embeddable":true,"href":"https:\/\/sandzakpress.net\/arhiva\/wp-json\/wp\/v2\/categories?post=123780"},{"taxonomy":"post_tag","embeddable":true,"href":"https:\/\/sandzakpress.net\/arhiva\/wp-json\/wp\/v2\/tags?post=123780"}],"curies":[{"name":"wp","href":"https:\/\/api.w.org\/{rel}","templated":true}]}}