{"id":123769,"date":"2015-03-01T17:35:14","date_gmt":"2015-03-01T16:35:14","guid":{"rendered":"https:\/\/sandzakpress.net\/arhiva\/?p=123769"},"modified":"2015-03-02T10:00:48","modified_gmt":"2015-03-02T09:00:48","slug":"bezobzirnost-forum-mladih-sdp-zurka-na-dan-stradanja-bosnjaka-u-strpcima","status":"publish","type":"post","link":"https:\/\/sandzakpress.net\/arhiva\/bezobzirnost-forum-mladih-sdp-zurka-na-dan-stradanja-bosnjaka-u-strpcima\/","title":{"rendered":"BEZOBZIRNOST &#8211; Forum mladih SDP \u017eurka na Dan stradanja Bo\u0161njaka u \u0160trpcima"},"content":{"rendered":"<p><a href=\"https:\/\/sandzakpress.net\/arhiva\/wp-content\/uploads\/2015\/03\/SDP-zurka-Sjenica-620x400.jpg\"><img loading=\"lazy\" decoding=\"async\" class=\"aligncenter size-full wp-image-123770\" src=\"https:\/\/sandzakpress.net\/arhiva\/wp-content\/uploads\/2015\/03\/SDP-zurka-Sjenica-620x400.jpg\" alt=\"SDP-zurka-Sjenica-620x400\" width=\"620\" height=\"400\" srcset=\"https:\/\/sandzakpress.net\/arhiva\/wp-content\/uploads\/2015\/03\/SDP-zurka-Sjenica-620x400.jpg 620w, https:\/\/sandzakpress.net\/arhiva\/wp-content\/uploads\/2015\/03\/SDP-zurka-Sjenica-620x400-616x397.jpg 616w\" sizes=\"(max-width: 620px) 100vw, 620px\" \/><\/a><\/p>\n<p><strong>Sjenica &#8211; Forum mladih SDP u Sjenici 27. februara 2015. godine na Dan stradanja Bo\u0161njaka u zlo\u010dinu u \u0160trpcima je organizirao \u017eurku.<\/strong><\/p>\n<p>Ovaj \u010din osim \u0161to promovira bezobzirnost, bezosje\u0107ajnost za svoju vjeru i naciju, promovira i raskala\u0161an put kojim sand\u017ea\u010dka omladina ne bi trebala i\u0107i.<\/p>\n<p>Mediji bliski Ugljaninu su pisali da su na \u017eurci bili prisutni i \u010dlanovi Mladih BDZ.<\/p>\n<p>Nezvani\u010dno saznajemo iz redova BDZ Sand\u017eaka da stranka osu\u0111uje ovaj doga\u0111aj i da \u0107e Sud \u010dasti BDZ Sand\u017eaka istra\u017eiti i procesuirati ovaj slu\u010daj.<\/p>\n<p>Sand\u017eak PRESS<\/p>\n<p>&nbsp;<\/p>\n","protected":false},"excerpt":{"rendered":"<p>Sjenica &#8211; Forum mladih SDP u Sjenici 27. februara 2015. godine na Dan stradanja Bo\u0161njaka u zlo\u010dinu u \u0160trpcima je organizirao \u017eurku. Ovaj \u010din osim \u0161to promovira bezobzirnost, bezosje\u0107ajnost za svoju vjeru i naciju, promovira i raskala\u0161an put kojim sand\u017ea\u010dka omladina ne bi trebala i\u0107i. Mediji bliski Ugljaninu su pisali da su na \u017eurci bili [&hellip;]<\/p>\n","protected":false},"author":83,"featured_media":123770,"comment_status":"open","ping_status":"open","sticky":false,"template":"","format":"standard","meta":{"footnotes":""},"categories":[1,52,10507,8957],"tags":[10257],"class_list":{"0":"post-123769","1":"post","2":"type-post","3":"status-publish","4":"format-standard","5":"has-post-thumbnail","7":"category-politika","8":"category-sjenica","9":"category-notifikacije","10":"category-vijesti-dana","11":"tag-sdp"},"yoast_head":"<!-- This site is optimized with the Yoast SEO Premium plugin v23.1 (Yoast SEO v24.9) - https:\/\/yoast.com\/wordpress\/plugins\/seo\/ -->\n<title>BEZOBZIRNOST - Forum mladih SDP \u017eurka na Dan stradanja Bo\u0161njaka u \u0160trpcima<\/title>\n<meta name=\"robots\" content=\"index, follow, max-snippet:-1, max-image-preview:large, max-video-preview:-1\" \/>\n<link rel=\"canonical\" href=\"https:\/\/sandzakpress.net\/arhiva\/bezobzirnost-forum-mladih-sdp-zurka-na-dan-stradanja-bosnjaka-u-strpcima\/\" \/>\n<meta property=\"og:locale\" content=\"bs_BA\" \/>\n<meta property=\"og:type\" content=\"article\" \/>\n<meta property=\"og:title\" content=\"BEZOBZIRNOST - Forum mladih SDP \u017eurka na Dan stradanja Bo\u0161njaka u \u0160trpcima\" \/>\n<meta property=\"og:description\" content=\"Sjenica &#8211; Forum mladih SDP u Sjenici 27. februara 2015. godine na Dan stradanja Bo\u0161njaka u zlo\u010dinu u \u0160trpcima je organizirao \u017eurku. Ovaj \u010din osim \u0161to promovira bezobzirnost, bezosje\u0107ajnost za svoju vjeru i naciju, promovira i raskala\u0161an put kojim sand\u017ea\u010dka omladina ne bi trebala i\u0107i. Mediji bliski Ugljaninu su pisali da su na \u017eurci bili [&hellip;]\" \/>\n<meta property=\"og:url\" content=\"https:\/\/sandzakpress.net\/arhiva\/bezobzirnost-forum-mladih-sdp-zurka-na-dan-stradanja-bosnjaka-u-strpcima\/\" \/>\n<meta property=\"og:site_name\" content=\"Sand\u017eak PRESS\" \/>\n<meta property=\"article:published_time\" content=\"2015-03-01T16:35:14+00:00\" \/>\n<meta property=\"article:modified_time\" content=\"2015-03-02T09:00:48+00:00\" \/>\n<meta property=\"og:image\" content=\"https:\/\/sandzakpress.net\/arhiva\/wp-content\/uploads\/2015\/03\/SDP-zurka-Sjenica-620x400.jpg\" \/>\n\t<meta property=\"og:image:width\" content=\"620\" \/>\n\t<meta property=\"og:image:height\" content=\"400\" \/>\n\t<meta property=\"og:image:type\" content=\"image\/jpeg\" \/>\n<meta name=\"author\" content=\"bosniak\" \/>\n<meta name=\"twitter:card\" content=\"summary_large_image\" \/>\n<meta name=\"twitter:label1\" content=\"Written by\" \/>\n\t<meta name=\"twitter:data1\" content=\"bosniak\" \/>\n<script type=\"application\/ld+json\" class=\"yoast-schema-graph\">{\"@context\":\"https:\/\/schema.org\",\"@graph\":[{\"@type\":\"Article\",\"@id\":\"https:\/\/sandzakpress.net\/arhiva\/bezobzirnost-forum-mladih-sdp-zurka-na-dan-stradanja-bosnjaka-u-strpcima\/#article\",\"isPartOf\":{\"@id\":\"https:\/\/sandzakpress.net\/arhiva\/bezobzirnost-forum-mladih-sdp-zurka-na-dan-stradanja-bosnjaka-u-strpcima\/\"},\"author\":{\"name\":\"bosniak\",\"@id\":\"https:\/\/sandzakpress.net\/arhiva\/#\/schema\/person\/c8baee722073534b583ea7bdb2e36c02\"},\"headline\":\"BEZOBZIRNOST &#8211; Forum mladih SDP \u017eurka na Dan stradanja Bo\u0161njaka u \u0160trpcima\",\"datePublished\":\"2015-03-01T16:35:14+00:00\",\"dateModified\":\"2015-03-02T09:00:48+00:00\",\"mainEntityOfPage\":{\"@id\":\"https:\/\/sandzakpress.net\/arhiva\/bezobzirnost-forum-mladih-sdp-zurka-na-dan-stradanja-bosnjaka-u-strpcima\/\"},\"wordCount\":112,\"commentCount\":71,\"publisher\":{\"@id\":\"https:\/\/sandzakpress.net\/arhiva\/#\/schema\/person\/6e72b67d6e51910a1117b3b483ba20bd\"},\"image\":{\"@id\":\"https:\/\/sandzakpress.net\/arhiva\/bezobzirnost-forum-mladih-sdp-zurka-na-dan-stradanja-bosnjaka-u-strpcima\/#primaryimage\"},\"thumbnailUrl\":\"https:\/\/sandzakpress.net\/arhiva\/wp-content\/uploads\/2015\/03\/SDP-zurka-Sjenica-620x400.jpg\",\"keywords\":[\"SDPS\"],\"articleSection\":[\"Politika\",\"Sjenica\",\"Notifikacije\",\"VIJESTI DANA\"],\"inLanguage\":\"bs-BA\",\"potentialAction\":[{\"@type\":\"CommentAction\",\"name\":\"Comment\",\"target\":[\"https:\/\/sandzakpress.net\/arhiva\/bezobzirnost-forum-mladih-sdp-zurka-na-dan-stradanja-bosnjaka-u-strpcima\/#respond\"]}]},{\"@type\":\"WebPage\",\"@id\":\"https:\/\/sandzakpress.net\/arhiva\/bezobzirnost-forum-mladih-sdp-zurka-na-dan-stradanja-bosnjaka-u-strpcima\/\",\"url\":\"https:\/\/sandzakpress.net\/arhiva\/bezobzirnost-forum-mladih-sdp-zurka-na-dan-stradanja-bosnjaka-u-strpcima\/\",\"name\":\"BEZOBZIRNOST - Forum mladih SDP \u017eurka na Dan stradanja Bo\u0161njaka u \u0160trpcima\",\"isPartOf\":{\"@id\":\"https:\/\/sandzakpress.net\/arhiva\/#website\"},\"primaryImageOfPage\":{\"@id\":\"https:\/\/sandzakpress.net\/arhiva\/bezobzirnost-forum-mladih-sdp-zurka-na-dan-stradanja-bosnjaka-u-strpcima\/#primaryimage\"},\"image\":{\"@id\":\"https:\/\/sandzakpress.net\/arhiva\/bezobzirnost-forum-mladih-sdp-zurka-na-dan-stradanja-bosnjaka-u-strpcima\/#primaryimage\"},\"thumbnailUrl\":\"https:\/\/sandzakpress.net\/arhiva\/wp-content\/uploads\/2015\/03\/SDP-zurka-Sjenica-620x400.jpg\",\"datePublished\":\"2015-03-01T16:35:14+00:00\",\"dateModified\":\"2015-03-02T09:00:48+00:00\",\"breadcrumb\":{\"@id\":\"https:\/\/sandzakpress.net\/arhiva\/bezobzirnost-forum-mladih-sdp-zurka-na-dan-stradanja-bosnjaka-u-strpcima\/#breadcrumb\"},\"inLanguage\":\"bs-BA\",\"potentialAction\":[{\"@type\":\"ReadAction\",\"target\":[\"https:\/\/sandzakpress.net\/arhiva\/bezobzirnost-forum-mladih-sdp-zurka-na-dan-stradanja-bosnjaka-u-strpcima\/\"]}]},{\"@type\":\"ImageObject\",\"inLanguage\":\"bs-BA\",\"@id\":\"https:\/\/sandzakpress.net\/arhiva\/bezobzirnost-forum-mladih-sdp-zurka-na-dan-stradanja-bosnjaka-u-strpcima\/#primaryimage\",\"url\":\"https:\/\/sandzakpress.net\/arhiva\/wp-content\/uploads\/2015\/03\/SDP-zurka-Sjenica-620x400.jpg\",\"contentUrl\":\"https:\/\/sandzakpress.net\/arhiva\/wp-content\/uploads\/2015\/03\/SDP-zurka-Sjenica-620x400.jpg\",\"width\":620,\"height\":400},{\"@type\":\"BreadcrumbList\",\"@id\":\"https:\/\/sandzakpress.net\/arhiva\/bezobzirnost-forum-mladih-sdp-zurka-na-dan-stradanja-bosnjaka-u-strpcima\/#breadcrumb\",\"itemListElement\":[{\"@type\":\"ListItem\",\"position\":1,\"name\":\"Home\",\"item\":\"https:\/\/sandzakpress.net\/arhiva\/\"},{\"@type\":\"ListItem\",\"position\":2,\"name\":\"BEZOBZIRNOST &#8211; Forum mladih SDP \u017eurka na Dan stradanja Bo\u0161njaka u \u0160trpcima\"}]},{\"@type\":\"WebSite\",\"@id\":\"https:\/\/sandzakpress.net\/arhiva\/#website\",\"url\":\"https:\/\/sandzakpress.net\/arhiva\/\",\"name\":\"Sand\u017eak PRESS\",\"description\":\"Prve elektronske novine u Sand\u017eaku\",\"publisher\":{\"@id\":\"https:\/\/sandzakpress.net\/arhiva\/#\/schema\/person\/6e72b67d6e51910a1117b3b483ba20bd\"},\"potentialAction\":[{\"@type\":\"SearchAction\",\"target\":{\"@type\":\"EntryPoint\",\"urlTemplate\":\"https:\/\/sandzakpress.net\/arhiva\/?s={search_term_string}\"},\"query-input\":{\"@type\":\"PropertyValueSpecification\",\"valueRequired\":true,\"valueName\":\"search_term_string\"}}],\"inLanguage\":\"bs-BA\"},{\"@type\":[\"Person\",\"Organization\"],\"@id\":\"https:\/\/sandzakpress.net\/arhiva\/#\/schema\/person\/6e72b67d6e51910a1117b3b483ba20bd\",\"name\":\"Kul\",\"image\":{\"@type\":\"ImageObject\",\"inLanguage\":\"bs-BA\",\"@id\":\"https:\/\/sandzakpress.net\/arhiva\/#\/schema\/person\/image\/\",\"url\":\"https:\/\/secure.gravatar.com\/avatar\/42263f39aa27ac04c43cab85c280eb2e?s=96&d=mm&r=pg\",\"contentUrl\":\"https:\/\/secure.gravatar.com\/avatar\/42263f39aa27ac04c43cab85c280eb2e?s=96&d=mm&r=pg\",\"caption\":\"Kul\"},\"logo\":{\"@id\":\"https:\/\/sandzakpress.net\/arhiva\/#\/schema\/person\/image\/\"}},{\"@type\":\"Person\",\"@id\":\"https:\/\/sandzakpress.net\/arhiva\/#\/schema\/person\/c8baee722073534b583ea7bdb2e36c02\",\"name\":\"bosniak\",\"image\":{\"@type\":\"ImageObject\",\"inLanguage\":\"bs-BA\",\"@id\":\"https:\/\/sandzakpress.net\/arhiva\/#\/schema\/person\/image\/\",\"url\":\"https:\/\/secure.gravatar.com\/avatar\/a04fd330bfe3a36a72a0ad4a6d89fca7?s=96&d=mm&r=pg\",\"contentUrl\":\"https:\/\/secure.gravatar.com\/avatar\/a04fd330bfe3a36a72a0ad4a6d89fca7?s=96&d=mm&r=pg\",\"caption\":\"bosniak\"},\"url\":\"https:\/\/sandzakpress.net\/arhiva\/author\/bosniak\/\"}]}<\/script>\n<!-- \/ Yoast SEO Premium plugin. -->","yoast_head_json":{"title":"BEZOBZIRNOST - Forum mladih SDP \u017eurka na Dan stradanja Bo\u0161njaka u \u0160trpcima","robots":{"index":"index","follow":"follow","max-snippet":"max-snippet:-1","max-image-preview":"max-image-preview:large","max-video-preview":"max-video-preview:-1"},"canonical":"https:\/\/sandzakpress.net\/arhiva\/bezobzirnost-forum-mladih-sdp-zurka-na-dan-stradanja-bosnjaka-u-strpcima\/","og_locale":"bs_BA","og_type":"article","og_title":"BEZOBZIRNOST - Forum mladih SDP \u017eurka na Dan stradanja Bo\u0161njaka u \u0160trpcima","og_description":"Sjenica &#8211; Forum mladih SDP u Sjenici 27. februara 2015. godine na Dan stradanja Bo\u0161njaka u zlo\u010dinu u \u0160trpcima je organizirao \u017eurku. Ovaj \u010din osim \u0161to promovira bezobzirnost, bezosje\u0107ajnost za svoju vjeru i naciju, promovira i raskala\u0161an put kojim sand\u017ea\u010dka omladina ne bi trebala i\u0107i. Mediji bliski Ugljaninu su pisali da su na \u017eurci bili [&hellip;]","og_url":"https:\/\/sandzakpress.net\/arhiva\/bezobzirnost-forum-mladih-sdp-zurka-na-dan-stradanja-bosnjaka-u-strpcima\/","og_site_name":"Sand\u017eak PRESS","article_published_time":"2015-03-01T16:35:14+00:00","article_modified_time":"2015-03-02T09:00:48+00:00","og_image":[{"width":620,"height":400,"url":"https:\/\/sandzakpress.net\/arhiva\/wp-content\/uploads\/2015\/03\/SDP-zurka-Sjenica-620x400.jpg","type":"image\/jpeg"}],"author":"bosniak","twitter_card":"summary_large_image","twitter_misc":{"Written by":"bosniak"},"schema":{"@context":"https:\/\/schema.org","@graph":[{"@type":"Article","@id":"https:\/\/sandzakpress.net\/arhiva\/bezobzirnost-forum-mladih-sdp-zurka-na-dan-stradanja-bosnjaka-u-strpcima\/#article","isPartOf":{"@id":"https:\/\/sandzakpress.net\/arhiva\/bezobzirnost-forum-mladih-sdp-zurka-na-dan-stradanja-bosnjaka-u-strpcima\/"},"author":{"name":"bosniak","@id":"https:\/\/sandzakpress.net\/arhiva\/#\/schema\/person\/c8baee722073534b583ea7bdb2e36c02"},"headline":"BEZOBZIRNOST &#8211; Forum mladih SDP \u017eurka na Dan stradanja Bo\u0161njaka u \u0160trpcima","datePublished":"2015-03-01T16:35:14+00:00","dateModified":"2015-03-02T09:00:48+00:00","mainEntityOfPage":{"@id":"https:\/\/sandzakpress.net\/arhiva\/bezobzirnost-forum-mladih-sdp-zurka-na-dan-stradanja-bosnjaka-u-strpcima\/"},"wordCount":112,"commentCount":71,"publisher":{"@id":"https:\/\/sandzakpress.net\/arhiva\/#\/schema\/person\/6e72b67d6e51910a1117b3b483ba20bd"},"image":{"@id":"https:\/\/sandzakpress.net\/arhiva\/bezobzirnost-forum-mladih-sdp-zurka-na-dan-stradanja-bosnjaka-u-strpcima\/#primaryimage"},"thumbnailUrl":"https:\/\/sandzakpress.net\/arhiva\/wp-content\/uploads\/2015\/03\/SDP-zurka-Sjenica-620x400.jpg","keywords":["SDPS"],"articleSection":["Politika","Sjenica","Notifikacije","VIJESTI DANA"],"inLanguage":"bs-BA","potentialAction":[{"@type":"CommentAction","name":"Comment","target":["https:\/\/sandzakpress.net\/arhiva\/bezobzirnost-forum-mladih-sdp-zurka-na-dan-stradanja-bosnjaka-u-strpcima\/#respond"]}]},{"@type":"WebPage","@id":"https:\/\/sandzakpress.net\/arhiva\/bezobzirnost-forum-mladih-sdp-zurka-na-dan-stradanja-bosnjaka-u-strpcima\/","url":"https:\/\/sandzakpress.net\/arhiva\/bezobzirnost-forum-mladih-sdp-zurka-na-dan-stradanja-bosnjaka-u-strpcima\/","name":"BEZOBZIRNOST - Forum mladih SDP \u017eurka na Dan stradanja Bo\u0161njaka u \u0160trpcima","isPartOf":{"@id":"https:\/\/sandzakpress.net\/arhiva\/#website"},"primaryImageOfPage":{"@id":"https:\/\/sandzakpress.net\/arhiva\/bezobzirnost-forum-mladih-sdp-zurka-na-dan-stradanja-bosnjaka-u-strpcima\/#primaryimage"},"image":{"@id":"https:\/\/sandzakpress.net\/arhiva\/bezobzirnost-forum-mladih-sdp-zurka-na-dan-stradanja-bosnjaka-u-strpcima\/#primaryimage"},"thumbnailUrl":"https:\/\/sandzakpress.net\/arhiva\/wp-content\/uploads\/2015\/03\/SDP-zurka-Sjenica-620x400.jpg","datePublished":"2015-03-01T16:35:14+00:00","dateModified":"2015-03-02T09:00:48+00:00","breadcrumb":{"@id":"https:\/\/sandzakpress.net\/arhiva\/bezobzirnost-forum-mladih-sdp-zurka-na-dan-stradanja-bosnjaka-u-strpcima\/#breadcrumb"},"inLanguage":"bs-BA","potentialAction":[{"@type":"ReadAction","target":["https:\/\/sandzakpress.net\/arhiva\/bezobzirnost-forum-mladih-sdp-zurka-na-dan-stradanja-bosnjaka-u-strpcima\/"]}]},{"@type":"ImageObject","inLanguage":"bs-BA","@id":"https:\/\/sandzakpress.net\/arhiva\/bezobzirnost-forum-mladih-sdp-zurka-na-dan-stradanja-bosnjaka-u-strpcima\/#primaryimage","url":"https:\/\/sandzakpress.net\/arhiva\/wp-content\/uploads\/2015\/03\/SDP-zurka-Sjenica-620x400.jpg","contentUrl":"https:\/\/sandzakpress.net\/arhiva\/wp-content\/uploads\/2015\/03\/SDP-zurka-Sjenica-620x400.jpg","width":620,"height":400},{"@type":"BreadcrumbList","@id":"https:\/\/sandzakpress.net\/arhiva\/bezobzirnost-forum-mladih-sdp-zurka-na-dan-stradanja-bosnjaka-u-strpcima\/#breadcrumb","itemListElement":[{"@type":"ListItem","position":1,"name":"Home","item":"https:\/\/sandzakpress.net\/arhiva\/"},{"@type":"ListItem","position":2,"name":"BEZOBZIRNOST &#8211; Forum mladih SDP \u017eurka na Dan stradanja Bo\u0161njaka u \u0160trpcima"}]},{"@type":"WebSite","@id":"https:\/\/sandzakpress.net\/arhiva\/#website","url":"https:\/\/sandzakpress.net\/arhiva\/","name":"Sand\u017eak PRESS","description":"Prve elektronske novine u Sand\u017eaku","publisher":{"@id":"https:\/\/sandzakpress.net\/arhiva\/#\/schema\/person\/6e72b67d6e51910a1117b3b483ba20bd"},"potentialAction":[{"@type":"SearchAction","target":{"@type":"EntryPoint","urlTemplate":"https:\/\/sandzakpress.net\/arhiva\/?s={search_term_string}"},"query-input":{"@type":"PropertyValueSpecification","valueRequired":true,"valueName":"search_term_string"}}],"inLanguage":"bs-BA"},{"@type":["Person","Organization"],"@id":"https:\/\/sandzakpress.net\/arhiva\/#\/schema\/person\/6e72b67d6e51910a1117b3b483ba20bd","name":"Kul","image":{"@type":"ImageObject","inLanguage":"bs-BA","@id":"https:\/\/sandzakpress.net\/arhiva\/#\/schema\/person\/image\/","url":"https:\/\/secure.gravatar.com\/avatar\/42263f39aa27ac04c43cab85c280eb2e?s=96&d=mm&r=pg","contentUrl":"https:\/\/secure.gravatar.com\/avatar\/42263f39aa27ac04c43cab85c280eb2e?s=96&d=mm&r=pg","caption":"Kul"},"logo":{"@id":"https:\/\/sandzakpress.net\/arhiva\/#\/schema\/person\/image\/"}},{"@type":"Person","@id":"https:\/\/sandzakpress.net\/arhiva\/#\/schema\/person\/c8baee722073534b583ea7bdb2e36c02","name":"bosniak","image":{"@type":"ImageObject","inLanguage":"bs-BA","@id":"https:\/\/sandzakpress.net\/arhiva\/#\/schema\/person\/image\/","url":"https:\/\/secure.gravatar.com\/avatar\/a04fd330bfe3a36a72a0ad4a6d89fca7?s=96&d=mm&r=pg","contentUrl":"https:\/\/secure.gravatar.com\/avatar\/a04fd330bfe3a36a72a0ad4a6d89fca7?s=96&d=mm&r=pg","caption":"bosniak"},"url":"https:\/\/sandzakpress.net\/arhiva\/author\/bosniak\/"}]}},"_links":{"self":[{"href":"https:\/\/sandzakpress.net\/arhiva\/wp-json\/wp\/v2\/posts\/123769"}],"collection":[{"href":"https:\/\/sandzakpress.net\/arhiva\/wp-json\/wp\/v2\/posts"}],"about":[{"href":"https:\/\/sandzakpress.net\/arhiva\/wp-json\/wp\/v2\/types\/post"}],"author":[{"embeddable":true,"href":"https:\/\/sandzakpress.net\/arhiva\/wp-json\/wp\/v2\/users\/83"}],"replies":[{"embeddable":true,"href":"https:\/\/sandzakpress.net\/arhiva\/wp-json\/wp\/v2\/comments?post=123769"}],"version-history":[{"count":0,"href":"https:\/\/sandzakpress.net\/arhiva\/wp-json\/wp\/v2\/posts\/123769\/revisions"}],"wp:featuredmedia":[{"embeddable":true,"href":"https:\/\/sandzakpress.net\/arhiva\/wp-json\/wp\/v2\/media\/123770"}],"wp:attachment":[{"href":"https:\/\/sandzakpress.net\/arhiva\/wp-json\/wp\/v2\/media?parent=123769"}],"wp:term":[{"taxonomy":"category","embeddable":true,"href":"https:\/\/sandzakpress.net\/arhiva\/wp-json\/wp\/v2\/categories?post=123769"},{"taxonomy":"post_tag","embeddable":true,"href":"https:\/\/sandzakpress.net\/arhiva\/wp-json\/wp\/v2\/tags?post=123769"}],"curies":[{"name":"wp","href":"https:\/\/api.w.org\/{rel}","templated":true}]}}