{"id":123761,"date":"2015-03-01T14:09:28","date_gmt":"2015-03-01T13:09:28","guid":{"rendered":"https:\/\/sandzakpress.net\/arhiva\/?p=123761"},"modified":"2015-03-01T14:09:28","modified_gmt":"2015-03-01T13:09:28","slug":"preminuo-poznati-turski-knjizevnik-jasar-kemal","status":"publish","type":"post","link":"https:\/\/sandzakpress.net\/arhiva\/preminuo-poznati-turski-knjizevnik-jasar-kemal\/","title":{"rendered":"Preminuo poznati turski knji\u017eevnik Ja\u0161ar Kemal"},"content":{"rendered":"<p><img loading=\"lazy\" decoding=\"async\" class=\"\" src=\"http:\/\/trtworldmedia.trt.net.tr\/Files\/UploadedImages\/2384176117trt28febyasarkemalyenijpg20150228173145jpg20150228174850.jpg?width=620&amp;q=635607542409800000\" alt=\"Preminuo poznati turski knji\u017eevnik Ja\u0161ar Kemal\" width=\"598\" height=\"405\" \/><\/p>\n<p><strong>Turska &#8211; Poznati knji\u017eevnik i prvi turski kandidat za presti\u017enu Nobelovu nagradu za knji\u017eevnost Ya\u0161ar Kemal preminuo je u 92. godini.<\/strong><\/p>\n<p>Poznati knji\u017eevnik i prvi turski kandidat za presti\u017enu Nobelovu nagradu za knji\u017eevnost Ya\u0161ar Kemal preminuo je u 92. godini.<\/p>\n<p>Kemal je preminuo u bolnici medicinskog fakulteta Univerziteta u Istanbulu, gde je le\u017eao od 14. januara na Odjelu za intenzivnu negu zbog infekcije na plu\u0107ima i sr\u010dane aritmije.<\/p>\n<p>Jedno od njegovih najpoznatijih djela je &#8220;Ince Memed&#8221; iz 1955. godine, koje je prevedeno na vi\u0161e od 40 jezika i s kojim je Kemal stekao me\u0111unarodno priznanje.<br \/>\nPisao je romane, pri\u010de, kratke pri\u010de, reporta\u017ee i de\u010dije knjige.<\/p>\n<p>(trt)<\/p>\n","protected":false},"excerpt":{"rendered":"<p>Turska &#8211; Poznati knji\u017eevnik i prvi turski kandidat za presti\u017enu Nobelovu nagradu za knji\u017eevnost Ya\u0161ar Kemal preminuo je u 92. godini. Poznati knji\u017eevnik i prvi turski kandidat za presti\u017enu Nobelovu nagradu za knji\u017eevnost Ya\u0161ar Kemal preminuo je u 92. godini. Kemal je preminuo u bolnici medicinskog fakulteta Univerziteta u Istanbulu, gde je le\u017eao od 14. [&hellip;]<\/p>\n","protected":false},"author":509,"featured_media":123762,"comment_status":"open","ping_status":"open","sticky":false,"template":"","format":"standard","meta":{"footnotes":""},"categories":[9,798,2692],"tags":[],"class_list":{"0":"post-123761","1":"post","2":"type-post","3":"status-publish","4":"format-standard","5":"has-post-thumbnail","7":"category-svijet","8":"category-teme","9":"category-turska-gradovi"},"yoast_head":"<!-- This site is optimized with the Yoast SEO Premium plugin v23.1 (Yoast SEO v24.9) - https:\/\/yoast.com\/wordpress\/plugins\/seo\/ -->\n<title>Preminuo poznati turski knji\u017eevnik Ja\u0161ar Kemal<\/title>\n<meta name=\"robots\" content=\"index, follow, max-snippet:-1, max-image-preview:large, max-video-preview:-1\" \/>\n<link rel=\"canonical\" href=\"https:\/\/sandzakpress.net\/arhiva\/preminuo-poznati-turski-knjizevnik-jasar-kemal\/\" \/>\n<meta property=\"og:locale\" content=\"bs_BA\" \/>\n<meta property=\"og:type\" content=\"article\" \/>\n<meta property=\"og:title\" content=\"Preminuo poznati turski knji\u017eevnik Ja\u0161ar Kemal\" \/>\n<meta property=\"og:description\" content=\"Turska &#8211; Poznati knji\u017eevnik i prvi turski kandidat za presti\u017enu Nobelovu nagradu za knji\u017eevnost Ya\u0161ar Kemal preminuo je u 92. godini. Poznati knji\u017eevnik i prvi turski kandidat za presti\u017enu Nobelovu nagradu za knji\u017eevnost Ya\u0161ar Kemal preminuo je u 92. godini. Kemal je preminuo u bolnici medicinskog fakulteta Univerziteta u Istanbulu, gde je le\u017eao od 14. [&hellip;]\" \/>\n<meta property=\"og:url\" content=\"https:\/\/sandzakpress.net\/arhiva\/preminuo-poznati-turski-knjizevnik-jasar-kemal\/\" \/>\n<meta property=\"og:site_name\" content=\"Sand\u017eak PRESS\" \/>\n<meta property=\"article:published_time\" content=\"2015-03-01T13:09:28+00:00\" \/>\n<meta property=\"og:image\" content=\"https:\/\/sandzakpress.net\/arhiva\/wp-content\/uploads\/2015\/03\/2384176117trt28febyasarkemalyenijpg20150228173145jpg20150228174850.jpg\" \/>\n\t<meta property=\"og:image:width\" content=\"620\" \/>\n\t<meta property=\"og:image:height\" content=\"420\" \/>\n\t<meta property=\"og:image:type\" content=\"image\/jpeg\" \/>\n<meta name=\"author\" content=\"Agencija\" \/>\n<meta name=\"twitter:card\" content=\"summary_large_image\" \/>\n<meta name=\"twitter:label1\" content=\"Written by\" \/>\n\t<meta name=\"twitter:data1\" content=\"Agencija\" \/>\n\t<meta name=\"twitter:label2\" content=\"Est. reading time\" \/>\n\t<meta name=\"twitter:data2\" content=\"1 minuta\" \/>\n<script type=\"application\/ld+json\" class=\"yoast-schema-graph\">{\"@context\":\"https:\/\/schema.org\",\"@graph\":[{\"@type\":\"Article\",\"@id\":\"https:\/\/sandzakpress.net\/arhiva\/preminuo-poznati-turski-knjizevnik-jasar-kemal\/#article\",\"isPartOf\":{\"@id\":\"https:\/\/sandzakpress.net\/arhiva\/preminuo-poznati-turski-knjizevnik-jasar-kemal\/\"},\"author\":{\"name\":\"Agencija\",\"@id\":\"https:\/\/sandzakpress.net\/arhiva\/#\/schema\/person\/cb59d7e3ab91ab90dd680ad0305a6185\"},\"headline\":\"Preminuo poznati turski knji\u017eevnik Ja\u0161ar Kemal\",\"datePublished\":\"2015-03-01T13:09:28+00:00\",\"mainEntityOfPage\":{\"@id\":\"https:\/\/sandzakpress.net\/arhiva\/preminuo-poznati-turski-knjizevnik-jasar-kemal\/\"},\"wordCount\":126,\"commentCount\":2,\"publisher\":{\"@id\":\"https:\/\/sandzakpress.net\/arhiva\/#\/schema\/person\/6e72b67d6e51910a1117b3b483ba20bd\"},\"image\":{\"@id\":\"https:\/\/sandzakpress.net\/arhiva\/preminuo-poznati-turski-knjizevnik-jasar-kemal\/#primaryimage\"},\"thumbnailUrl\":\"https:\/\/sandzakpress.net\/arhiva\/wp-content\/uploads\/2015\/03\/2384176117trt28febyasarkemalyenijpg20150228173145jpg20150228174850.jpg\",\"articleSection\":[\"Svijet\",\"NAJNOVIJE\",\"Turska\"],\"inLanguage\":\"bs-BA\",\"potentialAction\":[{\"@type\":\"CommentAction\",\"name\":\"Comment\",\"target\":[\"https:\/\/sandzakpress.net\/arhiva\/preminuo-poznati-turski-knjizevnik-jasar-kemal\/#respond\"]}]},{\"@type\":\"WebPage\",\"@id\":\"https:\/\/sandzakpress.net\/arhiva\/preminuo-poznati-turski-knjizevnik-jasar-kemal\/\",\"url\":\"https:\/\/sandzakpress.net\/arhiva\/preminuo-poznati-turski-knjizevnik-jasar-kemal\/\",\"name\":\"Preminuo poznati turski knji\u017eevnik Ja\u0161ar Kemal\",\"isPartOf\":{\"@id\":\"https:\/\/sandzakpress.net\/arhiva\/#website\"},\"primaryImageOfPage\":{\"@id\":\"https:\/\/sandzakpress.net\/arhiva\/preminuo-poznati-turski-knjizevnik-jasar-kemal\/#primaryimage\"},\"image\":{\"@id\":\"https:\/\/sandzakpress.net\/arhiva\/preminuo-poznati-turski-knjizevnik-jasar-kemal\/#primaryimage\"},\"thumbnailUrl\":\"https:\/\/sandzakpress.net\/arhiva\/wp-content\/uploads\/2015\/03\/2384176117trt28febyasarkemalyenijpg20150228173145jpg20150228174850.jpg\",\"datePublished\":\"2015-03-01T13:09:28+00:00\",\"breadcrumb\":{\"@id\":\"https:\/\/sandzakpress.net\/arhiva\/preminuo-poznati-turski-knjizevnik-jasar-kemal\/#breadcrumb\"},\"inLanguage\":\"bs-BA\",\"potentialAction\":[{\"@type\":\"ReadAction\",\"target\":[\"https:\/\/sandzakpress.net\/arhiva\/preminuo-poznati-turski-knjizevnik-jasar-kemal\/\"]}]},{\"@type\":\"ImageObject\",\"inLanguage\":\"bs-BA\",\"@id\":\"https:\/\/sandzakpress.net\/arhiva\/preminuo-poznati-turski-knjizevnik-jasar-kemal\/#primaryimage\",\"url\":\"https:\/\/sandzakpress.net\/arhiva\/wp-content\/uploads\/2015\/03\/2384176117trt28febyasarkemalyenijpg20150228173145jpg20150228174850.jpg\",\"contentUrl\":\"https:\/\/sandzakpress.net\/arhiva\/wp-content\/uploads\/2015\/03\/2384176117trt28febyasarkemalyenijpg20150228173145jpg20150228174850.jpg\",\"width\":620,\"height\":420},{\"@type\":\"BreadcrumbList\",\"@id\":\"https:\/\/sandzakpress.net\/arhiva\/preminuo-poznati-turski-knjizevnik-jasar-kemal\/#breadcrumb\",\"itemListElement\":[{\"@type\":\"ListItem\",\"position\":1,\"name\":\"Home\",\"item\":\"https:\/\/sandzakpress.net\/arhiva\/\"},{\"@type\":\"ListItem\",\"position\":2,\"name\":\"Preminuo poznati turski knji\u017eevnik Ja\u0161ar Kemal\"}]},{\"@type\":\"WebSite\",\"@id\":\"https:\/\/sandzakpress.net\/arhiva\/#website\",\"url\":\"https:\/\/sandzakpress.net\/arhiva\/\",\"name\":\"Sand\u017eak PRESS\",\"description\":\"Prve elektronske novine u Sand\u017eaku\",\"publisher\":{\"@id\":\"https:\/\/sandzakpress.net\/arhiva\/#\/schema\/person\/6e72b67d6e51910a1117b3b483ba20bd\"},\"potentialAction\":[{\"@type\":\"SearchAction\",\"target\":{\"@type\":\"EntryPoint\",\"urlTemplate\":\"https:\/\/sandzakpress.net\/arhiva\/?s={search_term_string}\"},\"query-input\":{\"@type\":\"PropertyValueSpecification\",\"valueRequired\":true,\"valueName\":\"search_term_string\"}}],\"inLanguage\":\"bs-BA\"},{\"@type\":[\"Person\",\"Organization\"],\"@id\":\"https:\/\/sandzakpress.net\/arhiva\/#\/schema\/person\/6e72b67d6e51910a1117b3b483ba20bd\",\"name\":\"Kul\",\"image\":{\"@type\":\"ImageObject\",\"inLanguage\":\"bs-BA\",\"@id\":\"https:\/\/sandzakpress.net\/arhiva\/#\/schema\/person\/image\/\",\"url\":\"https:\/\/secure.gravatar.com\/avatar\/42263f39aa27ac04c43cab85c280eb2e?s=96&d=mm&r=pg\",\"contentUrl\":\"https:\/\/secure.gravatar.com\/avatar\/42263f39aa27ac04c43cab85c280eb2e?s=96&d=mm&r=pg\",\"caption\":\"Kul\"},\"logo\":{\"@id\":\"https:\/\/sandzakpress.net\/arhiva\/#\/schema\/person\/image\/\"}},{\"@type\":\"Person\",\"@id\":\"https:\/\/sandzakpress.net\/arhiva\/#\/schema\/person\/cb59d7e3ab91ab90dd680ad0305a6185\",\"name\":\"Agencija\",\"image\":{\"@type\":\"ImageObject\",\"inLanguage\":\"bs-BA\",\"@id\":\"https:\/\/sandzakpress.net\/arhiva\/#\/schema\/person\/image\/\",\"url\":\"https:\/\/secure.gravatar.com\/avatar\/4b7fafa80a22f0c2afe23966b3961fe0?s=96&d=mm&r=pg\",\"contentUrl\":\"https:\/\/secure.gravatar.com\/avatar\/4b7fafa80a22f0c2afe23966b3961fe0?s=96&d=mm&r=pg\",\"caption\":\"Agencija\"},\"url\":\"https:\/\/sandzakpress.net\/arhiva\/author\/agencija\/\"}]}<\/script>\n<!-- \/ Yoast SEO Premium plugin. -->","yoast_head_json":{"title":"Preminuo poznati turski knji\u017eevnik Ja\u0161ar Kemal","robots":{"index":"index","follow":"follow","max-snippet":"max-snippet:-1","max-image-preview":"max-image-preview:large","max-video-preview":"max-video-preview:-1"},"canonical":"https:\/\/sandzakpress.net\/arhiva\/preminuo-poznati-turski-knjizevnik-jasar-kemal\/","og_locale":"bs_BA","og_type":"article","og_title":"Preminuo poznati turski knji\u017eevnik Ja\u0161ar Kemal","og_description":"Turska &#8211; Poznati knji\u017eevnik i prvi turski kandidat za presti\u017enu Nobelovu nagradu za knji\u017eevnost Ya\u0161ar Kemal preminuo je u 92. godini. Poznati knji\u017eevnik i prvi turski kandidat za presti\u017enu Nobelovu nagradu za knji\u017eevnost Ya\u0161ar Kemal preminuo je u 92. godini. Kemal je preminuo u bolnici medicinskog fakulteta Univerziteta u Istanbulu, gde je le\u017eao od 14. [&hellip;]","og_url":"https:\/\/sandzakpress.net\/arhiva\/preminuo-poznati-turski-knjizevnik-jasar-kemal\/","og_site_name":"Sand\u017eak PRESS","article_published_time":"2015-03-01T13:09:28+00:00","og_image":[{"width":620,"height":420,"url":"https:\/\/sandzakpress.net\/arhiva\/wp-content\/uploads\/2015\/03\/2384176117trt28febyasarkemalyenijpg20150228173145jpg20150228174850.jpg","type":"image\/jpeg"}],"author":"Agencija","twitter_card":"summary_large_image","twitter_misc":{"Written by":"Agencija","Est. reading time":"1 minuta"},"schema":{"@context":"https:\/\/schema.org","@graph":[{"@type":"Article","@id":"https:\/\/sandzakpress.net\/arhiva\/preminuo-poznati-turski-knjizevnik-jasar-kemal\/#article","isPartOf":{"@id":"https:\/\/sandzakpress.net\/arhiva\/preminuo-poznati-turski-knjizevnik-jasar-kemal\/"},"author":{"name":"Agencija","@id":"https:\/\/sandzakpress.net\/arhiva\/#\/schema\/person\/cb59d7e3ab91ab90dd680ad0305a6185"},"headline":"Preminuo poznati turski knji\u017eevnik Ja\u0161ar Kemal","datePublished":"2015-03-01T13:09:28+00:00","mainEntityOfPage":{"@id":"https:\/\/sandzakpress.net\/arhiva\/preminuo-poznati-turski-knjizevnik-jasar-kemal\/"},"wordCount":126,"commentCount":2,"publisher":{"@id":"https:\/\/sandzakpress.net\/arhiva\/#\/schema\/person\/6e72b67d6e51910a1117b3b483ba20bd"},"image":{"@id":"https:\/\/sandzakpress.net\/arhiva\/preminuo-poznati-turski-knjizevnik-jasar-kemal\/#primaryimage"},"thumbnailUrl":"https:\/\/sandzakpress.net\/arhiva\/wp-content\/uploads\/2015\/03\/2384176117trt28febyasarkemalyenijpg20150228173145jpg20150228174850.jpg","articleSection":["Svijet","NAJNOVIJE","Turska"],"inLanguage":"bs-BA","potentialAction":[{"@type":"CommentAction","name":"Comment","target":["https:\/\/sandzakpress.net\/arhiva\/preminuo-poznati-turski-knjizevnik-jasar-kemal\/#respond"]}]},{"@type":"WebPage","@id":"https:\/\/sandzakpress.net\/arhiva\/preminuo-poznati-turski-knjizevnik-jasar-kemal\/","url":"https:\/\/sandzakpress.net\/arhiva\/preminuo-poznati-turski-knjizevnik-jasar-kemal\/","name":"Preminuo poznati turski knji\u017eevnik Ja\u0161ar Kemal","isPartOf":{"@id":"https:\/\/sandzakpress.net\/arhiva\/#website"},"primaryImageOfPage":{"@id":"https:\/\/sandzakpress.net\/arhiva\/preminuo-poznati-turski-knjizevnik-jasar-kemal\/#primaryimage"},"image":{"@id":"https:\/\/sandzakpress.net\/arhiva\/preminuo-poznati-turski-knjizevnik-jasar-kemal\/#primaryimage"},"thumbnailUrl":"https:\/\/sandzakpress.net\/arhiva\/wp-content\/uploads\/2015\/03\/2384176117trt28febyasarkemalyenijpg20150228173145jpg20150228174850.jpg","datePublished":"2015-03-01T13:09:28+00:00","breadcrumb":{"@id":"https:\/\/sandzakpress.net\/arhiva\/preminuo-poznati-turski-knjizevnik-jasar-kemal\/#breadcrumb"},"inLanguage":"bs-BA","potentialAction":[{"@type":"ReadAction","target":["https:\/\/sandzakpress.net\/arhiva\/preminuo-poznati-turski-knjizevnik-jasar-kemal\/"]}]},{"@type":"ImageObject","inLanguage":"bs-BA","@id":"https:\/\/sandzakpress.net\/arhiva\/preminuo-poznati-turski-knjizevnik-jasar-kemal\/#primaryimage","url":"https:\/\/sandzakpress.net\/arhiva\/wp-content\/uploads\/2015\/03\/2384176117trt28febyasarkemalyenijpg20150228173145jpg20150228174850.jpg","contentUrl":"https:\/\/sandzakpress.net\/arhiva\/wp-content\/uploads\/2015\/03\/2384176117trt28febyasarkemalyenijpg20150228173145jpg20150228174850.jpg","width":620,"height":420},{"@type":"BreadcrumbList","@id":"https:\/\/sandzakpress.net\/arhiva\/preminuo-poznati-turski-knjizevnik-jasar-kemal\/#breadcrumb","itemListElement":[{"@type":"ListItem","position":1,"name":"Home","item":"https:\/\/sandzakpress.net\/arhiva\/"},{"@type":"ListItem","position":2,"name":"Preminuo poznati turski knji\u017eevnik Ja\u0161ar Kemal"}]},{"@type":"WebSite","@id":"https:\/\/sandzakpress.net\/arhiva\/#website","url":"https:\/\/sandzakpress.net\/arhiva\/","name":"Sand\u017eak PRESS","description":"Prve elektronske novine u Sand\u017eaku","publisher":{"@id":"https:\/\/sandzakpress.net\/arhiva\/#\/schema\/person\/6e72b67d6e51910a1117b3b483ba20bd"},"potentialAction":[{"@type":"SearchAction","target":{"@type":"EntryPoint","urlTemplate":"https:\/\/sandzakpress.net\/arhiva\/?s={search_term_string}"},"query-input":{"@type":"PropertyValueSpecification","valueRequired":true,"valueName":"search_term_string"}}],"inLanguage":"bs-BA"},{"@type":["Person","Organization"],"@id":"https:\/\/sandzakpress.net\/arhiva\/#\/schema\/person\/6e72b67d6e51910a1117b3b483ba20bd","name":"Kul","image":{"@type":"ImageObject","inLanguage":"bs-BA","@id":"https:\/\/sandzakpress.net\/arhiva\/#\/schema\/person\/image\/","url":"https:\/\/secure.gravatar.com\/avatar\/42263f39aa27ac04c43cab85c280eb2e?s=96&d=mm&r=pg","contentUrl":"https:\/\/secure.gravatar.com\/avatar\/42263f39aa27ac04c43cab85c280eb2e?s=96&d=mm&r=pg","caption":"Kul"},"logo":{"@id":"https:\/\/sandzakpress.net\/arhiva\/#\/schema\/person\/image\/"}},{"@type":"Person","@id":"https:\/\/sandzakpress.net\/arhiva\/#\/schema\/person\/cb59d7e3ab91ab90dd680ad0305a6185","name":"Agencija","image":{"@type":"ImageObject","inLanguage":"bs-BA","@id":"https:\/\/sandzakpress.net\/arhiva\/#\/schema\/person\/image\/","url":"https:\/\/secure.gravatar.com\/avatar\/4b7fafa80a22f0c2afe23966b3961fe0?s=96&d=mm&r=pg","contentUrl":"https:\/\/secure.gravatar.com\/avatar\/4b7fafa80a22f0c2afe23966b3961fe0?s=96&d=mm&r=pg","caption":"Agencija"},"url":"https:\/\/sandzakpress.net\/arhiva\/author\/agencija\/"}]}},"_links":{"self":[{"href":"https:\/\/sandzakpress.net\/arhiva\/wp-json\/wp\/v2\/posts\/123761"}],"collection":[{"href":"https:\/\/sandzakpress.net\/arhiva\/wp-json\/wp\/v2\/posts"}],"about":[{"href":"https:\/\/sandzakpress.net\/arhiva\/wp-json\/wp\/v2\/types\/post"}],"author":[{"embeddable":true,"href":"https:\/\/sandzakpress.net\/arhiva\/wp-json\/wp\/v2\/users\/509"}],"replies":[{"embeddable":true,"href":"https:\/\/sandzakpress.net\/arhiva\/wp-json\/wp\/v2\/comments?post=123761"}],"version-history":[{"count":0,"href":"https:\/\/sandzakpress.net\/arhiva\/wp-json\/wp\/v2\/posts\/123761\/revisions"}],"wp:featuredmedia":[{"embeddable":true,"href":"https:\/\/sandzakpress.net\/arhiva\/wp-json\/wp\/v2\/media\/123762"}],"wp:attachment":[{"href":"https:\/\/sandzakpress.net\/arhiva\/wp-json\/wp\/v2\/media?parent=123761"}],"wp:term":[{"taxonomy":"category","embeddable":true,"href":"https:\/\/sandzakpress.net\/arhiva\/wp-json\/wp\/v2\/categories?post=123761"},{"taxonomy":"post_tag","embeddable":true,"href":"https:\/\/sandzakpress.net\/arhiva\/wp-json\/wp\/v2\/tags?post=123761"}],"curies":[{"name":"wp","href":"https:\/\/api.w.org\/{rel}","templated":true}]}}