{"id":123709,"date":"2015-02-28T18:17:16","date_gmt":"2015-02-28T17:17:16","guid":{"rendered":"https:\/\/sandzakpress.net\/arhiva\/?p=123709"},"modified":"2015-02-28T18:17:16","modified_gmt":"2015-02-28T17:17:16","slug":"sprijeceno-postrojavanje-stranacke-vojske-ahsp-a","status":"publish","type":"post","link":"https:\/\/sandzakpress.net\/arhiva\/sprijeceno-postrojavanje-stranacke-vojske-ahsp-a\/","title":{"rendered":"Sprije\u010deno postrojavanje strana\u010dke vojske AHSP-a"},"content":{"rendered":"<p><strong>Hrvatska &#8211; U Zagrebu je onemogu\u0107eno postrojavanje vojske Autohtone &#8211; Hrvatske stranke prava, a njen predsjednik je priveden.<\/strong><\/p>\n<div class=\"youtube-embed\" data-video_id=\"VNVN5VSkqis\"><iframe loading=\"lazy\" title=\"Propalo postrojavanje strana\u010dke vojske A-HSP-a\" width=\"696\" height=\"392\" src=\"https:\/\/www.youtube.com\/embed\/VNVN5VSkqis?feature=oembed&#038;enablejsapi=1\" frameborder=\"0\" allow=\"accelerometer; autoplay; encrypted-media; gyroscope; picture-in-picture\" allowfullscreen><\/iframe><\/div>\n<p>Ni u sredi\u0161tu Zagreba, ni na grobu Ante Star\u010devi\u0107a, plan Autohtone &#8211; Hrvatske stranke prava (AHSP) da postroje i daju zakletvu strana\u010dkoj vojsci &#8211; nije uspio. Okupilo ih se tek dvadesetak, a predsjednika stranke Dra\u017eena Keleminca i jo\u0161 \u010detiri \u010dlana policija je privela u slu\u017ebene prostorije.<\/p>\n<p>Keleminec je postrojavanje, ina\u010de, nedavno najavio u Koprivnici, nakon \u0161to je otpjevao usta\u0161ku pjesmu &#8220;Evo zore, evo dana.&#8221;<\/p>\n<p>\u201eOn je uhi\u0107en, ja ne znam, vjerojatno u putu dovdje. Ovdje nitko nije usta\u0161a, ovdje smo svi domoljubi. Mi nismo htjeli nikoga napasti, nego smo se jednostavno htjeli ovaj postrojiti na Trgu bana Jela\u010di\u0107a&#8221;, rekao je Al Jazeeri Zoran Marekovi\u0107, komandant strana\u010dke vojske AHSP-a.<\/p>\n<p><strong>Kontra poruke<\/strong><\/p>\n<p>Ministar unutarnjih poslova takav je skup u centru Zagreba zabranio, zbog, kako je naveo, mogu\u0107eg uznemiravanja ve\u0107eg broja gra\u0111ana.<\/p>\n<p>No na Trgu bana Jela\u010di\u0107a odr\u017eao se kontraskup. Oko dvije stotine \u010dlanova inicijative Ujedinjeni protiv fa\u0161izma, ka\u017eu, do\u0161li su di\u0107i glas protiv mr\u017enje i netolerancije.<\/p>\n<p>&#8220;Ovo je kontraporuka njima, da. Dakle, ovdje su se skupili ljudi, pretpostavljam koji su protiv svakog oblika usta\u0161tva, \u010detni\u0161tva, nacizma, fa\u0161izma. Tako da mislim da je to dobar pokazatelj da ljudi su gra\u0111ani, da su protiv takvog postrojavanja &#8220;, ka\u017ee Nata\u0161a Jovi\u010di\u0107, direktorica Javne ustanove Spomen-podru\u010dje Jasenovac.<\/p>\n<p>Ipak, protestni skup su \u010duvale jake policijske snage, a zbog dobacivanja i alkoholiziranog stanja privedeno je dvoje gra\u0111ana.<\/p>\n<p>(Al Jazeera)<\/p>\n","protected":false},"excerpt":{"rendered":"<p>Hrvatska &#8211; U Zagrebu je onemogu\u0107eno postrojavanje vojske Autohtone &#8211; Hrvatske stranke prava, a njen predsjednik je priveden. Ni u sredi\u0161tu Zagreba, ni na grobu Ante Star\u010devi\u0107a, plan Autohtone &#8211; Hrvatske stranke prava (AHSP) da postroje i daju zakletvu strana\u010dkoj vojsci &#8211; nije uspio. Okupilo ih se tek dvadesetak, a predsjednika stranke Dra\u017eena Keleminca i [&hellip;]<\/p>\n","protected":false},"author":509,"featured_media":123710,"comment_status":"open","ping_status":"open","sticky":false,"template":"","format":"standard","meta":{"footnotes":""},"categories":[10306,5,798],"tags":[],"class_list":{"0":"post-123709","1":"post","2":"type-post","3":"status-publish","4":"format-standard","5":"has-post-thumbnail","7":"category-hrvatska","8":"category-drustvo","9":"category-teme"},"yoast_head":"<!-- This site is optimized with the Yoast SEO Premium plugin v23.1 (Yoast SEO v24.9) - https:\/\/yoast.com\/wordpress\/plugins\/seo\/ -->\n<title>Sprije\u010deno postrojavanje strana\u010dke vojske AHSP-a<\/title>\n<meta name=\"robots\" content=\"index, follow, max-snippet:-1, max-image-preview:large, max-video-preview:-1\" \/>\n<link rel=\"canonical\" href=\"https:\/\/sandzakpress.net\/arhiva\/sprijeceno-postrojavanje-stranacke-vojske-ahsp-a\/\" \/>\n<meta property=\"og:locale\" content=\"bs_BA\" \/>\n<meta property=\"og:type\" content=\"article\" \/>\n<meta property=\"og:title\" content=\"Sprije\u010deno postrojavanje strana\u010dke vojske AHSP-a\" \/>\n<meta property=\"og:description\" content=\"Hrvatska &#8211; U Zagrebu je onemogu\u0107eno postrojavanje vojske Autohtone &#8211; Hrvatske stranke prava, a njen predsjednik je priveden. Ni u sredi\u0161tu Zagreba, ni na grobu Ante Star\u010devi\u0107a, plan Autohtone &#8211; Hrvatske stranke prava (AHSP) da postroje i daju zakletvu strana\u010dkoj vojsci &#8211; nije uspio. Okupilo ih se tek dvadesetak, a predsjednika stranke Dra\u017eena Keleminca i [&hellip;]\" \/>\n<meta property=\"og:url\" content=\"https:\/\/sandzakpress.net\/arhiva\/sprijeceno-postrojavanje-stranacke-vojske-ahsp-a\/\" \/>\n<meta property=\"og:site_name\" content=\"Sand\u017eak PRESS\" \/>\n<meta property=\"article:published_time\" content=\"2015-02-28T17:17:16+00:00\" \/>\n<meta property=\"og:image\" content=\"https:\/\/sandzakpress.net\/arhiva\/wp-content\/uploads\/2015\/02\/0116.jpg\" \/>\n\t<meta property=\"og:image:width\" content=\"480\" \/>\n\t<meta property=\"og:image:height\" content=\"360\" \/>\n\t<meta property=\"og:image:type\" content=\"image\/jpeg\" \/>\n<meta name=\"author\" content=\"Agencija\" \/>\n<meta name=\"twitter:card\" content=\"summary_large_image\" \/>\n<meta name=\"twitter:label1\" content=\"Written by\" \/>\n\t<meta name=\"twitter:data1\" content=\"Agencija\" \/>\n\t<meta name=\"twitter:label2\" content=\"Est. reading time\" \/>\n\t<meta name=\"twitter:data2\" content=\"1 minuta\" \/>\n<script type=\"application\/ld+json\" class=\"yoast-schema-graph\">{\"@context\":\"https:\/\/schema.org\",\"@graph\":[{\"@type\":\"Article\",\"@id\":\"https:\/\/sandzakpress.net\/arhiva\/sprijeceno-postrojavanje-stranacke-vojske-ahsp-a\/#article\",\"isPartOf\":{\"@id\":\"https:\/\/sandzakpress.net\/arhiva\/sprijeceno-postrojavanje-stranacke-vojske-ahsp-a\/\"},\"author\":{\"name\":\"Agencija\",\"@id\":\"https:\/\/sandzakpress.net\/arhiva\/#\/schema\/person\/cb59d7e3ab91ab90dd680ad0305a6185\"},\"headline\":\"Sprije\u010deno postrojavanje strana\u010dke vojske AHSP-a\",\"datePublished\":\"2015-02-28T17:17:16+00:00\",\"mainEntityOfPage\":{\"@id\":\"https:\/\/sandzakpress.net\/arhiva\/sprijeceno-postrojavanje-stranacke-vojske-ahsp-a\/\"},\"wordCount\":287,\"commentCount\":0,\"publisher\":{\"@id\":\"https:\/\/sandzakpress.net\/arhiva\/#\/schema\/person\/6e72b67d6e51910a1117b3b483ba20bd\"},\"image\":{\"@id\":\"https:\/\/sandzakpress.net\/arhiva\/sprijeceno-postrojavanje-stranacke-vojske-ahsp-a\/#primaryimage\"},\"thumbnailUrl\":\"https:\/\/sandzakpress.net\/arhiva\/wp-content\/uploads\/2015\/02\/0116.jpg\",\"articleSection\":[\"Hrvatska\",\"Dru\u0161tvo\",\"NAJNOVIJE\"],\"inLanguage\":\"bs-BA\",\"potentialAction\":[{\"@type\":\"CommentAction\",\"name\":\"Comment\",\"target\":[\"https:\/\/sandzakpress.net\/arhiva\/sprijeceno-postrojavanje-stranacke-vojske-ahsp-a\/#respond\"]}]},{\"@type\":\"WebPage\",\"@id\":\"https:\/\/sandzakpress.net\/arhiva\/sprijeceno-postrojavanje-stranacke-vojske-ahsp-a\/\",\"url\":\"https:\/\/sandzakpress.net\/arhiva\/sprijeceno-postrojavanje-stranacke-vojske-ahsp-a\/\",\"name\":\"Sprije\u010deno postrojavanje strana\u010dke vojske AHSP-a\",\"isPartOf\":{\"@id\":\"https:\/\/sandzakpress.net\/arhiva\/#website\"},\"primaryImageOfPage\":{\"@id\":\"https:\/\/sandzakpress.net\/arhiva\/sprijeceno-postrojavanje-stranacke-vojske-ahsp-a\/#primaryimage\"},\"image\":{\"@id\":\"https:\/\/sandzakpress.net\/arhiva\/sprijeceno-postrojavanje-stranacke-vojske-ahsp-a\/#primaryimage\"},\"thumbnailUrl\":\"https:\/\/sandzakpress.net\/arhiva\/wp-content\/uploads\/2015\/02\/0116.jpg\",\"datePublished\":\"2015-02-28T17:17:16+00:00\",\"breadcrumb\":{\"@id\":\"https:\/\/sandzakpress.net\/arhiva\/sprijeceno-postrojavanje-stranacke-vojske-ahsp-a\/#breadcrumb\"},\"inLanguage\":\"bs-BA\",\"potentialAction\":[{\"@type\":\"ReadAction\",\"target\":[\"https:\/\/sandzakpress.net\/arhiva\/sprijeceno-postrojavanje-stranacke-vojske-ahsp-a\/\"]}]},{\"@type\":\"ImageObject\",\"inLanguage\":\"bs-BA\",\"@id\":\"https:\/\/sandzakpress.net\/arhiva\/sprijeceno-postrojavanje-stranacke-vojske-ahsp-a\/#primaryimage\",\"url\":\"https:\/\/sandzakpress.net\/arhiva\/wp-content\/uploads\/2015\/02\/0116.jpg\",\"contentUrl\":\"https:\/\/sandzakpress.net\/arhiva\/wp-content\/uploads\/2015\/02\/0116.jpg\",\"width\":480,\"height\":360},{\"@type\":\"BreadcrumbList\",\"@id\":\"https:\/\/sandzakpress.net\/arhiva\/sprijeceno-postrojavanje-stranacke-vojske-ahsp-a\/#breadcrumb\",\"itemListElement\":[{\"@type\":\"ListItem\",\"position\":1,\"name\":\"Home\",\"item\":\"https:\/\/sandzakpress.net\/arhiva\/\"},{\"@type\":\"ListItem\",\"position\":2,\"name\":\"Sprije\u010deno postrojavanje strana\u010dke vojske AHSP-a\"}]},{\"@type\":\"WebSite\",\"@id\":\"https:\/\/sandzakpress.net\/arhiva\/#website\",\"url\":\"https:\/\/sandzakpress.net\/arhiva\/\",\"name\":\"Sand\u017eak PRESS\",\"description\":\"Prve elektronske novine u Sand\u017eaku\",\"publisher\":{\"@id\":\"https:\/\/sandzakpress.net\/arhiva\/#\/schema\/person\/6e72b67d6e51910a1117b3b483ba20bd\"},\"potentialAction\":[{\"@type\":\"SearchAction\",\"target\":{\"@type\":\"EntryPoint\",\"urlTemplate\":\"https:\/\/sandzakpress.net\/arhiva\/?s={search_term_string}\"},\"query-input\":{\"@type\":\"PropertyValueSpecification\",\"valueRequired\":true,\"valueName\":\"search_term_string\"}}],\"inLanguage\":\"bs-BA\"},{\"@type\":[\"Person\",\"Organization\"],\"@id\":\"https:\/\/sandzakpress.net\/arhiva\/#\/schema\/person\/6e72b67d6e51910a1117b3b483ba20bd\",\"name\":\"Kul\",\"image\":{\"@type\":\"ImageObject\",\"inLanguage\":\"bs-BA\",\"@id\":\"https:\/\/sandzakpress.net\/arhiva\/#\/schema\/person\/image\/\",\"url\":\"https:\/\/secure.gravatar.com\/avatar\/42263f39aa27ac04c43cab85c280eb2e?s=96&d=mm&r=pg\",\"contentUrl\":\"https:\/\/secure.gravatar.com\/avatar\/42263f39aa27ac04c43cab85c280eb2e?s=96&d=mm&r=pg\",\"caption\":\"Kul\"},\"logo\":{\"@id\":\"https:\/\/sandzakpress.net\/arhiva\/#\/schema\/person\/image\/\"}},{\"@type\":\"Person\",\"@id\":\"https:\/\/sandzakpress.net\/arhiva\/#\/schema\/person\/cb59d7e3ab91ab90dd680ad0305a6185\",\"name\":\"Agencija\",\"image\":{\"@type\":\"ImageObject\",\"inLanguage\":\"bs-BA\",\"@id\":\"https:\/\/sandzakpress.net\/arhiva\/#\/schema\/person\/image\/\",\"url\":\"https:\/\/secure.gravatar.com\/avatar\/4b7fafa80a22f0c2afe23966b3961fe0?s=96&d=mm&r=pg\",\"contentUrl\":\"https:\/\/secure.gravatar.com\/avatar\/4b7fafa80a22f0c2afe23966b3961fe0?s=96&d=mm&r=pg\",\"caption\":\"Agencija\"},\"url\":\"https:\/\/sandzakpress.net\/arhiva\/author\/agencija\/\"}]}<\/script>\n<!-- \/ Yoast SEO Premium plugin. -->","yoast_head_json":{"title":"Sprije\u010deno postrojavanje strana\u010dke vojske AHSP-a","robots":{"index":"index","follow":"follow","max-snippet":"max-snippet:-1","max-image-preview":"max-image-preview:large","max-video-preview":"max-video-preview:-1"},"canonical":"https:\/\/sandzakpress.net\/arhiva\/sprijeceno-postrojavanje-stranacke-vojske-ahsp-a\/","og_locale":"bs_BA","og_type":"article","og_title":"Sprije\u010deno postrojavanje strana\u010dke vojske AHSP-a","og_description":"Hrvatska &#8211; U Zagrebu je onemogu\u0107eno postrojavanje vojske Autohtone &#8211; Hrvatske stranke prava, a njen predsjednik je priveden. Ni u sredi\u0161tu Zagreba, ni na grobu Ante Star\u010devi\u0107a, plan Autohtone &#8211; Hrvatske stranke prava (AHSP) da postroje i daju zakletvu strana\u010dkoj vojsci &#8211; nije uspio. Okupilo ih se tek dvadesetak, a predsjednika stranke Dra\u017eena Keleminca i [&hellip;]","og_url":"https:\/\/sandzakpress.net\/arhiva\/sprijeceno-postrojavanje-stranacke-vojske-ahsp-a\/","og_site_name":"Sand\u017eak PRESS","article_published_time":"2015-02-28T17:17:16+00:00","og_image":[{"width":480,"height":360,"url":"https:\/\/sandzakpress.net\/arhiva\/wp-content\/uploads\/2015\/02\/0116.jpg","type":"image\/jpeg"}],"author":"Agencija","twitter_card":"summary_large_image","twitter_misc":{"Written by":"Agencija","Est. reading time":"1 minuta"},"schema":{"@context":"https:\/\/schema.org","@graph":[{"@type":"Article","@id":"https:\/\/sandzakpress.net\/arhiva\/sprijeceno-postrojavanje-stranacke-vojske-ahsp-a\/#article","isPartOf":{"@id":"https:\/\/sandzakpress.net\/arhiva\/sprijeceno-postrojavanje-stranacke-vojske-ahsp-a\/"},"author":{"name":"Agencija","@id":"https:\/\/sandzakpress.net\/arhiva\/#\/schema\/person\/cb59d7e3ab91ab90dd680ad0305a6185"},"headline":"Sprije\u010deno postrojavanje strana\u010dke vojske AHSP-a","datePublished":"2015-02-28T17:17:16+00:00","mainEntityOfPage":{"@id":"https:\/\/sandzakpress.net\/arhiva\/sprijeceno-postrojavanje-stranacke-vojske-ahsp-a\/"},"wordCount":287,"commentCount":0,"publisher":{"@id":"https:\/\/sandzakpress.net\/arhiva\/#\/schema\/person\/6e72b67d6e51910a1117b3b483ba20bd"},"image":{"@id":"https:\/\/sandzakpress.net\/arhiva\/sprijeceno-postrojavanje-stranacke-vojske-ahsp-a\/#primaryimage"},"thumbnailUrl":"https:\/\/sandzakpress.net\/arhiva\/wp-content\/uploads\/2015\/02\/0116.jpg","articleSection":["Hrvatska","Dru\u0161tvo","NAJNOVIJE"],"inLanguage":"bs-BA","potentialAction":[{"@type":"CommentAction","name":"Comment","target":["https:\/\/sandzakpress.net\/arhiva\/sprijeceno-postrojavanje-stranacke-vojske-ahsp-a\/#respond"]}]},{"@type":"WebPage","@id":"https:\/\/sandzakpress.net\/arhiva\/sprijeceno-postrojavanje-stranacke-vojske-ahsp-a\/","url":"https:\/\/sandzakpress.net\/arhiva\/sprijeceno-postrojavanje-stranacke-vojske-ahsp-a\/","name":"Sprije\u010deno postrojavanje strana\u010dke vojske AHSP-a","isPartOf":{"@id":"https:\/\/sandzakpress.net\/arhiva\/#website"},"primaryImageOfPage":{"@id":"https:\/\/sandzakpress.net\/arhiva\/sprijeceno-postrojavanje-stranacke-vojske-ahsp-a\/#primaryimage"},"image":{"@id":"https:\/\/sandzakpress.net\/arhiva\/sprijeceno-postrojavanje-stranacke-vojske-ahsp-a\/#primaryimage"},"thumbnailUrl":"https:\/\/sandzakpress.net\/arhiva\/wp-content\/uploads\/2015\/02\/0116.jpg","datePublished":"2015-02-28T17:17:16+00:00","breadcrumb":{"@id":"https:\/\/sandzakpress.net\/arhiva\/sprijeceno-postrojavanje-stranacke-vojske-ahsp-a\/#breadcrumb"},"inLanguage":"bs-BA","potentialAction":[{"@type":"ReadAction","target":["https:\/\/sandzakpress.net\/arhiva\/sprijeceno-postrojavanje-stranacke-vojske-ahsp-a\/"]}]},{"@type":"ImageObject","inLanguage":"bs-BA","@id":"https:\/\/sandzakpress.net\/arhiva\/sprijeceno-postrojavanje-stranacke-vojske-ahsp-a\/#primaryimage","url":"https:\/\/sandzakpress.net\/arhiva\/wp-content\/uploads\/2015\/02\/0116.jpg","contentUrl":"https:\/\/sandzakpress.net\/arhiva\/wp-content\/uploads\/2015\/02\/0116.jpg","width":480,"height":360},{"@type":"BreadcrumbList","@id":"https:\/\/sandzakpress.net\/arhiva\/sprijeceno-postrojavanje-stranacke-vojske-ahsp-a\/#breadcrumb","itemListElement":[{"@type":"ListItem","position":1,"name":"Home","item":"https:\/\/sandzakpress.net\/arhiva\/"},{"@type":"ListItem","position":2,"name":"Sprije\u010deno postrojavanje strana\u010dke vojske AHSP-a"}]},{"@type":"WebSite","@id":"https:\/\/sandzakpress.net\/arhiva\/#website","url":"https:\/\/sandzakpress.net\/arhiva\/","name":"Sand\u017eak PRESS","description":"Prve elektronske novine u Sand\u017eaku","publisher":{"@id":"https:\/\/sandzakpress.net\/arhiva\/#\/schema\/person\/6e72b67d6e51910a1117b3b483ba20bd"},"potentialAction":[{"@type":"SearchAction","target":{"@type":"EntryPoint","urlTemplate":"https:\/\/sandzakpress.net\/arhiva\/?s={search_term_string}"},"query-input":{"@type":"PropertyValueSpecification","valueRequired":true,"valueName":"search_term_string"}}],"inLanguage":"bs-BA"},{"@type":["Person","Organization"],"@id":"https:\/\/sandzakpress.net\/arhiva\/#\/schema\/person\/6e72b67d6e51910a1117b3b483ba20bd","name":"Kul","image":{"@type":"ImageObject","inLanguage":"bs-BA","@id":"https:\/\/sandzakpress.net\/arhiva\/#\/schema\/person\/image\/","url":"https:\/\/secure.gravatar.com\/avatar\/42263f39aa27ac04c43cab85c280eb2e?s=96&d=mm&r=pg","contentUrl":"https:\/\/secure.gravatar.com\/avatar\/42263f39aa27ac04c43cab85c280eb2e?s=96&d=mm&r=pg","caption":"Kul"},"logo":{"@id":"https:\/\/sandzakpress.net\/arhiva\/#\/schema\/person\/image\/"}},{"@type":"Person","@id":"https:\/\/sandzakpress.net\/arhiva\/#\/schema\/person\/cb59d7e3ab91ab90dd680ad0305a6185","name":"Agencija","image":{"@type":"ImageObject","inLanguage":"bs-BA","@id":"https:\/\/sandzakpress.net\/arhiva\/#\/schema\/person\/image\/","url":"https:\/\/secure.gravatar.com\/avatar\/4b7fafa80a22f0c2afe23966b3961fe0?s=96&d=mm&r=pg","contentUrl":"https:\/\/secure.gravatar.com\/avatar\/4b7fafa80a22f0c2afe23966b3961fe0?s=96&d=mm&r=pg","caption":"Agencija"},"url":"https:\/\/sandzakpress.net\/arhiva\/author\/agencija\/"}]}},"_links":{"self":[{"href":"https:\/\/sandzakpress.net\/arhiva\/wp-json\/wp\/v2\/posts\/123709"}],"collection":[{"href":"https:\/\/sandzakpress.net\/arhiva\/wp-json\/wp\/v2\/posts"}],"about":[{"href":"https:\/\/sandzakpress.net\/arhiva\/wp-json\/wp\/v2\/types\/post"}],"author":[{"embeddable":true,"href":"https:\/\/sandzakpress.net\/arhiva\/wp-json\/wp\/v2\/users\/509"}],"replies":[{"embeddable":true,"href":"https:\/\/sandzakpress.net\/arhiva\/wp-json\/wp\/v2\/comments?post=123709"}],"version-history":[{"count":0,"href":"https:\/\/sandzakpress.net\/arhiva\/wp-json\/wp\/v2\/posts\/123709\/revisions"}],"wp:featuredmedia":[{"embeddable":true,"href":"https:\/\/sandzakpress.net\/arhiva\/wp-json\/wp\/v2\/media\/123710"}],"wp:attachment":[{"href":"https:\/\/sandzakpress.net\/arhiva\/wp-json\/wp\/v2\/media?parent=123709"}],"wp:term":[{"taxonomy":"category","embeddable":true,"href":"https:\/\/sandzakpress.net\/arhiva\/wp-json\/wp\/v2\/categories?post=123709"},{"taxonomy":"post_tag","embeddable":true,"href":"https:\/\/sandzakpress.net\/arhiva\/wp-json\/wp\/v2\/tags?post=123709"}],"curies":[{"name":"wp","href":"https:\/\/api.w.org\/{rel}","templated":true}]}}