{"id":123683,"date":"2015-02-28T11:17:01","date_gmt":"2015-02-28T10:17:01","guid":{"rendered":"https:\/\/sandzakpress.net\/arhiva\/?p=123683"},"modified":"2015-02-28T11:17:01","modified_gmt":"2015-02-28T10:17:01","slug":"zalosno-ugljanin-i-ljajic-nikada-nisu-prisustvovali-obiljezavanju-zlocina-u-strpcima","status":"publish","type":"post","link":"https:\/\/sandzakpress.net\/arhiva\/zalosno-ugljanin-i-ljajic-nikada-nisu-prisustvovali-obiljezavanju-zlocina-u-strpcima\/","title":{"rendered":"\u017dALOSNO &#8211; Ugljanin i Ljaji\u0107 nikada nisu prisustvovali obilje\u017eavanju zlo\u010dina u \u0160trpcima"},"content":{"rendered":"<p><img loading=\"lazy\" decoding=\"async\" class=\"\" src=\"https:\/\/sandzakpress.net\/arhiva\/wp-content\/uploads\/2014\/07\/slika-2698.jpg\" alt=\"slika-2698\" width=\"667\" height=\"358\" \/><\/p>\n<p><strong>Sand\u017eak &#8211; Sulejman Ugljanin i Rasim Ljaji\u0107, predsjednici partija koje su na vlasti u Sand\u017eaku\u00a0ni ove godine nisu oti\u0161li u \u0160trpce\u00a0na obilje\u017eavanje godi\u0161njice genocida.<\/strong><\/p>\n<p>Nije poznato\u00a0da su\u00a0Sulejman Ugljanin i Rasim Ljaji\u0107 ikada \u00a0bili na obilje\u017eavanju zlo\u010dina\u00a0u \u0160trpcima. Me\u0111utim, prisustvovale su delegacije ove dvije strane. Delegacija SDA na \u010delu sa Vasvijom Gusinac i delegacija SDPS-a na \u010delu sa Mehom Omerovi\u0107em i Emirom Ha\u0161imbegovi\u0107em. Isot va\u017ei za Rafeta Husovi\u0107a, predsjednika bo\u0161nja\u010dke partije koja je uvlasti u ju\u017enom Sand\u017eaku, iako su u zlo\u010dinu ubijeni i Bo\u0161njaci ju\u017enog Sand\u017eaka.<\/p>\n<p>Povodom zlo\u010dina u \u0160trpcima, Ugljanin se svega jedanput oglasio, i to u 2013. godini.<\/p>\n<p>BDZ Sand\u017eaka je jedina stranka koja vjerno \u010duva sje\u0107anje na zlo\u010dine u Sand\u017eaku s ciljem da se oni ne ponove vi\u0161e.<\/p>\n<p>Sand\u017eak PRESS<\/p>\n","protected":false},"excerpt":{"rendered":"<p>Sand\u017eak &#8211; Sulejman Ugljanin i Rasim Ljaji\u0107, predsjednici partija koje su na vlasti u Sand\u017eaku\u00a0ni ove godine nisu oti\u0161li u \u0160trpce\u00a0na obilje\u017eavanje godi\u0161njice genocida. Nije poznato\u00a0da su\u00a0Sulejman Ugljanin i Rasim Ljaji\u0107 ikada \u00a0bili na obilje\u017eavanju zlo\u010dina\u00a0u \u0160trpcima. Me\u0111utim, prisustvovale su delegacije ove dvije strane. Delegacija SDA na \u010delu sa Vasvijom Gusinac i delegacija SDPS-a na [&hellip;]<\/p>\n","protected":false},"author":83,"featured_media":108625,"comment_status":"open","ping_status":"open","sticky":false,"template":"","format":"standard","meta":{"footnotes":""},"categories":[72,1,52,327,392,393,394,8957],"tags":[10210,10255,10257,10269,10493],"class_list":{"0":"post-123683","1":"post","2":"type-post","3":"status-publish","4":"format-standard","5":"has-post-thumbnail","7":"category-novi-pazar","8":"category-politika","9":"category-sjenica","10":"category-tutin","11":"category-prijepolje_","12":"category-priboj","13":"category-nova-varos","14":"category-vijesti-dana","15":"tag-rasim-ljajic","16":"tag-sda","17":"tag-sdp","18":"tag-sulejman-ugljanin","19":"tag-vlast-u-prijepolju"},"yoast_head":"<!-- This site is optimized with the Yoast SEO Premium plugin v23.1 (Yoast SEO v24.9) - https:\/\/yoast.com\/wordpress\/plugins\/seo\/ -->\n<title>\u017dALOSNO - Ugljanin i Ljaji\u0107 nikada nisu prisustvovali obilje\u017eavanju zlo\u010dina u \u0160trpcima<\/title>\n<meta name=\"robots\" content=\"index, follow, max-snippet:-1, max-image-preview:large, max-video-preview:-1\" \/>\n<link rel=\"canonical\" href=\"https:\/\/sandzakpress.net\/arhiva\/zalosno-ugljanin-i-ljajic-nikada-nisu-prisustvovali-obiljezavanju-zlocina-u-strpcima\/\" \/>\n<meta property=\"og:locale\" content=\"bs_BA\" \/>\n<meta property=\"og:type\" content=\"article\" \/>\n<meta property=\"og:title\" content=\"\u017dALOSNO - Ugljanin i Ljaji\u0107 nikada nisu prisustvovali obilje\u017eavanju zlo\u010dina u \u0160trpcima\" \/>\n<meta property=\"og:description\" content=\"Sand\u017eak &#8211; Sulejman Ugljanin i Rasim Ljaji\u0107, predsjednici partija koje su na vlasti u Sand\u017eaku\u00a0ni ove godine nisu oti\u0161li u \u0160trpce\u00a0na obilje\u017eavanje godi\u0161njice genocida. Nije poznato\u00a0da su\u00a0Sulejman Ugljanin i Rasim Ljaji\u0107 ikada \u00a0bili na obilje\u017eavanju zlo\u010dina\u00a0u \u0160trpcima. Me\u0111utim, prisustvovale su delegacije ove dvije strane. Delegacija SDA na \u010delu sa Vasvijom Gusinac i delegacija SDPS-a na [&hellip;]\" \/>\n<meta property=\"og:url\" content=\"https:\/\/sandzakpress.net\/arhiva\/zalosno-ugljanin-i-ljajic-nikada-nisu-prisustvovali-obiljezavanju-zlocina-u-strpcima\/\" \/>\n<meta property=\"og:site_name\" content=\"Sand\u017eak PRESS\" \/>\n<meta property=\"article:published_time\" content=\"2015-02-28T10:17:01+00:00\" \/>\n<meta property=\"og:image\" content=\"https:\/\/sandzakpress.net\/arhiva\/wp-content\/uploads\/2014\/07\/slika-2698.jpg\" \/>\n\t<meta property=\"og:image:width\" content=\"900\" \/>\n\t<meta property=\"og:image:height\" content=\"483\" \/>\n\t<meta property=\"og:image:type\" content=\"image\/jpeg\" \/>\n<meta name=\"author\" content=\"bosniak\" \/>\n<meta name=\"twitter:card\" content=\"summary_large_image\" \/>\n<meta name=\"twitter:label1\" content=\"Written by\" \/>\n\t<meta name=\"twitter:data1\" content=\"bosniak\" \/>\n\t<meta name=\"twitter:label2\" content=\"Est. reading time\" \/>\n\t<meta name=\"twitter:data2\" content=\"1 minuta\" \/>\n<script type=\"application\/ld+json\" class=\"yoast-schema-graph\">{\"@context\":\"https:\/\/schema.org\",\"@graph\":[{\"@type\":\"Article\",\"@id\":\"https:\/\/sandzakpress.net\/arhiva\/zalosno-ugljanin-i-ljajic-nikada-nisu-prisustvovali-obiljezavanju-zlocina-u-strpcima\/#article\",\"isPartOf\":{\"@id\":\"https:\/\/sandzakpress.net\/arhiva\/zalosno-ugljanin-i-ljajic-nikada-nisu-prisustvovali-obiljezavanju-zlocina-u-strpcima\/\"},\"author\":{\"name\":\"bosniak\",\"@id\":\"https:\/\/sandzakpress.net\/arhiva\/#\/schema\/person\/c8baee722073534b583ea7bdb2e36c02\"},\"headline\":\"\u017dALOSNO &#8211; Ugljanin i Ljaji\u0107 nikada nisu prisustvovali obilje\u017eavanju zlo\u010dina u \u0160trpcima\",\"datePublished\":\"2015-02-28T10:17:01+00:00\",\"mainEntityOfPage\":{\"@id\":\"https:\/\/sandzakpress.net\/arhiva\/zalosno-ugljanin-i-ljajic-nikada-nisu-prisustvovali-obiljezavanju-zlocina-u-strpcima\/\"},\"wordCount\":168,\"commentCount\":41,\"publisher\":{\"@id\":\"https:\/\/sandzakpress.net\/arhiva\/#\/schema\/person\/6e72b67d6e51910a1117b3b483ba20bd\"},\"image\":{\"@id\":\"https:\/\/sandzakpress.net\/arhiva\/zalosno-ugljanin-i-ljajic-nikada-nisu-prisustvovali-obiljezavanju-zlocina-u-strpcima\/#primaryimage\"},\"thumbnailUrl\":\"https:\/\/sandzakpress.net\/arhiva\/wp-content\/uploads\/2014\/07\/slika-2698.jpg\",\"keywords\":[\"Rasim Ljaji\u0107\",\"SDA\",\"SDPS\",\"Sulejman Ugljanin\",\"vlast u Prijepolju\"],\"articleSection\":[\"Novi Pazar\",\"Politika\",\"Sjenica\",\"Tutin\",\"Prijepolje\",\"Priboj\",\"Nova Varo\u0161\",\"VIJESTI DANA\"],\"inLanguage\":\"bs-BA\",\"potentialAction\":[{\"@type\":\"CommentAction\",\"name\":\"Comment\",\"target\":[\"https:\/\/sandzakpress.net\/arhiva\/zalosno-ugljanin-i-ljajic-nikada-nisu-prisustvovali-obiljezavanju-zlocina-u-strpcima\/#respond\"]}]},{\"@type\":\"WebPage\",\"@id\":\"https:\/\/sandzakpress.net\/arhiva\/zalosno-ugljanin-i-ljajic-nikada-nisu-prisustvovali-obiljezavanju-zlocina-u-strpcima\/\",\"url\":\"https:\/\/sandzakpress.net\/arhiva\/zalosno-ugljanin-i-ljajic-nikada-nisu-prisustvovali-obiljezavanju-zlocina-u-strpcima\/\",\"name\":\"\u017dALOSNO - Ugljanin i Ljaji\u0107 nikada nisu prisustvovali obilje\u017eavanju zlo\u010dina u \u0160trpcima\",\"isPartOf\":{\"@id\":\"https:\/\/sandzakpress.net\/arhiva\/#website\"},\"primaryImageOfPage\":{\"@id\":\"https:\/\/sandzakpress.net\/arhiva\/zalosno-ugljanin-i-ljajic-nikada-nisu-prisustvovali-obiljezavanju-zlocina-u-strpcima\/#primaryimage\"},\"image\":{\"@id\":\"https:\/\/sandzakpress.net\/arhiva\/zalosno-ugljanin-i-ljajic-nikada-nisu-prisustvovali-obiljezavanju-zlocina-u-strpcima\/#primaryimage\"},\"thumbnailUrl\":\"https:\/\/sandzakpress.net\/arhiva\/wp-content\/uploads\/2014\/07\/slika-2698.jpg\",\"datePublished\":\"2015-02-28T10:17:01+00:00\",\"breadcrumb\":{\"@id\":\"https:\/\/sandzakpress.net\/arhiva\/zalosno-ugljanin-i-ljajic-nikada-nisu-prisustvovali-obiljezavanju-zlocina-u-strpcima\/#breadcrumb\"},\"inLanguage\":\"bs-BA\",\"potentialAction\":[{\"@type\":\"ReadAction\",\"target\":[\"https:\/\/sandzakpress.net\/arhiva\/zalosno-ugljanin-i-ljajic-nikada-nisu-prisustvovali-obiljezavanju-zlocina-u-strpcima\/\"]}]},{\"@type\":\"ImageObject\",\"inLanguage\":\"bs-BA\",\"@id\":\"https:\/\/sandzakpress.net\/arhiva\/zalosno-ugljanin-i-ljajic-nikada-nisu-prisustvovali-obiljezavanju-zlocina-u-strpcima\/#primaryimage\",\"url\":\"https:\/\/sandzakpress.net\/arhiva\/wp-content\/uploads\/2014\/07\/slika-2698.jpg\",\"contentUrl\":\"https:\/\/sandzakpress.net\/arhiva\/wp-content\/uploads\/2014\/07\/slika-2698.jpg\",\"width\":900,\"height\":483},{\"@type\":\"BreadcrumbList\",\"@id\":\"https:\/\/sandzakpress.net\/arhiva\/zalosno-ugljanin-i-ljajic-nikada-nisu-prisustvovali-obiljezavanju-zlocina-u-strpcima\/#breadcrumb\",\"itemListElement\":[{\"@type\":\"ListItem\",\"position\":1,\"name\":\"Home\",\"item\":\"https:\/\/sandzakpress.net\/arhiva\/\"},{\"@type\":\"ListItem\",\"position\":2,\"name\":\"\u017dALOSNO &#8211; Ugljanin i Ljaji\u0107 nikada nisu prisustvovali obilje\u017eavanju zlo\u010dina u \u0160trpcima\"}]},{\"@type\":\"WebSite\",\"@id\":\"https:\/\/sandzakpress.net\/arhiva\/#website\",\"url\":\"https:\/\/sandzakpress.net\/arhiva\/\",\"name\":\"Sand\u017eak PRESS\",\"description\":\"Prve elektronske novine u Sand\u017eaku\",\"publisher\":{\"@id\":\"https:\/\/sandzakpress.net\/arhiva\/#\/schema\/person\/6e72b67d6e51910a1117b3b483ba20bd\"},\"potentialAction\":[{\"@type\":\"SearchAction\",\"target\":{\"@type\":\"EntryPoint\",\"urlTemplate\":\"https:\/\/sandzakpress.net\/arhiva\/?s={search_term_string}\"},\"query-input\":{\"@type\":\"PropertyValueSpecification\",\"valueRequired\":true,\"valueName\":\"search_term_string\"}}],\"inLanguage\":\"bs-BA\"},{\"@type\":[\"Person\",\"Organization\"],\"@id\":\"https:\/\/sandzakpress.net\/arhiva\/#\/schema\/person\/6e72b67d6e51910a1117b3b483ba20bd\",\"name\":\"Kul\",\"image\":{\"@type\":\"ImageObject\",\"inLanguage\":\"bs-BA\",\"@id\":\"https:\/\/sandzakpress.net\/arhiva\/#\/schema\/person\/image\/\",\"url\":\"https:\/\/secure.gravatar.com\/avatar\/42263f39aa27ac04c43cab85c280eb2e?s=96&d=mm&r=pg\",\"contentUrl\":\"https:\/\/secure.gravatar.com\/avatar\/42263f39aa27ac04c43cab85c280eb2e?s=96&d=mm&r=pg\",\"caption\":\"Kul\"},\"logo\":{\"@id\":\"https:\/\/sandzakpress.net\/arhiva\/#\/schema\/person\/image\/\"}},{\"@type\":\"Person\",\"@id\":\"https:\/\/sandzakpress.net\/arhiva\/#\/schema\/person\/c8baee722073534b583ea7bdb2e36c02\",\"name\":\"bosniak\",\"image\":{\"@type\":\"ImageObject\",\"inLanguage\":\"bs-BA\",\"@id\":\"https:\/\/sandzakpress.net\/arhiva\/#\/schema\/person\/image\/\",\"url\":\"https:\/\/secure.gravatar.com\/avatar\/a04fd330bfe3a36a72a0ad4a6d89fca7?s=96&d=mm&r=pg\",\"contentUrl\":\"https:\/\/secure.gravatar.com\/avatar\/a04fd330bfe3a36a72a0ad4a6d89fca7?s=96&d=mm&r=pg\",\"caption\":\"bosniak\"},\"url\":\"https:\/\/sandzakpress.net\/arhiva\/author\/bosniak\/\"}]}<\/script>\n<!-- \/ Yoast SEO Premium plugin. -->","yoast_head_json":{"title":"\u017dALOSNO - Ugljanin i Ljaji\u0107 nikada nisu prisustvovali obilje\u017eavanju zlo\u010dina u \u0160trpcima","robots":{"index":"index","follow":"follow","max-snippet":"max-snippet:-1","max-image-preview":"max-image-preview:large","max-video-preview":"max-video-preview:-1"},"canonical":"https:\/\/sandzakpress.net\/arhiva\/zalosno-ugljanin-i-ljajic-nikada-nisu-prisustvovali-obiljezavanju-zlocina-u-strpcima\/","og_locale":"bs_BA","og_type":"article","og_title":"\u017dALOSNO - Ugljanin i Ljaji\u0107 nikada nisu prisustvovali obilje\u017eavanju zlo\u010dina u \u0160trpcima","og_description":"Sand\u017eak &#8211; Sulejman Ugljanin i Rasim Ljaji\u0107, predsjednici partija koje su na vlasti u Sand\u017eaku\u00a0ni ove godine nisu oti\u0161li u \u0160trpce\u00a0na obilje\u017eavanje godi\u0161njice genocida. Nije poznato\u00a0da su\u00a0Sulejman Ugljanin i Rasim Ljaji\u0107 ikada \u00a0bili na obilje\u017eavanju zlo\u010dina\u00a0u \u0160trpcima. Me\u0111utim, prisustvovale su delegacije ove dvije strane. Delegacija SDA na \u010delu sa Vasvijom Gusinac i delegacija SDPS-a na [&hellip;]","og_url":"https:\/\/sandzakpress.net\/arhiva\/zalosno-ugljanin-i-ljajic-nikada-nisu-prisustvovali-obiljezavanju-zlocina-u-strpcima\/","og_site_name":"Sand\u017eak PRESS","article_published_time":"2015-02-28T10:17:01+00:00","og_image":[{"width":900,"height":483,"url":"https:\/\/sandzakpress.net\/arhiva\/wp-content\/uploads\/2014\/07\/slika-2698.jpg","type":"image\/jpeg"}],"author":"bosniak","twitter_card":"summary_large_image","twitter_misc":{"Written by":"bosniak","Est. reading time":"1 minuta"},"schema":{"@context":"https:\/\/schema.org","@graph":[{"@type":"Article","@id":"https:\/\/sandzakpress.net\/arhiva\/zalosno-ugljanin-i-ljajic-nikada-nisu-prisustvovali-obiljezavanju-zlocina-u-strpcima\/#article","isPartOf":{"@id":"https:\/\/sandzakpress.net\/arhiva\/zalosno-ugljanin-i-ljajic-nikada-nisu-prisustvovali-obiljezavanju-zlocina-u-strpcima\/"},"author":{"name":"bosniak","@id":"https:\/\/sandzakpress.net\/arhiva\/#\/schema\/person\/c8baee722073534b583ea7bdb2e36c02"},"headline":"\u017dALOSNO &#8211; Ugljanin i Ljaji\u0107 nikada nisu prisustvovali obilje\u017eavanju zlo\u010dina u \u0160trpcima","datePublished":"2015-02-28T10:17:01+00:00","mainEntityOfPage":{"@id":"https:\/\/sandzakpress.net\/arhiva\/zalosno-ugljanin-i-ljajic-nikada-nisu-prisustvovali-obiljezavanju-zlocina-u-strpcima\/"},"wordCount":168,"commentCount":41,"publisher":{"@id":"https:\/\/sandzakpress.net\/arhiva\/#\/schema\/person\/6e72b67d6e51910a1117b3b483ba20bd"},"image":{"@id":"https:\/\/sandzakpress.net\/arhiva\/zalosno-ugljanin-i-ljajic-nikada-nisu-prisustvovali-obiljezavanju-zlocina-u-strpcima\/#primaryimage"},"thumbnailUrl":"https:\/\/sandzakpress.net\/arhiva\/wp-content\/uploads\/2014\/07\/slika-2698.jpg","keywords":["Rasim Ljaji\u0107","SDA","SDPS","Sulejman Ugljanin","vlast u Prijepolju"],"articleSection":["Novi Pazar","Politika","Sjenica","Tutin","Prijepolje","Priboj","Nova Varo\u0161","VIJESTI DANA"],"inLanguage":"bs-BA","potentialAction":[{"@type":"CommentAction","name":"Comment","target":["https:\/\/sandzakpress.net\/arhiva\/zalosno-ugljanin-i-ljajic-nikada-nisu-prisustvovali-obiljezavanju-zlocina-u-strpcima\/#respond"]}]},{"@type":"WebPage","@id":"https:\/\/sandzakpress.net\/arhiva\/zalosno-ugljanin-i-ljajic-nikada-nisu-prisustvovali-obiljezavanju-zlocina-u-strpcima\/","url":"https:\/\/sandzakpress.net\/arhiva\/zalosno-ugljanin-i-ljajic-nikada-nisu-prisustvovali-obiljezavanju-zlocina-u-strpcima\/","name":"\u017dALOSNO - Ugljanin i Ljaji\u0107 nikada nisu prisustvovali obilje\u017eavanju zlo\u010dina u \u0160trpcima","isPartOf":{"@id":"https:\/\/sandzakpress.net\/arhiva\/#website"},"primaryImageOfPage":{"@id":"https:\/\/sandzakpress.net\/arhiva\/zalosno-ugljanin-i-ljajic-nikada-nisu-prisustvovali-obiljezavanju-zlocina-u-strpcima\/#primaryimage"},"image":{"@id":"https:\/\/sandzakpress.net\/arhiva\/zalosno-ugljanin-i-ljajic-nikada-nisu-prisustvovali-obiljezavanju-zlocina-u-strpcima\/#primaryimage"},"thumbnailUrl":"https:\/\/sandzakpress.net\/arhiva\/wp-content\/uploads\/2014\/07\/slika-2698.jpg","datePublished":"2015-02-28T10:17:01+00:00","breadcrumb":{"@id":"https:\/\/sandzakpress.net\/arhiva\/zalosno-ugljanin-i-ljajic-nikada-nisu-prisustvovali-obiljezavanju-zlocina-u-strpcima\/#breadcrumb"},"inLanguage":"bs-BA","potentialAction":[{"@type":"ReadAction","target":["https:\/\/sandzakpress.net\/arhiva\/zalosno-ugljanin-i-ljajic-nikada-nisu-prisustvovali-obiljezavanju-zlocina-u-strpcima\/"]}]},{"@type":"ImageObject","inLanguage":"bs-BA","@id":"https:\/\/sandzakpress.net\/arhiva\/zalosno-ugljanin-i-ljajic-nikada-nisu-prisustvovali-obiljezavanju-zlocina-u-strpcima\/#primaryimage","url":"https:\/\/sandzakpress.net\/arhiva\/wp-content\/uploads\/2014\/07\/slika-2698.jpg","contentUrl":"https:\/\/sandzakpress.net\/arhiva\/wp-content\/uploads\/2014\/07\/slika-2698.jpg","width":900,"height":483},{"@type":"BreadcrumbList","@id":"https:\/\/sandzakpress.net\/arhiva\/zalosno-ugljanin-i-ljajic-nikada-nisu-prisustvovali-obiljezavanju-zlocina-u-strpcima\/#breadcrumb","itemListElement":[{"@type":"ListItem","position":1,"name":"Home","item":"https:\/\/sandzakpress.net\/arhiva\/"},{"@type":"ListItem","position":2,"name":"\u017dALOSNO &#8211; Ugljanin i Ljaji\u0107 nikada nisu prisustvovali obilje\u017eavanju zlo\u010dina u \u0160trpcima"}]},{"@type":"WebSite","@id":"https:\/\/sandzakpress.net\/arhiva\/#website","url":"https:\/\/sandzakpress.net\/arhiva\/","name":"Sand\u017eak PRESS","description":"Prve elektronske novine u Sand\u017eaku","publisher":{"@id":"https:\/\/sandzakpress.net\/arhiva\/#\/schema\/person\/6e72b67d6e51910a1117b3b483ba20bd"},"potentialAction":[{"@type":"SearchAction","target":{"@type":"EntryPoint","urlTemplate":"https:\/\/sandzakpress.net\/arhiva\/?s={search_term_string}"},"query-input":{"@type":"PropertyValueSpecification","valueRequired":true,"valueName":"search_term_string"}}],"inLanguage":"bs-BA"},{"@type":["Person","Organization"],"@id":"https:\/\/sandzakpress.net\/arhiva\/#\/schema\/person\/6e72b67d6e51910a1117b3b483ba20bd","name":"Kul","image":{"@type":"ImageObject","inLanguage":"bs-BA","@id":"https:\/\/sandzakpress.net\/arhiva\/#\/schema\/person\/image\/","url":"https:\/\/secure.gravatar.com\/avatar\/42263f39aa27ac04c43cab85c280eb2e?s=96&d=mm&r=pg","contentUrl":"https:\/\/secure.gravatar.com\/avatar\/42263f39aa27ac04c43cab85c280eb2e?s=96&d=mm&r=pg","caption":"Kul"},"logo":{"@id":"https:\/\/sandzakpress.net\/arhiva\/#\/schema\/person\/image\/"}},{"@type":"Person","@id":"https:\/\/sandzakpress.net\/arhiva\/#\/schema\/person\/c8baee722073534b583ea7bdb2e36c02","name":"bosniak","image":{"@type":"ImageObject","inLanguage":"bs-BA","@id":"https:\/\/sandzakpress.net\/arhiva\/#\/schema\/person\/image\/","url":"https:\/\/secure.gravatar.com\/avatar\/a04fd330bfe3a36a72a0ad4a6d89fca7?s=96&d=mm&r=pg","contentUrl":"https:\/\/secure.gravatar.com\/avatar\/a04fd330bfe3a36a72a0ad4a6d89fca7?s=96&d=mm&r=pg","caption":"bosniak"},"url":"https:\/\/sandzakpress.net\/arhiva\/author\/bosniak\/"}]}},"_links":{"self":[{"href":"https:\/\/sandzakpress.net\/arhiva\/wp-json\/wp\/v2\/posts\/123683"}],"collection":[{"href":"https:\/\/sandzakpress.net\/arhiva\/wp-json\/wp\/v2\/posts"}],"about":[{"href":"https:\/\/sandzakpress.net\/arhiva\/wp-json\/wp\/v2\/types\/post"}],"author":[{"embeddable":true,"href":"https:\/\/sandzakpress.net\/arhiva\/wp-json\/wp\/v2\/users\/83"}],"replies":[{"embeddable":true,"href":"https:\/\/sandzakpress.net\/arhiva\/wp-json\/wp\/v2\/comments?post=123683"}],"version-history":[{"count":0,"href":"https:\/\/sandzakpress.net\/arhiva\/wp-json\/wp\/v2\/posts\/123683\/revisions"}],"wp:featuredmedia":[{"embeddable":true,"href":"https:\/\/sandzakpress.net\/arhiva\/wp-json\/wp\/v2\/media\/108625"}],"wp:attachment":[{"href":"https:\/\/sandzakpress.net\/arhiva\/wp-json\/wp\/v2\/media?parent=123683"}],"wp:term":[{"taxonomy":"category","embeddable":true,"href":"https:\/\/sandzakpress.net\/arhiva\/wp-json\/wp\/v2\/categories?post=123683"},{"taxonomy":"post_tag","embeddable":true,"href":"https:\/\/sandzakpress.net\/arhiva\/wp-json\/wp\/v2\/tags?post=123683"}],"curies":[{"name":"wp","href":"https:\/\/api.w.org\/{rel}","templated":true}]}}