{"id":123661,"date":"2015-02-28T10:16:13","date_gmt":"2015-02-28T09:16:13","guid":{"rendered":"https:\/\/sandzakpress.net\/arhiva\/?p=123661"},"modified":"2015-02-28T10:16:13","modified_gmt":"2015-02-28T09:16:13","slug":"dovedimo-ladu-do-njene-luke","status":"publish","type":"post","link":"https:\/\/sandzakpress.net\/arhiva\/dovedimo-ladu-do-njene-luke\/","title":{"rendered":"Dovedimo la\u0111u do njene luke!"},"content":{"rendered":"<p><img loading=\"lazy\" decoding=\"async\" class=\"aligncenter size-full wp-image-123662\" src=\"https:\/\/sandzakpress.net\/arhiva\/wp-content\/uploads\/2015\/02\/unnamed1.jpg\" alt=\"unnamed\" width=\"600\" height=\"390\" \/> \u00a0,,Kad znamo gdje idemo, ve\u0107 smo na pola puta.&#8221; \u2013 vele mudri. Nakon desetak genocida nad Bo\u0161njacima tokom jednog stolje\u0107a, moja generacija se krajem osamdesetih godina ohrabrila da, iz sigurnosnih razloga, po\u010dne graditi svoju &#8216;la\u0111u&#8217;, bo\u0161nja\u010dku la\u0111u, jer je bilo sve o\u010ditije da nam kom\u0161ije zbog, kako su kazali, davne &#8221;turske krivnje&#8221; spremaju jo\u0161 jedan poku\u0161aj nestanka sa ovih prostora. U vrijeme agresije Srbije, Crne Gore i Hrvatske na majku Bosnu, ve\u0107 smo imali odlu\u010dnog kapetana bo\u0161nja\u010dke la\u0111e, prvog predsjednika nezavisne republike Bosne i Hercegovine, kao i odane branitelje \u010dija se ljubav prema domovini opjevavala u stihovima poput\u00a0 ovih:<\/p>\n<p><em>\u00a0,,Duga zimska no\u0107, majko moram po\u0107,<\/em><\/p>\n<p><em>rodna gruda pradjedova, evo zove u pomo\u0107!<\/em><\/p>\n<p><em>Ako se, majko, ne vratim, nemoj me zalud \u010dekati<\/em><\/p>\n<p><em>pusti jednu suzu tihu i prou\u010di mi fatihu, nek me ona isprati.<\/em><\/p>\n<p><em>&#8230; \u010cuvaj\u00a0 mi sestru pazi je, jer majko jednom da mi je<\/em><\/p>\n<p><em>vidjeti iz zemlje rosne kako k\u0107eri moje Bosne sad ra\u0111aju gazije.&#8221;<\/em><\/p>\n<p>&nbsp;<\/p>\n<p>I, hvala dragom Allahu d\u017e.\u0161., ro\u0111ena je odva\u017ena elitna generacija elitnoga naroda koja vi\u0161e ne prihvata, decenijama joj nametnuti, kompleks ni\u017ee vrijednosti, samouvjerena, ponosna, jaka i sposobna &#8211; na\u0161a dana\u0161nja bo\u0161nja\u010dka omladina. Dok smo joj trasirali put ka slobodi podu\u010davali smo je po\u0161tivanju i samopo\u0161tivanju, kako bi u slu\u010daju nekih novih haosa u zemlji znala \u010dvrsto dr\u017eati kormilo svoje la\u0111e u svojim rukama.<\/p>\n<p>&nbsp;<\/p>\n<p>Na \u017ealost, moja, danas srednjovje\u010dna generacija je u svojim redovima imala i primjerke inferiornih &#8221;zale\u0111enih komunisti\u010dkih mozgova&#8221; koji su nam opstruirali svaki zna\u010dajniji projekat, zatim, beskorisnih &#8221;akademika&#8221;, prodanih bo\u0161nja\u010dkih ministara, narodnih izdajnika, ratnih i postratnih profitera koji su na\u0161u &#8216;la\u0111u spasa&#8217; bu\u0161ili gdje god su stigli. Rane zadane njihovom rukom su nas boljele vi\u0161e od tu\u0111inskih. Kasnije su se pojavili i paravjerski &#8221;lideri&#8221; i njihovi sljedbenici koji su, kao i ostali izdajnici, zagovarali no\u0161enje re\u017eimskog jarma i pokornost njemu.<\/p>\n<p>&nbsp;<\/p>\n<p><strong>\u00a0\u00a0\u00a0\u00a0\u00a0\u00a0\u00a0\u00a0\u00a0\u00a0\u00a0\u00a0\u00a0\u00a0\u00a0\u00a0\u00a0\u00a0\u00a0\u00a0\u00a0\u00a0\u00a0\u00a0\u00a0\u00a0\u00a0\u00a0\u00a0\u00a0\u00a0\u00a0\u00a0\u00a0\u00a0\u00a0\u00a0\u00a0 Dijamant u hrpi kamenja<\/strong><\/p>\n<p>&nbsp;<\/p>\n<p>Bilo je mnogo olujnih dana i zapljuskivanja ogromnih du\u0161manskih talasa sa svih strana, dok bu\u0161enje i unutra\u0161njosti la\u0111e od strane poznatih bo\u0161nja\u010dkih izdajnika nije jenjavalo. Jedan mladi kapetan je zasijao kao dijamant u hrpi kamenja i postao admiral koji je odlu\u010dio da, po cijenu \u017eivota, pred vanjskim i unutarnjim neprijateljem\u00a0 ne popusti.\u00a0 Raspore\u0111ivao je svoje malobrojne, ali hrabre i vrsne borce na oba fronta u borbi sa oba neprijatelja.\u00a0 Oni su ga slijedili u svemu, pa i spremnosti da za svoju plemenitu misiju \u017ertvuju svoj \u017eivot. Veoma brzo je osvojio simpatije cijelog naroda i postao njegov lider \u2013 duhovni otac.<\/p>\n<p>&nbsp;<\/p>\n<p>Vremenom je toliko oja\u010dao da je osnovao brojne institucije na svojoj ponosnoj &#8216;la\u0111i&#8217;: vjerske, nacionalne, obrazovne, kulturne, humanitarne, socijalne, sportske, medijske i druge koje treba da budu na usluzi generacijama koje stasavaju.\u00a0 Podigao je\u00a0 jake kriterije vrednovanja i standarde u svim oblastima dru\u0161tvenih anga\u017emana. Bo\u0161nja\u010dka \u010dast je Bo\u0161njaku kona\u010dno vra\u0107ena. Svaki putnik na njegovoj &#8216;la\u0111i&#8217; je postao svjestan svojih i tu\u0111ih ljudskih prava i reagirao bi na svako njihovo kr\u0161enje i diskriminaciju.<\/p>\n<p>Nevladine organizacije su se u velikoj mjeri po\u010dele uklju\u010divati u kreiranje javne politike. Vrijednim i po\u017ertvovanim pojedincima je data \u0161ansa za iskazivanje umije\u0107a, vje\u0161tina i sposobnosti, dok je ljudima \u0161tetnim po prosperitet zajednice zaustavljeno njihovo \u0161tetno djelovanje, jer se ova vrsta ljudi kao i druge brodske \u0161teto\u010dine-mi\u0161evi, prvi guraju na siguran brod koji isplovljava, a prvi ga napu\u0161taju kada tone.<\/p>\n<p>&nbsp;<\/p>\n<p><strong>Odva\u017ena bo\u0161nja\u010dka omladina<\/strong><\/p>\n<p><strong>\u00a0<\/strong><\/p>\n<p>Na\u0161a omladina se, u me\u0111uvremenu, osposobila da prepozna dvostruke ar\u0161ine tretmana vrijednosti u dru\u0161tvu la\u017enog sjaja, poput, na primjer, dvostrukih ar\u0161ina koje je Francuska kao moderna zemlja nedavno pokazala prema slobodi govora. Naime, Francuska, kako smo se uvjerili, osu\u0111uje i ka\u017enjava gra\u0111ane koji vrije\u0111aju jevreje, a ne osu\u0111uje i ne ka\u017enjava gra\u0111ane koji vrije\u0111aju muslimane i Bo\u017eijeg Poslanika Muhammeda s.a.v.s.<\/p>\n<p>Na\u0161a mlada snaga se postavila spram tog problema tako da je osudila nedavni poznati atentat na novinare koji su vrije\u0111ali Poslanika s.a.v.s., ali osudila je i licemjerstvo dr\u017eave koja mjeri stvari i pojave pomenutim dvostrukim ar\u0161inima. U tom cilju, organizirala je mirne proteste dostojanstveno brane\u0107i svoje svetinje i time pokazala svijetu da nije i ne smije biti samo pasivni posmatra\u010d u toku de\u0161avanja zna\u010dajnih dru\u0161tvenih promjena.<\/p>\n<p>&nbsp;<\/p>\n<p>Posada i putnici na\u0161e bo\u0161nja\u010dke la\u0111e spasa educirani su da \u010duvaju svoje porodice od propasti, jer znaju da je jaka i uspje\u0161na porodica najja\u010di stub dru\u0161tva. Harmonija koja se uspostavi u porodici mo\u017ee da se prenese dalje na dru\u0161tvo, ali od &#8216;glave porodice&#8217; koja nije uspostavila red u svojoj vlastitoj porodici, ne o\u010dekuje se da uspije zavesti taj red van porodice. Zato se mladi budu\u0107i bra\u010dni parovi u na\u0161im obrazovnim institucijama, kao i u svojim primarnim porodicama, educiraju o \u00a0pravima i du\u017enostima, primjerima \u017eivotnih uspona i padova, uzornih i uspje\u0161nih brakova, zna\u010daju posve\u0107ivanja pa\u017enje \u010dlanovima porodice, opasnostima od me\u0111usobnog otu\u0111enja u savremenom dobu itd.<\/p>\n<p>Mi na\u0161u djecu u\u010dimo da je &#8216;dobro&#8217; najve\u0107a moralna vrijednost. U\u010dimo ih da \u010dinjenje grijeha izaziva tjeskobu u du\u0161i, jer smo stvoreni s jednom posebnom vrijedno\u0161\u0107u koja se zove &#8216;savjest&#8217;, u\u010dimo ih, zatim, zna\u010daju dove, lijepom postupanju prema svemu stvorenome, primjerima dobro\u010dinstava iz na\u0161e bli\u017ee i dalje povijesti i drugim zna\u010dajnim vrijednostima.<\/p>\n<p><strong>\u00a0<\/strong><\/p>\n<p><strong>\u00a0 \u00a0 \u00a0 \u00a0 \u00a0 \u00a0 \u00a0 \u00a0 \u00a0 \u00a0 \u00a0 \u00a0 \u00a0 \u00a0 \u00a0 \u00a0 \u00a0 \u00a0 \u00a0 \u00a0 \u00a0 \u00a0 \u00a0 \u00a0 \u00a0Povijest sve bilje\u017ei<\/strong><\/p>\n<p><strong>\u00a0<\/strong><\/p>\n<p>Moja generacija je ona koja je izbacila marksizam iz obrazovnog sistema, ubacila vjeronauku u \u0161kolski sistem, \u00a0vratila Bo\u0161njacima oduzeti maternji jezik, etni\u010dku, nacionalnu pripadnost, oslobodila vjeru iz zidova d\u017eamija i ku\u0107a i izvela je u sve sfere \u017eivota, odbranila domovinu, ku\u0107ni prag i osigurala mehanizme za\u0161tite prava i sloboda zate\u010denih kod prija\u0161njih generacija, kao i onih nedavno ste\u010denih. Uz svu nadljudsku \u017ertvu i borbu, iznjedrila je i generaciju kojoj mirne du\u0161e, danas, mo\u017ee predati vrijedne emanete na \u010duvanje.<\/p>\n<p>Na\u0161a olujna plovidba se polahko bli\u017ei svom kraju. Talasi su sve manji, a mirna luka sve vi\u0161e na vidiku. Uplovit \u0107emo u nju poput Nuha a.s. i diviti se uspjehu koji smo postigli Allahovom Pomo\u0107i i Njegovom neizmjernom Milo\u0161\u0107u. Bez sumnje, na\u0161a \u0107e djeca, s du\u017enim po\u0161tovanjem i zahvalno\u0161\u0107u, znati \u010duvati i unaprijediti velike blagodati koje su im dodijeljene. Neka \u0107e biti tu\u017ena kako im je narod upamtio pretke\u00a0 i povijest zabilje\u017eila, ali nek im za utjehu bude \u010dinjenica da \u0107e na Sudnjem Danu svako samo svoje breme nositi.<\/p>\n<p>&nbsp;<\/p>\n<p>Revija Sand\u017eak, br.182.<\/p>\n<p>Pi\u0161e: Mersada Nuruddina Agovi\u0107<\/p>\n<p>&nbsp;<\/p>\n","protected":false},"excerpt":{"rendered":"<p>Mersada Nuruddina Agovi\u0107<\/p>\n","protected":false},"author":83,"featured_media":123662,"comment_status":"open","ping_status":"open","sticky":false,"template":"","format":"standard","meta":{"footnotes":""},"categories":[10196],"tags":[],"class_list":{"0":"post-123661","1":"post","2":"type-post","3":"status-publish","4":"format-standard","5":"has-post-thumbnail","7":"category-iz-pera-nasih-autora"},"yoast_head":"<!-- This site is optimized with the Yoast SEO Premium plugin v23.1 (Yoast SEO v24.9) - https:\/\/yoast.com\/wordpress\/plugins\/seo\/ -->\n<title>Dovedimo la\u0111u do njene luke!<\/title>\n<meta name=\"robots\" content=\"index, follow, max-snippet:-1, max-image-preview:large, max-video-preview:-1\" \/>\n<link rel=\"canonical\" href=\"https:\/\/sandzakpress.net\/arhiva\/dovedimo-ladu-do-njene-luke\/\" \/>\n<meta property=\"og:locale\" content=\"bs_BA\" \/>\n<meta property=\"og:type\" content=\"article\" \/>\n<meta property=\"og:title\" content=\"Dovedimo la\u0111u do njene luke!\" \/>\n<meta property=\"og:description\" content=\"Mersada Nuruddina Agovi\u0107\" \/>\n<meta property=\"og:url\" content=\"https:\/\/sandzakpress.net\/arhiva\/dovedimo-ladu-do-njene-luke\/\" \/>\n<meta property=\"og:site_name\" content=\"Sand\u017eak PRESS\" \/>\n<meta property=\"article:published_time\" content=\"2015-02-28T09:16:13+00:00\" \/>\n<meta property=\"og:image\" content=\"https:\/\/sandzakpress.net\/arhiva\/wp-content\/uploads\/2015\/02\/unnamed1.jpg\" \/>\n\t<meta property=\"og:image:width\" content=\"600\" \/>\n\t<meta property=\"og:image:height\" content=\"390\" \/>\n\t<meta property=\"og:image:type\" content=\"image\/jpeg\" \/>\n<meta name=\"author\" content=\"bosniak\" \/>\n<meta name=\"twitter:card\" content=\"summary_large_image\" \/>\n<meta name=\"twitter:label1\" content=\"Written by\" \/>\n\t<meta name=\"twitter:data1\" content=\"bosniak\" \/>\n\t<meta name=\"twitter:label2\" content=\"Est. reading time\" \/>\n\t<meta name=\"twitter:data2\" content=\"6 minuta\" \/>\n<script type=\"application\/ld+json\" class=\"yoast-schema-graph\">{\"@context\":\"https:\/\/schema.org\",\"@graph\":[{\"@type\":\"Article\",\"@id\":\"https:\/\/sandzakpress.net\/arhiva\/dovedimo-ladu-do-njene-luke\/#article\",\"isPartOf\":{\"@id\":\"https:\/\/sandzakpress.net\/arhiva\/dovedimo-ladu-do-njene-luke\/\"},\"author\":{\"name\":\"bosniak\",\"@id\":\"https:\/\/sandzakpress.net\/arhiva\/#\/schema\/person\/c8baee722073534b583ea7bdb2e36c02\"},\"headline\":\"Dovedimo la\u0111u do njene luke!\",\"datePublished\":\"2015-02-28T09:16:13+00:00\",\"mainEntityOfPage\":{\"@id\":\"https:\/\/sandzakpress.net\/arhiva\/dovedimo-ladu-do-njene-luke\/\"},\"wordCount\":1170,\"commentCount\":0,\"publisher\":{\"@id\":\"https:\/\/sandzakpress.net\/arhiva\/#\/schema\/person\/6e72b67d6e51910a1117b3b483ba20bd\"},\"image\":{\"@id\":\"https:\/\/sandzakpress.net\/arhiva\/dovedimo-ladu-do-njene-luke\/#primaryimage\"},\"thumbnailUrl\":\"https:\/\/sandzakpress.net\/arhiva\/wp-content\/uploads\/2015\/02\/unnamed1.jpg\",\"articleSection\":[\"Iz pera na\u0161ih autora\"],\"inLanguage\":\"bs-BA\",\"potentialAction\":[{\"@type\":\"CommentAction\",\"name\":\"Comment\",\"target\":[\"https:\/\/sandzakpress.net\/arhiva\/dovedimo-ladu-do-njene-luke\/#respond\"]}]},{\"@type\":\"WebPage\",\"@id\":\"https:\/\/sandzakpress.net\/arhiva\/dovedimo-ladu-do-njene-luke\/\",\"url\":\"https:\/\/sandzakpress.net\/arhiva\/dovedimo-ladu-do-njene-luke\/\",\"name\":\"Dovedimo la\u0111u do njene luke!\",\"isPartOf\":{\"@id\":\"https:\/\/sandzakpress.net\/arhiva\/#website\"},\"primaryImageOfPage\":{\"@id\":\"https:\/\/sandzakpress.net\/arhiva\/dovedimo-ladu-do-njene-luke\/#primaryimage\"},\"image\":{\"@id\":\"https:\/\/sandzakpress.net\/arhiva\/dovedimo-ladu-do-njene-luke\/#primaryimage\"},\"thumbnailUrl\":\"https:\/\/sandzakpress.net\/arhiva\/wp-content\/uploads\/2015\/02\/unnamed1.jpg\",\"datePublished\":\"2015-02-28T09:16:13+00:00\",\"breadcrumb\":{\"@id\":\"https:\/\/sandzakpress.net\/arhiva\/dovedimo-ladu-do-njene-luke\/#breadcrumb\"},\"inLanguage\":\"bs-BA\",\"potentialAction\":[{\"@type\":\"ReadAction\",\"target\":[\"https:\/\/sandzakpress.net\/arhiva\/dovedimo-ladu-do-njene-luke\/\"]}]},{\"@type\":\"ImageObject\",\"inLanguage\":\"bs-BA\",\"@id\":\"https:\/\/sandzakpress.net\/arhiva\/dovedimo-ladu-do-njene-luke\/#primaryimage\",\"url\":\"https:\/\/sandzakpress.net\/arhiva\/wp-content\/uploads\/2015\/02\/unnamed1.jpg\",\"contentUrl\":\"https:\/\/sandzakpress.net\/arhiva\/wp-content\/uploads\/2015\/02\/unnamed1.jpg\",\"width\":600,\"height\":390},{\"@type\":\"BreadcrumbList\",\"@id\":\"https:\/\/sandzakpress.net\/arhiva\/dovedimo-ladu-do-njene-luke\/#breadcrumb\",\"itemListElement\":[{\"@type\":\"ListItem\",\"position\":1,\"name\":\"Home\",\"item\":\"https:\/\/sandzakpress.net\/arhiva\/\"},{\"@type\":\"ListItem\",\"position\":2,\"name\":\"Dovedimo la\u0111u do njene luke!\"}]},{\"@type\":\"WebSite\",\"@id\":\"https:\/\/sandzakpress.net\/arhiva\/#website\",\"url\":\"https:\/\/sandzakpress.net\/arhiva\/\",\"name\":\"Sand\u017eak PRESS\",\"description\":\"Prve elektronske novine u Sand\u017eaku\",\"publisher\":{\"@id\":\"https:\/\/sandzakpress.net\/arhiva\/#\/schema\/person\/6e72b67d6e51910a1117b3b483ba20bd\"},\"potentialAction\":[{\"@type\":\"SearchAction\",\"target\":{\"@type\":\"EntryPoint\",\"urlTemplate\":\"https:\/\/sandzakpress.net\/arhiva\/?s={search_term_string}\"},\"query-input\":{\"@type\":\"PropertyValueSpecification\",\"valueRequired\":true,\"valueName\":\"search_term_string\"}}],\"inLanguage\":\"bs-BA\"},{\"@type\":[\"Person\",\"Organization\"],\"@id\":\"https:\/\/sandzakpress.net\/arhiva\/#\/schema\/person\/6e72b67d6e51910a1117b3b483ba20bd\",\"name\":\"Kul\",\"image\":{\"@type\":\"ImageObject\",\"inLanguage\":\"bs-BA\",\"@id\":\"https:\/\/sandzakpress.net\/arhiva\/#\/schema\/person\/image\/\",\"url\":\"https:\/\/secure.gravatar.com\/avatar\/42263f39aa27ac04c43cab85c280eb2e?s=96&d=mm&r=pg\",\"contentUrl\":\"https:\/\/secure.gravatar.com\/avatar\/42263f39aa27ac04c43cab85c280eb2e?s=96&d=mm&r=pg\",\"caption\":\"Kul\"},\"logo\":{\"@id\":\"https:\/\/sandzakpress.net\/arhiva\/#\/schema\/person\/image\/\"}},{\"@type\":\"Person\",\"@id\":\"https:\/\/sandzakpress.net\/arhiva\/#\/schema\/person\/c8baee722073534b583ea7bdb2e36c02\",\"name\":\"bosniak\",\"image\":{\"@type\":\"ImageObject\",\"inLanguage\":\"bs-BA\",\"@id\":\"https:\/\/sandzakpress.net\/arhiva\/#\/schema\/person\/image\/\",\"url\":\"https:\/\/secure.gravatar.com\/avatar\/a04fd330bfe3a36a72a0ad4a6d89fca7?s=96&d=mm&r=pg\",\"contentUrl\":\"https:\/\/secure.gravatar.com\/avatar\/a04fd330bfe3a36a72a0ad4a6d89fca7?s=96&d=mm&r=pg\",\"caption\":\"bosniak\"},\"url\":\"https:\/\/sandzakpress.net\/arhiva\/author\/bosniak\/\"}]}<\/script>\n<!-- \/ Yoast SEO Premium plugin. -->","yoast_head_json":{"title":"Dovedimo la\u0111u do njene luke!","robots":{"index":"index","follow":"follow","max-snippet":"max-snippet:-1","max-image-preview":"max-image-preview:large","max-video-preview":"max-video-preview:-1"},"canonical":"https:\/\/sandzakpress.net\/arhiva\/dovedimo-ladu-do-njene-luke\/","og_locale":"bs_BA","og_type":"article","og_title":"Dovedimo la\u0111u do njene luke!","og_description":"Mersada Nuruddina Agovi\u0107","og_url":"https:\/\/sandzakpress.net\/arhiva\/dovedimo-ladu-do-njene-luke\/","og_site_name":"Sand\u017eak PRESS","article_published_time":"2015-02-28T09:16:13+00:00","og_image":[{"width":600,"height":390,"url":"https:\/\/sandzakpress.net\/arhiva\/wp-content\/uploads\/2015\/02\/unnamed1.jpg","type":"image\/jpeg"}],"author":"bosniak","twitter_card":"summary_large_image","twitter_misc":{"Written by":"bosniak","Est. reading time":"6 minuta"},"schema":{"@context":"https:\/\/schema.org","@graph":[{"@type":"Article","@id":"https:\/\/sandzakpress.net\/arhiva\/dovedimo-ladu-do-njene-luke\/#article","isPartOf":{"@id":"https:\/\/sandzakpress.net\/arhiva\/dovedimo-ladu-do-njene-luke\/"},"author":{"name":"bosniak","@id":"https:\/\/sandzakpress.net\/arhiva\/#\/schema\/person\/c8baee722073534b583ea7bdb2e36c02"},"headline":"Dovedimo la\u0111u do njene luke!","datePublished":"2015-02-28T09:16:13+00:00","mainEntityOfPage":{"@id":"https:\/\/sandzakpress.net\/arhiva\/dovedimo-ladu-do-njene-luke\/"},"wordCount":1170,"commentCount":0,"publisher":{"@id":"https:\/\/sandzakpress.net\/arhiva\/#\/schema\/person\/6e72b67d6e51910a1117b3b483ba20bd"},"image":{"@id":"https:\/\/sandzakpress.net\/arhiva\/dovedimo-ladu-do-njene-luke\/#primaryimage"},"thumbnailUrl":"https:\/\/sandzakpress.net\/arhiva\/wp-content\/uploads\/2015\/02\/unnamed1.jpg","articleSection":["Iz pera na\u0161ih autora"],"inLanguage":"bs-BA","potentialAction":[{"@type":"CommentAction","name":"Comment","target":["https:\/\/sandzakpress.net\/arhiva\/dovedimo-ladu-do-njene-luke\/#respond"]}]},{"@type":"WebPage","@id":"https:\/\/sandzakpress.net\/arhiva\/dovedimo-ladu-do-njene-luke\/","url":"https:\/\/sandzakpress.net\/arhiva\/dovedimo-ladu-do-njene-luke\/","name":"Dovedimo la\u0111u do njene luke!","isPartOf":{"@id":"https:\/\/sandzakpress.net\/arhiva\/#website"},"primaryImageOfPage":{"@id":"https:\/\/sandzakpress.net\/arhiva\/dovedimo-ladu-do-njene-luke\/#primaryimage"},"image":{"@id":"https:\/\/sandzakpress.net\/arhiva\/dovedimo-ladu-do-njene-luke\/#primaryimage"},"thumbnailUrl":"https:\/\/sandzakpress.net\/arhiva\/wp-content\/uploads\/2015\/02\/unnamed1.jpg","datePublished":"2015-02-28T09:16:13+00:00","breadcrumb":{"@id":"https:\/\/sandzakpress.net\/arhiva\/dovedimo-ladu-do-njene-luke\/#breadcrumb"},"inLanguage":"bs-BA","potentialAction":[{"@type":"ReadAction","target":["https:\/\/sandzakpress.net\/arhiva\/dovedimo-ladu-do-njene-luke\/"]}]},{"@type":"ImageObject","inLanguage":"bs-BA","@id":"https:\/\/sandzakpress.net\/arhiva\/dovedimo-ladu-do-njene-luke\/#primaryimage","url":"https:\/\/sandzakpress.net\/arhiva\/wp-content\/uploads\/2015\/02\/unnamed1.jpg","contentUrl":"https:\/\/sandzakpress.net\/arhiva\/wp-content\/uploads\/2015\/02\/unnamed1.jpg","width":600,"height":390},{"@type":"BreadcrumbList","@id":"https:\/\/sandzakpress.net\/arhiva\/dovedimo-ladu-do-njene-luke\/#breadcrumb","itemListElement":[{"@type":"ListItem","position":1,"name":"Home","item":"https:\/\/sandzakpress.net\/arhiva\/"},{"@type":"ListItem","position":2,"name":"Dovedimo la\u0111u do njene luke!"}]},{"@type":"WebSite","@id":"https:\/\/sandzakpress.net\/arhiva\/#website","url":"https:\/\/sandzakpress.net\/arhiva\/","name":"Sand\u017eak PRESS","description":"Prve elektronske novine u Sand\u017eaku","publisher":{"@id":"https:\/\/sandzakpress.net\/arhiva\/#\/schema\/person\/6e72b67d6e51910a1117b3b483ba20bd"},"potentialAction":[{"@type":"SearchAction","target":{"@type":"EntryPoint","urlTemplate":"https:\/\/sandzakpress.net\/arhiva\/?s={search_term_string}"},"query-input":{"@type":"PropertyValueSpecification","valueRequired":true,"valueName":"search_term_string"}}],"inLanguage":"bs-BA"},{"@type":["Person","Organization"],"@id":"https:\/\/sandzakpress.net\/arhiva\/#\/schema\/person\/6e72b67d6e51910a1117b3b483ba20bd","name":"Kul","image":{"@type":"ImageObject","inLanguage":"bs-BA","@id":"https:\/\/sandzakpress.net\/arhiva\/#\/schema\/person\/image\/","url":"https:\/\/secure.gravatar.com\/avatar\/42263f39aa27ac04c43cab85c280eb2e?s=96&d=mm&r=pg","contentUrl":"https:\/\/secure.gravatar.com\/avatar\/42263f39aa27ac04c43cab85c280eb2e?s=96&d=mm&r=pg","caption":"Kul"},"logo":{"@id":"https:\/\/sandzakpress.net\/arhiva\/#\/schema\/person\/image\/"}},{"@type":"Person","@id":"https:\/\/sandzakpress.net\/arhiva\/#\/schema\/person\/c8baee722073534b583ea7bdb2e36c02","name":"bosniak","image":{"@type":"ImageObject","inLanguage":"bs-BA","@id":"https:\/\/sandzakpress.net\/arhiva\/#\/schema\/person\/image\/","url":"https:\/\/secure.gravatar.com\/avatar\/a04fd330bfe3a36a72a0ad4a6d89fca7?s=96&d=mm&r=pg","contentUrl":"https:\/\/secure.gravatar.com\/avatar\/a04fd330bfe3a36a72a0ad4a6d89fca7?s=96&d=mm&r=pg","caption":"bosniak"},"url":"https:\/\/sandzakpress.net\/arhiva\/author\/bosniak\/"}]}},"_links":{"self":[{"href":"https:\/\/sandzakpress.net\/arhiva\/wp-json\/wp\/v2\/posts\/123661"}],"collection":[{"href":"https:\/\/sandzakpress.net\/arhiva\/wp-json\/wp\/v2\/posts"}],"about":[{"href":"https:\/\/sandzakpress.net\/arhiva\/wp-json\/wp\/v2\/types\/post"}],"author":[{"embeddable":true,"href":"https:\/\/sandzakpress.net\/arhiva\/wp-json\/wp\/v2\/users\/83"}],"replies":[{"embeddable":true,"href":"https:\/\/sandzakpress.net\/arhiva\/wp-json\/wp\/v2\/comments?post=123661"}],"version-history":[{"count":0,"href":"https:\/\/sandzakpress.net\/arhiva\/wp-json\/wp\/v2\/posts\/123661\/revisions"}],"wp:featuredmedia":[{"embeddable":true,"href":"https:\/\/sandzakpress.net\/arhiva\/wp-json\/wp\/v2\/media\/123662"}],"wp:attachment":[{"href":"https:\/\/sandzakpress.net\/arhiva\/wp-json\/wp\/v2\/media?parent=123661"}],"wp:term":[{"taxonomy":"category","embeddable":true,"href":"https:\/\/sandzakpress.net\/arhiva\/wp-json\/wp\/v2\/categories?post=123661"},{"taxonomy":"post_tag","embeddable":true,"href":"https:\/\/sandzakpress.net\/arhiva\/wp-json\/wp\/v2\/tags?post=123661"}],"curies":[{"name":"wp","href":"https:\/\/api.w.org\/{rel}","templated":true}]}}