{"id":123650,"date":"2015-02-28T09:50:23","date_gmt":"2015-02-28T08:50:23","guid":{"rendered":"https:\/\/sandzakpress.net\/arhiva\/?p=123650"},"modified":"2015-02-28T09:50:23","modified_gmt":"2015-02-28T08:50:23","slug":"donji-dom-parlamenta-italije-glasao-za-priznavanje-drzave-palestine","status":"publish","type":"post","link":"https:\/\/sandzakpress.net\/arhiva\/donji-dom-parlamenta-italije-glasao-za-priznavanje-drzave-palestine\/","title":{"rendered":"Donji dom Parlamenta Italije glasao za priznavanje dr\u017eave Palestine"},"content":{"rendered":"<p><img decoding=\"async\" src=\"http:\/\/www.trt.net.tr\/bosanski\/fotograf\/haberler\/detay\/donji-dom-parlamenta-italije-glasao-za-prizna_trt-bosanski-39366.jpg\" alt=\"donji-dom-parlamenta-italije-glasao-za-prizna\" \/><\/p>\n<p><strong>Italija &#8211; Zastupnici Donjeg doma Parlamenta Italije usvojili su tekst za priznavanje Palestine kao dr\u017eave.<br \/>\n<\/strong><br \/>\nZastupnici Demokratske stranke, najve\u0107eg partnera koalicione vlade, uz podr\u0161ku ljevi\u010darskih partija ranije su predlo\u017eili tekst za priznavanje Palestine kao dr\u017eave. Za tekst je glasalo 300 zastupnika, dok je 45 bilo protiv.<\/p>\n<p>U tekstu su pozvali Vladu Italije da promovi\u0161e priznavanje Palestine.<\/p>\n<p>Ambasada Izraela u Rimu ranije je reagovala na tekst o priznavanju Palestine napominju\u0107i kako je rije\u010d o &#8220;preuranjenoj&#8221; odluci.<\/p>\n<p>&#8220;Bilo kakvo preuranjeno priznavanje i podr\u0161ka Palestincima, udaljilo bi ih od mogu\u0107nosti sklapanja mira s Izraelom&#8221;, navodi se u saop\u0161tenju ambasade Izraela u Rimu.<\/p>\n<p>Italijanski ministar vanjskih poslova Paolo Gentiloni je nakon usvajanja teksta za priznavanje Palestine kazao da Palestinci imaju pravo na svoju dr\u017eavu.<\/p>\n<p>Pojasnio je da vlada u tom smislu pozitivnim ocjenjuje napore koji se poduzimaju za ponovno pokretanje pregovora izme\u0111u strana i za priznavanje palestinske vlade.<\/p>\n<p>Pro\u0161le godine \u0160vedska je priznala Palestinu kao dr\u017eavu, a nakon nje su i Velika Britanija i Irska donijele neobavezuju\u0107e odluke o priznanju te dr\u017eave. \u0160panski parlament je, tako\u0111er, donio rezoluciju o usvajanju prijedloga o priznanju Palestine. Palestinu kao dr\u017eavu do sada je priznalo 135 zemalja.<\/p>\n<p>(Anadolu Agency)<\/p>\n","protected":false},"excerpt":{"rendered":"<p>Italija &#8211; Zastupnici Donjeg doma Parlamenta Italije usvojili su tekst za priznavanje Palestine kao dr\u017eave. Zastupnici Demokratske stranke, najve\u0107eg partnera koalicione vlade, uz podr\u0161ku ljevi\u010darskih partija ranije su predlo\u017eili tekst za priznavanje Palestine kao dr\u017eave. Za tekst je glasalo 300 zastupnika, dok je 45 bilo protiv. U tekstu su pozvali Vladu Italije da promovi\u0161e priznavanje [&hellip;]<\/p>\n","protected":false},"author":83,"featured_media":123651,"comment_status":"open","ping_status":"open","sticky":false,"template":"","format":"standard","meta":{"footnotes":""},"categories":[9,10309],"tags":[10249],"class_list":{"0":"post-123650","1":"post","2":"type-post","3":"status-publish","4":"format-standard","5":"has-post-thumbnail","7":"category-svijet","8":"category-italija","9":"tag-palestina"},"yoast_head":"<!-- This site is optimized with the Yoast SEO Premium plugin v23.1 (Yoast SEO v24.9) - https:\/\/yoast.com\/wordpress\/plugins\/seo\/ -->\n<title>Donji dom Parlamenta Italije glasao za priznavanje dr\u017eave Palestine<\/title>\n<meta name=\"robots\" content=\"index, follow, max-snippet:-1, max-image-preview:large, max-video-preview:-1\" \/>\n<link rel=\"canonical\" href=\"https:\/\/sandzakpress.net\/arhiva\/donji-dom-parlamenta-italije-glasao-za-priznavanje-drzave-palestine\/\" \/>\n<meta property=\"og:locale\" content=\"bs_BA\" \/>\n<meta property=\"og:type\" content=\"article\" \/>\n<meta property=\"og:title\" content=\"Donji dom Parlamenta Italije glasao za priznavanje dr\u017eave Palestine\" \/>\n<meta property=\"og:description\" content=\"Italija &#8211; Zastupnici Donjeg doma Parlamenta Italije usvojili su tekst za priznavanje Palestine kao dr\u017eave. Zastupnici Demokratske stranke, najve\u0107eg partnera koalicione vlade, uz podr\u0161ku ljevi\u010darskih partija ranije su predlo\u017eili tekst za priznavanje Palestine kao dr\u017eave. Za tekst je glasalo 300 zastupnika, dok je 45 bilo protiv. U tekstu su pozvali Vladu Italije da promovi\u0161e priznavanje [&hellip;]\" \/>\n<meta property=\"og:url\" content=\"https:\/\/sandzakpress.net\/arhiva\/donji-dom-parlamenta-italije-glasao-za-priznavanje-drzave-palestine\/\" \/>\n<meta property=\"og:site_name\" content=\"Sand\u017eak PRESS\" \/>\n<meta property=\"article:published_time\" content=\"2015-02-28T08:50:23+00:00\" \/>\n<meta property=\"og:image\" content=\"https:\/\/sandzakpress.net\/arhiva\/wp-content\/uploads\/2015\/02\/donji-dom-parlamenta-italije-glasao-za-prizna_trt-bosanski-39366.jpg\" \/>\n\t<meta property=\"og:image:width\" content=\"600\" \/>\n\t<meta property=\"og:image:height\" content=\"342\" \/>\n\t<meta property=\"og:image:type\" content=\"image\/jpeg\" \/>\n<meta name=\"author\" content=\"bosniak\" \/>\n<meta name=\"twitter:card\" content=\"summary_large_image\" \/>\n<meta name=\"twitter:label1\" content=\"Written by\" \/>\n\t<meta name=\"twitter:data1\" content=\"bosniak\" \/>\n\t<meta name=\"twitter:label2\" content=\"Est. reading time\" \/>\n\t<meta name=\"twitter:data2\" content=\"1 minuta\" \/>\n<script type=\"application\/ld+json\" class=\"yoast-schema-graph\">{\"@context\":\"https:\/\/schema.org\",\"@graph\":[{\"@type\":\"Article\",\"@id\":\"https:\/\/sandzakpress.net\/arhiva\/donji-dom-parlamenta-italije-glasao-za-priznavanje-drzave-palestine\/#article\",\"isPartOf\":{\"@id\":\"https:\/\/sandzakpress.net\/arhiva\/donji-dom-parlamenta-italije-glasao-za-priznavanje-drzave-palestine\/\"},\"author\":{\"name\":\"bosniak\",\"@id\":\"https:\/\/sandzakpress.net\/arhiva\/#\/schema\/person\/c8baee722073534b583ea7bdb2e36c02\"},\"headline\":\"Donji dom Parlamenta Italije glasao za priznavanje dr\u017eave Palestine\",\"datePublished\":\"2015-02-28T08:50:23+00:00\",\"mainEntityOfPage\":{\"@id\":\"https:\/\/sandzakpress.net\/arhiva\/donji-dom-parlamenta-italije-glasao-za-priznavanje-drzave-palestine\/\"},\"wordCount\":217,\"commentCount\":0,\"publisher\":{\"@id\":\"https:\/\/sandzakpress.net\/arhiva\/#\/schema\/person\/6e72b67d6e51910a1117b3b483ba20bd\"},\"image\":{\"@id\":\"https:\/\/sandzakpress.net\/arhiva\/donji-dom-parlamenta-italije-glasao-za-priznavanje-drzave-palestine\/#primaryimage\"},\"thumbnailUrl\":\"https:\/\/sandzakpress.net\/arhiva\/wp-content\/uploads\/2015\/02\/donji-dom-parlamenta-italije-glasao-za-prizna_trt-bosanski-39366.jpg\",\"keywords\":[\"Palestina\"],\"articleSection\":[\"Svijet\",\"Italija\"],\"inLanguage\":\"bs-BA\",\"potentialAction\":[{\"@type\":\"CommentAction\",\"name\":\"Comment\",\"target\":[\"https:\/\/sandzakpress.net\/arhiva\/donji-dom-parlamenta-italije-glasao-za-priznavanje-drzave-palestine\/#respond\"]}]},{\"@type\":\"WebPage\",\"@id\":\"https:\/\/sandzakpress.net\/arhiva\/donji-dom-parlamenta-italije-glasao-za-priznavanje-drzave-palestine\/\",\"url\":\"https:\/\/sandzakpress.net\/arhiva\/donji-dom-parlamenta-italije-glasao-za-priznavanje-drzave-palestine\/\",\"name\":\"Donji dom Parlamenta Italije glasao za priznavanje dr\u017eave Palestine\",\"isPartOf\":{\"@id\":\"https:\/\/sandzakpress.net\/arhiva\/#website\"},\"primaryImageOfPage\":{\"@id\":\"https:\/\/sandzakpress.net\/arhiva\/donji-dom-parlamenta-italije-glasao-za-priznavanje-drzave-palestine\/#primaryimage\"},\"image\":{\"@id\":\"https:\/\/sandzakpress.net\/arhiva\/donji-dom-parlamenta-italije-glasao-za-priznavanje-drzave-palestine\/#primaryimage\"},\"thumbnailUrl\":\"https:\/\/sandzakpress.net\/arhiva\/wp-content\/uploads\/2015\/02\/donji-dom-parlamenta-italije-glasao-za-prizna_trt-bosanski-39366.jpg\",\"datePublished\":\"2015-02-28T08:50:23+00:00\",\"breadcrumb\":{\"@id\":\"https:\/\/sandzakpress.net\/arhiva\/donji-dom-parlamenta-italije-glasao-za-priznavanje-drzave-palestine\/#breadcrumb\"},\"inLanguage\":\"bs-BA\",\"potentialAction\":[{\"@type\":\"ReadAction\",\"target\":[\"https:\/\/sandzakpress.net\/arhiva\/donji-dom-parlamenta-italije-glasao-za-priznavanje-drzave-palestine\/\"]}]},{\"@type\":\"ImageObject\",\"inLanguage\":\"bs-BA\",\"@id\":\"https:\/\/sandzakpress.net\/arhiva\/donji-dom-parlamenta-italije-glasao-za-priznavanje-drzave-palestine\/#primaryimage\",\"url\":\"https:\/\/sandzakpress.net\/arhiva\/wp-content\/uploads\/2015\/02\/donji-dom-parlamenta-italije-glasao-za-prizna_trt-bosanski-39366.jpg\",\"contentUrl\":\"https:\/\/sandzakpress.net\/arhiva\/wp-content\/uploads\/2015\/02\/donji-dom-parlamenta-italije-glasao-za-prizna_trt-bosanski-39366.jpg\",\"width\":600,\"height\":342},{\"@type\":\"BreadcrumbList\",\"@id\":\"https:\/\/sandzakpress.net\/arhiva\/donji-dom-parlamenta-italije-glasao-za-priznavanje-drzave-palestine\/#breadcrumb\",\"itemListElement\":[{\"@type\":\"ListItem\",\"position\":1,\"name\":\"Home\",\"item\":\"https:\/\/sandzakpress.net\/arhiva\/\"},{\"@type\":\"ListItem\",\"position\":2,\"name\":\"Donji dom Parlamenta Italije glasao za priznavanje dr\u017eave Palestine\"}]},{\"@type\":\"WebSite\",\"@id\":\"https:\/\/sandzakpress.net\/arhiva\/#website\",\"url\":\"https:\/\/sandzakpress.net\/arhiva\/\",\"name\":\"Sand\u017eak PRESS\",\"description\":\"Prve elektronske novine u Sand\u017eaku\",\"publisher\":{\"@id\":\"https:\/\/sandzakpress.net\/arhiva\/#\/schema\/person\/6e72b67d6e51910a1117b3b483ba20bd\"},\"potentialAction\":[{\"@type\":\"SearchAction\",\"target\":{\"@type\":\"EntryPoint\",\"urlTemplate\":\"https:\/\/sandzakpress.net\/arhiva\/?s={search_term_string}\"},\"query-input\":{\"@type\":\"PropertyValueSpecification\",\"valueRequired\":true,\"valueName\":\"search_term_string\"}}],\"inLanguage\":\"bs-BA\"},{\"@type\":[\"Person\",\"Organization\"],\"@id\":\"https:\/\/sandzakpress.net\/arhiva\/#\/schema\/person\/6e72b67d6e51910a1117b3b483ba20bd\",\"name\":\"Kul\",\"image\":{\"@type\":\"ImageObject\",\"inLanguage\":\"bs-BA\",\"@id\":\"https:\/\/sandzakpress.net\/arhiva\/#\/schema\/person\/image\/\",\"url\":\"https:\/\/secure.gravatar.com\/avatar\/42263f39aa27ac04c43cab85c280eb2e?s=96&d=mm&r=pg\",\"contentUrl\":\"https:\/\/secure.gravatar.com\/avatar\/42263f39aa27ac04c43cab85c280eb2e?s=96&d=mm&r=pg\",\"caption\":\"Kul\"},\"logo\":{\"@id\":\"https:\/\/sandzakpress.net\/arhiva\/#\/schema\/person\/image\/\"}},{\"@type\":\"Person\",\"@id\":\"https:\/\/sandzakpress.net\/arhiva\/#\/schema\/person\/c8baee722073534b583ea7bdb2e36c02\",\"name\":\"bosniak\",\"image\":{\"@type\":\"ImageObject\",\"inLanguage\":\"bs-BA\",\"@id\":\"https:\/\/sandzakpress.net\/arhiva\/#\/schema\/person\/image\/\",\"url\":\"https:\/\/secure.gravatar.com\/avatar\/a04fd330bfe3a36a72a0ad4a6d89fca7?s=96&d=mm&r=pg\",\"contentUrl\":\"https:\/\/secure.gravatar.com\/avatar\/a04fd330bfe3a36a72a0ad4a6d89fca7?s=96&d=mm&r=pg\",\"caption\":\"bosniak\"},\"url\":\"https:\/\/sandzakpress.net\/arhiva\/author\/bosniak\/\"}]}<\/script>\n<!-- \/ Yoast SEO Premium plugin. -->","yoast_head_json":{"title":"Donji dom Parlamenta Italije glasao za priznavanje dr\u017eave Palestine","robots":{"index":"index","follow":"follow","max-snippet":"max-snippet:-1","max-image-preview":"max-image-preview:large","max-video-preview":"max-video-preview:-1"},"canonical":"https:\/\/sandzakpress.net\/arhiva\/donji-dom-parlamenta-italije-glasao-za-priznavanje-drzave-palestine\/","og_locale":"bs_BA","og_type":"article","og_title":"Donji dom Parlamenta Italije glasao za priznavanje dr\u017eave Palestine","og_description":"Italija &#8211; Zastupnici Donjeg doma Parlamenta Italije usvojili su tekst za priznavanje Palestine kao dr\u017eave. Zastupnici Demokratske stranke, najve\u0107eg partnera koalicione vlade, uz podr\u0161ku ljevi\u010darskih partija ranije su predlo\u017eili tekst za priznavanje Palestine kao dr\u017eave. Za tekst je glasalo 300 zastupnika, dok je 45 bilo protiv. U tekstu su pozvali Vladu Italije da promovi\u0161e priznavanje [&hellip;]","og_url":"https:\/\/sandzakpress.net\/arhiva\/donji-dom-parlamenta-italije-glasao-za-priznavanje-drzave-palestine\/","og_site_name":"Sand\u017eak PRESS","article_published_time":"2015-02-28T08:50:23+00:00","og_image":[{"width":600,"height":342,"url":"https:\/\/sandzakpress.net\/arhiva\/wp-content\/uploads\/2015\/02\/donji-dom-parlamenta-italije-glasao-za-prizna_trt-bosanski-39366.jpg","type":"image\/jpeg"}],"author":"bosniak","twitter_card":"summary_large_image","twitter_misc":{"Written by":"bosniak","Est. reading time":"1 minuta"},"schema":{"@context":"https:\/\/schema.org","@graph":[{"@type":"Article","@id":"https:\/\/sandzakpress.net\/arhiva\/donji-dom-parlamenta-italije-glasao-za-priznavanje-drzave-palestine\/#article","isPartOf":{"@id":"https:\/\/sandzakpress.net\/arhiva\/donji-dom-parlamenta-italije-glasao-za-priznavanje-drzave-palestine\/"},"author":{"name":"bosniak","@id":"https:\/\/sandzakpress.net\/arhiva\/#\/schema\/person\/c8baee722073534b583ea7bdb2e36c02"},"headline":"Donji dom Parlamenta Italije glasao za priznavanje dr\u017eave Palestine","datePublished":"2015-02-28T08:50:23+00:00","mainEntityOfPage":{"@id":"https:\/\/sandzakpress.net\/arhiva\/donji-dom-parlamenta-italije-glasao-za-priznavanje-drzave-palestine\/"},"wordCount":217,"commentCount":0,"publisher":{"@id":"https:\/\/sandzakpress.net\/arhiva\/#\/schema\/person\/6e72b67d6e51910a1117b3b483ba20bd"},"image":{"@id":"https:\/\/sandzakpress.net\/arhiva\/donji-dom-parlamenta-italije-glasao-za-priznavanje-drzave-palestine\/#primaryimage"},"thumbnailUrl":"https:\/\/sandzakpress.net\/arhiva\/wp-content\/uploads\/2015\/02\/donji-dom-parlamenta-italije-glasao-za-prizna_trt-bosanski-39366.jpg","keywords":["Palestina"],"articleSection":["Svijet","Italija"],"inLanguage":"bs-BA","potentialAction":[{"@type":"CommentAction","name":"Comment","target":["https:\/\/sandzakpress.net\/arhiva\/donji-dom-parlamenta-italije-glasao-za-priznavanje-drzave-palestine\/#respond"]}]},{"@type":"WebPage","@id":"https:\/\/sandzakpress.net\/arhiva\/donji-dom-parlamenta-italije-glasao-za-priznavanje-drzave-palestine\/","url":"https:\/\/sandzakpress.net\/arhiva\/donji-dom-parlamenta-italije-glasao-za-priznavanje-drzave-palestine\/","name":"Donji dom Parlamenta Italije glasao za priznavanje dr\u017eave Palestine","isPartOf":{"@id":"https:\/\/sandzakpress.net\/arhiva\/#website"},"primaryImageOfPage":{"@id":"https:\/\/sandzakpress.net\/arhiva\/donji-dom-parlamenta-italije-glasao-za-priznavanje-drzave-palestine\/#primaryimage"},"image":{"@id":"https:\/\/sandzakpress.net\/arhiva\/donji-dom-parlamenta-italije-glasao-za-priznavanje-drzave-palestine\/#primaryimage"},"thumbnailUrl":"https:\/\/sandzakpress.net\/arhiva\/wp-content\/uploads\/2015\/02\/donji-dom-parlamenta-italije-glasao-za-prizna_trt-bosanski-39366.jpg","datePublished":"2015-02-28T08:50:23+00:00","breadcrumb":{"@id":"https:\/\/sandzakpress.net\/arhiva\/donji-dom-parlamenta-italije-glasao-za-priznavanje-drzave-palestine\/#breadcrumb"},"inLanguage":"bs-BA","potentialAction":[{"@type":"ReadAction","target":["https:\/\/sandzakpress.net\/arhiva\/donji-dom-parlamenta-italije-glasao-za-priznavanje-drzave-palestine\/"]}]},{"@type":"ImageObject","inLanguage":"bs-BA","@id":"https:\/\/sandzakpress.net\/arhiva\/donji-dom-parlamenta-italije-glasao-za-priznavanje-drzave-palestine\/#primaryimage","url":"https:\/\/sandzakpress.net\/arhiva\/wp-content\/uploads\/2015\/02\/donji-dom-parlamenta-italije-glasao-za-prizna_trt-bosanski-39366.jpg","contentUrl":"https:\/\/sandzakpress.net\/arhiva\/wp-content\/uploads\/2015\/02\/donji-dom-parlamenta-italije-glasao-za-prizna_trt-bosanski-39366.jpg","width":600,"height":342},{"@type":"BreadcrumbList","@id":"https:\/\/sandzakpress.net\/arhiva\/donji-dom-parlamenta-italije-glasao-za-priznavanje-drzave-palestine\/#breadcrumb","itemListElement":[{"@type":"ListItem","position":1,"name":"Home","item":"https:\/\/sandzakpress.net\/arhiva\/"},{"@type":"ListItem","position":2,"name":"Donji dom Parlamenta Italije glasao za priznavanje dr\u017eave Palestine"}]},{"@type":"WebSite","@id":"https:\/\/sandzakpress.net\/arhiva\/#website","url":"https:\/\/sandzakpress.net\/arhiva\/","name":"Sand\u017eak PRESS","description":"Prve elektronske novine u Sand\u017eaku","publisher":{"@id":"https:\/\/sandzakpress.net\/arhiva\/#\/schema\/person\/6e72b67d6e51910a1117b3b483ba20bd"},"potentialAction":[{"@type":"SearchAction","target":{"@type":"EntryPoint","urlTemplate":"https:\/\/sandzakpress.net\/arhiva\/?s={search_term_string}"},"query-input":{"@type":"PropertyValueSpecification","valueRequired":true,"valueName":"search_term_string"}}],"inLanguage":"bs-BA"},{"@type":["Person","Organization"],"@id":"https:\/\/sandzakpress.net\/arhiva\/#\/schema\/person\/6e72b67d6e51910a1117b3b483ba20bd","name":"Kul","image":{"@type":"ImageObject","inLanguage":"bs-BA","@id":"https:\/\/sandzakpress.net\/arhiva\/#\/schema\/person\/image\/","url":"https:\/\/secure.gravatar.com\/avatar\/42263f39aa27ac04c43cab85c280eb2e?s=96&d=mm&r=pg","contentUrl":"https:\/\/secure.gravatar.com\/avatar\/42263f39aa27ac04c43cab85c280eb2e?s=96&d=mm&r=pg","caption":"Kul"},"logo":{"@id":"https:\/\/sandzakpress.net\/arhiva\/#\/schema\/person\/image\/"}},{"@type":"Person","@id":"https:\/\/sandzakpress.net\/arhiva\/#\/schema\/person\/c8baee722073534b583ea7bdb2e36c02","name":"bosniak","image":{"@type":"ImageObject","inLanguage":"bs-BA","@id":"https:\/\/sandzakpress.net\/arhiva\/#\/schema\/person\/image\/","url":"https:\/\/secure.gravatar.com\/avatar\/a04fd330bfe3a36a72a0ad4a6d89fca7?s=96&d=mm&r=pg","contentUrl":"https:\/\/secure.gravatar.com\/avatar\/a04fd330bfe3a36a72a0ad4a6d89fca7?s=96&d=mm&r=pg","caption":"bosniak"},"url":"https:\/\/sandzakpress.net\/arhiva\/author\/bosniak\/"}]}},"_links":{"self":[{"href":"https:\/\/sandzakpress.net\/arhiva\/wp-json\/wp\/v2\/posts\/123650"}],"collection":[{"href":"https:\/\/sandzakpress.net\/arhiva\/wp-json\/wp\/v2\/posts"}],"about":[{"href":"https:\/\/sandzakpress.net\/arhiva\/wp-json\/wp\/v2\/types\/post"}],"author":[{"embeddable":true,"href":"https:\/\/sandzakpress.net\/arhiva\/wp-json\/wp\/v2\/users\/83"}],"replies":[{"embeddable":true,"href":"https:\/\/sandzakpress.net\/arhiva\/wp-json\/wp\/v2\/comments?post=123650"}],"version-history":[{"count":0,"href":"https:\/\/sandzakpress.net\/arhiva\/wp-json\/wp\/v2\/posts\/123650\/revisions"}],"wp:featuredmedia":[{"embeddable":true,"href":"https:\/\/sandzakpress.net\/arhiva\/wp-json\/wp\/v2\/media\/123651"}],"wp:attachment":[{"href":"https:\/\/sandzakpress.net\/arhiva\/wp-json\/wp\/v2\/media?parent=123650"}],"wp:term":[{"taxonomy":"category","embeddable":true,"href":"https:\/\/sandzakpress.net\/arhiva\/wp-json\/wp\/v2\/categories?post=123650"},{"taxonomy":"post_tag","embeddable":true,"href":"https:\/\/sandzakpress.net\/arhiva\/wp-json\/wp\/v2\/tags?post=123650"}],"curies":[{"name":"wp","href":"https:\/\/api.w.org\/{rel}","templated":true}]}}