{"id":123584,"date":"2015-02-27T15:20:30","date_gmt":"2015-02-27T14:20:30","guid":{"rendered":"https:\/\/sandzakpress.net\/arhiva\/?p=123584"},"modified":"2015-02-27T20:43:33","modified_gmt":"2015-02-27T19:43:33","slug":"odrzana-komemorativna-akademija-strpci-bez-mezara","status":"publish","type":"post","link":"https:\/\/sandzakpress.net\/arhiva\/odrzana-komemorativna-akademija-strpci-bez-mezara\/","title":{"rendered":"Muftija na akademiji za \u0160trpce &#8211; Bo\u0161njaci su pobjednici jer se nisu zarazili bole\u0161\u0107u mr\u017enje"},"content":{"rendered":"<p><a href=\"https:\/\/sandzakpress.net\/arhiva\/wp-content\/uploads\/2015\/02\/sl-1.jpg\"><img loading=\"lazy\" decoding=\"async\" class=\"alignnone size-full wp-image-123614\" src=\"https:\/\/sandzakpress.net\/arhiva\/wp-content\/uploads\/2015\/02\/sl-1.jpg\" alt=\"sl 1\" width=\"600\" height=\"398\" \/><\/a><\/p>\n<p><strong>Sand\u017eak\u00a0&#8211; U punoj sali doma kulture u Prijepolju sa po\u010detkom u 14h odr\u017eana je komemorativna akademija &#8220;\u0160trpci bez mezara&#8221;, kojom je obilje\u017eena 22. godi\u0161njica od stradanja 18 Bo\u0161njaka i 1 Hrvata na stanici \u0160trpci 1993. godine.<br \/>\n<\/strong><br \/>\nPrvi u nizu govornika obratio se doma\u0107in komemorativne akademije gospodin Samir Tandir. Gospodin Tandir na samom po\u010detku zahvalio se prisutnim gostima. Ono sto posebnom \u010dini ovogodi\u0161nju komemoraciju jeste da je u decembru 2014. godine uhap\u0161eno 15 pripadnika izvr\u0161ioca zlo\u010dina. &#8220;Tra\u017eimo od nadle\u017enih da trg ispred doma kulture dobije naziv Trg otetih u \u0160trpcima&#8221;, naglasio je izme\u0111u ostalog.<\/p>\n<p>&#8220;Ovo nije mjesto gdje treba puno govoriti. Nikakve rijeci moje utjehe ne trebaju da naru\u0161e \u010distinu te \u0161utnje&#8221;, naglasio je Mario Barfus, predstavnik OEBS-a.<\/p>\n<p>Predsjednik LDP-a svoj govor po\u010deo je rije\u010dima:&#8221; Esselamu alejkum&#8221;. &#8220;Godinama se okupljate i ja sa vama \u010duvajuci na taj na\u010din ne samo sje\u010danje na te \u017ertve ne\u010dijeg ludila, ve\u0107 i da prije svega ne dozvolimo da se ikad vise tako ne\u0161to ponovi&#8221;, naglasio je \u010cedomir Jovanovi\u0107.<\/p>\n<p>&#8220;Zlo\u010dinci \u0107e zavr\u0161iti sa presudama kao i mnogi prije njih ali to nije satisfakcija za porodice stradalih i dovoljno da ka\u017eemo &#8216;Mi smo u\u010dinili sve'&#8221;, zaklju\u010dio je Jovanovi\u0107.<\/p>\n<p>Pristunima se obratio i muftija sand\u017ea\u010dki Muamer ef. Zukorli\u0107.<\/p>\n<p>&#8220;Posljednjih godina skoro svake godine sam 11. jula u Srebrenici, a 27. Februara u Prijepolju. \u010cesto sebi postavljam pitanje koliko ovo jo\u0161 mogu izdr\u017eati, jer je svaki ovakav govor iznova prosipanje svojih emocija&#8221;, naglasio je muftija sand\u017ea\u010dki Muamer ef. Zukorli\u0107.<\/p>\n<p>&#8220;Posmatrao sam ljude kako se ophode prema stradanjima. Jedni su odustali i posve se predali, drugi su se potpuno predali emociji i oti\u0161li u \u017ealopojku. Vidio sam i one tre\u0107e koji su odlu\u010dili da se osvete i tako postali sopstveni d\u017eelati. Gledajuci na svoju vjeru i tradiciju shvatio sam da su sva tri nacina neispravna&#8221;, ka\u017ee je Muftija.<\/p>\n<p>&#8220;Nas islam u\u010di da \u0107emo biti okrenuti prema pro\u0161losti samo onoliko koliko \u0107e nam trebati za budu\u0107nosti, a to zna\u010di izvuci pouku&#8221;, isti\u010de muftija Zukorli\u0107.<\/p>\n<p>&#8220;Da bi se ostvarila ova \u017eelja i dova da se vise nikada ne ponovi, mora se ne\u0161to \u010diniti u taboru onih koji su zlo\u010din po\u010dinili. Zato mi pozivamo vlast da izvr\u0161i obavezu dr\u017eave prema \u017ertvama, prema njihovim porodicama, prema zlo\u010dinu. Iako smo do\u017eivjeli val od 10 genocida mi i dalje imamo snage da gledamo na budu\u0107nost.&#8221;, naglasio je Muftija.<\/p>\n<p>&#8220;Tragedija je osnovni pokreta\u010d najve\u0107ih ljudskih djela u historiji, a znate za\u0161to? Zato sto se u tragedijama nalazi bolna istina. Ja sam uvjeren da Bo\u0161njaci imaju svijetlu budu\u0107nost, zato sto nismo pali na ispitu mr\u017enje. Sta god da nam se desilo nije uspjelo da nas zarazi bole\u0161\u0107u mr\u017enje. Zato se ja ponosim svojim narodom&#8221;, zaklju\u010dio je Muftija.<\/p>\n<p>Nakon komemorativne akademije ispred doma kulture u Prijepolju formirana je kolona za mimohod \u0161utnje do komemorativnog obilje\u017eja u Sarampovu.<\/p>\n<p>SANA &#8211; Hamza \u0160krijelj<\/p>\n<p><a href=\"https:\/\/sandzakpress.net\/arhiva\/wp-content\/uploads\/2015\/02\/sl-2.jpg\"><img loading=\"lazy\" decoding=\"async\" class=\"alignnone size-full wp-image-123615\" src=\"https:\/\/sandzakpress.net\/arhiva\/wp-content\/uploads\/2015\/02\/sl-2.jpg\" alt=\"sl 2\" width=\"600\" height=\"398\" \/><\/a><\/p>\n<p><a href=\"https:\/\/sandzakpress.net\/arhiva\/wp-content\/uploads\/2015\/02\/sl-4.jpg\"><img loading=\"lazy\" decoding=\"async\" class=\"alignnone size-full wp-image-123617\" src=\"https:\/\/sandzakpress.net\/arhiva\/wp-content\/uploads\/2015\/02\/sl-4.jpg\" alt=\"sl 4\" width=\"600\" height=\"398\" \/><\/a><\/p>\n<p><a href=\"https:\/\/sandzakpress.net\/arhiva\/wp-content\/uploads\/2015\/02\/sl-5.jpg\"><img loading=\"lazy\" decoding=\"async\" class=\"alignnone size-full wp-image-123618\" src=\"https:\/\/sandzakpress.net\/arhiva\/wp-content\/uploads\/2015\/02\/sl-5.jpg\" alt=\"sl 5\" width=\"600\" height=\"398\" \/><\/a><\/p>\n<p><a href=\"https:\/\/sandzakpress.net\/arhiva\/wp-content\/uploads\/2015\/02\/sl-6.jpg\"><img loading=\"lazy\" decoding=\"async\" class=\"alignnone size-full wp-image-123619\" src=\"https:\/\/sandzakpress.net\/arhiva\/wp-content\/uploads\/2015\/02\/sl-6.jpg\" alt=\"sl 6\" width=\"600\" height=\"398\" \/><\/a><\/p>\n<p><a href=\"https:\/\/sandzakpress.net\/arhiva\/wp-content\/uploads\/2015\/02\/sl-7.jpg\"><img loading=\"lazy\" decoding=\"async\" class=\"alignnone size-full wp-image-123620\" src=\"https:\/\/sandzakpress.net\/arhiva\/wp-content\/uploads\/2015\/02\/sl-7.jpg\" alt=\"sl 7\" width=\"600\" height=\"398\" \/><\/a><\/p>\n<p><a href=\"https:\/\/sandzakpress.net\/arhiva\/wp-content\/uploads\/2015\/02\/sl-12.jpg\"><img loading=\"lazy\" decoding=\"async\" class=\"alignnone size-full wp-image-123625\" src=\"https:\/\/sandzakpress.net\/arhiva\/wp-content\/uploads\/2015\/02\/sl-12.jpg\" alt=\"sl 12\" width=\"600\" height=\"398\" \/><\/a><\/p>\n<p><a href=\"https:\/\/sandzakpress.net\/arhiva\/wp-content\/uploads\/2015\/02\/sl-13.jpg\"><img loading=\"lazy\" decoding=\"async\" class=\"alignnone size-full wp-image-123626\" src=\"https:\/\/sandzakpress.net\/arhiva\/wp-content\/uploads\/2015\/02\/sl-13.jpg\" alt=\"sl 13\" width=\"600\" height=\"398\" \/><\/a><\/p>\n<p><a href=\"https:\/\/sandzakpress.net\/arhiva\/wp-content\/uploads\/2015\/02\/sl-14.jpg\"><img loading=\"lazy\" decoding=\"async\" class=\"alignnone size-full wp-image-123627\" src=\"https:\/\/sandzakpress.net\/arhiva\/wp-content\/uploads\/2015\/02\/sl-14.jpg\" alt=\"sl 14\" width=\"600\" height=\"398\" \/><\/a><\/p>\n<p><a href=\"https:\/\/sandzakpress.net\/arhiva\/wp-content\/uploads\/2015\/02\/sl-15.jpg\"><img loading=\"lazy\" decoding=\"async\" class=\"alignnone size-full wp-image-123628\" src=\"https:\/\/sandzakpress.net\/arhiva\/wp-content\/uploads\/2015\/02\/sl-15.jpg\" alt=\"sl 15\" width=\"600\" height=\"398\" \/><\/a><\/p>\n<p>&nbsp;<\/p>\n<p>&nbsp;<\/p>\n","protected":false},"excerpt":{"rendered":"<p>Sand\u017eak\u00a0&#8211; U punoj sali doma kulture u Prijepolju sa po\u010detkom u 14h odr\u017eana je komemorativna akademija &#8220;\u0160trpci bez mezara&#8221;, kojom je obilje\u017eena 22. godi\u0161njica od stradanja 18 Bo\u0161njaka i 1 Hrvata na stanici \u0160trpci 1993. godine. Prvi u nizu govornika obratio se doma\u0107in komemorativne akademije gospodin Samir Tandir. Gospodin Tandir na samom po\u010detku zahvalio se [&hellip;]<\/p>\n","protected":false},"author":83,"featured_media":123614,"comment_status":"open","ping_status":"open","sticky":false,"template":"","format":"standard","meta":{"footnotes":""},"categories":[72,800,52,327,392,393,394,8957,798,10429],"tags":[10199,10204],"class_list":{"0":"post-123584","1":"post","2":"type-post","3":"status-publish","4":"format-standard","5":"has-post-thumbnail","7":"category-novi-pazar","8":"category-nacija","9":"category-sjenica","10":"category-tutin","11":"category-prijepolje_","12":"category-priboj","13":"category-nova-varos","14":"category-vijesti-dana","15":"category-teme","16":"category-vazno","17":"tag-zlocini-u-sandzaku","18":"tag-muftija-muamer-zukorlic"},"yoast_head":"<!-- This site is optimized with the Yoast SEO Premium plugin v23.1 (Yoast SEO v24.9) - https:\/\/yoast.com\/wordpress\/plugins\/seo\/ -->\n<title>Muftija na akademiji za \u0160trpce - Bo\u0161njaci su pobjednici jer se nisu zarazili bole\u0161\u0107u mr\u017enje<\/title>\n<meta name=\"robots\" content=\"index, follow, max-snippet:-1, max-image-preview:large, max-video-preview:-1\" \/>\n<link rel=\"canonical\" href=\"https:\/\/sandzakpress.net\/arhiva\/odrzana-komemorativna-akademija-strpci-bez-mezara\/\" \/>\n<meta property=\"og:locale\" content=\"bs_BA\" \/>\n<meta property=\"og:type\" content=\"article\" \/>\n<meta property=\"og:title\" content=\"Muftija na akademiji za \u0160trpce - Bo\u0161njaci su pobjednici jer se nisu zarazili bole\u0161\u0107u mr\u017enje\" \/>\n<meta property=\"og:description\" content=\"Sand\u017eak\u00a0&#8211; U punoj sali doma kulture u Prijepolju sa po\u010detkom u 14h odr\u017eana je komemorativna akademija &#8220;\u0160trpci bez mezara&#8221;, kojom je obilje\u017eena 22. godi\u0161njica od stradanja 18 Bo\u0161njaka i 1 Hrvata na stanici \u0160trpci 1993. godine. Prvi u nizu govornika obratio se doma\u0107in komemorativne akademije gospodin Samir Tandir. Gospodin Tandir na samom po\u010detku zahvalio se [&hellip;]\" \/>\n<meta property=\"og:url\" content=\"https:\/\/sandzakpress.net\/arhiva\/odrzana-komemorativna-akademija-strpci-bez-mezara\/\" \/>\n<meta property=\"og:site_name\" content=\"Sand\u017eak PRESS\" \/>\n<meta property=\"article:published_time\" content=\"2015-02-27T14:20:30+00:00\" \/>\n<meta property=\"article:modified_time\" content=\"2015-02-27T19:43:33+00:00\" \/>\n<meta property=\"og:image\" content=\"https:\/\/sandzakpress.net\/arhiva\/wp-content\/uploads\/2015\/02\/sl-1.jpg\" \/>\n\t<meta property=\"og:image:width\" content=\"600\" \/>\n\t<meta property=\"og:image:height\" content=\"398\" \/>\n\t<meta property=\"og:image:type\" content=\"image\/jpeg\" \/>\n<meta name=\"author\" content=\"bosniak\" \/>\n<meta name=\"twitter:card\" content=\"summary_large_image\" \/>\n<meta name=\"twitter:label1\" content=\"Written by\" \/>\n\t<meta name=\"twitter:data1\" content=\"bosniak\" \/>\n\t<meta name=\"twitter:label2\" content=\"Est. reading time\" \/>\n\t<meta name=\"twitter:data2\" content=\"3 minute\" \/>\n<script type=\"application\/ld+json\" class=\"yoast-schema-graph\">{\"@context\":\"https:\/\/schema.org\",\"@graph\":[{\"@type\":\"Article\",\"@id\":\"https:\/\/sandzakpress.net\/arhiva\/odrzana-komemorativna-akademija-strpci-bez-mezara\/#article\",\"isPartOf\":{\"@id\":\"https:\/\/sandzakpress.net\/arhiva\/odrzana-komemorativna-akademija-strpci-bez-mezara\/\"},\"author\":{\"name\":\"bosniak\",\"@id\":\"https:\/\/sandzakpress.net\/arhiva\/#\/schema\/person\/c8baee722073534b583ea7bdb2e36c02\"},\"headline\":\"Muftija na akademiji za \u0160trpce &#8211; Bo\u0161njaci su pobjednici jer se nisu zarazili bole\u0161\u0107u mr\u017enje\",\"datePublished\":\"2015-02-27T14:20:30+00:00\",\"dateModified\":\"2015-02-27T19:43:33+00:00\",\"mainEntityOfPage\":{\"@id\":\"https:\/\/sandzakpress.net\/arhiva\/odrzana-komemorativna-akademija-strpci-bez-mezara\/\"},\"wordCount\":533,\"commentCount\":28,\"publisher\":{\"@id\":\"https:\/\/sandzakpress.net\/arhiva\/#\/schema\/person\/6e72b67d6e51910a1117b3b483ba20bd\"},\"image\":{\"@id\":\"https:\/\/sandzakpress.net\/arhiva\/odrzana-komemorativna-akademija-strpci-bez-mezara\/#primaryimage\"},\"thumbnailUrl\":\"https:\/\/sandzakpress.net\/arhiva\/wp-content\/uploads\/2015\/02\/sl-1.jpg\",\"keywords\":[\"genocid u sand\u017eaku\",\"muftija Muamer Zukorli\u0107\"],\"articleSection\":[\"Novi Pazar\",\"Nacija\",\"Sjenica\",\"Tutin\",\"Prijepolje\",\"Priboj\",\"Nova Varo\u0161\",\"VIJESTI DANA\",\"NAJNOVIJE\",\"VA\u017dNO!\"],\"inLanguage\":\"bs-BA\",\"potentialAction\":[{\"@type\":\"CommentAction\",\"name\":\"Comment\",\"target\":[\"https:\/\/sandzakpress.net\/arhiva\/odrzana-komemorativna-akademija-strpci-bez-mezara\/#respond\"]}]},{\"@type\":\"WebPage\",\"@id\":\"https:\/\/sandzakpress.net\/arhiva\/odrzana-komemorativna-akademija-strpci-bez-mezara\/\",\"url\":\"https:\/\/sandzakpress.net\/arhiva\/odrzana-komemorativna-akademija-strpci-bez-mezara\/\",\"name\":\"Muftija na akademiji za \u0160trpce - Bo\u0161njaci su pobjednici jer se nisu zarazili bole\u0161\u0107u mr\u017enje\",\"isPartOf\":{\"@id\":\"https:\/\/sandzakpress.net\/arhiva\/#website\"},\"primaryImageOfPage\":{\"@id\":\"https:\/\/sandzakpress.net\/arhiva\/odrzana-komemorativna-akademija-strpci-bez-mezara\/#primaryimage\"},\"image\":{\"@id\":\"https:\/\/sandzakpress.net\/arhiva\/odrzana-komemorativna-akademija-strpci-bez-mezara\/#primaryimage\"},\"thumbnailUrl\":\"https:\/\/sandzakpress.net\/arhiva\/wp-content\/uploads\/2015\/02\/sl-1.jpg\",\"datePublished\":\"2015-02-27T14:20:30+00:00\",\"dateModified\":\"2015-02-27T19:43:33+00:00\",\"breadcrumb\":{\"@id\":\"https:\/\/sandzakpress.net\/arhiva\/odrzana-komemorativna-akademija-strpci-bez-mezara\/#breadcrumb\"},\"inLanguage\":\"bs-BA\",\"potentialAction\":[{\"@type\":\"ReadAction\",\"target\":[\"https:\/\/sandzakpress.net\/arhiva\/odrzana-komemorativna-akademija-strpci-bez-mezara\/\"]}]},{\"@type\":\"ImageObject\",\"inLanguage\":\"bs-BA\",\"@id\":\"https:\/\/sandzakpress.net\/arhiva\/odrzana-komemorativna-akademija-strpci-bez-mezara\/#primaryimage\",\"url\":\"https:\/\/sandzakpress.net\/arhiva\/wp-content\/uploads\/2015\/02\/sl-1.jpg\",\"contentUrl\":\"https:\/\/sandzakpress.net\/arhiva\/wp-content\/uploads\/2015\/02\/sl-1.jpg\",\"width\":600,\"height\":398},{\"@type\":\"BreadcrumbList\",\"@id\":\"https:\/\/sandzakpress.net\/arhiva\/odrzana-komemorativna-akademija-strpci-bez-mezara\/#breadcrumb\",\"itemListElement\":[{\"@type\":\"ListItem\",\"position\":1,\"name\":\"Home\",\"item\":\"https:\/\/sandzakpress.net\/arhiva\/\"},{\"@type\":\"ListItem\",\"position\":2,\"name\":\"Muftija na akademiji za \u0160trpce &#8211; Bo\u0161njaci su pobjednici jer se nisu zarazili bole\u0161\u0107u mr\u017enje\"}]},{\"@type\":\"WebSite\",\"@id\":\"https:\/\/sandzakpress.net\/arhiva\/#website\",\"url\":\"https:\/\/sandzakpress.net\/arhiva\/\",\"name\":\"Sand\u017eak PRESS\",\"description\":\"Prve elektronske novine u Sand\u017eaku\",\"publisher\":{\"@id\":\"https:\/\/sandzakpress.net\/arhiva\/#\/schema\/person\/6e72b67d6e51910a1117b3b483ba20bd\"},\"potentialAction\":[{\"@type\":\"SearchAction\",\"target\":{\"@type\":\"EntryPoint\",\"urlTemplate\":\"https:\/\/sandzakpress.net\/arhiva\/?s={search_term_string}\"},\"query-input\":{\"@type\":\"PropertyValueSpecification\",\"valueRequired\":true,\"valueName\":\"search_term_string\"}}],\"inLanguage\":\"bs-BA\"},{\"@type\":[\"Person\",\"Organization\"],\"@id\":\"https:\/\/sandzakpress.net\/arhiva\/#\/schema\/person\/6e72b67d6e51910a1117b3b483ba20bd\",\"name\":\"Kul\",\"image\":{\"@type\":\"ImageObject\",\"inLanguage\":\"bs-BA\",\"@id\":\"https:\/\/sandzakpress.net\/arhiva\/#\/schema\/person\/image\/\",\"url\":\"https:\/\/secure.gravatar.com\/avatar\/42263f39aa27ac04c43cab85c280eb2e?s=96&d=mm&r=pg\",\"contentUrl\":\"https:\/\/secure.gravatar.com\/avatar\/42263f39aa27ac04c43cab85c280eb2e?s=96&d=mm&r=pg\",\"caption\":\"Kul\"},\"logo\":{\"@id\":\"https:\/\/sandzakpress.net\/arhiva\/#\/schema\/person\/image\/\"}},{\"@type\":\"Person\",\"@id\":\"https:\/\/sandzakpress.net\/arhiva\/#\/schema\/person\/c8baee722073534b583ea7bdb2e36c02\",\"name\":\"bosniak\",\"image\":{\"@type\":\"ImageObject\",\"inLanguage\":\"bs-BA\",\"@id\":\"https:\/\/sandzakpress.net\/arhiva\/#\/schema\/person\/image\/\",\"url\":\"https:\/\/secure.gravatar.com\/avatar\/a04fd330bfe3a36a72a0ad4a6d89fca7?s=96&d=mm&r=pg\",\"contentUrl\":\"https:\/\/secure.gravatar.com\/avatar\/a04fd330bfe3a36a72a0ad4a6d89fca7?s=96&d=mm&r=pg\",\"caption\":\"bosniak\"},\"url\":\"https:\/\/sandzakpress.net\/arhiva\/author\/bosniak\/\"}]}<\/script>\n<!-- \/ Yoast SEO Premium plugin. -->","yoast_head_json":{"title":"Muftija na akademiji za \u0160trpce - Bo\u0161njaci su pobjednici jer se nisu zarazili bole\u0161\u0107u mr\u017enje","robots":{"index":"index","follow":"follow","max-snippet":"max-snippet:-1","max-image-preview":"max-image-preview:large","max-video-preview":"max-video-preview:-1"},"canonical":"https:\/\/sandzakpress.net\/arhiva\/odrzana-komemorativna-akademija-strpci-bez-mezara\/","og_locale":"bs_BA","og_type":"article","og_title":"Muftija na akademiji za \u0160trpce - Bo\u0161njaci su pobjednici jer se nisu zarazili bole\u0161\u0107u mr\u017enje","og_description":"Sand\u017eak\u00a0&#8211; U punoj sali doma kulture u Prijepolju sa po\u010detkom u 14h odr\u017eana je komemorativna akademija &#8220;\u0160trpci bez mezara&#8221;, kojom je obilje\u017eena 22. godi\u0161njica od stradanja 18 Bo\u0161njaka i 1 Hrvata na stanici \u0160trpci 1993. godine. Prvi u nizu govornika obratio se doma\u0107in komemorativne akademije gospodin Samir Tandir. Gospodin Tandir na samom po\u010detku zahvalio se [&hellip;]","og_url":"https:\/\/sandzakpress.net\/arhiva\/odrzana-komemorativna-akademija-strpci-bez-mezara\/","og_site_name":"Sand\u017eak PRESS","article_published_time":"2015-02-27T14:20:30+00:00","article_modified_time":"2015-02-27T19:43:33+00:00","og_image":[{"width":600,"height":398,"url":"https:\/\/sandzakpress.net\/arhiva\/wp-content\/uploads\/2015\/02\/sl-1.jpg","type":"image\/jpeg"}],"author":"bosniak","twitter_card":"summary_large_image","twitter_misc":{"Written by":"bosniak","Est. reading time":"3 minute"},"schema":{"@context":"https:\/\/schema.org","@graph":[{"@type":"Article","@id":"https:\/\/sandzakpress.net\/arhiva\/odrzana-komemorativna-akademija-strpci-bez-mezara\/#article","isPartOf":{"@id":"https:\/\/sandzakpress.net\/arhiva\/odrzana-komemorativna-akademija-strpci-bez-mezara\/"},"author":{"name":"bosniak","@id":"https:\/\/sandzakpress.net\/arhiva\/#\/schema\/person\/c8baee722073534b583ea7bdb2e36c02"},"headline":"Muftija na akademiji za \u0160trpce &#8211; Bo\u0161njaci su pobjednici jer se nisu zarazili bole\u0161\u0107u mr\u017enje","datePublished":"2015-02-27T14:20:30+00:00","dateModified":"2015-02-27T19:43:33+00:00","mainEntityOfPage":{"@id":"https:\/\/sandzakpress.net\/arhiva\/odrzana-komemorativna-akademija-strpci-bez-mezara\/"},"wordCount":533,"commentCount":28,"publisher":{"@id":"https:\/\/sandzakpress.net\/arhiva\/#\/schema\/person\/6e72b67d6e51910a1117b3b483ba20bd"},"image":{"@id":"https:\/\/sandzakpress.net\/arhiva\/odrzana-komemorativna-akademija-strpci-bez-mezara\/#primaryimage"},"thumbnailUrl":"https:\/\/sandzakpress.net\/arhiva\/wp-content\/uploads\/2015\/02\/sl-1.jpg","keywords":["genocid u sand\u017eaku","muftija Muamer Zukorli\u0107"],"articleSection":["Novi Pazar","Nacija","Sjenica","Tutin","Prijepolje","Priboj","Nova Varo\u0161","VIJESTI DANA","NAJNOVIJE","VA\u017dNO!"],"inLanguage":"bs-BA","potentialAction":[{"@type":"CommentAction","name":"Comment","target":["https:\/\/sandzakpress.net\/arhiva\/odrzana-komemorativna-akademija-strpci-bez-mezara\/#respond"]}]},{"@type":"WebPage","@id":"https:\/\/sandzakpress.net\/arhiva\/odrzana-komemorativna-akademija-strpci-bez-mezara\/","url":"https:\/\/sandzakpress.net\/arhiva\/odrzana-komemorativna-akademija-strpci-bez-mezara\/","name":"Muftija na akademiji za \u0160trpce - Bo\u0161njaci su pobjednici jer se nisu zarazili bole\u0161\u0107u mr\u017enje","isPartOf":{"@id":"https:\/\/sandzakpress.net\/arhiva\/#website"},"primaryImageOfPage":{"@id":"https:\/\/sandzakpress.net\/arhiva\/odrzana-komemorativna-akademija-strpci-bez-mezara\/#primaryimage"},"image":{"@id":"https:\/\/sandzakpress.net\/arhiva\/odrzana-komemorativna-akademija-strpci-bez-mezara\/#primaryimage"},"thumbnailUrl":"https:\/\/sandzakpress.net\/arhiva\/wp-content\/uploads\/2015\/02\/sl-1.jpg","datePublished":"2015-02-27T14:20:30+00:00","dateModified":"2015-02-27T19:43:33+00:00","breadcrumb":{"@id":"https:\/\/sandzakpress.net\/arhiva\/odrzana-komemorativna-akademija-strpci-bez-mezara\/#breadcrumb"},"inLanguage":"bs-BA","potentialAction":[{"@type":"ReadAction","target":["https:\/\/sandzakpress.net\/arhiva\/odrzana-komemorativna-akademija-strpci-bez-mezara\/"]}]},{"@type":"ImageObject","inLanguage":"bs-BA","@id":"https:\/\/sandzakpress.net\/arhiva\/odrzana-komemorativna-akademija-strpci-bez-mezara\/#primaryimage","url":"https:\/\/sandzakpress.net\/arhiva\/wp-content\/uploads\/2015\/02\/sl-1.jpg","contentUrl":"https:\/\/sandzakpress.net\/arhiva\/wp-content\/uploads\/2015\/02\/sl-1.jpg","width":600,"height":398},{"@type":"BreadcrumbList","@id":"https:\/\/sandzakpress.net\/arhiva\/odrzana-komemorativna-akademija-strpci-bez-mezara\/#breadcrumb","itemListElement":[{"@type":"ListItem","position":1,"name":"Home","item":"https:\/\/sandzakpress.net\/arhiva\/"},{"@type":"ListItem","position":2,"name":"Muftija na akademiji za \u0160trpce &#8211; Bo\u0161njaci su pobjednici jer se nisu zarazili bole\u0161\u0107u mr\u017enje"}]},{"@type":"WebSite","@id":"https:\/\/sandzakpress.net\/arhiva\/#website","url":"https:\/\/sandzakpress.net\/arhiva\/","name":"Sand\u017eak PRESS","description":"Prve elektronske novine u Sand\u017eaku","publisher":{"@id":"https:\/\/sandzakpress.net\/arhiva\/#\/schema\/person\/6e72b67d6e51910a1117b3b483ba20bd"},"potentialAction":[{"@type":"SearchAction","target":{"@type":"EntryPoint","urlTemplate":"https:\/\/sandzakpress.net\/arhiva\/?s={search_term_string}"},"query-input":{"@type":"PropertyValueSpecification","valueRequired":true,"valueName":"search_term_string"}}],"inLanguage":"bs-BA"},{"@type":["Person","Organization"],"@id":"https:\/\/sandzakpress.net\/arhiva\/#\/schema\/person\/6e72b67d6e51910a1117b3b483ba20bd","name":"Kul","image":{"@type":"ImageObject","inLanguage":"bs-BA","@id":"https:\/\/sandzakpress.net\/arhiva\/#\/schema\/person\/image\/","url":"https:\/\/secure.gravatar.com\/avatar\/42263f39aa27ac04c43cab85c280eb2e?s=96&d=mm&r=pg","contentUrl":"https:\/\/secure.gravatar.com\/avatar\/42263f39aa27ac04c43cab85c280eb2e?s=96&d=mm&r=pg","caption":"Kul"},"logo":{"@id":"https:\/\/sandzakpress.net\/arhiva\/#\/schema\/person\/image\/"}},{"@type":"Person","@id":"https:\/\/sandzakpress.net\/arhiva\/#\/schema\/person\/c8baee722073534b583ea7bdb2e36c02","name":"bosniak","image":{"@type":"ImageObject","inLanguage":"bs-BA","@id":"https:\/\/sandzakpress.net\/arhiva\/#\/schema\/person\/image\/","url":"https:\/\/secure.gravatar.com\/avatar\/a04fd330bfe3a36a72a0ad4a6d89fca7?s=96&d=mm&r=pg","contentUrl":"https:\/\/secure.gravatar.com\/avatar\/a04fd330bfe3a36a72a0ad4a6d89fca7?s=96&d=mm&r=pg","caption":"bosniak"},"url":"https:\/\/sandzakpress.net\/arhiva\/author\/bosniak\/"}]}},"_links":{"self":[{"href":"https:\/\/sandzakpress.net\/arhiva\/wp-json\/wp\/v2\/posts\/123584"}],"collection":[{"href":"https:\/\/sandzakpress.net\/arhiva\/wp-json\/wp\/v2\/posts"}],"about":[{"href":"https:\/\/sandzakpress.net\/arhiva\/wp-json\/wp\/v2\/types\/post"}],"author":[{"embeddable":true,"href":"https:\/\/sandzakpress.net\/arhiva\/wp-json\/wp\/v2\/users\/83"}],"replies":[{"embeddable":true,"href":"https:\/\/sandzakpress.net\/arhiva\/wp-json\/wp\/v2\/comments?post=123584"}],"version-history":[{"count":0,"href":"https:\/\/sandzakpress.net\/arhiva\/wp-json\/wp\/v2\/posts\/123584\/revisions"}],"wp:featuredmedia":[{"embeddable":true,"href":"https:\/\/sandzakpress.net\/arhiva\/wp-json\/wp\/v2\/media\/123614"}],"wp:attachment":[{"href":"https:\/\/sandzakpress.net\/arhiva\/wp-json\/wp\/v2\/media?parent=123584"}],"wp:term":[{"taxonomy":"category","embeddable":true,"href":"https:\/\/sandzakpress.net\/arhiva\/wp-json\/wp\/v2\/categories?post=123584"},{"taxonomy":"post_tag","embeddable":true,"href":"https:\/\/sandzakpress.net\/arhiva\/wp-json\/wp\/v2\/tags?post=123584"}],"curies":[{"name":"wp","href":"https:\/\/api.w.org\/{rel}","templated":true}]}}