{"id":123538,"date":"2015-02-26T18:25:24","date_gmt":"2015-02-26T17:25:24","guid":{"rendered":"https:\/\/sandzakpress.net\/arhiva\/?p=123538"},"modified":"2015-02-26T18:25:24","modified_gmt":"2015-02-26T17:25:24","slug":"volkan-bozkir-turska-nece-cekati-50-godina-na-clanstvo-u-eu","status":"publish","type":"post","link":"https:\/\/sandzakpress.net\/arhiva\/volkan-bozkir-turska-nece-cekati-50-godina-na-clanstvo-u-eu\/","title":{"rendered":"Volkan Bozkir: Turska ne\u0107e \u010dekati 50 godina na \u010dlanstvo u EU"},"content":{"rendered":"<p><img loading=\"lazy\" decoding=\"async\" class=\"\" src=\"http:\/\/trtworldmedia.trt.net.tr\/Files\/UploadedImages\/6455585824volkanbozkr.jpg?width=620&amp;q=0\" alt=\"Volkan Bozkir: Turska ne\u0107e \u010dekati 50 godina na \u010dlanstvo u EU\" width=\"599\" height=\"406\" \/><\/p>\n<p><strong>Turska &#8211; Ministar za evropske integracije Republike Turske Volkan Bozkir rekao je kako ova zemlja nema nameru \u010dekati 50 godina na \u010dlanstvo u Evropskoj uniji (EU)<\/strong><\/p>\n<p>Na\u0161 po\u010detni cilj bio je posti\u0107i ekonomski razvoj, ali to smo svakako postigli. Trenutni cilj nam je posti\u0107i evropske standarde\u201c, izjavio je turski ministar za evropske integracije Volkan Bozkir.<\/p>\n<p>\u201cCilj Turske je dosti\u0107i evropske standarde tokom procesa pristupanja\u201c, rekao je Bozkir, govore\u0107i na sastanku thik thank organizacije Paasikivi u Finskoj.<br \/>\nTurska je aplicirala za \u010dlanstvo u EU-u 1987. godine, a pregovori o pristupanju po\u010deli su 2005. godine.<\/p>\n<p>\u201cNa\u0161 po\u010detni cilj bio je posti\u0107i ekonomski razvoj, ali to smo svakako postigli. Trenutni cilj nam je posti\u0107i evropske standarde\u201c, izjavio je turski ministar za evropske integracije.<\/p>\n<p>On je zahvalio Finskoj zbog podr\u0161ke Turskoj ka njenom putu ka EU-u.<\/p>\n<p>Da bi postala \u010dlanica, Turska mora uspe\u0161no zaklju\u010diti 35 pregovara\u010dkih poglavlja u okviru pregovora s EU-om, koji uklju\u010duju reforme i prihvatanje evropskih standarda.<\/p>\n<p>Turska je dosad otvorila 14 poglavlja, dok je 17 blokirano, a o \u010detiri poglavlja se tek treba raspravljati.<\/p>\n<p>(trt)<\/p>\n","protected":false},"excerpt":{"rendered":"<p>Turska &#8211; Ministar za evropske integracije Republike Turske Volkan Bozkir rekao je kako ova zemlja nema nameru \u010dekati 50 godina na \u010dlanstvo u Evropskoj uniji (EU) Na\u0161 po\u010detni cilj bio je posti\u0107i ekonomski razvoj, ali to smo svakako postigli. Trenutni cilj nam je posti\u0107i evropske standarde\u201c, izjavio je turski ministar za evropske integracije Volkan Bozkir. [&hellip;]<\/p>\n","protected":false},"author":509,"featured_media":123539,"comment_status":"open","ping_status":"open","sticky":false,"template":"","format":"standard","meta":{"footnotes":""},"categories":[9,2692,798],"tags":[],"class_list":{"0":"post-123538","1":"post","2":"type-post","3":"status-publish","4":"format-standard","5":"has-post-thumbnail","7":"category-svijet","8":"category-turska-gradovi","9":"category-teme"},"yoast_head":"<!-- This site is optimized with the Yoast SEO Premium plugin v23.1 (Yoast SEO v24.9) - https:\/\/yoast.com\/wordpress\/plugins\/seo\/ -->\n<title>Volkan Bozkir: Turska ne\u0107e \u010dekati 50 godina na \u010dlanstvo u EU<\/title>\n<meta name=\"robots\" content=\"index, follow, max-snippet:-1, max-image-preview:large, max-video-preview:-1\" \/>\n<link rel=\"canonical\" href=\"https:\/\/sandzakpress.net\/arhiva\/volkan-bozkir-turska-nece-cekati-50-godina-na-clanstvo-u-eu\/\" \/>\n<meta property=\"og:locale\" content=\"bs_BA\" \/>\n<meta property=\"og:type\" content=\"article\" \/>\n<meta property=\"og:title\" content=\"Volkan Bozkir: Turska ne\u0107e \u010dekati 50 godina na \u010dlanstvo u EU\" \/>\n<meta property=\"og:description\" content=\"Turska &#8211; Ministar za evropske integracije Republike Turske Volkan Bozkir rekao je kako ova zemlja nema nameru \u010dekati 50 godina na \u010dlanstvo u Evropskoj uniji (EU) Na\u0161 po\u010detni cilj bio je posti\u0107i ekonomski razvoj, ali to smo svakako postigli. Trenutni cilj nam je posti\u0107i evropske standarde\u201c, izjavio je turski ministar za evropske integracije Volkan Bozkir. [&hellip;]\" \/>\n<meta property=\"og:url\" content=\"https:\/\/sandzakpress.net\/arhiva\/volkan-bozkir-turska-nece-cekati-50-godina-na-clanstvo-u-eu\/\" \/>\n<meta property=\"og:site_name\" content=\"Sand\u017eak PRESS\" \/>\n<meta property=\"article:published_time\" content=\"2015-02-26T17:25:24+00:00\" \/>\n<meta property=\"og:image\" content=\"https:\/\/sandzakpress.net\/arhiva\/wp-content\/uploads\/2015\/02\/6455585824volkanbozkr.jpg\" \/>\n\t<meta property=\"og:image:width\" content=\"620\" \/>\n\t<meta property=\"og:image:height\" content=\"420\" \/>\n\t<meta property=\"og:image:type\" content=\"image\/jpeg\" \/>\n<meta name=\"author\" content=\"Agencija\" \/>\n<meta name=\"twitter:card\" content=\"summary_large_image\" \/>\n<meta name=\"twitter:label1\" content=\"Written by\" \/>\n\t<meta name=\"twitter:data1\" content=\"Agencija\" \/>\n\t<meta name=\"twitter:label2\" content=\"Est. reading time\" \/>\n\t<meta name=\"twitter:data2\" content=\"1 minuta\" \/>\n<script type=\"application\/ld+json\" class=\"yoast-schema-graph\">{\"@context\":\"https:\/\/schema.org\",\"@graph\":[{\"@type\":\"Article\",\"@id\":\"https:\/\/sandzakpress.net\/arhiva\/volkan-bozkir-turska-nece-cekati-50-godina-na-clanstvo-u-eu\/#article\",\"isPartOf\":{\"@id\":\"https:\/\/sandzakpress.net\/arhiva\/volkan-bozkir-turska-nece-cekati-50-godina-na-clanstvo-u-eu\/\"},\"author\":{\"name\":\"Agencija\",\"@id\":\"https:\/\/sandzakpress.net\/arhiva\/#\/schema\/person\/cb59d7e3ab91ab90dd680ad0305a6185\"},\"headline\":\"Volkan Bozkir: Turska ne\u0107e \u010dekati 50 godina na \u010dlanstvo u EU\",\"datePublished\":\"2015-02-26T17:25:24+00:00\",\"mainEntityOfPage\":{\"@id\":\"https:\/\/sandzakpress.net\/arhiva\/volkan-bozkir-turska-nece-cekati-50-godina-na-clanstvo-u-eu\/\"},\"wordCount\":193,\"commentCount\":6,\"publisher\":{\"@id\":\"https:\/\/sandzakpress.net\/arhiva\/#\/schema\/person\/6e72b67d6e51910a1117b3b483ba20bd\"},\"image\":{\"@id\":\"https:\/\/sandzakpress.net\/arhiva\/volkan-bozkir-turska-nece-cekati-50-godina-na-clanstvo-u-eu\/#primaryimage\"},\"thumbnailUrl\":\"https:\/\/sandzakpress.net\/arhiva\/wp-content\/uploads\/2015\/02\/6455585824volkanbozkr.jpg\",\"articleSection\":[\"Svijet\",\"Turska\",\"NAJNOVIJE\"],\"inLanguage\":\"bs-BA\",\"potentialAction\":[{\"@type\":\"CommentAction\",\"name\":\"Comment\",\"target\":[\"https:\/\/sandzakpress.net\/arhiva\/volkan-bozkir-turska-nece-cekati-50-godina-na-clanstvo-u-eu\/#respond\"]}]},{\"@type\":\"WebPage\",\"@id\":\"https:\/\/sandzakpress.net\/arhiva\/volkan-bozkir-turska-nece-cekati-50-godina-na-clanstvo-u-eu\/\",\"url\":\"https:\/\/sandzakpress.net\/arhiva\/volkan-bozkir-turska-nece-cekati-50-godina-na-clanstvo-u-eu\/\",\"name\":\"Volkan Bozkir: Turska ne\u0107e \u010dekati 50 godina na \u010dlanstvo u EU\",\"isPartOf\":{\"@id\":\"https:\/\/sandzakpress.net\/arhiva\/#website\"},\"primaryImageOfPage\":{\"@id\":\"https:\/\/sandzakpress.net\/arhiva\/volkan-bozkir-turska-nece-cekati-50-godina-na-clanstvo-u-eu\/#primaryimage\"},\"image\":{\"@id\":\"https:\/\/sandzakpress.net\/arhiva\/volkan-bozkir-turska-nece-cekati-50-godina-na-clanstvo-u-eu\/#primaryimage\"},\"thumbnailUrl\":\"https:\/\/sandzakpress.net\/arhiva\/wp-content\/uploads\/2015\/02\/6455585824volkanbozkr.jpg\",\"datePublished\":\"2015-02-26T17:25:24+00:00\",\"breadcrumb\":{\"@id\":\"https:\/\/sandzakpress.net\/arhiva\/volkan-bozkir-turska-nece-cekati-50-godina-na-clanstvo-u-eu\/#breadcrumb\"},\"inLanguage\":\"bs-BA\",\"potentialAction\":[{\"@type\":\"ReadAction\",\"target\":[\"https:\/\/sandzakpress.net\/arhiva\/volkan-bozkir-turska-nece-cekati-50-godina-na-clanstvo-u-eu\/\"]}]},{\"@type\":\"ImageObject\",\"inLanguage\":\"bs-BA\",\"@id\":\"https:\/\/sandzakpress.net\/arhiva\/volkan-bozkir-turska-nece-cekati-50-godina-na-clanstvo-u-eu\/#primaryimage\",\"url\":\"https:\/\/sandzakpress.net\/arhiva\/wp-content\/uploads\/2015\/02\/6455585824volkanbozkr.jpg\",\"contentUrl\":\"https:\/\/sandzakpress.net\/arhiva\/wp-content\/uploads\/2015\/02\/6455585824volkanbozkr.jpg\",\"width\":620,\"height\":420},{\"@type\":\"BreadcrumbList\",\"@id\":\"https:\/\/sandzakpress.net\/arhiva\/volkan-bozkir-turska-nece-cekati-50-godina-na-clanstvo-u-eu\/#breadcrumb\",\"itemListElement\":[{\"@type\":\"ListItem\",\"position\":1,\"name\":\"Home\",\"item\":\"https:\/\/sandzakpress.net\/arhiva\/\"},{\"@type\":\"ListItem\",\"position\":2,\"name\":\"Volkan Bozkir: Turska ne\u0107e \u010dekati 50 godina na \u010dlanstvo u EU\"}]},{\"@type\":\"WebSite\",\"@id\":\"https:\/\/sandzakpress.net\/arhiva\/#website\",\"url\":\"https:\/\/sandzakpress.net\/arhiva\/\",\"name\":\"Sand\u017eak PRESS\",\"description\":\"Prve elektronske novine u Sand\u017eaku\",\"publisher\":{\"@id\":\"https:\/\/sandzakpress.net\/arhiva\/#\/schema\/person\/6e72b67d6e51910a1117b3b483ba20bd\"},\"potentialAction\":[{\"@type\":\"SearchAction\",\"target\":{\"@type\":\"EntryPoint\",\"urlTemplate\":\"https:\/\/sandzakpress.net\/arhiva\/?s={search_term_string}\"},\"query-input\":{\"@type\":\"PropertyValueSpecification\",\"valueRequired\":true,\"valueName\":\"search_term_string\"}}],\"inLanguage\":\"bs-BA\"},{\"@type\":[\"Person\",\"Organization\"],\"@id\":\"https:\/\/sandzakpress.net\/arhiva\/#\/schema\/person\/6e72b67d6e51910a1117b3b483ba20bd\",\"name\":\"Kul\",\"image\":{\"@type\":\"ImageObject\",\"inLanguage\":\"bs-BA\",\"@id\":\"https:\/\/sandzakpress.net\/arhiva\/#\/schema\/person\/image\/\",\"url\":\"https:\/\/secure.gravatar.com\/avatar\/42263f39aa27ac04c43cab85c280eb2e?s=96&d=mm&r=pg\",\"contentUrl\":\"https:\/\/secure.gravatar.com\/avatar\/42263f39aa27ac04c43cab85c280eb2e?s=96&d=mm&r=pg\",\"caption\":\"Kul\"},\"logo\":{\"@id\":\"https:\/\/sandzakpress.net\/arhiva\/#\/schema\/person\/image\/\"}},{\"@type\":\"Person\",\"@id\":\"https:\/\/sandzakpress.net\/arhiva\/#\/schema\/person\/cb59d7e3ab91ab90dd680ad0305a6185\",\"name\":\"Agencija\",\"image\":{\"@type\":\"ImageObject\",\"inLanguage\":\"bs-BA\",\"@id\":\"https:\/\/sandzakpress.net\/arhiva\/#\/schema\/person\/image\/\",\"url\":\"https:\/\/secure.gravatar.com\/avatar\/4b7fafa80a22f0c2afe23966b3961fe0?s=96&d=mm&r=pg\",\"contentUrl\":\"https:\/\/secure.gravatar.com\/avatar\/4b7fafa80a22f0c2afe23966b3961fe0?s=96&d=mm&r=pg\",\"caption\":\"Agencija\"},\"url\":\"https:\/\/sandzakpress.net\/arhiva\/author\/agencija\/\"}]}<\/script>\n<!-- \/ Yoast SEO Premium plugin. -->","yoast_head_json":{"title":"Volkan Bozkir: Turska ne\u0107e \u010dekati 50 godina na \u010dlanstvo u EU","robots":{"index":"index","follow":"follow","max-snippet":"max-snippet:-1","max-image-preview":"max-image-preview:large","max-video-preview":"max-video-preview:-1"},"canonical":"https:\/\/sandzakpress.net\/arhiva\/volkan-bozkir-turska-nece-cekati-50-godina-na-clanstvo-u-eu\/","og_locale":"bs_BA","og_type":"article","og_title":"Volkan Bozkir: Turska ne\u0107e \u010dekati 50 godina na \u010dlanstvo u EU","og_description":"Turska &#8211; Ministar za evropske integracije Republike Turske Volkan Bozkir rekao je kako ova zemlja nema nameru \u010dekati 50 godina na \u010dlanstvo u Evropskoj uniji (EU) Na\u0161 po\u010detni cilj bio je posti\u0107i ekonomski razvoj, ali to smo svakako postigli. Trenutni cilj nam je posti\u0107i evropske standarde\u201c, izjavio je turski ministar za evropske integracije Volkan Bozkir. [&hellip;]","og_url":"https:\/\/sandzakpress.net\/arhiva\/volkan-bozkir-turska-nece-cekati-50-godina-na-clanstvo-u-eu\/","og_site_name":"Sand\u017eak PRESS","article_published_time":"2015-02-26T17:25:24+00:00","og_image":[{"width":620,"height":420,"url":"https:\/\/sandzakpress.net\/arhiva\/wp-content\/uploads\/2015\/02\/6455585824volkanbozkr.jpg","type":"image\/jpeg"}],"author":"Agencija","twitter_card":"summary_large_image","twitter_misc":{"Written by":"Agencija","Est. reading time":"1 minuta"},"schema":{"@context":"https:\/\/schema.org","@graph":[{"@type":"Article","@id":"https:\/\/sandzakpress.net\/arhiva\/volkan-bozkir-turska-nece-cekati-50-godina-na-clanstvo-u-eu\/#article","isPartOf":{"@id":"https:\/\/sandzakpress.net\/arhiva\/volkan-bozkir-turska-nece-cekati-50-godina-na-clanstvo-u-eu\/"},"author":{"name":"Agencija","@id":"https:\/\/sandzakpress.net\/arhiva\/#\/schema\/person\/cb59d7e3ab91ab90dd680ad0305a6185"},"headline":"Volkan Bozkir: Turska ne\u0107e \u010dekati 50 godina na \u010dlanstvo u EU","datePublished":"2015-02-26T17:25:24+00:00","mainEntityOfPage":{"@id":"https:\/\/sandzakpress.net\/arhiva\/volkan-bozkir-turska-nece-cekati-50-godina-na-clanstvo-u-eu\/"},"wordCount":193,"commentCount":6,"publisher":{"@id":"https:\/\/sandzakpress.net\/arhiva\/#\/schema\/person\/6e72b67d6e51910a1117b3b483ba20bd"},"image":{"@id":"https:\/\/sandzakpress.net\/arhiva\/volkan-bozkir-turska-nece-cekati-50-godina-na-clanstvo-u-eu\/#primaryimage"},"thumbnailUrl":"https:\/\/sandzakpress.net\/arhiva\/wp-content\/uploads\/2015\/02\/6455585824volkanbozkr.jpg","articleSection":["Svijet","Turska","NAJNOVIJE"],"inLanguage":"bs-BA","potentialAction":[{"@type":"CommentAction","name":"Comment","target":["https:\/\/sandzakpress.net\/arhiva\/volkan-bozkir-turska-nece-cekati-50-godina-na-clanstvo-u-eu\/#respond"]}]},{"@type":"WebPage","@id":"https:\/\/sandzakpress.net\/arhiva\/volkan-bozkir-turska-nece-cekati-50-godina-na-clanstvo-u-eu\/","url":"https:\/\/sandzakpress.net\/arhiva\/volkan-bozkir-turska-nece-cekati-50-godina-na-clanstvo-u-eu\/","name":"Volkan Bozkir: Turska ne\u0107e \u010dekati 50 godina na \u010dlanstvo u EU","isPartOf":{"@id":"https:\/\/sandzakpress.net\/arhiva\/#website"},"primaryImageOfPage":{"@id":"https:\/\/sandzakpress.net\/arhiva\/volkan-bozkir-turska-nece-cekati-50-godina-na-clanstvo-u-eu\/#primaryimage"},"image":{"@id":"https:\/\/sandzakpress.net\/arhiva\/volkan-bozkir-turska-nece-cekati-50-godina-na-clanstvo-u-eu\/#primaryimage"},"thumbnailUrl":"https:\/\/sandzakpress.net\/arhiva\/wp-content\/uploads\/2015\/02\/6455585824volkanbozkr.jpg","datePublished":"2015-02-26T17:25:24+00:00","breadcrumb":{"@id":"https:\/\/sandzakpress.net\/arhiva\/volkan-bozkir-turska-nece-cekati-50-godina-na-clanstvo-u-eu\/#breadcrumb"},"inLanguage":"bs-BA","potentialAction":[{"@type":"ReadAction","target":["https:\/\/sandzakpress.net\/arhiva\/volkan-bozkir-turska-nece-cekati-50-godina-na-clanstvo-u-eu\/"]}]},{"@type":"ImageObject","inLanguage":"bs-BA","@id":"https:\/\/sandzakpress.net\/arhiva\/volkan-bozkir-turska-nece-cekati-50-godina-na-clanstvo-u-eu\/#primaryimage","url":"https:\/\/sandzakpress.net\/arhiva\/wp-content\/uploads\/2015\/02\/6455585824volkanbozkr.jpg","contentUrl":"https:\/\/sandzakpress.net\/arhiva\/wp-content\/uploads\/2015\/02\/6455585824volkanbozkr.jpg","width":620,"height":420},{"@type":"BreadcrumbList","@id":"https:\/\/sandzakpress.net\/arhiva\/volkan-bozkir-turska-nece-cekati-50-godina-na-clanstvo-u-eu\/#breadcrumb","itemListElement":[{"@type":"ListItem","position":1,"name":"Home","item":"https:\/\/sandzakpress.net\/arhiva\/"},{"@type":"ListItem","position":2,"name":"Volkan Bozkir: Turska ne\u0107e \u010dekati 50 godina na \u010dlanstvo u EU"}]},{"@type":"WebSite","@id":"https:\/\/sandzakpress.net\/arhiva\/#website","url":"https:\/\/sandzakpress.net\/arhiva\/","name":"Sand\u017eak PRESS","description":"Prve elektronske novine u Sand\u017eaku","publisher":{"@id":"https:\/\/sandzakpress.net\/arhiva\/#\/schema\/person\/6e72b67d6e51910a1117b3b483ba20bd"},"potentialAction":[{"@type":"SearchAction","target":{"@type":"EntryPoint","urlTemplate":"https:\/\/sandzakpress.net\/arhiva\/?s={search_term_string}"},"query-input":{"@type":"PropertyValueSpecification","valueRequired":true,"valueName":"search_term_string"}}],"inLanguage":"bs-BA"},{"@type":["Person","Organization"],"@id":"https:\/\/sandzakpress.net\/arhiva\/#\/schema\/person\/6e72b67d6e51910a1117b3b483ba20bd","name":"Kul","image":{"@type":"ImageObject","inLanguage":"bs-BA","@id":"https:\/\/sandzakpress.net\/arhiva\/#\/schema\/person\/image\/","url":"https:\/\/secure.gravatar.com\/avatar\/42263f39aa27ac04c43cab85c280eb2e?s=96&d=mm&r=pg","contentUrl":"https:\/\/secure.gravatar.com\/avatar\/42263f39aa27ac04c43cab85c280eb2e?s=96&d=mm&r=pg","caption":"Kul"},"logo":{"@id":"https:\/\/sandzakpress.net\/arhiva\/#\/schema\/person\/image\/"}},{"@type":"Person","@id":"https:\/\/sandzakpress.net\/arhiva\/#\/schema\/person\/cb59d7e3ab91ab90dd680ad0305a6185","name":"Agencija","image":{"@type":"ImageObject","inLanguage":"bs-BA","@id":"https:\/\/sandzakpress.net\/arhiva\/#\/schema\/person\/image\/","url":"https:\/\/secure.gravatar.com\/avatar\/4b7fafa80a22f0c2afe23966b3961fe0?s=96&d=mm&r=pg","contentUrl":"https:\/\/secure.gravatar.com\/avatar\/4b7fafa80a22f0c2afe23966b3961fe0?s=96&d=mm&r=pg","caption":"Agencija"},"url":"https:\/\/sandzakpress.net\/arhiva\/author\/agencija\/"}]}},"_links":{"self":[{"href":"https:\/\/sandzakpress.net\/arhiva\/wp-json\/wp\/v2\/posts\/123538"}],"collection":[{"href":"https:\/\/sandzakpress.net\/arhiva\/wp-json\/wp\/v2\/posts"}],"about":[{"href":"https:\/\/sandzakpress.net\/arhiva\/wp-json\/wp\/v2\/types\/post"}],"author":[{"embeddable":true,"href":"https:\/\/sandzakpress.net\/arhiva\/wp-json\/wp\/v2\/users\/509"}],"replies":[{"embeddable":true,"href":"https:\/\/sandzakpress.net\/arhiva\/wp-json\/wp\/v2\/comments?post=123538"}],"version-history":[{"count":0,"href":"https:\/\/sandzakpress.net\/arhiva\/wp-json\/wp\/v2\/posts\/123538\/revisions"}],"wp:featuredmedia":[{"embeddable":true,"href":"https:\/\/sandzakpress.net\/arhiva\/wp-json\/wp\/v2\/media\/123539"}],"wp:attachment":[{"href":"https:\/\/sandzakpress.net\/arhiva\/wp-json\/wp\/v2\/media?parent=123538"}],"wp:term":[{"taxonomy":"category","embeddable":true,"href":"https:\/\/sandzakpress.net\/arhiva\/wp-json\/wp\/v2\/categories?post=123538"},{"taxonomy":"post_tag","embeddable":true,"href":"https:\/\/sandzakpress.net\/arhiva\/wp-json\/wp\/v2\/tags?post=123538"}],"curies":[{"name":"wp","href":"https:\/\/api.w.org\/{rel}","templated":true}]}}