{"id":123469,"date":"2015-02-26T09:28:30","date_gmt":"2015-02-26T08:28:30","guid":{"rendered":"https:\/\/sandzakpress.net\/arhiva\/?p=123469"},"modified":"2015-02-26T11:45:14","modified_gmt":"2015-02-26T10:45:14","slug":"austrija-izmijenila-stogodisnji-zakon-o-islamu","status":"publish","type":"post","link":"https:\/\/sandzakpress.net\/arhiva\/austrija-izmijenila-stogodisnji-zakon-o-islamu\/","title":{"rendered":"Austrija izmijenila stogodi\u0161nji Zakon o islamu"},"content":{"rendered":"<p><img decoding=\"async\" src=\"http:\/\/www.sandzacke.rs\/wp-content\/uploads\/2015\/02\/Austrija-islam-620x400.jpg\" alt=\"Austrija islam\" \/><\/p>\n<p><strong>Austrija &#8211; Austrijski Parlament je u srijedu, glasovima zastupnika vladaju\u0107e koalicije, prihvatio izmjene Zakona o islamu, kojim se ure\u0111uje status muslimanske zajednice i vjernika u dr\u017eavi, a jedna od njegovih svrha je poku\u0161aj sprje\u010davanja regrutiranja ekstremista.<br \/>\n<\/strong><br \/>\nIzmjene Zakona, koji je donesen 1912. godine, odre\u0111uju zabranu finansiranja muslimanske zajednice iz inostranstva, ali donose i prednosti austrijskim muslimanima, poput osnivanja studija islamske teologije.<\/p>\n<p>Najnovija verzija Zakona opisuje organizirane muslimane u Austriji kao ustanovu javnog prava, a muslimani iz ove dr\u017eave se moraju podrediti austrijskim zakonima.<\/p>\n<p>Status javne ustanove islamska zajednica imat \u0107e pod uvjetom da njeguje \u201cpozitivni temeljni odnos prema dru\u0161tvu i dr\u017eavi\u201d.<\/p>\n<p><strong>Smjene zbog zatvorskih kazni<br \/>\n<\/strong><br \/>\nKad je rije\u010d o finansiranju, odnosno \u201cnamicanju sredstava za uobi\u010dajenu aktivnost u cilju zadovoljavanja vjerskih potreba \u010dlanova\u201d, ono se ne mo\u017ee odvijati van granica Austrije.<\/p>\n<p>Vjerski zvani\u010dnici iz inostranstva mogu ostati na du\u017enosti najvi\u0161e godinu dana od stupanja zakona na snagu.<\/p>\n<p>Islamska dru\u0161tva koja ne ispunjavaju zakonske propise moraju se raspustiti do 31. marta naredne godine.<\/p>\n<p>Zakon obavezuje islamsku vjersku zajednicu da smijeni sa du\u017enosti imame koji su osu\u0111eni na zatvorsku kaznu od godinu dana i vi\u0161e, kao i one koji \u201cuporno ugro\u017eavaju javnu sigurnost, red, zdravlje i moral ili prava i slobode drugih\u201d.<\/p>\n<p>Uz odredbe kojima se nastoji suzbiti ekstremizam, a djelovanje islamske zajednice u\u010diniti transparentnim, Zakon donosi i prednosti za muslimane u Austriji.<\/p>\n<p>Zakon tako predvi\u0111a otvaranje \u0161est radnih mjesta za nastavno osoblje na novom islamsko-teolo\u0161kom studiju na be\u010dkom Univerzitetu od naredne godine.<\/p>\n<p>Zakon prvi put ure\u0111uje i du\u0161obri\u017eni\u0161tvo za muslimane u vojsci, zatvorima, bolnicama i stara\u010dkim domovima.<\/p>\n<p>Muslimanima u Austriji dopu\u0161tena je \u201cproizvodnja mesnih proizvoda i drugih namirnica u skladu s njihovim vjerskim propisima\u201d, \u010dime se zakonom ure\u0111uje obredno klanje, koje je kamen spoticanja u mnogim evropskim dr\u017eavama.<\/p>\n<p>Osim toga, Zakon ure\u0111uje i \u201codgovaraju\u0107i\u201d vjerski odgoj djece, kao i obrede poput obrezivanja mu\u0161karaca.<\/p>\n<p>Zakonske izmjene u austrijskom Parlamentu donesene su nakon \u017eestoke rasprave, u kojoj se posebno isticala stranka FPOe svojim zahtjevima za rigoroznijim rje\u0161enjima.<\/p>\n<p>\u010celnik FPOe-a Heinz Christian Strache smatra kako izmijenjeni Zakon ne\u0107e imati nikakvog u\u010dinka.<\/p>\n<p>\u201cIslam ne spada u Austriju\u201d, rekao je Strache, opiru\u0107i se tako ocjenama drugih zastupnika da je islam dio austrijskog dru\u0161tva.<\/p>\n<p><strong>\u2018Sto godina unatrag\u2019<br \/>\n<\/strong><br \/>\nStrache je bezuspje\u0161no tra\u017eio da se u d\u017eamijama propovijeda na njema\u010dkom jeziku te da se zakonom zabrani izgradnja minareta i no\u0161enje burki.<\/p>\n<p>\u201cVa\u0161 je govor usmjeren na podjelu dru\u0161tva, a integracija se ne posti\u017ee podjelama\u201d, uzvratio mu je zastupnik socijaldemokratskog SPOe-a Peter Wittmann.<\/p>\n<p>\u201cAko u Austriji \u017eivi vi\u0161e od 500.000 ljudi koji se smatraju muslimanima, onda ne mogu re\u0107i da oni nisu dio na\u0161eg dru\u0161tva\u201d, poru\u010dio je Stracheu zastupnik Austrijske pu\u010dke stranke Reinhold Lopatka.<\/p>\n<p>Izmjene Zakona izazvale su kritike turskih vlasti, u prvom redu zbog zabrane finansiranja islamske zajednice iz inostranstva.<\/p>\n<p>Mehmet Goermez, \u010delnik turske dr\u017eavne slu\u017ebe za vjeru Diyanet, poru\u010dio je kako Zakon \u201cvra\u0107a Austriju za 100 godina unatrag kad je rije\u010d o pravu vjerskih zajednica\u201d.<\/p>\n<p>Zastupnik SPOe-a Norbert Darabos uzvratio je da je Zakon \u201curavnote\u017een\u201d i da je \u201craspravljen i donesen na \u0161irokoj bazi\u201d.<\/p>\n<p>Izvor: Agencije<\/p>\n","protected":false},"excerpt":{"rendered":"<p>Austrija &#8211; Austrijski Parlament je u srijedu, glasovima zastupnika vladaju\u0107e koalicije, prihvatio izmjene Zakona o islamu, kojim se ure\u0111uje status muslimanske zajednice i vjernika u dr\u017eavi, a jedna od njegovih svrha je poku\u0161aj sprje\u010davanja regrutiranja ekstremista. Izmjene Zakona, koji je donesen 1912. godine, odre\u0111uju zabranu finansiranja muslimanske zajednice iz inostranstva, ali donose i prednosti austrijskim [&hellip;]<\/p>\n","protected":false},"author":83,"featured_media":123470,"comment_status":"open","ping_status":"open","sticky":false,"template":"","format":"standard","meta":{"footnotes":""},"categories":[9539,9],"tags":[],"class_list":{"0":"post-123469","1":"post","2":"type-post","3":"status-publish","4":"format-standard","5":"has-post-thumbnail","7":"category-austrija-dijaspora-gradovi-vase-vijesti","8":"category-svijet"},"yoast_head":"<!-- This site is optimized with the Yoast SEO Premium plugin v23.1 (Yoast SEO v24.9) - https:\/\/yoast.com\/wordpress\/plugins\/seo\/ -->\n<title>Austrija izmijenila stogodi\u0161nji Zakon o islamu<\/title>\n<meta name=\"robots\" content=\"index, follow, max-snippet:-1, max-image-preview:large, max-video-preview:-1\" \/>\n<link rel=\"canonical\" href=\"https:\/\/sandzakpress.net\/arhiva\/austrija-izmijenila-stogodisnji-zakon-o-islamu\/\" \/>\n<meta property=\"og:locale\" content=\"bs_BA\" \/>\n<meta property=\"og:type\" content=\"article\" \/>\n<meta property=\"og:title\" content=\"Austrija izmijenila stogodi\u0161nji Zakon o islamu\" \/>\n<meta property=\"og:description\" content=\"Austrija &#8211; Austrijski Parlament je u srijedu, glasovima zastupnika vladaju\u0107e koalicije, prihvatio izmjene Zakona o islamu, kojim se ure\u0111uje status muslimanske zajednice i vjernika u dr\u017eavi, a jedna od njegovih svrha je poku\u0161aj sprje\u010davanja regrutiranja ekstremista. Izmjene Zakona, koji je donesen 1912. godine, odre\u0111uju zabranu finansiranja muslimanske zajednice iz inostranstva, ali donose i prednosti austrijskim [&hellip;]\" \/>\n<meta property=\"og:url\" content=\"https:\/\/sandzakpress.net\/arhiva\/austrija-izmijenila-stogodisnji-zakon-o-islamu\/\" \/>\n<meta property=\"og:site_name\" content=\"Sand\u017eak PRESS\" \/>\n<meta property=\"article:published_time\" content=\"2015-02-26T08:28:30+00:00\" \/>\n<meta property=\"article:modified_time\" content=\"2015-02-26T10:45:14+00:00\" \/>\n<meta property=\"og:image\" content=\"https:\/\/sandzakpress.net\/arhiva\/wp-content\/uploads\/2015\/02\/Austrija-islam-620x400.jpg\" \/>\n\t<meta property=\"og:image:width\" content=\"620\" \/>\n\t<meta property=\"og:image:height\" content=\"400\" \/>\n\t<meta property=\"og:image:type\" content=\"image\/jpeg\" \/>\n<meta name=\"author\" content=\"bosniak\" \/>\n<meta name=\"twitter:card\" content=\"summary_large_image\" \/>\n<meta name=\"twitter:label1\" content=\"Written by\" \/>\n\t<meta name=\"twitter:data1\" content=\"bosniak\" \/>\n\t<meta name=\"twitter:label2\" content=\"Est. reading time\" \/>\n\t<meta name=\"twitter:data2\" content=\"3 minute\" \/>\n<script type=\"application\/ld+json\" class=\"yoast-schema-graph\">{\"@context\":\"https:\/\/schema.org\",\"@graph\":[{\"@type\":\"Article\",\"@id\":\"https:\/\/sandzakpress.net\/arhiva\/austrija-izmijenila-stogodisnji-zakon-o-islamu\/#article\",\"isPartOf\":{\"@id\":\"https:\/\/sandzakpress.net\/arhiva\/austrija-izmijenila-stogodisnji-zakon-o-islamu\/\"},\"author\":{\"name\":\"bosniak\",\"@id\":\"https:\/\/sandzakpress.net\/arhiva\/#\/schema\/person\/c8baee722073534b583ea7bdb2e36c02\"},\"headline\":\"Austrija izmijenila stogodi\u0161nji Zakon o islamu\",\"datePublished\":\"2015-02-26T08:28:30+00:00\",\"dateModified\":\"2015-02-26T10:45:14+00:00\",\"mainEntityOfPage\":{\"@id\":\"https:\/\/sandzakpress.net\/arhiva\/austrija-izmijenila-stogodisnji-zakon-o-islamu\/\"},\"wordCount\":557,\"commentCount\":4,\"publisher\":{\"@id\":\"https:\/\/sandzakpress.net\/arhiva\/#\/schema\/person\/6e72b67d6e51910a1117b3b483ba20bd\"},\"image\":{\"@id\":\"https:\/\/sandzakpress.net\/arhiva\/austrija-izmijenila-stogodisnji-zakon-o-islamu\/#primaryimage\"},\"thumbnailUrl\":\"https:\/\/sandzakpress.net\/arhiva\/wp-content\/uploads\/2015\/02\/Austrija-islam-620x400.jpg\",\"articleSection\":[\"Austrija\",\"Svijet\"],\"inLanguage\":\"bs-BA\",\"potentialAction\":[{\"@type\":\"CommentAction\",\"name\":\"Comment\",\"target\":[\"https:\/\/sandzakpress.net\/arhiva\/austrija-izmijenila-stogodisnji-zakon-o-islamu\/#respond\"]}]},{\"@type\":\"WebPage\",\"@id\":\"https:\/\/sandzakpress.net\/arhiva\/austrija-izmijenila-stogodisnji-zakon-o-islamu\/\",\"url\":\"https:\/\/sandzakpress.net\/arhiva\/austrija-izmijenila-stogodisnji-zakon-o-islamu\/\",\"name\":\"Austrija izmijenila stogodi\u0161nji Zakon o islamu\",\"isPartOf\":{\"@id\":\"https:\/\/sandzakpress.net\/arhiva\/#website\"},\"primaryImageOfPage\":{\"@id\":\"https:\/\/sandzakpress.net\/arhiva\/austrija-izmijenila-stogodisnji-zakon-o-islamu\/#primaryimage\"},\"image\":{\"@id\":\"https:\/\/sandzakpress.net\/arhiva\/austrija-izmijenila-stogodisnji-zakon-o-islamu\/#primaryimage\"},\"thumbnailUrl\":\"https:\/\/sandzakpress.net\/arhiva\/wp-content\/uploads\/2015\/02\/Austrija-islam-620x400.jpg\",\"datePublished\":\"2015-02-26T08:28:30+00:00\",\"dateModified\":\"2015-02-26T10:45:14+00:00\",\"breadcrumb\":{\"@id\":\"https:\/\/sandzakpress.net\/arhiva\/austrija-izmijenila-stogodisnji-zakon-o-islamu\/#breadcrumb\"},\"inLanguage\":\"bs-BA\",\"potentialAction\":[{\"@type\":\"ReadAction\",\"target\":[\"https:\/\/sandzakpress.net\/arhiva\/austrija-izmijenila-stogodisnji-zakon-o-islamu\/\"]}]},{\"@type\":\"ImageObject\",\"inLanguage\":\"bs-BA\",\"@id\":\"https:\/\/sandzakpress.net\/arhiva\/austrija-izmijenila-stogodisnji-zakon-o-islamu\/#primaryimage\",\"url\":\"https:\/\/sandzakpress.net\/arhiva\/wp-content\/uploads\/2015\/02\/Austrija-islam-620x400.jpg\",\"contentUrl\":\"https:\/\/sandzakpress.net\/arhiva\/wp-content\/uploads\/2015\/02\/Austrija-islam-620x400.jpg\",\"width\":620,\"height\":400},{\"@type\":\"BreadcrumbList\",\"@id\":\"https:\/\/sandzakpress.net\/arhiva\/austrija-izmijenila-stogodisnji-zakon-o-islamu\/#breadcrumb\",\"itemListElement\":[{\"@type\":\"ListItem\",\"position\":1,\"name\":\"Home\",\"item\":\"https:\/\/sandzakpress.net\/arhiva\/\"},{\"@type\":\"ListItem\",\"position\":2,\"name\":\"Austrija izmijenila stogodi\u0161nji Zakon o islamu\"}]},{\"@type\":\"WebSite\",\"@id\":\"https:\/\/sandzakpress.net\/arhiva\/#website\",\"url\":\"https:\/\/sandzakpress.net\/arhiva\/\",\"name\":\"Sand\u017eak PRESS\",\"description\":\"Prve elektronske novine u Sand\u017eaku\",\"publisher\":{\"@id\":\"https:\/\/sandzakpress.net\/arhiva\/#\/schema\/person\/6e72b67d6e51910a1117b3b483ba20bd\"},\"potentialAction\":[{\"@type\":\"SearchAction\",\"target\":{\"@type\":\"EntryPoint\",\"urlTemplate\":\"https:\/\/sandzakpress.net\/arhiva\/?s={search_term_string}\"},\"query-input\":{\"@type\":\"PropertyValueSpecification\",\"valueRequired\":true,\"valueName\":\"search_term_string\"}}],\"inLanguage\":\"bs-BA\"},{\"@type\":[\"Person\",\"Organization\"],\"@id\":\"https:\/\/sandzakpress.net\/arhiva\/#\/schema\/person\/6e72b67d6e51910a1117b3b483ba20bd\",\"name\":\"Kul\",\"image\":{\"@type\":\"ImageObject\",\"inLanguage\":\"bs-BA\",\"@id\":\"https:\/\/sandzakpress.net\/arhiva\/#\/schema\/person\/image\/\",\"url\":\"https:\/\/secure.gravatar.com\/avatar\/42263f39aa27ac04c43cab85c280eb2e?s=96&d=mm&r=pg\",\"contentUrl\":\"https:\/\/secure.gravatar.com\/avatar\/42263f39aa27ac04c43cab85c280eb2e?s=96&d=mm&r=pg\",\"caption\":\"Kul\"},\"logo\":{\"@id\":\"https:\/\/sandzakpress.net\/arhiva\/#\/schema\/person\/image\/\"}},{\"@type\":\"Person\",\"@id\":\"https:\/\/sandzakpress.net\/arhiva\/#\/schema\/person\/c8baee722073534b583ea7bdb2e36c02\",\"name\":\"bosniak\",\"image\":{\"@type\":\"ImageObject\",\"inLanguage\":\"bs-BA\",\"@id\":\"https:\/\/sandzakpress.net\/arhiva\/#\/schema\/person\/image\/\",\"url\":\"https:\/\/secure.gravatar.com\/avatar\/a04fd330bfe3a36a72a0ad4a6d89fca7?s=96&d=mm&r=pg\",\"contentUrl\":\"https:\/\/secure.gravatar.com\/avatar\/a04fd330bfe3a36a72a0ad4a6d89fca7?s=96&d=mm&r=pg\",\"caption\":\"bosniak\"},\"url\":\"https:\/\/sandzakpress.net\/arhiva\/author\/bosniak\/\"}]}<\/script>\n<!-- \/ Yoast SEO Premium plugin. -->","yoast_head_json":{"title":"Austrija izmijenila stogodi\u0161nji Zakon o islamu","robots":{"index":"index","follow":"follow","max-snippet":"max-snippet:-1","max-image-preview":"max-image-preview:large","max-video-preview":"max-video-preview:-1"},"canonical":"https:\/\/sandzakpress.net\/arhiva\/austrija-izmijenila-stogodisnji-zakon-o-islamu\/","og_locale":"bs_BA","og_type":"article","og_title":"Austrija izmijenila stogodi\u0161nji Zakon o islamu","og_description":"Austrija &#8211; Austrijski Parlament je u srijedu, glasovima zastupnika vladaju\u0107e koalicije, prihvatio izmjene Zakona o islamu, kojim se ure\u0111uje status muslimanske zajednice i vjernika u dr\u017eavi, a jedna od njegovih svrha je poku\u0161aj sprje\u010davanja regrutiranja ekstremista. Izmjene Zakona, koji je donesen 1912. godine, odre\u0111uju zabranu finansiranja muslimanske zajednice iz inostranstva, ali donose i prednosti austrijskim [&hellip;]","og_url":"https:\/\/sandzakpress.net\/arhiva\/austrija-izmijenila-stogodisnji-zakon-o-islamu\/","og_site_name":"Sand\u017eak PRESS","article_published_time":"2015-02-26T08:28:30+00:00","article_modified_time":"2015-02-26T10:45:14+00:00","og_image":[{"width":620,"height":400,"url":"https:\/\/sandzakpress.net\/arhiva\/wp-content\/uploads\/2015\/02\/Austrija-islam-620x400.jpg","type":"image\/jpeg"}],"author":"bosniak","twitter_card":"summary_large_image","twitter_misc":{"Written by":"bosniak","Est. reading time":"3 minute"},"schema":{"@context":"https:\/\/schema.org","@graph":[{"@type":"Article","@id":"https:\/\/sandzakpress.net\/arhiva\/austrija-izmijenila-stogodisnji-zakon-o-islamu\/#article","isPartOf":{"@id":"https:\/\/sandzakpress.net\/arhiva\/austrija-izmijenila-stogodisnji-zakon-o-islamu\/"},"author":{"name":"bosniak","@id":"https:\/\/sandzakpress.net\/arhiva\/#\/schema\/person\/c8baee722073534b583ea7bdb2e36c02"},"headline":"Austrija izmijenila stogodi\u0161nji Zakon o islamu","datePublished":"2015-02-26T08:28:30+00:00","dateModified":"2015-02-26T10:45:14+00:00","mainEntityOfPage":{"@id":"https:\/\/sandzakpress.net\/arhiva\/austrija-izmijenila-stogodisnji-zakon-o-islamu\/"},"wordCount":557,"commentCount":4,"publisher":{"@id":"https:\/\/sandzakpress.net\/arhiva\/#\/schema\/person\/6e72b67d6e51910a1117b3b483ba20bd"},"image":{"@id":"https:\/\/sandzakpress.net\/arhiva\/austrija-izmijenila-stogodisnji-zakon-o-islamu\/#primaryimage"},"thumbnailUrl":"https:\/\/sandzakpress.net\/arhiva\/wp-content\/uploads\/2015\/02\/Austrija-islam-620x400.jpg","articleSection":["Austrija","Svijet"],"inLanguage":"bs-BA","potentialAction":[{"@type":"CommentAction","name":"Comment","target":["https:\/\/sandzakpress.net\/arhiva\/austrija-izmijenila-stogodisnji-zakon-o-islamu\/#respond"]}]},{"@type":"WebPage","@id":"https:\/\/sandzakpress.net\/arhiva\/austrija-izmijenila-stogodisnji-zakon-o-islamu\/","url":"https:\/\/sandzakpress.net\/arhiva\/austrija-izmijenila-stogodisnji-zakon-o-islamu\/","name":"Austrija izmijenila stogodi\u0161nji Zakon o islamu","isPartOf":{"@id":"https:\/\/sandzakpress.net\/arhiva\/#website"},"primaryImageOfPage":{"@id":"https:\/\/sandzakpress.net\/arhiva\/austrija-izmijenila-stogodisnji-zakon-o-islamu\/#primaryimage"},"image":{"@id":"https:\/\/sandzakpress.net\/arhiva\/austrija-izmijenila-stogodisnji-zakon-o-islamu\/#primaryimage"},"thumbnailUrl":"https:\/\/sandzakpress.net\/arhiva\/wp-content\/uploads\/2015\/02\/Austrija-islam-620x400.jpg","datePublished":"2015-02-26T08:28:30+00:00","dateModified":"2015-02-26T10:45:14+00:00","breadcrumb":{"@id":"https:\/\/sandzakpress.net\/arhiva\/austrija-izmijenila-stogodisnji-zakon-o-islamu\/#breadcrumb"},"inLanguage":"bs-BA","potentialAction":[{"@type":"ReadAction","target":["https:\/\/sandzakpress.net\/arhiva\/austrija-izmijenila-stogodisnji-zakon-o-islamu\/"]}]},{"@type":"ImageObject","inLanguage":"bs-BA","@id":"https:\/\/sandzakpress.net\/arhiva\/austrija-izmijenila-stogodisnji-zakon-o-islamu\/#primaryimage","url":"https:\/\/sandzakpress.net\/arhiva\/wp-content\/uploads\/2015\/02\/Austrija-islam-620x400.jpg","contentUrl":"https:\/\/sandzakpress.net\/arhiva\/wp-content\/uploads\/2015\/02\/Austrija-islam-620x400.jpg","width":620,"height":400},{"@type":"BreadcrumbList","@id":"https:\/\/sandzakpress.net\/arhiva\/austrija-izmijenila-stogodisnji-zakon-o-islamu\/#breadcrumb","itemListElement":[{"@type":"ListItem","position":1,"name":"Home","item":"https:\/\/sandzakpress.net\/arhiva\/"},{"@type":"ListItem","position":2,"name":"Austrija izmijenila stogodi\u0161nji Zakon o islamu"}]},{"@type":"WebSite","@id":"https:\/\/sandzakpress.net\/arhiva\/#website","url":"https:\/\/sandzakpress.net\/arhiva\/","name":"Sand\u017eak PRESS","description":"Prve elektronske novine u Sand\u017eaku","publisher":{"@id":"https:\/\/sandzakpress.net\/arhiva\/#\/schema\/person\/6e72b67d6e51910a1117b3b483ba20bd"},"potentialAction":[{"@type":"SearchAction","target":{"@type":"EntryPoint","urlTemplate":"https:\/\/sandzakpress.net\/arhiva\/?s={search_term_string}"},"query-input":{"@type":"PropertyValueSpecification","valueRequired":true,"valueName":"search_term_string"}}],"inLanguage":"bs-BA"},{"@type":["Person","Organization"],"@id":"https:\/\/sandzakpress.net\/arhiva\/#\/schema\/person\/6e72b67d6e51910a1117b3b483ba20bd","name":"Kul","image":{"@type":"ImageObject","inLanguage":"bs-BA","@id":"https:\/\/sandzakpress.net\/arhiva\/#\/schema\/person\/image\/","url":"https:\/\/secure.gravatar.com\/avatar\/42263f39aa27ac04c43cab85c280eb2e?s=96&d=mm&r=pg","contentUrl":"https:\/\/secure.gravatar.com\/avatar\/42263f39aa27ac04c43cab85c280eb2e?s=96&d=mm&r=pg","caption":"Kul"},"logo":{"@id":"https:\/\/sandzakpress.net\/arhiva\/#\/schema\/person\/image\/"}},{"@type":"Person","@id":"https:\/\/sandzakpress.net\/arhiva\/#\/schema\/person\/c8baee722073534b583ea7bdb2e36c02","name":"bosniak","image":{"@type":"ImageObject","inLanguage":"bs-BA","@id":"https:\/\/sandzakpress.net\/arhiva\/#\/schema\/person\/image\/","url":"https:\/\/secure.gravatar.com\/avatar\/a04fd330bfe3a36a72a0ad4a6d89fca7?s=96&d=mm&r=pg","contentUrl":"https:\/\/secure.gravatar.com\/avatar\/a04fd330bfe3a36a72a0ad4a6d89fca7?s=96&d=mm&r=pg","caption":"bosniak"},"url":"https:\/\/sandzakpress.net\/arhiva\/author\/bosniak\/"}]}},"_links":{"self":[{"href":"https:\/\/sandzakpress.net\/arhiva\/wp-json\/wp\/v2\/posts\/123469"}],"collection":[{"href":"https:\/\/sandzakpress.net\/arhiva\/wp-json\/wp\/v2\/posts"}],"about":[{"href":"https:\/\/sandzakpress.net\/arhiva\/wp-json\/wp\/v2\/types\/post"}],"author":[{"embeddable":true,"href":"https:\/\/sandzakpress.net\/arhiva\/wp-json\/wp\/v2\/users\/83"}],"replies":[{"embeddable":true,"href":"https:\/\/sandzakpress.net\/arhiva\/wp-json\/wp\/v2\/comments?post=123469"}],"version-history":[{"count":0,"href":"https:\/\/sandzakpress.net\/arhiva\/wp-json\/wp\/v2\/posts\/123469\/revisions"}],"wp:featuredmedia":[{"embeddable":true,"href":"https:\/\/sandzakpress.net\/arhiva\/wp-json\/wp\/v2\/media\/123470"}],"wp:attachment":[{"href":"https:\/\/sandzakpress.net\/arhiva\/wp-json\/wp\/v2\/media?parent=123469"}],"wp:term":[{"taxonomy":"category","embeddable":true,"href":"https:\/\/sandzakpress.net\/arhiva\/wp-json\/wp\/v2\/categories?post=123469"},{"taxonomy":"post_tag","embeddable":true,"href":"https:\/\/sandzakpress.net\/arhiva\/wp-json\/wp\/v2\/tags?post=123469"}],"curies":[{"name":"wp","href":"https:\/\/api.w.org\/{rel}","templated":true}]}}