{"id":12334,"date":"2011-02-08T10:38:18","date_gmt":"2011-02-08T09:38:18","guid":{"rendered":"https:\/\/sandzakpress.net\/arhiva\/?p=12334"},"modified":"2011-02-08T10:38:18","modified_gmt":"2011-02-08T09:38:18","slug":"amfilohije-bi-da-vrsi-popis","status":"publish","type":"post","link":"https:\/\/sandzakpress.net\/arhiva\/amfilohije-bi-da-vrsi-popis\/","title":{"rendered":"Amfilohije bi da vr\u0161i popis"},"content":{"rendered":"<p><strong><a href=\"https:\/\/sandzakpress.net\/arhiva\/wp-content\/uploads\/2011\/02\/mitropolit-amfilohije-1_500x300.jpg\"><img loading=\"lazy\" decoding=\"async\" class=\"alignleft size-medium wp-image-12335\" title=\"mitropolit-amfilohije-1_500x300\" src=\"https:\/\/sandzakpress.net\/arhiva\/wp-content\/uploads\/2011\/02\/mitropolit-amfilohije-1_500x300-300x180.jpg\" alt=\"\" width=\"300\" height=\"180\" \/><\/a>Ju\u017eni Sand\u017eak &#8211; Mitropolit Srpske pravoslavne crkve u Crnoj Gori Amfilohije odr\u017eao je tajni sastanak u manastiru \u017ddrebaonik kod Danilovgrada, na kome je, u prisustvu ambasadora Srbije u Podgorci Zorana Lutovca, razgovarano o popisu stanovni\u0161tva u Crnoj Gori, objavio je danas podgori\u010dki list &#8220;Vijesti&#8221;.<\/strong><\/p>\n<p>Tom sastanku, koji je, kako se navodi, odr\u017ean u pro\u0161lu subotu, prisustvovali su i predstavnici prosrspkih politi\u010dkih stranaka u Crnoj Gori, kao i predsjednik Srpskog nacionalnog savjeta Mom\u010dilo Vuksanovi\u0107.<\/p>\n<p>Sastanak sa Amfilohijem je, navodno, odr\u017ean u strogoj konspiraciji, a glavna tema razgovora bilo je dogovaranje strategije zajedni\u010dkog djelovanja uo\u010di popisa stanovni\u0161tva u Crnoj Gori, koji \u0107e biti odr\u017ean u aprilu ove godine.<\/p>\n<p>Mitropolija crnogorsko-primorska Srpske pravoslavne crkve (SPC) ocijenila je sino\u0107 da se u Crnoj Gori vodi &#8220;anticrkvena kampanja u kojoj u\u010destvuje jedan broj medija i pojedinaca iz vrha vlasti&#8221;, kao i da &#8220;sa mnogih adresa&#8221; postoje pritisci uo\u010di predstoje\u0107eg popisa stanovni\u0161tva, zakazanog za 1. april.<\/p>\n<p>U Crnoj Gori se vr\u0161e pripreme za kampanju razbijanja bo\u0161nja\u010dke zajednice u ju\u017enom Sand\u017eaku, gdje bi se Bo\u0161njaci natjerali na popisu pisati kao Muslimani ili kao Crnogorci.<\/p>\n<p>Izvor: <strong>SandzakPRESS.net<\/strong><\/p>\n","protected":false},"excerpt":{"rendered":"<p>Ju\u017eni Sand\u017eak &#8211; Mitropolit Srpske pravoslavne crkve u Crnoj Gori Amfilohije odr\u017eao je tajni sastanak u manastiru \u017ddrebaonik kod Danilovgrada, na kome je, u prisustvu ambasadora Srbije u Podgorci Zorana Lutovca, razgovarano o popisu stanovni\u0161tva u Crnoj Gori, objavio je danas podgori\u010dki list &#8220;Vijesti&#8221;. Tom sastanku, koji je, kako se navodi, odr\u017ean u pro\u0161lu subotu, [&hellip;]<\/p>\n","protected":false},"author":83,"featured_media":12335,"comment_status":"open","ping_status":"open","sticky":false,"template":"","format":"standard","meta":{"footnotes":""},"categories":[398,1,397,396,395,399],"tags":[],"class_list":{"0":"post-12334","1":"post","2":"type-post","3":"status-publish","4":"format-standard","5":"has-post-thumbnail","7":"category-rozaje","8":"category-politika","9":"category-berane","10":"category-bijelo_polje","11":"category-pljevlja_","12":"category-plav_"},"yoast_head":"<!-- This site is optimized with the Yoast SEO Premium plugin v23.1 (Yoast SEO v24.9) - https:\/\/yoast.com\/wordpress\/plugins\/seo\/ -->\n<title>Amfilohije bi da vr\u0161i popis<\/title>\n<meta name=\"robots\" content=\"index, follow, max-snippet:-1, max-image-preview:large, max-video-preview:-1\" \/>\n<link rel=\"canonical\" href=\"https:\/\/sandzakpress.net\/arhiva\/amfilohije-bi-da-vrsi-popis\/\" \/>\n<meta property=\"og:locale\" content=\"bs_BA\" \/>\n<meta property=\"og:type\" content=\"article\" \/>\n<meta property=\"og:title\" content=\"Amfilohije bi da vr\u0161i popis\" \/>\n<meta property=\"og:description\" content=\"Ju\u017eni Sand\u017eak &#8211; Mitropolit Srpske pravoslavne crkve u Crnoj Gori Amfilohije odr\u017eao je tajni sastanak u manastiru \u017ddrebaonik kod Danilovgrada, na kome je, u prisustvu ambasadora Srbije u Podgorci Zorana Lutovca, razgovarano o popisu stanovni\u0161tva u Crnoj Gori, objavio je danas podgori\u010dki list &#8220;Vijesti&#8221;. Tom sastanku, koji je, kako se navodi, odr\u017ean u pro\u0161lu subotu, [&hellip;]\" \/>\n<meta property=\"og:url\" content=\"https:\/\/sandzakpress.net\/arhiva\/amfilohije-bi-da-vrsi-popis\/\" \/>\n<meta property=\"og:site_name\" content=\"Sand\u017eak PRESS\" \/>\n<meta property=\"article:published_time\" content=\"2011-02-08T09:38:18+00:00\" \/>\n<meta property=\"og:image\" content=\"https:\/\/sandzakpress.net\/arhiva\/wp-content\/uploads\/2011\/02\/mitropolit-amfilohije-1_500x300.jpg\" \/>\n\t<meta property=\"og:image:width\" content=\"500\" \/>\n\t<meta property=\"og:image:height\" content=\"300\" \/>\n\t<meta property=\"og:image:type\" content=\"image\/jpeg\" \/>\n<meta name=\"author\" content=\"bosniak\" \/>\n<meta name=\"twitter:card\" content=\"summary_large_image\" \/>\n<meta name=\"twitter:label1\" content=\"Written by\" \/>\n\t<meta name=\"twitter:data1\" content=\"bosniak\" \/>\n\t<meta name=\"twitter:label2\" content=\"Est. reading time\" \/>\n\t<meta name=\"twitter:data2\" content=\"1 minuta\" \/>\n<script type=\"application\/ld+json\" class=\"yoast-schema-graph\">{\"@context\":\"https:\/\/schema.org\",\"@graph\":[{\"@type\":\"Article\",\"@id\":\"https:\/\/sandzakpress.net\/arhiva\/amfilohije-bi-da-vrsi-popis\/#article\",\"isPartOf\":{\"@id\":\"https:\/\/sandzakpress.net\/arhiva\/amfilohije-bi-da-vrsi-popis\/\"},\"author\":{\"name\":\"bosniak\",\"@id\":\"https:\/\/sandzakpress.net\/arhiva\/#\/schema\/person\/c8baee722073534b583ea7bdb2e36c02\"},\"headline\":\"Amfilohije bi da vr\u0161i popis\",\"datePublished\":\"2011-02-08T09:38:18+00:00\",\"mainEntityOfPage\":{\"@id\":\"https:\/\/sandzakpress.net\/arhiva\/amfilohije-bi-da-vrsi-popis\/\"},\"wordCount\":209,\"commentCount\":17,\"publisher\":{\"@id\":\"https:\/\/sandzakpress.net\/arhiva\/#\/schema\/person\/6e72b67d6e51910a1117b3b483ba20bd\"},\"image\":{\"@id\":\"https:\/\/sandzakpress.net\/arhiva\/amfilohije-bi-da-vrsi-popis\/#primaryimage\"},\"thumbnailUrl\":\"https:\/\/sandzakpress.net\/arhiva\/wp-content\/uploads\/2011\/02\/mitropolit-amfilohije-1_500x300.jpg\",\"articleSection\":[\"Ro\u017eaje\",\"Politika\",\"Berane\",\"Bijelo Polje\",\"Pljevlja\",\"Plav\"],\"inLanguage\":\"bs-BA\",\"potentialAction\":[{\"@type\":\"CommentAction\",\"name\":\"Comment\",\"target\":[\"https:\/\/sandzakpress.net\/arhiva\/amfilohije-bi-da-vrsi-popis\/#respond\"]}]},{\"@type\":\"WebPage\",\"@id\":\"https:\/\/sandzakpress.net\/arhiva\/amfilohije-bi-da-vrsi-popis\/\",\"url\":\"https:\/\/sandzakpress.net\/arhiva\/amfilohije-bi-da-vrsi-popis\/\",\"name\":\"Amfilohije bi da vr\u0161i popis\",\"isPartOf\":{\"@id\":\"https:\/\/sandzakpress.net\/arhiva\/#website\"},\"primaryImageOfPage\":{\"@id\":\"https:\/\/sandzakpress.net\/arhiva\/amfilohije-bi-da-vrsi-popis\/#primaryimage\"},\"image\":{\"@id\":\"https:\/\/sandzakpress.net\/arhiva\/amfilohije-bi-da-vrsi-popis\/#primaryimage\"},\"thumbnailUrl\":\"https:\/\/sandzakpress.net\/arhiva\/wp-content\/uploads\/2011\/02\/mitropolit-amfilohije-1_500x300.jpg\",\"datePublished\":\"2011-02-08T09:38:18+00:00\",\"breadcrumb\":{\"@id\":\"https:\/\/sandzakpress.net\/arhiva\/amfilohije-bi-da-vrsi-popis\/#breadcrumb\"},\"inLanguage\":\"bs-BA\",\"potentialAction\":[{\"@type\":\"ReadAction\",\"target\":[\"https:\/\/sandzakpress.net\/arhiva\/amfilohije-bi-da-vrsi-popis\/\"]}]},{\"@type\":\"ImageObject\",\"inLanguage\":\"bs-BA\",\"@id\":\"https:\/\/sandzakpress.net\/arhiva\/amfilohije-bi-da-vrsi-popis\/#primaryimage\",\"url\":\"https:\/\/sandzakpress.net\/arhiva\/wp-content\/uploads\/2011\/02\/mitropolit-amfilohije-1_500x300.jpg\",\"contentUrl\":\"https:\/\/sandzakpress.net\/arhiva\/wp-content\/uploads\/2011\/02\/mitropolit-amfilohije-1_500x300.jpg\",\"width\":500,\"height\":300},{\"@type\":\"BreadcrumbList\",\"@id\":\"https:\/\/sandzakpress.net\/arhiva\/amfilohije-bi-da-vrsi-popis\/#breadcrumb\",\"itemListElement\":[{\"@type\":\"ListItem\",\"position\":1,\"name\":\"Home\",\"item\":\"https:\/\/sandzakpress.net\/arhiva\/\"},{\"@type\":\"ListItem\",\"position\":2,\"name\":\"Amfilohije bi da vr\u0161i popis\"}]},{\"@type\":\"WebSite\",\"@id\":\"https:\/\/sandzakpress.net\/arhiva\/#website\",\"url\":\"https:\/\/sandzakpress.net\/arhiva\/\",\"name\":\"Sand\u017eak PRESS\",\"description\":\"Prve elektronske novine u Sand\u017eaku\",\"publisher\":{\"@id\":\"https:\/\/sandzakpress.net\/arhiva\/#\/schema\/person\/6e72b67d6e51910a1117b3b483ba20bd\"},\"potentialAction\":[{\"@type\":\"SearchAction\",\"target\":{\"@type\":\"EntryPoint\",\"urlTemplate\":\"https:\/\/sandzakpress.net\/arhiva\/?s={search_term_string}\"},\"query-input\":{\"@type\":\"PropertyValueSpecification\",\"valueRequired\":true,\"valueName\":\"search_term_string\"}}],\"inLanguage\":\"bs-BA\"},{\"@type\":[\"Person\",\"Organization\"],\"@id\":\"https:\/\/sandzakpress.net\/arhiva\/#\/schema\/person\/6e72b67d6e51910a1117b3b483ba20bd\",\"name\":\"Kul\",\"image\":{\"@type\":\"ImageObject\",\"inLanguage\":\"bs-BA\",\"@id\":\"https:\/\/sandzakpress.net\/arhiva\/#\/schema\/person\/image\/\",\"url\":\"https:\/\/secure.gravatar.com\/avatar\/42263f39aa27ac04c43cab85c280eb2e?s=96&d=mm&r=pg\",\"contentUrl\":\"https:\/\/secure.gravatar.com\/avatar\/42263f39aa27ac04c43cab85c280eb2e?s=96&d=mm&r=pg\",\"caption\":\"Kul\"},\"logo\":{\"@id\":\"https:\/\/sandzakpress.net\/arhiva\/#\/schema\/person\/image\/\"}},{\"@type\":\"Person\",\"@id\":\"https:\/\/sandzakpress.net\/arhiva\/#\/schema\/person\/c8baee722073534b583ea7bdb2e36c02\",\"name\":\"bosniak\",\"image\":{\"@type\":\"ImageObject\",\"inLanguage\":\"bs-BA\",\"@id\":\"https:\/\/sandzakpress.net\/arhiva\/#\/schema\/person\/image\/\",\"url\":\"https:\/\/secure.gravatar.com\/avatar\/a04fd330bfe3a36a72a0ad4a6d89fca7?s=96&d=mm&r=pg\",\"contentUrl\":\"https:\/\/secure.gravatar.com\/avatar\/a04fd330bfe3a36a72a0ad4a6d89fca7?s=96&d=mm&r=pg\",\"caption\":\"bosniak\"},\"url\":\"https:\/\/sandzakpress.net\/arhiva\/author\/bosniak\/\"}]}<\/script>\n<!-- \/ Yoast SEO Premium plugin. -->","yoast_head_json":{"title":"Amfilohije bi da vr\u0161i popis","robots":{"index":"index","follow":"follow","max-snippet":"max-snippet:-1","max-image-preview":"max-image-preview:large","max-video-preview":"max-video-preview:-1"},"canonical":"https:\/\/sandzakpress.net\/arhiva\/amfilohije-bi-da-vrsi-popis\/","og_locale":"bs_BA","og_type":"article","og_title":"Amfilohije bi da vr\u0161i popis","og_description":"Ju\u017eni Sand\u017eak &#8211; Mitropolit Srpske pravoslavne crkve u Crnoj Gori Amfilohije odr\u017eao je tajni sastanak u manastiru \u017ddrebaonik kod Danilovgrada, na kome je, u prisustvu ambasadora Srbije u Podgorci Zorana Lutovca, razgovarano o popisu stanovni\u0161tva u Crnoj Gori, objavio je danas podgori\u010dki list &#8220;Vijesti&#8221;. Tom sastanku, koji je, kako se navodi, odr\u017ean u pro\u0161lu subotu, [&hellip;]","og_url":"https:\/\/sandzakpress.net\/arhiva\/amfilohije-bi-da-vrsi-popis\/","og_site_name":"Sand\u017eak PRESS","article_published_time":"2011-02-08T09:38:18+00:00","og_image":[{"width":500,"height":300,"url":"https:\/\/sandzakpress.net\/arhiva\/wp-content\/uploads\/2011\/02\/mitropolit-amfilohije-1_500x300.jpg","type":"image\/jpeg"}],"author":"bosniak","twitter_card":"summary_large_image","twitter_misc":{"Written by":"bosniak","Est. reading time":"1 minuta"},"schema":{"@context":"https:\/\/schema.org","@graph":[{"@type":"Article","@id":"https:\/\/sandzakpress.net\/arhiva\/amfilohije-bi-da-vrsi-popis\/#article","isPartOf":{"@id":"https:\/\/sandzakpress.net\/arhiva\/amfilohije-bi-da-vrsi-popis\/"},"author":{"name":"bosniak","@id":"https:\/\/sandzakpress.net\/arhiva\/#\/schema\/person\/c8baee722073534b583ea7bdb2e36c02"},"headline":"Amfilohije bi da vr\u0161i popis","datePublished":"2011-02-08T09:38:18+00:00","mainEntityOfPage":{"@id":"https:\/\/sandzakpress.net\/arhiva\/amfilohije-bi-da-vrsi-popis\/"},"wordCount":209,"commentCount":17,"publisher":{"@id":"https:\/\/sandzakpress.net\/arhiva\/#\/schema\/person\/6e72b67d6e51910a1117b3b483ba20bd"},"image":{"@id":"https:\/\/sandzakpress.net\/arhiva\/amfilohije-bi-da-vrsi-popis\/#primaryimage"},"thumbnailUrl":"https:\/\/sandzakpress.net\/arhiva\/wp-content\/uploads\/2011\/02\/mitropolit-amfilohije-1_500x300.jpg","articleSection":["Ro\u017eaje","Politika","Berane","Bijelo Polje","Pljevlja","Plav"],"inLanguage":"bs-BA","potentialAction":[{"@type":"CommentAction","name":"Comment","target":["https:\/\/sandzakpress.net\/arhiva\/amfilohije-bi-da-vrsi-popis\/#respond"]}]},{"@type":"WebPage","@id":"https:\/\/sandzakpress.net\/arhiva\/amfilohije-bi-da-vrsi-popis\/","url":"https:\/\/sandzakpress.net\/arhiva\/amfilohije-bi-da-vrsi-popis\/","name":"Amfilohije bi da vr\u0161i popis","isPartOf":{"@id":"https:\/\/sandzakpress.net\/arhiva\/#website"},"primaryImageOfPage":{"@id":"https:\/\/sandzakpress.net\/arhiva\/amfilohije-bi-da-vrsi-popis\/#primaryimage"},"image":{"@id":"https:\/\/sandzakpress.net\/arhiva\/amfilohije-bi-da-vrsi-popis\/#primaryimage"},"thumbnailUrl":"https:\/\/sandzakpress.net\/arhiva\/wp-content\/uploads\/2011\/02\/mitropolit-amfilohije-1_500x300.jpg","datePublished":"2011-02-08T09:38:18+00:00","breadcrumb":{"@id":"https:\/\/sandzakpress.net\/arhiva\/amfilohije-bi-da-vrsi-popis\/#breadcrumb"},"inLanguage":"bs-BA","potentialAction":[{"@type":"ReadAction","target":["https:\/\/sandzakpress.net\/arhiva\/amfilohije-bi-da-vrsi-popis\/"]}]},{"@type":"ImageObject","inLanguage":"bs-BA","@id":"https:\/\/sandzakpress.net\/arhiva\/amfilohije-bi-da-vrsi-popis\/#primaryimage","url":"https:\/\/sandzakpress.net\/arhiva\/wp-content\/uploads\/2011\/02\/mitropolit-amfilohije-1_500x300.jpg","contentUrl":"https:\/\/sandzakpress.net\/arhiva\/wp-content\/uploads\/2011\/02\/mitropolit-amfilohije-1_500x300.jpg","width":500,"height":300},{"@type":"BreadcrumbList","@id":"https:\/\/sandzakpress.net\/arhiva\/amfilohije-bi-da-vrsi-popis\/#breadcrumb","itemListElement":[{"@type":"ListItem","position":1,"name":"Home","item":"https:\/\/sandzakpress.net\/arhiva\/"},{"@type":"ListItem","position":2,"name":"Amfilohije bi da vr\u0161i popis"}]},{"@type":"WebSite","@id":"https:\/\/sandzakpress.net\/arhiva\/#website","url":"https:\/\/sandzakpress.net\/arhiva\/","name":"Sand\u017eak PRESS","description":"Prve elektronske novine u Sand\u017eaku","publisher":{"@id":"https:\/\/sandzakpress.net\/arhiva\/#\/schema\/person\/6e72b67d6e51910a1117b3b483ba20bd"},"potentialAction":[{"@type":"SearchAction","target":{"@type":"EntryPoint","urlTemplate":"https:\/\/sandzakpress.net\/arhiva\/?s={search_term_string}"},"query-input":{"@type":"PropertyValueSpecification","valueRequired":true,"valueName":"search_term_string"}}],"inLanguage":"bs-BA"},{"@type":["Person","Organization"],"@id":"https:\/\/sandzakpress.net\/arhiva\/#\/schema\/person\/6e72b67d6e51910a1117b3b483ba20bd","name":"Kul","image":{"@type":"ImageObject","inLanguage":"bs-BA","@id":"https:\/\/sandzakpress.net\/arhiva\/#\/schema\/person\/image\/","url":"https:\/\/secure.gravatar.com\/avatar\/42263f39aa27ac04c43cab85c280eb2e?s=96&d=mm&r=pg","contentUrl":"https:\/\/secure.gravatar.com\/avatar\/42263f39aa27ac04c43cab85c280eb2e?s=96&d=mm&r=pg","caption":"Kul"},"logo":{"@id":"https:\/\/sandzakpress.net\/arhiva\/#\/schema\/person\/image\/"}},{"@type":"Person","@id":"https:\/\/sandzakpress.net\/arhiva\/#\/schema\/person\/c8baee722073534b583ea7bdb2e36c02","name":"bosniak","image":{"@type":"ImageObject","inLanguage":"bs-BA","@id":"https:\/\/sandzakpress.net\/arhiva\/#\/schema\/person\/image\/","url":"https:\/\/secure.gravatar.com\/avatar\/a04fd330bfe3a36a72a0ad4a6d89fca7?s=96&d=mm&r=pg","contentUrl":"https:\/\/secure.gravatar.com\/avatar\/a04fd330bfe3a36a72a0ad4a6d89fca7?s=96&d=mm&r=pg","caption":"bosniak"},"url":"https:\/\/sandzakpress.net\/arhiva\/author\/bosniak\/"}]}},"_links":{"self":[{"href":"https:\/\/sandzakpress.net\/arhiva\/wp-json\/wp\/v2\/posts\/12334"}],"collection":[{"href":"https:\/\/sandzakpress.net\/arhiva\/wp-json\/wp\/v2\/posts"}],"about":[{"href":"https:\/\/sandzakpress.net\/arhiva\/wp-json\/wp\/v2\/types\/post"}],"author":[{"embeddable":true,"href":"https:\/\/sandzakpress.net\/arhiva\/wp-json\/wp\/v2\/users\/83"}],"replies":[{"embeddable":true,"href":"https:\/\/sandzakpress.net\/arhiva\/wp-json\/wp\/v2\/comments?post=12334"}],"version-history":[{"count":0,"href":"https:\/\/sandzakpress.net\/arhiva\/wp-json\/wp\/v2\/posts\/12334\/revisions"}],"wp:featuredmedia":[{"embeddable":true,"href":"https:\/\/sandzakpress.net\/arhiva\/wp-json\/wp\/v2\/media\/12335"}],"wp:attachment":[{"href":"https:\/\/sandzakpress.net\/arhiva\/wp-json\/wp\/v2\/media?parent=12334"}],"wp:term":[{"taxonomy":"category","embeddable":true,"href":"https:\/\/sandzakpress.net\/arhiva\/wp-json\/wp\/v2\/categories?post=12334"},{"taxonomy":"post_tag","embeddable":true,"href":"https:\/\/sandzakpress.net\/arhiva\/wp-json\/wp\/v2\/tags?post=12334"}],"curies":[{"name":"wp","href":"https:\/\/api.w.org\/{rel}","templated":true}]}}