{"id":123281,"date":"2015-02-24T09:23:37","date_gmt":"2015-02-24T08:23:37","guid":{"rendered":"https:\/\/sandzakpress.net\/arhiva\/?p=123281"},"modified":"2015-02-24T09:23:37","modified_gmt":"2015-02-24T08:23:37","slug":"austrija-vraca-azilante-na-kosovo","status":"publish","type":"post","link":"https:\/\/sandzakpress.net\/arhiva\/austrija-vraca-azilante-na-kosovo\/","title":{"rendered":"Austrija vra\u0107a azilante na Kosovo"},"content":{"rendered":"<p><img decoding=\"async\" src=\"http:\/\/www.sandzacke.rs\/wp-content\/uploads\/2015\/02\/azilanti-8-620x400.jpg\" alt=\"azilanti 8\" \/><\/p>\n<p><strong>Austrija &#8211; Ministarka unutra\u0161njih poslova Austrije Johana Mikl Laitner najavila je da \u0107e emigranti sa Kosova biti vra\u0107ani svake dvije nedelje i da austrijske vlasti na tome ubrzano rade.<br \/>\n<\/strong><br \/>\nMinistarka unutra\u0161njih poslova Austrije Johana Mikl Laitner poru\u010dila je da je Austrija odlu\u010dila da preduzme odre\u0111ene mjere kako bi azilanti bili vra\u0107eni na Kosovo, javlja reporter RTS-a.<\/p>\n<p>\u201cU Austriji smo odlu\u010dili da preduzmemo brze mjere, tretiranje i rad na predmtima koji su tra\u017eili azil \u0107e se zavr\u0161iti mnogo br\u017ee. Sve \u0107e se procedure zaklju\u010diti u roku od 10 dana od trenutka zahtjeva za azil. Bitno je da se kosovski dr\u017eavljani vrate na Kosovo, pa \u0107e svakih 14 dana biti organizovani \u010darter letovi koji \u0107e vra\u0107ati migrante na Kosovo, a ako bude bilo potrebe bi\u0107e \u010de\u0161\u0107e organizovani letovi\u201d, rekla je Laitner na konferenciji za novinare u Pri\u0161tini nakon sastanka s kosovskim premjerom Isom Mustafom.<\/p>\n<p>Poru\u010dila je \u017eiteljima Kosova da ne vjeruju prevarantima koji ih vode preko granice, jer rade na li\u010dnoj koristi i boga\u0107enju.<\/p>\n<p>\u201cNije moje da vas savjetujem i ka\u017eem, ali mi je u srcu da vam saop\u0107im, da ono \u0161to vam obe\u0107avaju da \u0107ete na\u0107i kada napustite Kosovo, jeste velika la\u017e\u201d, rekla je Laitner.<\/p>\n<p>Premijer Kosova Isa Mustafa, prihvatio je stav austrijske vlade da ne pru\u017ei ekonomski i politi\u010dki azil gra\u0111anima Kosova.<\/p>\n<p>\u201cMi smatramao da gra\u0111ani imaju punu bezbjednost ovdje, jer je Kosovo sigurna zemlja i na\u0161i gra\u0111ani se ni u jednom slu\u010daju ne mogu porediti sa ljudima iz Sirije i iz zemlja sa ratnih \u017eari\u0161ta.<\/p>\n<p>Podr\u017eavamo pristup objavljivanja austrijske vlade da ne daju azil za gra\u0111ane Kosova, tra\u017eimo da se \u0161to prije vrate ovdje, da vrate svoju djecu u \u0161kole, da se vrate svojim poslovima, jer je takvo stanje \u0161tetno za Kosovo i sve zemlje obuhva\u0107ene ilegalnom migracijom sa Kosova\u201d, rekao je Mustafa.<\/p>\n<p>(Izvor: RTS)<\/p>\n","protected":false},"excerpt":{"rendered":"<p>Austrija &#8211; Ministarka unutra\u0161njih poslova Austrije Johana Mikl Laitner najavila je da \u0107e emigranti sa Kosova biti vra\u0107ani svake dvije nedelje i da austrijske vlasti na tome ubrzano rade. Ministarka unutra\u0161njih poslova Austrije Johana Mikl Laitner poru\u010dila je da je Austrija odlu\u010dila da preduzme odre\u0111ene mjere kako bi azilanti bili vra\u0107eni na Kosovo, javlja reporter [&hellip;]<\/p>\n","protected":false},"author":83,"featured_media":123282,"comment_status":"open","ping_status":"open","sticky":false,"template":"","format":"standard","meta":{"footnotes":""},"categories":[2690,9539,9],"tags":[],"class_list":{"0":"post-123281","1":"post","2":"type-post","3":"status-publish","4":"format-standard","5":"has-post-thumbnail","7":"category-kosovo-gradovi","8":"category-austrija-dijaspora-gradovi-vase-vijesti","9":"category-svijet"},"yoast_head":"<!-- This site is optimized with the Yoast SEO Premium plugin v23.1 (Yoast SEO v24.9) - https:\/\/yoast.com\/wordpress\/plugins\/seo\/ -->\n<title>Austrija vra\u0107a azilante na Kosovo<\/title>\n<meta name=\"robots\" content=\"index, follow, max-snippet:-1, max-image-preview:large, max-video-preview:-1\" \/>\n<link rel=\"canonical\" href=\"https:\/\/sandzakpress.net\/arhiva\/austrija-vraca-azilante-na-kosovo\/\" \/>\n<meta property=\"og:locale\" content=\"bs_BA\" \/>\n<meta property=\"og:type\" content=\"article\" \/>\n<meta property=\"og:title\" content=\"Austrija vra\u0107a azilante na Kosovo\" \/>\n<meta property=\"og:description\" content=\"Austrija &#8211; Ministarka unutra\u0161njih poslova Austrije Johana Mikl Laitner najavila je da \u0107e emigranti sa Kosova biti vra\u0107ani svake dvije nedelje i da austrijske vlasti na tome ubrzano rade. Ministarka unutra\u0161njih poslova Austrije Johana Mikl Laitner poru\u010dila je da je Austrija odlu\u010dila da preduzme odre\u0111ene mjere kako bi azilanti bili vra\u0107eni na Kosovo, javlja reporter [&hellip;]\" \/>\n<meta property=\"og:url\" content=\"https:\/\/sandzakpress.net\/arhiva\/austrija-vraca-azilante-na-kosovo\/\" \/>\n<meta property=\"og:site_name\" content=\"Sand\u017eak PRESS\" \/>\n<meta property=\"article:published_time\" content=\"2015-02-24T08:23:37+00:00\" \/>\n<meta property=\"og:image\" content=\"https:\/\/sandzakpress.net\/arhiva\/wp-content\/uploads\/2015\/02\/azilanti-8-620x400.jpg\" \/>\n\t<meta property=\"og:image:width\" content=\"620\" \/>\n\t<meta property=\"og:image:height\" content=\"400\" \/>\n\t<meta property=\"og:image:type\" content=\"image\/jpeg\" \/>\n<meta name=\"author\" content=\"bosniak\" \/>\n<meta name=\"twitter:card\" content=\"summary_large_image\" \/>\n<meta name=\"twitter:label1\" content=\"Written by\" \/>\n\t<meta name=\"twitter:data1\" content=\"bosniak\" \/>\n\t<meta name=\"twitter:label2\" content=\"Est. reading time\" \/>\n\t<meta name=\"twitter:data2\" content=\"2 minute\" \/>\n<script type=\"application\/ld+json\" class=\"yoast-schema-graph\">{\"@context\":\"https:\/\/schema.org\",\"@graph\":[{\"@type\":\"Article\",\"@id\":\"https:\/\/sandzakpress.net\/arhiva\/austrija-vraca-azilante-na-kosovo\/#article\",\"isPartOf\":{\"@id\":\"https:\/\/sandzakpress.net\/arhiva\/austrija-vraca-azilante-na-kosovo\/\"},\"author\":{\"name\":\"bosniak\",\"@id\":\"https:\/\/sandzakpress.net\/arhiva\/#\/schema\/person\/c8baee722073534b583ea7bdb2e36c02\"},\"headline\":\"Austrija vra\u0107a azilante na Kosovo\",\"datePublished\":\"2015-02-24T08:23:37+00:00\",\"mainEntityOfPage\":{\"@id\":\"https:\/\/sandzakpress.net\/arhiva\/austrija-vraca-azilante-na-kosovo\/\"},\"wordCount\":336,\"commentCount\":2,\"publisher\":{\"@id\":\"https:\/\/sandzakpress.net\/arhiva\/#\/schema\/person\/6e72b67d6e51910a1117b3b483ba20bd\"},\"image\":{\"@id\":\"https:\/\/sandzakpress.net\/arhiva\/austrija-vraca-azilante-na-kosovo\/#primaryimage\"},\"thumbnailUrl\":\"https:\/\/sandzakpress.net\/arhiva\/wp-content\/uploads\/2015\/02\/azilanti-8-620x400.jpg\",\"articleSection\":[\"Kosovo\",\"Austrija\",\"Svijet\"],\"inLanguage\":\"bs-BA\",\"potentialAction\":[{\"@type\":\"CommentAction\",\"name\":\"Comment\",\"target\":[\"https:\/\/sandzakpress.net\/arhiva\/austrija-vraca-azilante-na-kosovo\/#respond\"]}]},{\"@type\":\"WebPage\",\"@id\":\"https:\/\/sandzakpress.net\/arhiva\/austrija-vraca-azilante-na-kosovo\/\",\"url\":\"https:\/\/sandzakpress.net\/arhiva\/austrija-vraca-azilante-na-kosovo\/\",\"name\":\"Austrija vra\u0107a azilante na Kosovo\",\"isPartOf\":{\"@id\":\"https:\/\/sandzakpress.net\/arhiva\/#website\"},\"primaryImageOfPage\":{\"@id\":\"https:\/\/sandzakpress.net\/arhiva\/austrija-vraca-azilante-na-kosovo\/#primaryimage\"},\"image\":{\"@id\":\"https:\/\/sandzakpress.net\/arhiva\/austrija-vraca-azilante-na-kosovo\/#primaryimage\"},\"thumbnailUrl\":\"https:\/\/sandzakpress.net\/arhiva\/wp-content\/uploads\/2015\/02\/azilanti-8-620x400.jpg\",\"datePublished\":\"2015-02-24T08:23:37+00:00\",\"breadcrumb\":{\"@id\":\"https:\/\/sandzakpress.net\/arhiva\/austrija-vraca-azilante-na-kosovo\/#breadcrumb\"},\"inLanguage\":\"bs-BA\",\"potentialAction\":[{\"@type\":\"ReadAction\",\"target\":[\"https:\/\/sandzakpress.net\/arhiva\/austrija-vraca-azilante-na-kosovo\/\"]}]},{\"@type\":\"ImageObject\",\"inLanguage\":\"bs-BA\",\"@id\":\"https:\/\/sandzakpress.net\/arhiva\/austrija-vraca-azilante-na-kosovo\/#primaryimage\",\"url\":\"https:\/\/sandzakpress.net\/arhiva\/wp-content\/uploads\/2015\/02\/azilanti-8-620x400.jpg\",\"contentUrl\":\"https:\/\/sandzakpress.net\/arhiva\/wp-content\/uploads\/2015\/02\/azilanti-8-620x400.jpg\",\"width\":620,\"height\":400},{\"@type\":\"BreadcrumbList\",\"@id\":\"https:\/\/sandzakpress.net\/arhiva\/austrija-vraca-azilante-na-kosovo\/#breadcrumb\",\"itemListElement\":[{\"@type\":\"ListItem\",\"position\":1,\"name\":\"Home\",\"item\":\"https:\/\/sandzakpress.net\/arhiva\/\"},{\"@type\":\"ListItem\",\"position\":2,\"name\":\"Austrija vra\u0107a azilante na Kosovo\"}]},{\"@type\":\"WebSite\",\"@id\":\"https:\/\/sandzakpress.net\/arhiva\/#website\",\"url\":\"https:\/\/sandzakpress.net\/arhiva\/\",\"name\":\"Sand\u017eak PRESS\",\"description\":\"Prve elektronske novine u Sand\u017eaku\",\"publisher\":{\"@id\":\"https:\/\/sandzakpress.net\/arhiva\/#\/schema\/person\/6e72b67d6e51910a1117b3b483ba20bd\"},\"potentialAction\":[{\"@type\":\"SearchAction\",\"target\":{\"@type\":\"EntryPoint\",\"urlTemplate\":\"https:\/\/sandzakpress.net\/arhiva\/?s={search_term_string}\"},\"query-input\":{\"@type\":\"PropertyValueSpecification\",\"valueRequired\":true,\"valueName\":\"search_term_string\"}}],\"inLanguage\":\"bs-BA\"},{\"@type\":[\"Person\",\"Organization\"],\"@id\":\"https:\/\/sandzakpress.net\/arhiva\/#\/schema\/person\/6e72b67d6e51910a1117b3b483ba20bd\",\"name\":\"Kul\",\"image\":{\"@type\":\"ImageObject\",\"inLanguage\":\"bs-BA\",\"@id\":\"https:\/\/sandzakpress.net\/arhiva\/#\/schema\/person\/image\/\",\"url\":\"https:\/\/secure.gravatar.com\/avatar\/42263f39aa27ac04c43cab85c280eb2e?s=96&d=mm&r=pg\",\"contentUrl\":\"https:\/\/secure.gravatar.com\/avatar\/42263f39aa27ac04c43cab85c280eb2e?s=96&d=mm&r=pg\",\"caption\":\"Kul\"},\"logo\":{\"@id\":\"https:\/\/sandzakpress.net\/arhiva\/#\/schema\/person\/image\/\"}},{\"@type\":\"Person\",\"@id\":\"https:\/\/sandzakpress.net\/arhiva\/#\/schema\/person\/c8baee722073534b583ea7bdb2e36c02\",\"name\":\"bosniak\",\"image\":{\"@type\":\"ImageObject\",\"inLanguage\":\"bs-BA\",\"@id\":\"https:\/\/sandzakpress.net\/arhiva\/#\/schema\/person\/image\/\",\"url\":\"https:\/\/secure.gravatar.com\/avatar\/a04fd330bfe3a36a72a0ad4a6d89fca7?s=96&d=mm&r=pg\",\"contentUrl\":\"https:\/\/secure.gravatar.com\/avatar\/a04fd330bfe3a36a72a0ad4a6d89fca7?s=96&d=mm&r=pg\",\"caption\":\"bosniak\"},\"url\":\"https:\/\/sandzakpress.net\/arhiva\/author\/bosniak\/\"}]}<\/script>\n<!-- \/ Yoast SEO Premium plugin. -->","yoast_head_json":{"title":"Austrija vra\u0107a azilante na Kosovo","robots":{"index":"index","follow":"follow","max-snippet":"max-snippet:-1","max-image-preview":"max-image-preview:large","max-video-preview":"max-video-preview:-1"},"canonical":"https:\/\/sandzakpress.net\/arhiva\/austrija-vraca-azilante-na-kosovo\/","og_locale":"bs_BA","og_type":"article","og_title":"Austrija vra\u0107a azilante na Kosovo","og_description":"Austrija &#8211; Ministarka unutra\u0161njih poslova Austrije Johana Mikl Laitner najavila je da \u0107e emigranti sa Kosova biti vra\u0107ani svake dvije nedelje i da austrijske vlasti na tome ubrzano rade. Ministarka unutra\u0161njih poslova Austrije Johana Mikl Laitner poru\u010dila je da je Austrija odlu\u010dila da preduzme odre\u0111ene mjere kako bi azilanti bili vra\u0107eni na Kosovo, javlja reporter [&hellip;]","og_url":"https:\/\/sandzakpress.net\/arhiva\/austrija-vraca-azilante-na-kosovo\/","og_site_name":"Sand\u017eak PRESS","article_published_time":"2015-02-24T08:23:37+00:00","og_image":[{"width":620,"height":400,"url":"https:\/\/sandzakpress.net\/arhiva\/wp-content\/uploads\/2015\/02\/azilanti-8-620x400.jpg","type":"image\/jpeg"}],"author":"bosniak","twitter_card":"summary_large_image","twitter_misc":{"Written by":"bosniak","Est. reading time":"2 minute"},"schema":{"@context":"https:\/\/schema.org","@graph":[{"@type":"Article","@id":"https:\/\/sandzakpress.net\/arhiva\/austrija-vraca-azilante-na-kosovo\/#article","isPartOf":{"@id":"https:\/\/sandzakpress.net\/arhiva\/austrija-vraca-azilante-na-kosovo\/"},"author":{"name":"bosniak","@id":"https:\/\/sandzakpress.net\/arhiva\/#\/schema\/person\/c8baee722073534b583ea7bdb2e36c02"},"headline":"Austrija vra\u0107a azilante na Kosovo","datePublished":"2015-02-24T08:23:37+00:00","mainEntityOfPage":{"@id":"https:\/\/sandzakpress.net\/arhiva\/austrija-vraca-azilante-na-kosovo\/"},"wordCount":336,"commentCount":2,"publisher":{"@id":"https:\/\/sandzakpress.net\/arhiva\/#\/schema\/person\/6e72b67d6e51910a1117b3b483ba20bd"},"image":{"@id":"https:\/\/sandzakpress.net\/arhiva\/austrija-vraca-azilante-na-kosovo\/#primaryimage"},"thumbnailUrl":"https:\/\/sandzakpress.net\/arhiva\/wp-content\/uploads\/2015\/02\/azilanti-8-620x400.jpg","articleSection":["Kosovo","Austrija","Svijet"],"inLanguage":"bs-BA","potentialAction":[{"@type":"CommentAction","name":"Comment","target":["https:\/\/sandzakpress.net\/arhiva\/austrija-vraca-azilante-na-kosovo\/#respond"]}]},{"@type":"WebPage","@id":"https:\/\/sandzakpress.net\/arhiva\/austrija-vraca-azilante-na-kosovo\/","url":"https:\/\/sandzakpress.net\/arhiva\/austrija-vraca-azilante-na-kosovo\/","name":"Austrija vra\u0107a azilante na Kosovo","isPartOf":{"@id":"https:\/\/sandzakpress.net\/arhiva\/#website"},"primaryImageOfPage":{"@id":"https:\/\/sandzakpress.net\/arhiva\/austrija-vraca-azilante-na-kosovo\/#primaryimage"},"image":{"@id":"https:\/\/sandzakpress.net\/arhiva\/austrija-vraca-azilante-na-kosovo\/#primaryimage"},"thumbnailUrl":"https:\/\/sandzakpress.net\/arhiva\/wp-content\/uploads\/2015\/02\/azilanti-8-620x400.jpg","datePublished":"2015-02-24T08:23:37+00:00","breadcrumb":{"@id":"https:\/\/sandzakpress.net\/arhiva\/austrija-vraca-azilante-na-kosovo\/#breadcrumb"},"inLanguage":"bs-BA","potentialAction":[{"@type":"ReadAction","target":["https:\/\/sandzakpress.net\/arhiva\/austrija-vraca-azilante-na-kosovo\/"]}]},{"@type":"ImageObject","inLanguage":"bs-BA","@id":"https:\/\/sandzakpress.net\/arhiva\/austrija-vraca-azilante-na-kosovo\/#primaryimage","url":"https:\/\/sandzakpress.net\/arhiva\/wp-content\/uploads\/2015\/02\/azilanti-8-620x400.jpg","contentUrl":"https:\/\/sandzakpress.net\/arhiva\/wp-content\/uploads\/2015\/02\/azilanti-8-620x400.jpg","width":620,"height":400},{"@type":"BreadcrumbList","@id":"https:\/\/sandzakpress.net\/arhiva\/austrija-vraca-azilante-na-kosovo\/#breadcrumb","itemListElement":[{"@type":"ListItem","position":1,"name":"Home","item":"https:\/\/sandzakpress.net\/arhiva\/"},{"@type":"ListItem","position":2,"name":"Austrija vra\u0107a azilante na Kosovo"}]},{"@type":"WebSite","@id":"https:\/\/sandzakpress.net\/arhiva\/#website","url":"https:\/\/sandzakpress.net\/arhiva\/","name":"Sand\u017eak PRESS","description":"Prve elektronske novine u Sand\u017eaku","publisher":{"@id":"https:\/\/sandzakpress.net\/arhiva\/#\/schema\/person\/6e72b67d6e51910a1117b3b483ba20bd"},"potentialAction":[{"@type":"SearchAction","target":{"@type":"EntryPoint","urlTemplate":"https:\/\/sandzakpress.net\/arhiva\/?s={search_term_string}"},"query-input":{"@type":"PropertyValueSpecification","valueRequired":true,"valueName":"search_term_string"}}],"inLanguage":"bs-BA"},{"@type":["Person","Organization"],"@id":"https:\/\/sandzakpress.net\/arhiva\/#\/schema\/person\/6e72b67d6e51910a1117b3b483ba20bd","name":"Kul","image":{"@type":"ImageObject","inLanguage":"bs-BA","@id":"https:\/\/sandzakpress.net\/arhiva\/#\/schema\/person\/image\/","url":"https:\/\/secure.gravatar.com\/avatar\/42263f39aa27ac04c43cab85c280eb2e?s=96&d=mm&r=pg","contentUrl":"https:\/\/secure.gravatar.com\/avatar\/42263f39aa27ac04c43cab85c280eb2e?s=96&d=mm&r=pg","caption":"Kul"},"logo":{"@id":"https:\/\/sandzakpress.net\/arhiva\/#\/schema\/person\/image\/"}},{"@type":"Person","@id":"https:\/\/sandzakpress.net\/arhiva\/#\/schema\/person\/c8baee722073534b583ea7bdb2e36c02","name":"bosniak","image":{"@type":"ImageObject","inLanguage":"bs-BA","@id":"https:\/\/sandzakpress.net\/arhiva\/#\/schema\/person\/image\/","url":"https:\/\/secure.gravatar.com\/avatar\/a04fd330bfe3a36a72a0ad4a6d89fca7?s=96&d=mm&r=pg","contentUrl":"https:\/\/secure.gravatar.com\/avatar\/a04fd330bfe3a36a72a0ad4a6d89fca7?s=96&d=mm&r=pg","caption":"bosniak"},"url":"https:\/\/sandzakpress.net\/arhiva\/author\/bosniak\/"}]}},"_links":{"self":[{"href":"https:\/\/sandzakpress.net\/arhiva\/wp-json\/wp\/v2\/posts\/123281"}],"collection":[{"href":"https:\/\/sandzakpress.net\/arhiva\/wp-json\/wp\/v2\/posts"}],"about":[{"href":"https:\/\/sandzakpress.net\/arhiva\/wp-json\/wp\/v2\/types\/post"}],"author":[{"embeddable":true,"href":"https:\/\/sandzakpress.net\/arhiva\/wp-json\/wp\/v2\/users\/83"}],"replies":[{"embeddable":true,"href":"https:\/\/sandzakpress.net\/arhiva\/wp-json\/wp\/v2\/comments?post=123281"}],"version-history":[{"count":0,"href":"https:\/\/sandzakpress.net\/arhiva\/wp-json\/wp\/v2\/posts\/123281\/revisions"}],"wp:featuredmedia":[{"embeddable":true,"href":"https:\/\/sandzakpress.net\/arhiva\/wp-json\/wp\/v2\/media\/123282"}],"wp:attachment":[{"href":"https:\/\/sandzakpress.net\/arhiva\/wp-json\/wp\/v2\/media?parent=123281"}],"wp:term":[{"taxonomy":"category","embeddable":true,"href":"https:\/\/sandzakpress.net\/arhiva\/wp-json\/wp\/v2\/categories?post=123281"},{"taxonomy":"post_tag","embeddable":true,"href":"https:\/\/sandzakpress.net\/arhiva\/wp-json\/wp\/v2\/tags?post=123281"}],"curies":[{"name":"wp","href":"https:\/\/api.w.org\/{rel}","templated":true}]}}