{"id":123269,"date":"2015-02-23T19:31:13","date_gmt":"2015-02-23T18:31:13","guid":{"rendered":"https:\/\/sandzakpress.net\/arhiva\/?p=123269"},"modified":"2015-02-23T19:31:29","modified_gmt":"2015-02-23T18:31:29","slug":"radio100-se-zalio-ambasadorima-na-gradsku-upravu-u-novom-pazaru","status":"publish","type":"post","link":"https:\/\/sandzakpress.net\/arhiva\/radio100-se-zalio-ambasadorima-na-gradsku-upravu-u-novom-pazaru\/","title":{"rendered":"Radio100+ se \u017ealio ambasadorima na Gradsku upravu u Novom Pazaru"},"content":{"rendered":"<p><strong>Novi Pazar\u00a0&#8211; Ambasadori Velike Britanije Denis Kif i Holandije Laurent Stokvis posetili su danas radio Sto plus gde su se u razgovoru sa novinarima upoznali sa trenutnom situacijom u medijima u Sand\u017eaku.<\/strong><\/p>\n<div class=\"youtube-embed\" data-video_id=\"pHrVDegwEQI\"><iframe loading=\"lazy\" title=\"Ambasadori Velike Britanije i Holandije u poseti Sto plusu\" width=\"696\" height=\"522\" src=\"https:\/\/www.youtube.com\/embed\/pHrVDegwEQI?feature=oembed&#038;enablejsapi=1\" frameborder=\"0\" allow=\"accelerometer; autoplay; encrypted-media; gyroscope; picture-in-picture\" allowfullscreen><\/iframe><\/div>\n<p>Ambasadori su sa novinarima na\u0161eg medija razgovarali o stanju slobode medija u ovom delu Srbije, problemima sa kojima se novinari susre\u0107u u svakodnevnom radu, kao i na\u010dinu finansiranja lokalnih i regionalnih medija.<\/p>\n<p>Kif i Stokvis su se posebno interesovali i o primeni novog Zakona o javnom informisanju na lokalu i o tome koliko \u0107e on uticati na dalji rad, ali i opstanak medija u Sand\u017eaku.<\/p>\n<p>Prema njihovim re\u010dima, posjetom radiju Sto plus \u017eeleli su i da daju punu podr\u0161ku nezavisnom i istra\u017eiva\u010dkom novinarstvu u Novom Pazaru.<\/p>\n<p>Tokom razgovora sa ambasadorima, direktor i glavni i odgovorni urednik radija Sto plus Ishak Slezovi\u0107 ukazao je na problem kr\u0161enja Zakona o javnom informisanju od strane Grada Novog Pazara, koji u svom bud\u017eetu za 2015. godinu nije predvideo sredstva za projektno finansiranje medija.<\/p>\n<p>On je ocenio da \u0107e svakako morati da protekne izvesno vreme do pune primene seta medijskih zakona na lokalnom nivou.<\/p>\n<p>(radiostoplus)<\/p>\n","protected":false},"excerpt":{"rendered":"<p>Novi Pazar\u00a0&#8211; Ambasadori Velike Britanije Denis Kif i Holandije Laurent Stokvis posetili su danas radio Sto plus gde su se u razgovoru sa novinarima upoznali sa trenutnom situacijom u medijima u Sand\u017eaku. Ambasadori su sa novinarima na\u0161eg medija razgovarali o stanju slobode medija u ovom delu Srbije, problemima sa kojima se novinari susre\u0107u u svakodnevnom [&hellip;]<\/p>\n","protected":false},"author":509,"featured_media":123270,"comment_status":"open","ping_status":"open","sticky":false,"template":"","format":"standard","meta":{"footnotes":""},"categories":[72,3,798],"tags":[],"class_list":{"0":"post-123269","1":"post","2":"type-post","3":"status-publish","4":"format-standard","5":"has-post-thumbnail","7":"category-novi-pazar","8":"category-privreda","9":"category-teme"},"yoast_head":"<!-- This site is optimized with the Yoast SEO Premium plugin v23.1 (Yoast SEO v24.9) - https:\/\/yoast.com\/wordpress\/plugins\/seo\/ -->\n<title>Radio100+ se \u017ealio ambasadorima na Gradsku upravu u Novom Pazaru<\/title>\n<meta name=\"robots\" content=\"index, follow, max-snippet:-1, max-image-preview:large, max-video-preview:-1\" \/>\n<link rel=\"canonical\" href=\"https:\/\/sandzakpress.net\/arhiva\/radio100-se-zalio-ambasadorima-na-gradsku-upravu-u-novom-pazaru\/\" \/>\n<meta property=\"og:locale\" content=\"bs_BA\" \/>\n<meta property=\"og:type\" content=\"article\" \/>\n<meta property=\"og:title\" content=\"Radio100+ se \u017ealio ambasadorima na Gradsku upravu u Novom Pazaru\" \/>\n<meta property=\"og:description\" content=\"Novi Pazar\u00a0&#8211; Ambasadori Velike Britanije Denis Kif i Holandije Laurent Stokvis posetili su danas radio Sto plus gde su se u razgovoru sa novinarima upoznali sa trenutnom situacijom u medijima u Sand\u017eaku. Ambasadori su sa novinarima na\u0161eg medija razgovarali o stanju slobode medija u ovom delu Srbije, problemima sa kojima se novinari susre\u0107u u svakodnevnom [&hellip;]\" \/>\n<meta property=\"og:url\" content=\"https:\/\/sandzakpress.net\/arhiva\/radio100-se-zalio-ambasadorima-na-gradsku-upravu-u-novom-pazaru\/\" \/>\n<meta property=\"og:site_name\" content=\"Sand\u017eak PRESS\" \/>\n<meta property=\"article:published_time\" content=\"2015-02-23T18:31:13+00:00\" \/>\n<meta property=\"article:modified_time\" content=\"2015-02-23T18:31:29+00:00\" \/>\n<meta property=\"og:image\" content=\"https:\/\/sandzakpress.net\/arhiva\/wp-content\/uploads\/2015\/02\/095.jpg\" \/>\n\t<meta property=\"og:image:width\" content=\"480\" \/>\n\t<meta property=\"og:image:height\" content=\"360\" \/>\n\t<meta property=\"og:image:type\" content=\"image\/jpeg\" \/>\n<meta name=\"author\" content=\"Agencija\" \/>\n<meta name=\"twitter:card\" content=\"summary_large_image\" \/>\n<meta name=\"twitter:label1\" content=\"Written by\" \/>\n\t<meta name=\"twitter:data1\" content=\"Agencija\" \/>\n\t<meta name=\"twitter:label2\" content=\"Est. reading time\" \/>\n\t<meta name=\"twitter:data2\" content=\"1 minuta\" \/>\n<script type=\"application\/ld+json\" class=\"yoast-schema-graph\">{\"@context\":\"https:\/\/schema.org\",\"@graph\":[{\"@type\":\"Article\",\"@id\":\"https:\/\/sandzakpress.net\/arhiva\/radio100-se-zalio-ambasadorima-na-gradsku-upravu-u-novom-pazaru\/#article\",\"isPartOf\":{\"@id\":\"https:\/\/sandzakpress.net\/arhiva\/radio100-se-zalio-ambasadorima-na-gradsku-upravu-u-novom-pazaru\/\"},\"author\":{\"name\":\"Agencija\",\"@id\":\"https:\/\/sandzakpress.net\/arhiva\/#\/schema\/person\/cb59d7e3ab91ab90dd680ad0305a6185\"},\"headline\":\"Radio100+ se \u017ealio ambasadorima na Gradsku upravu u Novom Pazaru\",\"datePublished\":\"2015-02-23T18:31:13+00:00\",\"dateModified\":\"2015-02-23T18:31:29+00:00\",\"mainEntityOfPage\":{\"@id\":\"https:\/\/sandzakpress.net\/arhiva\/radio100-se-zalio-ambasadorima-na-gradsku-upravu-u-novom-pazaru\/\"},\"wordCount\":210,\"commentCount\":0,\"publisher\":{\"@id\":\"https:\/\/sandzakpress.net\/arhiva\/#\/schema\/person\/6e72b67d6e51910a1117b3b483ba20bd\"},\"image\":{\"@id\":\"https:\/\/sandzakpress.net\/arhiva\/radio100-se-zalio-ambasadorima-na-gradsku-upravu-u-novom-pazaru\/#primaryimage\"},\"thumbnailUrl\":\"https:\/\/sandzakpress.net\/arhiva\/wp-content\/uploads\/2015\/02\/095.jpg\",\"articleSection\":[\"Novi Pazar\",\"Privreda\",\"NAJNOVIJE\"],\"inLanguage\":\"bs-BA\",\"potentialAction\":[{\"@type\":\"CommentAction\",\"name\":\"Comment\",\"target\":[\"https:\/\/sandzakpress.net\/arhiva\/radio100-se-zalio-ambasadorima-na-gradsku-upravu-u-novom-pazaru\/#respond\"]}]},{\"@type\":\"WebPage\",\"@id\":\"https:\/\/sandzakpress.net\/arhiva\/radio100-se-zalio-ambasadorima-na-gradsku-upravu-u-novom-pazaru\/\",\"url\":\"https:\/\/sandzakpress.net\/arhiva\/radio100-se-zalio-ambasadorima-na-gradsku-upravu-u-novom-pazaru\/\",\"name\":\"Radio100+ se \u017ealio ambasadorima na Gradsku upravu u Novom Pazaru\",\"isPartOf\":{\"@id\":\"https:\/\/sandzakpress.net\/arhiva\/#website\"},\"primaryImageOfPage\":{\"@id\":\"https:\/\/sandzakpress.net\/arhiva\/radio100-se-zalio-ambasadorima-na-gradsku-upravu-u-novom-pazaru\/#primaryimage\"},\"image\":{\"@id\":\"https:\/\/sandzakpress.net\/arhiva\/radio100-se-zalio-ambasadorima-na-gradsku-upravu-u-novom-pazaru\/#primaryimage\"},\"thumbnailUrl\":\"https:\/\/sandzakpress.net\/arhiva\/wp-content\/uploads\/2015\/02\/095.jpg\",\"datePublished\":\"2015-02-23T18:31:13+00:00\",\"dateModified\":\"2015-02-23T18:31:29+00:00\",\"breadcrumb\":{\"@id\":\"https:\/\/sandzakpress.net\/arhiva\/radio100-se-zalio-ambasadorima-na-gradsku-upravu-u-novom-pazaru\/#breadcrumb\"},\"inLanguage\":\"bs-BA\",\"potentialAction\":[{\"@type\":\"ReadAction\",\"target\":[\"https:\/\/sandzakpress.net\/arhiva\/radio100-se-zalio-ambasadorima-na-gradsku-upravu-u-novom-pazaru\/\"]}]},{\"@type\":\"ImageObject\",\"inLanguage\":\"bs-BA\",\"@id\":\"https:\/\/sandzakpress.net\/arhiva\/radio100-se-zalio-ambasadorima-na-gradsku-upravu-u-novom-pazaru\/#primaryimage\",\"url\":\"https:\/\/sandzakpress.net\/arhiva\/wp-content\/uploads\/2015\/02\/095.jpg\",\"contentUrl\":\"https:\/\/sandzakpress.net\/arhiva\/wp-content\/uploads\/2015\/02\/095.jpg\",\"width\":480,\"height\":360},{\"@type\":\"BreadcrumbList\",\"@id\":\"https:\/\/sandzakpress.net\/arhiva\/radio100-se-zalio-ambasadorima-na-gradsku-upravu-u-novom-pazaru\/#breadcrumb\",\"itemListElement\":[{\"@type\":\"ListItem\",\"position\":1,\"name\":\"Home\",\"item\":\"https:\/\/sandzakpress.net\/arhiva\/\"},{\"@type\":\"ListItem\",\"position\":2,\"name\":\"Radio100+ se \u017ealio ambasadorima na Gradsku upravu u Novom Pazaru\"}]},{\"@type\":\"WebSite\",\"@id\":\"https:\/\/sandzakpress.net\/arhiva\/#website\",\"url\":\"https:\/\/sandzakpress.net\/arhiva\/\",\"name\":\"Sand\u017eak PRESS\",\"description\":\"Prve elektronske novine u Sand\u017eaku\",\"publisher\":{\"@id\":\"https:\/\/sandzakpress.net\/arhiva\/#\/schema\/person\/6e72b67d6e51910a1117b3b483ba20bd\"},\"potentialAction\":[{\"@type\":\"SearchAction\",\"target\":{\"@type\":\"EntryPoint\",\"urlTemplate\":\"https:\/\/sandzakpress.net\/arhiva\/?s={search_term_string}\"},\"query-input\":{\"@type\":\"PropertyValueSpecification\",\"valueRequired\":true,\"valueName\":\"search_term_string\"}}],\"inLanguage\":\"bs-BA\"},{\"@type\":[\"Person\",\"Organization\"],\"@id\":\"https:\/\/sandzakpress.net\/arhiva\/#\/schema\/person\/6e72b67d6e51910a1117b3b483ba20bd\",\"name\":\"Kul\",\"image\":{\"@type\":\"ImageObject\",\"inLanguage\":\"bs-BA\",\"@id\":\"https:\/\/sandzakpress.net\/arhiva\/#\/schema\/person\/image\/\",\"url\":\"https:\/\/secure.gravatar.com\/avatar\/42263f39aa27ac04c43cab85c280eb2e?s=96&d=mm&r=pg\",\"contentUrl\":\"https:\/\/secure.gravatar.com\/avatar\/42263f39aa27ac04c43cab85c280eb2e?s=96&d=mm&r=pg\",\"caption\":\"Kul\"},\"logo\":{\"@id\":\"https:\/\/sandzakpress.net\/arhiva\/#\/schema\/person\/image\/\"}},{\"@type\":\"Person\",\"@id\":\"https:\/\/sandzakpress.net\/arhiva\/#\/schema\/person\/cb59d7e3ab91ab90dd680ad0305a6185\",\"name\":\"Agencija\",\"image\":{\"@type\":\"ImageObject\",\"inLanguage\":\"bs-BA\",\"@id\":\"https:\/\/sandzakpress.net\/arhiva\/#\/schema\/person\/image\/\",\"url\":\"https:\/\/secure.gravatar.com\/avatar\/4b7fafa80a22f0c2afe23966b3961fe0?s=96&d=mm&r=pg\",\"contentUrl\":\"https:\/\/secure.gravatar.com\/avatar\/4b7fafa80a22f0c2afe23966b3961fe0?s=96&d=mm&r=pg\",\"caption\":\"Agencija\"},\"url\":\"https:\/\/sandzakpress.net\/arhiva\/author\/agencija\/\"}]}<\/script>\n<!-- \/ Yoast SEO Premium plugin. -->","yoast_head_json":{"title":"Radio100+ se \u017ealio ambasadorima na Gradsku upravu u Novom Pazaru","robots":{"index":"index","follow":"follow","max-snippet":"max-snippet:-1","max-image-preview":"max-image-preview:large","max-video-preview":"max-video-preview:-1"},"canonical":"https:\/\/sandzakpress.net\/arhiva\/radio100-se-zalio-ambasadorima-na-gradsku-upravu-u-novom-pazaru\/","og_locale":"bs_BA","og_type":"article","og_title":"Radio100+ se \u017ealio ambasadorima na Gradsku upravu u Novom Pazaru","og_description":"Novi Pazar\u00a0&#8211; Ambasadori Velike Britanije Denis Kif i Holandije Laurent Stokvis posetili su danas radio Sto plus gde su se u razgovoru sa novinarima upoznali sa trenutnom situacijom u medijima u Sand\u017eaku. Ambasadori su sa novinarima na\u0161eg medija razgovarali o stanju slobode medija u ovom delu Srbije, problemima sa kojima se novinari susre\u0107u u svakodnevnom [&hellip;]","og_url":"https:\/\/sandzakpress.net\/arhiva\/radio100-se-zalio-ambasadorima-na-gradsku-upravu-u-novom-pazaru\/","og_site_name":"Sand\u017eak PRESS","article_published_time":"2015-02-23T18:31:13+00:00","article_modified_time":"2015-02-23T18:31:29+00:00","og_image":[{"width":480,"height":360,"url":"https:\/\/sandzakpress.net\/arhiva\/wp-content\/uploads\/2015\/02\/095.jpg","type":"image\/jpeg"}],"author":"Agencija","twitter_card":"summary_large_image","twitter_misc":{"Written by":"Agencija","Est. reading time":"1 minuta"},"schema":{"@context":"https:\/\/schema.org","@graph":[{"@type":"Article","@id":"https:\/\/sandzakpress.net\/arhiva\/radio100-se-zalio-ambasadorima-na-gradsku-upravu-u-novom-pazaru\/#article","isPartOf":{"@id":"https:\/\/sandzakpress.net\/arhiva\/radio100-se-zalio-ambasadorima-na-gradsku-upravu-u-novom-pazaru\/"},"author":{"name":"Agencija","@id":"https:\/\/sandzakpress.net\/arhiva\/#\/schema\/person\/cb59d7e3ab91ab90dd680ad0305a6185"},"headline":"Radio100+ se \u017ealio ambasadorima na Gradsku upravu u Novom Pazaru","datePublished":"2015-02-23T18:31:13+00:00","dateModified":"2015-02-23T18:31:29+00:00","mainEntityOfPage":{"@id":"https:\/\/sandzakpress.net\/arhiva\/radio100-se-zalio-ambasadorima-na-gradsku-upravu-u-novom-pazaru\/"},"wordCount":210,"commentCount":0,"publisher":{"@id":"https:\/\/sandzakpress.net\/arhiva\/#\/schema\/person\/6e72b67d6e51910a1117b3b483ba20bd"},"image":{"@id":"https:\/\/sandzakpress.net\/arhiva\/radio100-se-zalio-ambasadorima-na-gradsku-upravu-u-novom-pazaru\/#primaryimage"},"thumbnailUrl":"https:\/\/sandzakpress.net\/arhiva\/wp-content\/uploads\/2015\/02\/095.jpg","articleSection":["Novi Pazar","Privreda","NAJNOVIJE"],"inLanguage":"bs-BA","potentialAction":[{"@type":"CommentAction","name":"Comment","target":["https:\/\/sandzakpress.net\/arhiva\/radio100-se-zalio-ambasadorima-na-gradsku-upravu-u-novom-pazaru\/#respond"]}]},{"@type":"WebPage","@id":"https:\/\/sandzakpress.net\/arhiva\/radio100-se-zalio-ambasadorima-na-gradsku-upravu-u-novom-pazaru\/","url":"https:\/\/sandzakpress.net\/arhiva\/radio100-se-zalio-ambasadorima-na-gradsku-upravu-u-novom-pazaru\/","name":"Radio100+ se \u017ealio ambasadorima na Gradsku upravu u Novom Pazaru","isPartOf":{"@id":"https:\/\/sandzakpress.net\/arhiva\/#website"},"primaryImageOfPage":{"@id":"https:\/\/sandzakpress.net\/arhiva\/radio100-se-zalio-ambasadorima-na-gradsku-upravu-u-novom-pazaru\/#primaryimage"},"image":{"@id":"https:\/\/sandzakpress.net\/arhiva\/radio100-se-zalio-ambasadorima-na-gradsku-upravu-u-novom-pazaru\/#primaryimage"},"thumbnailUrl":"https:\/\/sandzakpress.net\/arhiva\/wp-content\/uploads\/2015\/02\/095.jpg","datePublished":"2015-02-23T18:31:13+00:00","dateModified":"2015-02-23T18:31:29+00:00","breadcrumb":{"@id":"https:\/\/sandzakpress.net\/arhiva\/radio100-se-zalio-ambasadorima-na-gradsku-upravu-u-novom-pazaru\/#breadcrumb"},"inLanguage":"bs-BA","potentialAction":[{"@type":"ReadAction","target":["https:\/\/sandzakpress.net\/arhiva\/radio100-se-zalio-ambasadorima-na-gradsku-upravu-u-novom-pazaru\/"]}]},{"@type":"ImageObject","inLanguage":"bs-BA","@id":"https:\/\/sandzakpress.net\/arhiva\/radio100-se-zalio-ambasadorima-na-gradsku-upravu-u-novom-pazaru\/#primaryimage","url":"https:\/\/sandzakpress.net\/arhiva\/wp-content\/uploads\/2015\/02\/095.jpg","contentUrl":"https:\/\/sandzakpress.net\/arhiva\/wp-content\/uploads\/2015\/02\/095.jpg","width":480,"height":360},{"@type":"BreadcrumbList","@id":"https:\/\/sandzakpress.net\/arhiva\/radio100-se-zalio-ambasadorima-na-gradsku-upravu-u-novom-pazaru\/#breadcrumb","itemListElement":[{"@type":"ListItem","position":1,"name":"Home","item":"https:\/\/sandzakpress.net\/arhiva\/"},{"@type":"ListItem","position":2,"name":"Radio100+ se \u017ealio ambasadorima na Gradsku upravu u Novom Pazaru"}]},{"@type":"WebSite","@id":"https:\/\/sandzakpress.net\/arhiva\/#website","url":"https:\/\/sandzakpress.net\/arhiva\/","name":"Sand\u017eak PRESS","description":"Prve elektronske novine u Sand\u017eaku","publisher":{"@id":"https:\/\/sandzakpress.net\/arhiva\/#\/schema\/person\/6e72b67d6e51910a1117b3b483ba20bd"},"potentialAction":[{"@type":"SearchAction","target":{"@type":"EntryPoint","urlTemplate":"https:\/\/sandzakpress.net\/arhiva\/?s={search_term_string}"},"query-input":{"@type":"PropertyValueSpecification","valueRequired":true,"valueName":"search_term_string"}}],"inLanguage":"bs-BA"},{"@type":["Person","Organization"],"@id":"https:\/\/sandzakpress.net\/arhiva\/#\/schema\/person\/6e72b67d6e51910a1117b3b483ba20bd","name":"Kul","image":{"@type":"ImageObject","inLanguage":"bs-BA","@id":"https:\/\/sandzakpress.net\/arhiva\/#\/schema\/person\/image\/","url":"https:\/\/secure.gravatar.com\/avatar\/42263f39aa27ac04c43cab85c280eb2e?s=96&d=mm&r=pg","contentUrl":"https:\/\/secure.gravatar.com\/avatar\/42263f39aa27ac04c43cab85c280eb2e?s=96&d=mm&r=pg","caption":"Kul"},"logo":{"@id":"https:\/\/sandzakpress.net\/arhiva\/#\/schema\/person\/image\/"}},{"@type":"Person","@id":"https:\/\/sandzakpress.net\/arhiva\/#\/schema\/person\/cb59d7e3ab91ab90dd680ad0305a6185","name":"Agencija","image":{"@type":"ImageObject","inLanguage":"bs-BA","@id":"https:\/\/sandzakpress.net\/arhiva\/#\/schema\/person\/image\/","url":"https:\/\/secure.gravatar.com\/avatar\/4b7fafa80a22f0c2afe23966b3961fe0?s=96&d=mm&r=pg","contentUrl":"https:\/\/secure.gravatar.com\/avatar\/4b7fafa80a22f0c2afe23966b3961fe0?s=96&d=mm&r=pg","caption":"Agencija"},"url":"https:\/\/sandzakpress.net\/arhiva\/author\/agencija\/"}]}},"_links":{"self":[{"href":"https:\/\/sandzakpress.net\/arhiva\/wp-json\/wp\/v2\/posts\/123269"}],"collection":[{"href":"https:\/\/sandzakpress.net\/arhiva\/wp-json\/wp\/v2\/posts"}],"about":[{"href":"https:\/\/sandzakpress.net\/arhiva\/wp-json\/wp\/v2\/types\/post"}],"author":[{"embeddable":true,"href":"https:\/\/sandzakpress.net\/arhiva\/wp-json\/wp\/v2\/users\/509"}],"replies":[{"embeddable":true,"href":"https:\/\/sandzakpress.net\/arhiva\/wp-json\/wp\/v2\/comments?post=123269"}],"version-history":[{"count":0,"href":"https:\/\/sandzakpress.net\/arhiva\/wp-json\/wp\/v2\/posts\/123269\/revisions"}],"wp:featuredmedia":[{"embeddable":true,"href":"https:\/\/sandzakpress.net\/arhiva\/wp-json\/wp\/v2\/media\/123270"}],"wp:attachment":[{"href":"https:\/\/sandzakpress.net\/arhiva\/wp-json\/wp\/v2\/media?parent=123269"}],"wp:term":[{"taxonomy":"category","embeddable":true,"href":"https:\/\/sandzakpress.net\/arhiva\/wp-json\/wp\/v2\/categories?post=123269"},{"taxonomy":"post_tag","embeddable":true,"href":"https:\/\/sandzakpress.net\/arhiva\/wp-json\/wp\/v2\/tags?post=123269"}],"curies":[{"name":"wp","href":"https:\/\/api.w.org\/{rel}","templated":true}]}}