{"id":123216,"date":"2015-02-23T11:39:38","date_gmt":"2015-02-23T10:39:38","guid":{"rendered":"https:\/\/sandzakpress.net\/arhiva\/?p=123216"},"modified":"2015-02-23T11:39:38","modified_gmt":"2015-02-23T10:39:38","slug":"osnovan-opstinski-odbor-pozitivne-u-plavu","status":"publish","type":"post","link":"https:\/\/sandzakpress.net\/arhiva\/osnovan-opstinski-odbor-pozitivne-u-plavu\/","title":{"rendered":"Osnovan Op\u0161tinski odbor Pozitivne u Plavu"},"content":{"rendered":"<p><a href=\"http:\/\/sanapress.info\/wp-content\/uploads\/2015\/02\/PLAV-OO.jpg\"><img loading=\"lazy\" decoding=\"async\" class=\"alignnone size-full wp-image-21872\" src=\"http:\/\/sanapress.info\/wp-content\/uploads\/2015\/02\/PLAV-OO.jpg\" alt=\"PLAV OO\" width=\"600\" height=\"272\" \/><\/p>\n<p><\/a><strong>Plav &#8211; Pozitivna je danas u Plavu osnovala Op\u0161tinski odbor, a za predsjednika najmla\u0111eg opstinskog odbora Pozitivne izabran je Mehmed Marki\u0161i\u0107, diplomirani pravnik.<\/strong><\/p>\n<p>Na osniva\u010dkoj konvenciji su govorili Darko Pajovi\u0107, predsjednik, Azra Jasavi\u0107, potpredsjednica kao i Mehmed Marki\u0161i\u0107, predsjednik OO Pozitivne u Plavu.<\/p>\n<p>Darko Pajovi\u0107: Neznanjem, bahato\u0161\u0107u a kako ka\u017eu iz SDP-a i korupcijom, vladaju\u0107a klasa je dovela Crnu Goru u zonu ekonomske nema\u0161tine i praznih nov\u010danika gra\u0111ana. Dok se kupuju nova slu\u017ebena kola, pla\u0107aju visoki telefonski ra\u010duni dr\u017eavnim funkcionerima koji udobno sjede u foteljama vlasti, gra\u0111ani jedva sastavljaju kraj sa krajem.<\/p>\n<p>Ne mo\u017ee dr\u017eava biti nekome majka, nekome ma\u0107eha a nekome nijedno ni drugo. Ovo dru\u0161tvo je nastalo na solidarnosti, pomo\u0107i onima koji nemaju, a dana\u0161nja vladaju\u0107a klasa je tokom dvije I po decenije napravila ogromni jaz izme\u0111u bogatih i siroma\u0161nih. Ovih drugih je sve vi\u0161e, ali oni to dragi prijatelji ne vide jer oni imaju i ne zanimaju ih oni koji nemaju.<\/p>\n<p>Za 25 godina pokazali su sve \u0161to znaju i umiju i oni bolje ne znaju. Zato je vrijeme za nove ljude i po\u0161trn odnos prema gra\u0111anima i dr\u017eavnim interesima.<\/p>\n<p>Na\u0161 politi\u010dki prioritet je smjena ove i ovakve vlasti, kao i sna\u017ena podr\u0161ka procesu EU i NATO integracija.<\/p>\n<p>Mehmed Marki\u0161i\u0107: Pozitivna Crna Gora u Plav dolazi da ponudi ne\u0161to novo i da sprovede ideju iza koje odgovorno i \u010dasno stoji. Mi smo za promjene i mi ho\u0107emo promjene i \u017eelimo svima re\u0107i: dosta je bilo nazadovanja, planski sprovo\u0111enog iseljavanja stanovini\u0161tva, ulijevanja straha u kosti sirotinji i ucjenjivanja da ukoliko ne budu lojalni da \u0107e im biti ukinuta socijalna davanja, partijskog zapo\u0161ljavanja gdje su oni koji su sposobni i stru\u010dni i bili najbolji studenti na fakultetima marginizovani i nijesu mogli do\u0107i do radnog mjesta samo zato \u0161to se nisu pokorili da budu pripadnici odre\u0111ene politicke strukture.<br \/>\n\u0160ta je na\u0161 zadatak i \u0161ta mi treba da radimo u Plavu nije nam te\u0161ko znati, dovoljno je samo da ne radimo ovo \u0161to ve\u0107 dvije decenije rade sve vlasti u Plavu, a ovdje u Plavu svi trenutni politi\u010dki subjekti u jednom trenutku bili su vlast i svi su imali \u0161ansu i pokazali su svoje sposobnosti i iza svojih stoje njihova djela. Plav je ostao isti ko danas ko prije 25 godina, apsolutno se ni\u0161ta nije promijenilo, jedino se stanovni\u0161tvo iseljava i Op\u0161tina Plav negdje od 2008. godine napravila dug od preko 8 milinona eura.<\/p>\n<p>Azra Jasavi\u0107:Pozitivna Crna Gora kao istinska gra\u0111anska stranka zala\u017ee se da nijedan gra\u0111anin Crne Gore ne bude stranac u sopstvenoj zemlji. \u017eelimo da zaustavimo iseljavanje iz Plava kroz realnu politiku\u00a0 ravnomjernog regionalnog razvoja gdje \u0107e se u Plavu ulagati u poljoprivredu, sto\u010darstvo, drvnu industriju i prije sve ga turizam. Jer plavski kraj predstavlja najve\u0107i turisti\u010dki potencijal na teritoriji sjevera Crne Gore bez konkurencije. \u017delimo da zaustavimo politiku (demografskog) nepovoljnog in\u017eenjeringa koju ova vlast u kontinuitetu od 90ih godina sprovodi prema Plavu. To mo\u017eemo posti\u0107i ako nam ukazete povjerenje jer Pozitivna interese gra\u0111ana Plava ne\u0107e prodavati i ne\u0107e s njima trgovati. Ra\u010dunamo na istinsku podr\u0161ku plavske dijaspore u razvoju plavskog kraja kada kao partija realizujemo sve na\u0161e programske ciljeve vezane za punu vladavinu prava i ja\u010danje institucija.<\/p>\n<p>(SANA)<\/p>\n","protected":false},"excerpt":{"rendered":"<p>Plav &#8211; Pozitivna je danas u Plavu osnovala Op\u0161tinski odbor, a za predsjednika najmla\u0111eg opstinskog odbora Pozitivne izabran je Mehmed Marki\u0161i\u0107, diplomirani pravnik. Na osniva\u010dkoj konvenciji su govorili Darko Pajovi\u0107, predsjednik, Azra Jasavi\u0107, potpredsjednica kao i Mehmed Marki\u0161i\u0107, predsjednik OO Pozitivne u Plavu. Darko Pajovi\u0107: Neznanjem, bahato\u0161\u0107u a kako ka\u017eu iz SDP-a i korupcijom, vladaju\u0107a [&hellip;]<\/p>\n","protected":false},"author":83,"featured_media":123217,"comment_status":"open","ping_status":"open","sticky":false,"template":"","format":"standard","meta":{"footnotes":""},"categories":[1,399],"tags":[],"class_list":{"0":"post-123216","1":"post","2":"type-post","3":"status-publish","4":"format-standard","5":"has-post-thumbnail","7":"category-politika","8":"category-plav_"},"yoast_head":"<!-- This site is optimized with the Yoast SEO Premium plugin v23.1 (Yoast SEO v24.9) - https:\/\/yoast.com\/wordpress\/plugins\/seo\/ -->\n<title>Osnovan Op\u0161tinski odbor Pozitivne u Plavu<\/title>\n<meta name=\"robots\" content=\"index, follow, max-snippet:-1, max-image-preview:large, max-video-preview:-1\" \/>\n<link rel=\"canonical\" href=\"https:\/\/sandzakpress.net\/arhiva\/osnovan-opstinski-odbor-pozitivne-u-plavu\/\" \/>\n<meta property=\"og:locale\" content=\"bs_BA\" \/>\n<meta property=\"og:type\" content=\"article\" \/>\n<meta property=\"og:title\" content=\"Osnovan Op\u0161tinski odbor Pozitivne u Plavu\" \/>\n<meta property=\"og:description\" content=\"Plav &#8211; Pozitivna je danas u Plavu osnovala Op\u0161tinski odbor, a za predsjednika najmla\u0111eg opstinskog odbora Pozitivne izabran je Mehmed Marki\u0161i\u0107, diplomirani pravnik. Na osniva\u010dkoj konvenciji su govorili Darko Pajovi\u0107, predsjednik, Azra Jasavi\u0107, potpredsjednica kao i Mehmed Marki\u0161i\u0107, predsjednik OO Pozitivne u Plavu. Darko Pajovi\u0107: Neznanjem, bahato\u0161\u0107u a kako ka\u017eu iz SDP-a i korupcijom, vladaju\u0107a [&hellip;]\" \/>\n<meta property=\"og:url\" content=\"https:\/\/sandzakpress.net\/arhiva\/osnovan-opstinski-odbor-pozitivne-u-plavu\/\" \/>\n<meta property=\"og:site_name\" content=\"Sand\u017eak PRESS\" \/>\n<meta property=\"article:published_time\" content=\"2015-02-23T10:39:38+00:00\" \/>\n<meta property=\"og:image\" content=\"https:\/\/sandzakpress.net\/arhiva\/wp-content\/uploads\/2015\/02\/PLAV-OO.jpg\" \/>\n\t<meta property=\"og:image:width\" content=\"600\" \/>\n\t<meta property=\"og:image:height\" content=\"272\" \/>\n\t<meta property=\"og:image:type\" content=\"image\/jpeg\" \/>\n<meta name=\"author\" content=\"bosniak\" \/>\n<meta name=\"twitter:card\" content=\"summary_large_image\" \/>\n<meta name=\"twitter:label1\" content=\"Written by\" \/>\n\t<meta name=\"twitter:data1\" content=\"bosniak\" \/>\n\t<meta name=\"twitter:label2\" content=\"Est. reading time\" \/>\n\t<meta name=\"twitter:data2\" content=\"3 minute\" \/>\n<script type=\"application\/ld+json\" class=\"yoast-schema-graph\">{\"@context\":\"https:\/\/schema.org\",\"@graph\":[{\"@type\":\"Article\",\"@id\":\"https:\/\/sandzakpress.net\/arhiva\/osnovan-opstinski-odbor-pozitivne-u-plavu\/#article\",\"isPartOf\":{\"@id\":\"https:\/\/sandzakpress.net\/arhiva\/osnovan-opstinski-odbor-pozitivne-u-plavu\/\"},\"author\":{\"name\":\"bosniak\",\"@id\":\"https:\/\/sandzakpress.net\/arhiva\/#\/schema\/person\/c8baee722073534b583ea7bdb2e36c02\"},\"headline\":\"Osnovan Op\u0161tinski odbor Pozitivne u Plavu\",\"datePublished\":\"2015-02-23T10:39:38+00:00\",\"mainEntityOfPage\":{\"@id\":\"https:\/\/sandzakpress.net\/arhiva\/osnovan-opstinski-odbor-pozitivne-u-plavu\/\"},\"wordCount\":587,\"commentCount\":0,\"publisher\":{\"@id\":\"https:\/\/sandzakpress.net\/arhiva\/#\/schema\/person\/6e72b67d6e51910a1117b3b483ba20bd\"},\"image\":{\"@id\":\"https:\/\/sandzakpress.net\/arhiva\/osnovan-opstinski-odbor-pozitivne-u-plavu\/#primaryimage\"},\"thumbnailUrl\":\"https:\/\/sandzakpress.net\/arhiva\/wp-content\/uploads\/2015\/02\/PLAV-OO.jpg\",\"articleSection\":[\"Politika\",\"Plav\"],\"inLanguage\":\"bs-BA\",\"potentialAction\":[{\"@type\":\"CommentAction\",\"name\":\"Comment\",\"target\":[\"https:\/\/sandzakpress.net\/arhiva\/osnovan-opstinski-odbor-pozitivne-u-plavu\/#respond\"]}]},{\"@type\":\"WebPage\",\"@id\":\"https:\/\/sandzakpress.net\/arhiva\/osnovan-opstinski-odbor-pozitivne-u-plavu\/\",\"url\":\"https:\/\/sandzakpress.net\/arhiva\/osnovan-opstinski-odbor-pozitivne-u-plavu\/\",\"name\":\"Osnovan Op\u0161tinski odbor Pozitivne u Plavu\",\"isPartOf\":{\"@id\":\"https:\/\/sandzakpress.net\/arhiva\/#website\"},\"primaryImageOfPage\":{\"@id\":\"https:\/\/sandzakpress.net\/arhiva\/osnovan-opstinski-odbor-pozitivne-u-plavu\/#primaryimage\"},\"image\":{\"@id\":\"https:\/\/sandzakpress.net\/arhiva\/osnovan-opstinski-odbor-pozitivne-u-plavu\/#primaryimage\"},\"thumbnailUrl\":\"https:\/\/sandzakpress.net\/arhiva\/wp-content\/uploads\/2015\/02\/PLAV-OO.jpg\",\"datePublished\":\"2015-02-23T10:39:38+00:00\",\"breadcrumb\":{\"@id\":\"https:\/\/sandzakpress.net\/arhiva\/osnovan-opstinski-odbor-pozitivne-u-plavu\/#breadcrumb\"},\"inLanguage\":\"bs-BA\",\"potentialAction\":[{\"@type\":\"ReadAction\",\"target\":[\"https:\/\/sandzakpress.net\/arhiva\/osnovan-opstinski-odbor-pozitivne-u-plavu\/\"]}]},{\"@type\":\"ImageObject\",\"inLanguage\":\"bs-BA\",\"@id\":\"https:\/\/sandzakpress.net\/arhiva\/osnovan-opstinski-odbor-pozitivne-u-plavu\/#primaryimage\",\"url\":\"https:\/\/sandzakpress.net\/arhiva\/wp-content\/uploads\/2015\/02\/PLAV-OO.jpg\",\"contentUrl\":\"https:\/\/sandzakpress.net\/arhiva\/wp-content\/uploads\/2015\/02\/PLAV-OO.jpg\",\"width\":600,\"height\":272},{\"@type\":\"BreadcrumbList\",\"@id\":\"https:\/\/sandzakpress.net\/arhiva\/osnovan-opstinski-odbor-pozitivne-u-plavu\/#breadcrumb\",\"itemListElement\":[{\"@type\":\"ListItem\",\"position\":1,\"name\":\"Home\",\"item\":\"https:\/\/sandzakpress.net\/arhiva\/\"},{\"@type\":\"ListItem\",\"position\":2,\"name\":\"Osnovan Op\u0161tinski odbor Pozitivne u Plavu\"}]},{\"@type\":\"WebSite\",\"@id\":\"https:\/\/sandzakpress.net\/arhiva\/#website\",\"url\":\"https:\/\/sandzakpress.net\/arhiva\/\",\"name\":\"Sand\u017eak PRESS\",\"description\":\"Prve elektronske novine u Sand\u017eaku\",\"publisher\":{\"@id\":\"https:\/\/sandzakpress.net\/arhiva\/#\/schema\/person\/6e72b67d6e51910a1117b3b483ba20bd\"},\"potentialAction\":[{\"@type\":\"SearchAction\",\"target\":{\"@type\":\"EntryPoint\",\"urlTemplate\":\"https:\/\/sandzakpress.net\/arhiva\/?s={search_term_string}\"},\"query-input\":{\"@type\":\"PropertyValueSpecification\",\"valueRequired\":true,\"valueName\":\"search_term_string\"}}],\"inLanguage\":\"bs-BA\"},{\"@type\":[\"Person\",\"Organization\"],\"@id\":\"https:\/\/sandzakpress.net\/arhiva\/#\/schema\/person\/6e72b67d6e51910a1117b3b483ba20bd\",\"name\":\"Kul\",\"image\":{\"@type\":\"ImageObject\",\"inLanguage\":\"bs-BA\",\"@id\":\"https:\/\/sandzakpress.net\/arhiva\/#\/schema\/person\/image\/\",\"url\":\"https:\/\/secure.gravatar.com\/avatar\/42263f39aa27ac04c43cab85c280eb2e?s=96&d=mm&r=pg\",\"contentUrl\":\"https:\/\/secure.gravatar.com\/avatar\/42263f39aa27ac04c43cab85c280eb2e?s=96&d=mm&r=pg\",\"caption\":\"Kul\"},\"logo\":{\"@id\":\"https:\/\/sandzakpress.net\/arhiva\/#\/schema\/person\/image\/\"}},{\"@type\":\"Person\",\"@id\":\"https:\/\/sandzakpress.net\/arhiva\/#\/schema\/person\/c8baee722073534b583ea7bdb2e36c02\",\"name\":\"bosniak\",\"image\":{\"@type\":\"ImageObject\",\"inLanguage\":\"bs-BA\",\"@id\":\"https:\/\/sandzakpress.net\/arhiva\/#\/schema\/person\/image\/\",\"url\":\"https:\/\/secure.gravatar.com\/avatar\/a04fd330bfe3a36a72a0ad4a6d89fca7?s=96&d=mm&r=pg\",\"contentUrl\":\"https:\/\/secure.gravatar.com\/avatar\/a04fd330bfe3a36a72a0ad4a6d89fca7?s=96&d=mm&r=pg\",\"caption\":\"bosniak\"},\"url\":\"https:\/\/sandzakpress.net\/arhiva\/author\/bosniak\/\"}]}<\/script>\n<!-- \/ Yoast SEO Premium plugin. -->","yoast_head_json":{"title":"Osnovan Op\u0161tinski odbor Pozitivne u Plavu","robots":{"index":"index","follow":"follow","max-snippet":"max-snippet:-1","max-image-preview":"max-image-preview:large","max-video-preview":"max-video-preview:-1"},"canonical":"https:\/\/sandzakpress.net\/arhiva\/osnovan-opstinski-odbor-pozitivne-u-plavu\/","og_locale":"bs_BA","og_type":"article","og_title":"Osnovan Op\u0161tinski odbor Pozitivne u Plavu","og_description":"Plav &#8211; Pozitivna je danas u Plavu osnovala Op\u0161tinski odbor, a za predsjednika najmla\u0111eg opstinskog odbora Pozitivne izabran je Mehmed Marki\u0161i\u0107, diplomirani pravnik. Na osniva\u010dkoj konvenciji su govorili Darko Pajovi\u0107, predsjednik, Azra Jasavi\u0107, potpredsjednica kao i Mehmed Marki\u0161i\u0107, predsjednik OO Pozitivne u Plavu. Darko Pajovi\u0107: Neznanjem, bahato\u0161\u0107u a kako ka\u017eu iz SDP-a i korupcijom, vladaju\u0107a [&hellip;]","og_url":"https:\/\/sandzakpress.net\/arhiva\/osnovan-opstinski-odbor-pozitivne-u-plavu\/","og_site_name":"Sand\u017eak PRESS","article_published_time":"2015-02-23T10:39:38+00:00","og_image":[{"width":600,"height":272,"url":"https:\/\/sandzakpress.net\/arhiva\/wp-content\/uploads\/2015\/02\/PLAV-OO.jpg","type":"image\/jpeg"}],"author":"bosniak","twitter_card":"summary_large_image","twitter_misc":{"Written by":"bosniak","Est. reading time":"3 minute"},"schema":{"@context":"https:\/\/schema.org","@graph":[{"@type":"Article","@id":"https:\/\/sandzakpress.net\/arhiva\/osnovan-opstinski-odbor-pozitivne-u-plavu\/#article","isPartOf":{"@id":"https:\/\/sandzakpress.net\/arhiva\/osnovan-opstinski-odbor-pozitivne-u-plavu\/"},"author":{"name":"bosniak","@id":"https:\/\/sandzakpress.net\/arhiva\/#\/schema\/person\/c8baee722073534b583ea7bdb2e36c02"},"headline":"Osnovan Op\u0161tinski odbor Pozitivne u Plavu","datePublished":"2015-02-23T10:39:38+00:00","mainEntityOfPage":{"@id":"https:\/\/sandzakpress.net\/arhiva\/osnovan-opstinski-odbor-pozitivne-u-plavu\/"},"wordCount":587,"commentCount":0,"publisher":{"@id":"https:\/\/sandzakpress.net\/arhiva\/#\/schema\/person\/6e72b67d6e51910a1117b3b483ba20bd"},"image":{"@id":"https:\/\/sandzakpress.net\/arhiva\/osnovan-opstinski-odbor-pozitivne-u-plavu\/#primaryimage"},"thumbnailUrl":"https:\/\/sandzakpress.net\/arhiva\/wp-content\/uploads\/2015\/02\/PLAV-OO.jpg","articleSection":["Politika","Plav"],"inLanguage":"bs-BA","potentialAction":[{"@type":"CommentAction","name":"Comment","target":["https:\/\/sandzakpress.net\/arhiva\/osnovan-opstinski-odbor-pozitivne-u-plavu\/#respond"]}]},{"@type":"WebPage","@id":"https:\/\/sandzakpress.net\/arhiva\/osnovan-opstinski-odbor-pozitivne-u-plavu\/","url":"https:\/\/sandzakpress.net\/arhiva\/osnovan-opstinski-odbor-pozitivne-u-plavu\/","name":"Osnovan Op\u0161tinski odbor Pozitivne u Plavu","isPartOf":{"@id":"https:\/\/sandzakpress.net\/arhiva\/#website"},"primaryImageOfPage":{"@id":"https:\/\/sandzakpress.net\/arhiva\/osnovan-opstinski-odbor-pozitivne-u-plavu\/#primaryimage"},"image":{"@id":"https:\/\/sandzakpress.net\/arhiva\/osnovan-opstinski-odbor-pozitivne-u-plavu\/#primaryimage"},"thumbnailUrl":"https:\/\/sandzakpress.net\/arhiva\/wp-content\/uploads\/2015\/02\/PLAV-OO.jpg","datePublished":"2015-02-23T10:39:38+00:00","breadcrumb":{"@id":"https:\/\/sandzakpress.net\/arhiva\/osnovan-opstinski-odbor-pozitivne-u-plavu\/#breadcrumb"},"inLanguage":"bs-BA","potentialAction":[{"@type":"ReadAction","target":["https:\/\/sandzakpress.net\/arhiva\/osnovan-opstinski-odbor-pozitivne-u-plavu\/"]}]},{"@type":"ImageObject","inLanguage":"bs-BA","@id":"https:\/\/sandzakpress.net\/arhiva\/osnovan-opstinski-odbor-pozitivne-u-plavu\/#primaryimage","url":"https:\/\/sandzakpress.net\/arhiva\/wp-content\/uploads\/2015\/02\/PLAV-OO.jpg","contentUrl":"https:\/\/sandzakpress.net\/arhiva\/wp-content\/uploads\/2015\/02\/PLAV-OO.jpg","width":600,"height":272},{"@type":"BreadcrumbList","@id":"https:\/\/sandzakpress.net\/arhiva\/osnovan-opstinski-odbor-pozitivne-u-plavu\/#breadcrumb","itemListElement":[{"@type":"ListItem","position":1,"name":"Home","item":"https:\/\/sandzakpress.net\/arhiva\/"},{"@type":"ListItem","position":2,"name":"Osnovan Op\u0161tinski odbor Pozitivne u Plavu"}]},{"@type":"WebSite","@id":"https:\/\/sandzakpress.net\/arhiva\/#website","url":"https:\/\/sandzakpress.net\/arhiva\/","name":"Sand\u017eak PRESS","description":"Prve elektronske novine u Sand\u017eaku","publisher":{"@id":"https:\/\/sandzakpress.net\/arhiva\/#\/schema\/person\/6e72b67d6e51910a1117b3b483ba20bd"},"potentialAction":[{"@type":"SearchAction","target":{"@type":"EntryPoint","urlTemplate":"https:\/\/sandzakpress.net\/arhiva\/?s={search_term_string}"},"query-input":{"@type":"PropertyValueSpecification","valueRequired":true,"valueName":"search_term_string"}}],"inLanguage":"bs-BA"},{"@type":["Person","Organization"],"@id":"https:\/\/sandzakpress.net\/arhiva\/#\/schema\/person\/6e72b67d6e51910a1117b3b483ba20bd","name":"Kul","image":{"@type":"ImageObject","inLanguage":"bs-BA","@id":"https:\/\/sandzakpress.net\/arhiva\/#\/schema\/person\/image\/","url":"https:\/\/secure.gravatar.com\/avatar\/42263f39aa27ac04c43cab85c280eb2e?s=96&d=mm&r=pg","contentUrl":"https:\/\/secure.gravatar.com\/avatar\/42263f39aa27ac04c43cab85c280eb2e?s=96&d=mm&r=pg","caption":"Kul"},"logo":{"@id":"https:\/\/sandzakpress.net\/arhiva\/#\/schema\/person\/image\/"}},{"@type":"Person","@id":"https:\/\/sandzakpress.net\/arhiva\/#\/schema\/person\/c8baee722073534b583ea7bdb2e36c02","name":"bosniak","image":{"@type":"ImageObject","inLanguage":"bs-BA","@id":"https:\/\/sandzakpress.net\/arhiva\/#\/schema\/person\/image\/","url":"https:\/\/secure.gravatar.com\/avatar\/a04fd330bfe3a36a72a0ad4a6d89fca7?s=96&d=mm&r=pg","contentUrl":"https:\/\/secure.gravatar.com\/avatar\/a04fd330bfe3a36a72a0ad4a6d89fca7?s=96&d=mm&r=pg","caption":"bosniak"},"url":"https:\/\/sandzakpress.net\/arhiva\/author\/bosniak\/"}]}},"_links":{"self":[{"href":"https:\/\/sandzakpress.net\/arhiva\/wp-json\/wp\/v2\/posts\/123216"}],"collection":[{"href":"https:\/\/sandzakpress.net\/arhiva\/wp-json\/wp\/v2\/posts"}],"about":[{"href":"https:\/\/sandzakpress.net\/arhiva\/wp-json\/wp\/v2\/types\/post"}],"author":[{"embeddable":true,"href":"https:\/\/sandzakpress.net\/arhiva\/wp-json\/wp\/v2\/users\/83"}],"replies":[{"embeddable":true,"href":"https:\/\/sandzakpress.net\/arhiva\/wp-json\/wp\/v2\/comments?post=123216"}],"version-history":[{"count":0,"href":"https:\/\/sandzakpress.net\/arhiva\/wp-json\/wp\/v2\/posts\/123216\/revisions"}],"wp:featuredmedia":[{"embeddable":true,"href":"https:\/\/sandzakpress.net\/arhiva\/wp-json\/wp\/v2\/media\/123217"}],"wp:attachment":[{"href":"https:\/\/sandzakpress.net\/arhiva\/wp-json\/wp\/v2\/media?parent=123216"}],"wp:term":[{"taxonomy":"category","embeddable":true,"href":"https:\/\/sandzakpress.net\/arhiva\/wp-json\/wp\/v2\/categories?post=123216"},{"taxonomy":"post_tag","embeddable":true,"href":"https:\/\/sandzakpress.net\/arhiva\/wp-json\/wp\/v2\/tags?post=123216"}],"curies":[{"name":"wp","href":"https:\/\/api.w.org\/{rel}","templated":true}]}}