{"id":123128,"date":"2015-02-21T17:29:49","date_gmt":"2015-02-21T16:29:49","guid":{"rendered":"https:\/\/sandzakpress.net\/arhiva\/?p=123128"},"modified":"2015-02-21T17:29:49","modified_gmt":"2015-02-21T16:29:49","slug":"privodenja-na-protestu-protiv-veterana","status":"publish","type":"post","link":"https:\/\/sandzakpress.net\/arhiva\/privodenja-na-protestu-protiv-veterana\/","title":{"rendered":"Privo\u0111enja na protestu protiv veterana"},"content":{"rendered":"<p><strong>Hrvatska &#8211; Zagreba\u010dka policija zaustavila protestnu \u0161etnju protiv veterana koji mjesecima borave pred Ministarstvom branitelja.<\/strong><\/p>\n<div class=\"youtube-embed\" data-video_id=\"-tFqsneLcZQ\"><iframe loading=\"lazy\" title=\"Mlinari\u0107 o protestu protiv protesta veterna u Zagrebu\" width=\"696\" height=\"392\" src=\"https:\/\/www.youtube.com\/embed\/-tFqsneLcZQ?feature=oembed&#038;enablejsapi=1\" frameborder=\"0\" allow=\"accelerometer; autoplay; encrypted-media; gyroscope; picture-in-picture\" allowfullscreen><\/iframe><\/div>\n<p>Blizu 200 gra\u0111ana okupilo se u Zagrebu na prosvjedu protiv dijela hrvatskih vojnih veterana, koji ve\u0107 \u010detiri mjeseca borave u \u0161atoru ispred Ministarstva branitelja.<\/p>\n<p>Prosvjednu \u0161etnju je zaustavila policija. Poku\u0161ali su probiti kordon i tri osobe su privedene.<\/p>\n<p>\u0160etnjom pod nazivom &#8220;Stop teroru \u0161atora\u0161a&#8221; veteranima poru\u010duju da ih je izmanipulirala oporbena Hrvatska demokratska zajednica (HDZ) te tra\u017ee od njih da uklone \u0161atore i odu ku\u0107i.<\/p>\n<p><strong>Policijski kordon<\/strong><\/p>\n<p>Ina\u010de, dio hrvatskih veterana prosvjeduje tra\u017ee\u0107i smjenu \u010delnih ljudi Ministarstva te zahtijevaju da Zakon o braniteljima postane ustavan.<\/p>\n<p>Reporterka Al Jazeere Ana Mlinari\u0107 javlja da je prosvjednike zaustavio policijski kordon.<\/p>\n<p>Nakon 20 minuta uputili su se u suprotnom smjeru od mjesta gdje prosvjeduje dio veterana, jer su, pretpostavlja se, preko naselja htjeli do\u0107i do \u0161atora.<br \/>\nNa\u0161a reporterka javlja da su se prosvjednici kretali Vukovarskom ulicom, a nakon \u0161to su privedeni prosvjednici koji su poku\u0161ali probiti policijski kordon, ostali su krenuli su prema sredi\u0161tu grada.<\/p>\n<p>(Al Jazeera)<\/p>\n","protected":false},"excerpt":{"rendered":"<p>Hrvatska &#8211; Zagreba\u010dka policija zaustavila protestnu \u0161etnju protiv veterana koji mjesecima borave pred Ministarstvom branitelja. Blizu 200 gra\u0111ana okupilo se u Zagrebu na prosvjedu protiv dijela hrvatskih vojnih veterana, koji ve\u0107 \u010detiri mjeseca borave u \u0161atoru ispred Ministarstva branitelja. Prosvjednu \u0161etnju je zaustavila policija. Poku\u0161ali su probiti kordon i tri osobe su privedene. \u0160etnjom pod [&hellip;]<\/p>\n","protected":false},"author":509,"featured_media":123129,"comment_status":"open","ping_status":"open","sticky":false,"template":"","format":"standard","meta":{"footnotes":""},"categories":[1,10306,798],"tags":[],"class_list":{"0":"post-123128","1":"post","2":"type-post","3":"status-publish","4":"format-standard","5":"has-post-thumbnail","7":"category-politika","8":"category-hrvatska","9":"category-teme"},"yoast_head":"<!-- This site is optimized with the Yoast SEO Premium plugin v23.1 (Yoast SEO v24.9) - https:\/\/yoast.com\/wordpress\/plugins\/seo\/ -->\n<title>Privo\u0111enja na protestu protiv veterana<\/title>\n<meta name=\"robots\" content=\"index, follow, max-snippet:-1, max-image-preview:large, max-video-preview:-1\" \/>\n<link rel=\"canonical\" href=\"https:\/\/sandzakpress.net\/arhiva\/privodenja-na-protestu-protiv-veterana\/\" \/>\n<meta property=\"og:locale\" content=\"bs_BA\" \/>\n<meta property=\"og:type\" content=\"article\" \/>\n<meta property=\"og:title\" content=\"Privo\u0111enja na protestu protiv veterana\" \/>\n<meta property=\"og:description\" content=\"Hrvatska &#8211; Zagreba\u010dka policija zaustavila protestnu \u0161etnju protiv veterana koji mjesecima borave pred Ministarstvom branitelja. Blizu 200 gra\u0111ana okupilo se u Zagrebu na prosvjedu protiv dijela hrvatskih vojnih veterana, koji ve\u0107 \u010detiri mjeseca borave u \u0161atoru ispred Ministarstva branitelja. Prosvjednu \u0161etnju je zaustavila policija. Poku\u0161ali su probiti kordon i tri osobe su privedene. \u0160etnjom pod [&hellip;]\" \/>\n<meta property=\"og:url\" content=\"https:\/\/sandzakpress.net\/arhiva\/privodenja-na-protestu-protiv-veterana\/\" \/>\n<meta property=\"og:site_name\" content=\"Sand\u017eak PRESS\" \/>\n<meta property=\"article:published_time\" content=\"2015-02-21T16:29:49+00:00\" \/>\n<meta property=\"og:image\" content=\"https:\/\/sandzakpress.net\/arhiva\/wp-content\/uploads\/2015\/02\/086.jpg\" \/>\n\t<meta property=\"og:image:width\" content=\"480\" \/>\n\t<meta property=\"og:image:height\" content=\"360\" \/>\n\t<meta property=\"og:image:type\" content=\"image\/jpeg\" \/>\n<meta name=\"author\" content=\"Agencija\" \/>\n<meta name=\"twitter:card\" content=\"summary_large_image\" \/>\n<meta name=\"twitter:label1\" content=\"Written by\" \/>\n\t<meta name=\"twitter:data1\" content=\"Agencija\" \/>\n\t<meta name=\"twitter:label2\" content=\"Est. reading time\" \/>\n\t<meta name=\"twitter:data2\" content=\"1 minuta\" \/>\n<script type=\"application\/ld+json\" class=\"yoast-schema-graph\">{\"@context\":\"https:\/\/schema.org\",\"@graph\":[{\"@type\":\"Article\",\"@id\":\"https:\/\/sandzakpress.net\/arhiva\/privodenja-na-protestu-protiv-veterana\/#article\",\"isPartOf\":{\"@id\":\"https:\/\/sandzakpress.net\/arhiva\/privodenja-na-protestu-protiv-veterana\/\"},\"author\":{\"name\":\"Agencija\",\"@id\":\"https:\/\/sandzakpress.net\/arhiva\/#\/schema\/person\/cb59d7e3ab91ab90dd680ad0305a6185\"},\"headline\":\"Privo\u0111enja na protestu protiv veterana\",\"datePublished\":\"2015-02-21T16:29:49+00:00\",\"mainEntityOfPage\":{\"@id\":\"https:\/\/sandzakpress.net\/arhiva\/privodenja-na-protestu-protiv-veterana\/\"},\"wordCount\":193,\"commentCount\":0,\"publisher\":{\"@id\":\"https:\/\/sandzakpress.net\/arhiva\/#\/schema\/person\/6e72b67d6e51910a1117b3b483ba20bd\"},\"image\":{\"@id\":\"https:\/\/sandzakpress.net\/arhiva\/privodenja-na-protestu-protiv-veterana\/#primaryimage\"},\"thumbnailUrl\":\"https:\/\/sandzakpress.net\/arhiva\/wp-content\/uploads\/2015\/02\/086.jpg\",\"articleSection\":[\"Politika\",\"Hrvatska\",\"NAJNOVIJE\"],\"inLanguage\":\"bs-BA\",\"potentialAction\":[{\"@type\":\"CommentAction\",\"name\":\"Comment\",\"target\":[\"https:\/\/sandzakpress.net\/arhiva\/privodenja-na-protestu-protiv-veterana\/#respond\"]}]},{\"@type\":\"WebPage\",\"@id\":\"https:\/\/sandzakpress.net\/arhiva\/privodenja-na-protestu-protiv-veterana\/\",\"url\":\"https:\/\/sandzakpress.net\/arhiva\/privodenja-na-protestu-protiv-veterana\/\",\"name\":\"Privo\u0111enja na protestu protiv veterana\",\"isPartOf\":{\"@id\":\"https:\/\/sandzakpress.net\/arhiva\/#website\"},\"primaryImageOfPage\":{\"@id\":\"https:\/\/sandzakpress.net\/arhiva\/privodenja-na-protestu-protiv-veterana\/#primaryimage\"},\"image\":{\"@id\":\"https:\/\/sandzakpress.net\/arhiva\/privodenja-na-protestu-protiv-veterana\/#primaryimage\"},\"thumbnailUrl\":\"https:\/\/sandzakpress.net\/arhiva\/wp-content\/uploads\/2015\/02\/086.jpg\",\"datePublished\":\"2015-02-21T16:29:49+00:00\",\"breadcrumb\":{\"@id\":\"https:\/\/sandzakpress.net\/arhiva\/privodenja-na-protestu-protiv-veterana\/#breadcrumb\"},\"inLanguage\":\"bs-BA\",\"potentialAction\":[{\"@type\":\"ReadAction\",\"target\":[\"https:\/\/sandzakpress.net\/arhiva\/privodenja-na-protestu-protiv-veterana\/\"]}]},{\"@type\":\"ImageObject\",\"inLanguage\":\"bs-BA\",\"@id\":\"https:\/\/sandzakpress.net\/arhiva\/privodenja-na-protestu-protiv-veterana\/#primaryimage\",\"url\":\"https:\/\/sandzakpress.net\/arhiva\/wp-content\/uploads\/2015\/02\/086.jpg\",\"contentUrl\":\"https:\/\/sandzakpress.net\/arhiva\/wp-content\/uploads\/2015\/02\/086.jpg\",\"width\":480,\"height\":360},{\"@type\":\"BreadcrumbList\",\"@id\":\"https:\/\/sandzakpress.net\/arhiva\/privodenja-na-protestu-protiv-veterana\/#breadcrumb\",\"itemListElement\":[{\"@type\":\"ListItem\",\"position\":1,\"name\":\"Home\",\"item\":\"https:\/\/sandzakpress.net\/arhiva\/\"},{\"@type\":\"ListItem\",\"position\":2,\"name\":\"Privo\u0111enja na protestu protiv veterana\"}]},{\"@type\":\"WebSite\",\"@id\":\"https:\/\/sandzakpress.net\/arhiva\/#website\",\"url\":\"https:\/\/sandzakpress.net\/arhiva\/\",\"name\":\"Sand\u017eak PRESS\",\"description\":\"Prve elektronske novine u Sand\u017eaku\",\"publisher\":{\"@id\":\"https:\/\/sandzakpress.net\/arhiva\/#\/schema\/person\/6e72b67d6e51910a1117b3b483ba20bd\"},\"potentialAction\":[{\"@type\":\"SearchAction\",\"target\":{\"@type\":\"EntryPoint\",\"urlTemplate\":\"https:\/\/sandzakpress.net\/arhiva\/?s={search_term_string}\"},\"query-input\":{\"@type\":\"PropertyValueSpecification\",\"valueRequired\":true,\"valueName\":\"search_term_string\"}}],\"inLanguage\":\"bs-BA\"},{\"@type\":[\"Person\",\"Organization\"],\"@id\":\"https:\/\/sandzakpress.net\/arhiva\/#\/schema\/person\/6e72b67d6e51910a1117b3b483ba20bd\",\"name\":\"Kul\",\"image\":{\"@type\":\"ImageObject\",\"inLanguage\":\"bs-BA\",\"@id\":\"https:\/\/sandzakpress.net\/arhiva\/#\/schema\/person\/image\/\",\"url\":\"https:\/\/secure.gravatar.com\/avatar\/42263f39aa27ac04c43cab85c280eb2e?s=96&d=mm&r=pg\",\"contentUrl\":\"https:\/\/secure.gravatar.com\/avatar\/42263f39aa27ac04c43cab85c280eb2e?s=96&d=mm&r=pg\",\"caption\":\"Kul\"},\"logo\":{\"@id\":\"https:\/\/sandzakpress.net\/arhiva\/#\/schema\/person\/image\/\"}},{\"@type\":\"Person\",\"@id\":\"https:\/\/sandzakpress.net\/arhiva\/#\/schema\/person\/cb59d7e3ab91ab90dd680ad0305a6185\",\"name\":\"Agencija\",\"image\":{\"@type\":\"ImageObject\",\"inLanguage\":\"bs-BA\",\"@id\":\"https:\/\/sandzakpress.net\/arhiva\/#\/schema\/person\/image\/\",\"url\":\"https:\/\/secure.gravatar.com\/avatar\/4b7fafa80a22f0c2afe23966b3961fe0?s=96&d=mm&r=pg\",\"contentUrl\":\"https:\/\/secure.gravatar.com\/avatar\/4b7fafa80a22f0c2afe23966b3961fe0?s=96&d=mm&r=pg\",\"caption\":\"Agencija\"},\"url\":\"https:\/\/sandzakpress.net\/arhiva\/author\/agencija\/\"}]}<\/script>\n<!-- \/ Yoast SEO Premium plugin. -->","yoast_head_json":{"title":"Privo\u0111enja na protestu protiv veterana","robots":{"index":"index","follow":"follow","max-snippet":"max-snippet:-1","max-image-preview":"max-image-preview:large","max-video-preview":"max-video-preview:-1"},"canonical":"https:\/\/sandzakpress.net\/arhiva\/privodenja-na-protestu-protiv-veterana\/","og_locale":"bs_BA","og_type":"article","og_title":"Privo\u0111enja na protestu protiv veterana","og_description":"Hrvatska &#8211; Zagreba\u010dka policija zaustavila protestnu \u0161etnju protiv veterana koji mjesecima borave pred Ministarstvom branitelja. Blizu 200 gra\u0111ana okupilo se u Zagrebu na prosvjedu protiv dijela hrvatskih vojnih veterana, koji ve\u0107 \u010detiri mjeseca borave u \u0161atoru ispred Ministarstva branitelja. Prosvjednu \u0161etnju je zaustavila policija. Poku\u0161ali su probiti kordon i tri osobe su privedene. \u0160etnjom pod [&hellip;]","og_url":"https:\/\/sandzakpress.net\/arhiva\/privodenja-na-protestu-protiv-veterana\/","og_site_name":"Sand\u017eak PRESS","article_published_time":"2015-02-21T16:29:49+00:00","og_image":[{"width":480,"height":360,"url":"https:\/\/sandzakpress.net\/arhiva\/wp-content\/uploads\/2015\/02\/086.jpg","type":"image\/jpeg"}],"author":"Agencija","twitter_card":"summary_large_image","twitter_misc":{"Written by":"Agencija","Est. reading time":"1 minuta"},"schema":{"@context":"https:\/\/schema.org","@graph":[{"@type":"Article","@id":"https:\/\/sandzakpress.net\/arhiva\/privodenja-na-protestu-protiv-veterana\/#article","isPartOf":{"@id":"https:\/\/sandzakpress.net\/arhiva\/privodenja-na-protestu-protiv-veterana\/"},"author":{"name":"Agencija","@id":"https:\/\/sandzakpress.net\/arhiva\/#\/schema\/person\/cb59d7e3ab91ab90dd680ad0305a6185"},"headline":"Privo\u0111enja na protestu protiv veterana","datePublished":"2015-02-21T16:29:49+00:00","mainEntityOfPage":{"@id":"https:\/\/sandzakpress.net\/arhiva\/privodenja-na-protestu-protiv-veterana\/"},"wordCount":193,"commentCount":0,"publisher":{"@id":"https:\/\/sandzakpress.net\/arhiva\/#\/schema\/person\/6e72b67d6e51910a1117b3b483ba20bd"},"image":{"@id":"https:\/\/sandzakpress.net\/arhiva\/privodenja-na-protestu-protiv-veterana\/#primaryimage"},"thumbnailUrl":"https:\/\/sandzakpress.net\/arhiva\/wp-content\/uploads\/2015\/02\/086.jpg","articleSection":["Politika","Hrvatska","NAJNOVIJE"],"inLanguage":"bs-BA","potentialAction":[{"@type":"CommentAction","name":"Comment","target":["https:\/\/sandzakpress.net\/arhiva\/privodenja-na-protestu-protiv-veterana\/#respond"]}]},{"@type":"WebPage","@id":"https:\/\/sandzakpress.net\/arhiva\/privodenja-na-protestu-protiv-veterana\/","url":"https:\/\/sandzakpress.net\/arhiva\/privodenja-na-protestu-protiv-veterana\/","name":"Privo\u0111enja na protestu protiv veterana","isPartOf":{"@id":"https:\/\/sandzakpress.net\/arhiva\/#website"},"primaryImageOfPage":{"@id":"https:\/\/sandzakpress.net\/arhiva\/privodenja-na-protestu-protiv-veterana\/#primaryimage"},"image":{"@id":"https:\/\/sandzakpress.net\/arhiva\/privodenja-na-protestu-protiv-veterana\/#primaryimage"},"thumbnailUrl":"https:\/\/sandzakpress.net\/arhiva\/wp-content\/uploads\/2015\/02\/086.jpg","datePublished":"2015-02-21T16:29:49+00:00","breadcrumb":{"@id":"https:\/\/sandzakpress.net\/arhiva\/privodenja-na-protestu-protiv-veterana\/#breadcrumb"},"inLanguage":"bs-BA","potentialAction":[{"@type":"ReadAction","target":["https:\/\/sandzakpress.net\/arhiva\/privodenja-na-protestu-protiv-veterana\/"]}]},{"@type":"ImageObject","inLanguage":"bs-BA","@id":"https:\/\/sandzakpress.net\/arhiva\/privodenja-na-protestu-protiv-veterana\/#primaryimage","url":"https:\/\/sandzakpress.net\/arhiva\/wp-content\/uploads\/2015\/02\/086.jpg","contentUrl":"https:\/\/sandzakpress.net\/arhiva\/wp-content\/uploads\/2015\/02\/086.jpg","width":480,"height":360},{"@type":"BreadcrumbList","@id":"https:\/\/sandzakpress.net\/arhiva\/privodenja-na-protestu-protiv-veterana\/#breadcrumb","itemListElement":[{"@type":"ListItem","position":1,"name":"Home","item":"https:\/\/sandzakpress.net\/arhiva\/"},{"@type":"ListItem","position":2,"name":"Privo\u0111enja na protestu protiv veterana"}]},{"@type":"WebSite","@id":"https:\/\/sandzakpress.net\/arhiva\/#website","url":"https:\/\/sandzakpress.net\/arhiva\/","name":"Sand\u017eak PRESS","description":"Prve elektronske novine u Sand\u017eaku","publisher":{"@id":"https:\/\/sandzakpress.net\/arhiva\/#\/schema\/person\/6e72b67d6e51910a1117b3b483ba20bd"},"potentialAction":[{"@type":"SearchAction","target":{"@type":"EntryPoint","urlTemplate":"https:\/\/sandzakpress.net\/arhiva\/?s={search_term_string}"},"query-input":{"@type":"PropertyValueSpecification","valueRequired":true,"valueName":"search_term_string"}}],"inLanguage":"bs-BA"},{"@type":["Person","Organization"],"@id":"https:\/\/sandzakpress.net\/arhiva\/#\/schema\/person\/6e72b67d6e51910a1117b3b483ba20bd","name":"Kul","image":{"@type":"ImageObject","inLanguage":"bs-BA","@id":"https:\/\/sandzakpress.net\/arhiva\/#\/schema\/person\/image\/","url":"https:\/\/secure.gravatar.com\/avatar\/42263f39aa27ac04c43cab85c280eb2e?s=96&d=mm&r=pg","contentUrl":"https:\/\/secure.gravatar.com\/avatar\/42263f39aa27ac04c43cab85c280eb2e?s=96&d=mm&r=pg","caption":"Kul"},"logo":{"@id":"https:\/\/sandzakpress.net\/arhiva\/#\/schema\/person\/image\/"}},{"@type":"Person","@id":"https:\/\/sandzakpress.net\/arhiva\/#\/schema\/person\/cb59d7e3ab91ab90dd680ad0305a6185","name":"Agencija","image":{"@type":"ImageObject","inLanguage":"bs-BA","@id":"https:\/\/sandzakpress.net\/arhiva\/#\/schema\/person\/image\/","url":"https:\/\/secure.gravatar.com\/avatar\/4b7fafa80a22f0c2afe23966b3961fe0?s=96&d=mm&r=pg","contentUrl":"https:\/\/secure.gravatar.com\/avatar\/4b7fafa80a22f0c2afe23966b3961fe0?s=96&d=mm&r=pg","caption":"Agencija"},"url":"https:\/\/sandzakpress.net\/arhiva\/author\/agencija\/"}]}},"_links":{"self":[{"href":"https:\/\/sandzakpress.net\/arhiva\/wp-json\/wp\/v2\/posts\/123128"}],"collection":[{"href":"https:\/\/sandzakpress.net\/arhiva\/wp-json\/wp\/v2\/posts"}],"about":[{"href":"https:\/\/sandzakpress.net\/arhiva\/wp-json\/wp\/v2\/types\/post"}],"author":[{"embeddable":true,"href":"https:\/\/sandzakpress.net\/arhiva\/wp-json\/wp\/v2\/users\/509"}],"replies":[{"embeddable":true,"href":"https:\/\/sandzakpress.net\/arhiva\/wp-json\/wp\/v2\/comments?post=123128"}],"version-history":[{"count":0,"href":"https:\/\/sandzakpress.net\/arhiva\/wp-json\/wp\/v2\/posts\/123128\/revisions"}],"wp:featuredmedia":[{"embeddable":true,"href":"https:\/\/sandzakpress.net\/arhiva\/wp-json\/wp\/v2\/media\/123129"}],"wp:attachment":[{"href":"https:\/\/sandzakpress.net\/arhiva\/wp-json\/wp\/v2\/media?parent=123128"}],"wp:term":[{"taxonomy":"category","embeddable":true,"href":"https:\/\/sandzakpress.net\/arhiva\/wp-json\/wp\/v2\/categories?post=123128"},{"taxonomy":"post_tag","embeddable":true,"href":"https:\/\/sandzakpress.net\/arhiva\/wp-json\/wp\/v2\/tags?post=123128"}],"curies":[{"name":"wp","href":"https:\/\/api.w.org\/{rel}","templated":true}]}}