{"id":122992,"date":"2015-02-20T09:36:15","date_gmt":"2015-02-20T08:36:15","guid":{"rendered":"https:\/\/sandzakpress.net\/arhiva\/?p=122992"},"modified":"2015-02-20T09:36:15","modified_gmt":"2015-02-20T08:36:15","slug":"bajrakli-dzamija-seher-prizrena","status":"publish","type":"post","link":"https:\/\/sandzakpress.net\/arhiva\/bajrakli-dzamija-seher-prizrena\/","title":{"rendered":"Bajrakli  d\u017eamija \u0161eher Prizrena"},"content":{"rendered":"<p><img loading=\"lazy\" decoding=\"async\" src=\"https:\/\/sandzakpress.net\/arhiva\/wp-content\/uploads\/2015\/02\/N73-005.jpg\" alt=\"N73-005\" width=\"600\" height=\"348\" class=\"aligncenter size-full wp-image-122993\" \/>Gazi Mehmed Pa\u0161ina ili Bajrakli d\u017eamija je centralna d\u017eamija grada  Prizrena sa 36 dana\u0161nih postoje\u010dih d\u017eamija u samom gradu. Ona je podignuta 1573\/1574 godine od strane slavnog vojskovo\u0111e Osmanskoga Carstva Gazi Mehmed Pa\u0161e koji je u\u010destovao na mnogobrojnim bojnim poljima  Osmanske Imperije. <\/p>\n<p>Zvanje \u201eGazi- pobjednik\u201c dobio je posle pobjeda na bojnim poljima Gr\u010dke, Hrvatske i Ma\u0111arske. Gazi Mehmed Pa\u0161a pored ostalog za svog \u017eivota ostavio je mnogo vakufskih(fondacijskih) zadu\u017ebina i hajrata(korisna dijela). U gradu Prizrenu pored d\u017eamije podigao je i hamam(javno kupatilo), medresu(srednja vjerska islamska \u0161kola), turbe(mauzolej), mekteb(ni\u017ea vjerska \u0161kola), dershanu(manji amfiteatar) . Turbe je podigao u sklopu d\u017eamije sa \u017eeljom da tu bude ukopan, ali je turbe ostalo prazno, po\u0161to je poginuo na bojnom polju kod Kizanluka 1596 godine, gde je i ukopan, a sada je u turbetu  sme\u0161tena biblioteka sa starim orientalnim rukopisima, u kome se nalazi oko 200 kitaba (knjiga) na arapskom, persijskom i osmanskom(turskom jeziku). Tu se nalazi i rukopis Kur'ana od 1312 godine od posebnog zna\u010daja. Gazi Mehmed Pa\u0161ina medresa je najstarija medresa ne samo Prizrena, nego i Kosova, koja je bila aktivna radom sve do 1947 godine kada je i ukinuta od strane komunisti\u010dkih vlasti biv\u0161e Jugoslavije. Gazi Mehmed Pa\u0161a bio je na mnogim istaknutim polo\u017eajima Osmanskoga Carstva. Bio je jedno vreme valija(namesnik) Erzuruma, Nigebola, 1543 godine kra\u010de vreme i Bosanski valija, kao i beglerbeg(vojni komandant) Smedereva. U vreme gradnje Bajrakli d\u017eamije Prizrena bio je na polo\u017eaju sand\u017eakbega(ni\u017eeg namesnika) \u010custendila u Bugarskoj. U Budimu je podigao hamam, konak(preno\u010di\u0161te) i dve tekije(zavije), a u Beogradu je podigao d\u017eamiju i medresu.<\/p>\n<p>            Bajrakli d\u017eamija za muslimane grada Prizrena je od izuzetnog zna\u010daja. U njoj se odr\u017eavaju sva vjeske aktivnosti povodom zna\u010dajnih mubarek (blag) dana, meseca Ramazana, Bajramskih blagdana, pored redovnih pet vakat(vremenskih) namaza(molitve) i d\u017euma namaza petkom, koja se redovno klanjaju od po\u010detka gradnje d\u017eamije 1574 godine sve do dana\u0161nih dana 2015 godine. U narodu je poznata pod imenom Bajrakli d\u017eamija, po\u0161to od prvih dana svoga postojanja, na jarbolu njene vitke munare podizao se vjerski islamski bajrak za vreme mubarek dana i Bajramskih blagdana, tradicija koja se i dan danas nastavlja. Pored ostalog,  prvo se kandilji(svetla) pale na njenoj munari, koja potom slu\u017ei kao znak i ostalim d\u017eamijama za ozna\u010davanje prestanka posta i vrijeme nastanka iftara i ak\u0161am namaza za vreme meseca Ramazana.<\/p>\n<p> U njoj se redovno u\u010di had\u017eijska dova, a  o od Bajrakli d\u017eamije se vr\u0161i ispra\u010daj had\u017eija Prizrena povodom odlaska na Had\u017e svake godine. Tu se i za vreme Ramazana u\u010di redovno mukabela, a tako\u0111e se izvode i vjerski programi povodom mubarek dana od strane u\u010denika medresa i imama Prizrena u organizaciji  Odbora Islamske Zajednice Prizrena.<br \/>\n              Iznad ulazne kapije d\u017eamije stoji natpis na kome pored ostalog na osmanskom(turskom) jeziku stoji\u00bb da je podignuta ova d\u017eamije 981 godine po hid\u017eri, od strane Gazi Mehmed Pa\u0161e, koji nije podigo ovu d\u017eamiju za \u0161uhret (lepotu), nego za ime Boga, da slu\u017ei \u0161eher Prizrenu\u00bb. O izgradnji Bajrakli d\u017eamije imamo i dva rivajeta( pri\u010de) kod naroda:<\/p>\n<p>I rivajet(pri\u010da): \u201c Za vreme izgradnje d\u017eamije bilo je puno  radnika koji su radili na izgradnji, ali usled vru\u010dih letnjih dana tokom izgradnje, muku su trpili sa nedostatkom mesta za gusul(kupanje), i potom uzimanja abdesta za klanjanje redovnih pet vakat namaza. Po\u0161to je uvideo ove nedostatke Gazi Mehmed Pa\u0161a je prekinuo izgradnju d\u017eamije, i dao nalog da se prije podigne hamam, pa se tako i pristupilo, i posle izgradnje hamama, mnogo je lak\u0161e tekla i izgradnja d\u017eamije, po\u0161to su sada mladi radnici imali tada i potpune higijenske uslove, tokom gradnje\u201c.<\/p>\n<p>II rivajet(pri\u010da): \u201ePrije gradnje d\u017eamije Gazi Mehmed Pa\u0161a je u njenoj avliji(dvori\u0161tu) ukopao prigodan deo nakita i zlata, koji bi slu\u017eio za izuzetne prilike povodom vremeskih nepogoda, rata, zemljotresa koji bi pogodili d\u017eamiju. Tako da je jednom prilikom nastradala prili\u010dno d\u017eamija usled munja i grmljavina, i da joj munare sru\u0161eno, tako da je jednon redovnom vjerniku koji je klanjao pet vakat namaza u Bajrakli d\u017eamiju, sanjao tri no\u0107i redom, da u odre\u0111enoj lokaciji u sklopu dvori\u0161ta d\u017eamije nalazi se zatrpano i sakriveno zlato. Svoj san je ispri\u010dao imamu d\u017eamije, i on je sa ostalim d\u017eematlijama pristupio iskopavanju te lokacije, i tu su prona\u0161li sakriveno zlato, i sa njime renovirali i obnovili ponovo pogo\u0111enu Bajrakli d\u017eamiju\u201c.<\/p>\n<p>                Bajrakli d\u017eamija prostire se na ukupnoj povr\u0161ini od 1.907m2, od toga unutra\u0161njost d\u017eamije zauzima 771m2 i prostranog dvori\u0161ta od 1.136m2, za vreme klanjanja Bajramskih namaza mo\u017ee primiti do 1000 musalija (klanja\u010da). Ima jedno centralno kube(kupola), u kojim su redom nanizani \u010dupci koji proizvode prirodnu akustiku d\u017eamije. Ukupno u unutra\u0161njosti d\u017eamije ima  27 prozora razli\u010ditih dimenzija,  jedna ulazna kapija(vrata), dok u haremu (dvori\u0161tu) d\u017eamije ima 2 kapije(vrata), prednja i zadnja . Mihrab(mesto sa kojeg imam predvodi zajedni\u010dki  farz namaz(molitvu), i mimber(mesto na kojem imam odr\u017eava hutbu(propovjed) za vreme namaza d\u017eume(petkom) i Bajrama) d\u017eamije su izra\u0111eni od  posebne vrste materijala, nalik mekog mermera.Iznad mimbera stoji jedna veoma lepa levha (ram sa kaligrafijom, rukopisom na arapskom jeziku), sa natpisom \u201eBismilahirrrahmarirrahim\u201c( U ime Allaha,Milostivog, Samilosnog). <\/p>\n<p>\u010curs (katedra na kojim imam(hod\u017ea) odr\u017eava verska predavanja prije d\u017eume i Bajram namaza) je izra\u0111en od drveta, rad neumornog neimara ha\u0111i Ramadana Re\u0111eplarija. Mahfil (\u010dardak)  je izgra\u0111en od vrste drveta dugotrajnog i lijepog raspona.Unutar d\u017eamije postoje i dva velika sata od osmanskoga doba, i jedan sat novijek doba nalik na one stare. Pored toga na unutarnjim zidovima d\u017eamije stoje i 8 karakterist\u010dne levhe sa kaligrafijom (ram sa arapskom rukopisom)  koji se po tradiciji nalaze u mnogim d\u017eamijama \u0161irom islamskog svijeta. S'desne i leve strane nalaze se dve posebne prostorije u kojima za vreme Ramazana klanjaju uglavnom \u017eene muslimanke.<\/p>\n<p>Godine 1993-1994 pod vo\u0111stvom imama Bajrakli d\u017eamije Reshat ef. Me\u0111itija u kordinaciji sa Odborom Islamske Zajednice Prizrena i besprekorne pomo\u010di d\u017eematlija Prizrena izvr\u0161ena je kompletna sanacija i renovirana potpuna Bajrakli d\u017eamija i danas mo\u017eemo slobodno re\u010di da celokupan kompleks Gazi Mehmed Pa\u0161ine- Bajrakli d\u017eamije sa haremom, medresom, bibliotekom, turbetom, dershanom i zgradom Odbora Islamske Zajednice  ili Vakufa Prizrena, slu\u017ei kao\u201cper exellens\u201c ili primer najure\u0111ene i najlep\u0161e d\u017eamije ne samo Prizrena nego i Kosova. Slobodno mogu je uporediti  sa kompleksom Gazi Husrevbegove d\u017eamije u Sarajevu. Kad smo kod kompleksa ne mogu a da ne napomenem i 9 postoje\u010dih \u00e7e\u0161mi u haremu d\u017eamije koja teku dano\u00e7no, i koja su sve do izvesnog vremena imali svoj poseban dovod vode jo\u0161 od  gradnje d\u017eamije, koja je sada na\u017ealost jo\u0161 od prije rata ukinuta i uklju\u010dena u gradski vodovod, tako da  kad  se pre de\u0161avala neka havarija ili kvar na gradskom vodovodu, cijeli se grad Prizrena snadbevao sa vodom od ovih 9 \u010desma u sklopu harema Bajrakli d\u017eamije , sve dotle se otklanjao kvar na gradskom vodovodu.<br \/>\n           Pored toga Bajrakli d\u017eamija ima i svoj istorijski  zna\u010daj za albanski narod ,  tako da grad Prizren sa kompleksom Prizrense Lige, je nalik na \u00abMeku\u00bb za albanski narod u celini, po\u0161to su tu na\u010deti temelji  preporoda i nacionalno osve\u0161\u010denje Albanaca koja je kasnije 1912 godine, prilikom pada Osmanske Imperije, krunisana i progla\u0161enjem nezavisnosti Albanije. Trebam napomenuti da je zna\u010daj Prizrenske Lige dalekose\u017ean, sabor je odr\u017ean kao odgovor na odluke  Berlinskog Kongresa koji je priznao nezavisnost Crne Gore i Srbije i pripajanje Bosne i Herecegovine Austrougarskoj Imperiji. Pro\u0161irenje granica Crne Gore, Srbije, Bugraske i Gr\u010dke i\u0161lo je na u\u0161trb prekrajanja delova Osmanske Imperije koja su bila nastanjena vekovima sa albanskim  stanovni\u0161tvom u ve\u010dini, kao i turskom, srpskom, bo\u0161nja\u010dkom, i romskom stanovni\u0161tvom  u manjini.<br \/>\n12 juna 2007 godine, usled proslava dana Prizrenske Lige, Islamska Zajednica Kosova sa njenim muftijom na \u010delu Naim ef. Ternavom, oktrili su spomen plo\u010du na ulazu u Bajrakli d\u017eamije, sa natpisom na slede\u010dim jezicima: albanskom, turskom, bosanskom, srpskom i engleskom, u kome stoji:<br \/>\n\u00abU ovoj d\u017eamiji je odr\u017ean Sabor Prizrenske Lige 10 juna 1878 godine\u00bb.<br \/>\n           Ima se jo\u0161 puno \u0161ta re\u010di i napisati o Bajrakli d\u017eamiji, ali usled karaktera teksta, to su samo neki akcenti o Gazi Mehmed Pa\u0161inoj d\u017eamiji ili u narodu poznate pod imenom Bajrakli d\u017eamije.<\/p>\n<p>                                Upotrebljena literatura:<\/p>\n<p>1.\tV\u0131rmi\u00e7a, Raif \u201cPrizren camileri\u201d, Prizren, 1996<br \/>\n2.\tMiftari, Faik \u201cPak\u00ebs drit\u00eb p\u00ebr Kosov\u00ebn\u201d, Prizren, 2001<\/p>\n<p>Faik Miftari<\/p>\n","protected":false},"excerpt":{"rendered":"<p>Faik Miftari<\/p>\n","protected":false},"author":83,"featured_media":122993,"comment_status":"open","ping_status":"open","sticky":false,"template":"","format":"standard","meta":{"footnotes":""},"categories":[10196],"tags":[],"class_list":{"0":"post-122992","1":"post","2":"type-post","3":"status-publish","4":"format-standard","5":"has-post-thumbnail","7":"category-iz-pera-nasih-autora"},"yoast_head":"<!-- This site is optimized with the Yoast SEO Premium plugin v23.1 (Yoast SEO v24.9) - https:\/\/yoast.com\/wordpress\/plugins\/seo\/ -->\n<title>Bajrakli d\u017eamija \u0161eher Prizrena<\/title>\n<meta name=\"robots\" content=\"index, follow, max-snippet:-1, max-image-preview:large, max-video-preview:-1\" \/>\n<link rel=\"canonical\" href=\"https:\/\/sandzakpress.net\/arhiva\/bajrakli-dzamija-seher-prizrena\/\" \/>\n<meta property=\"og:locale\" content=\"bs_BA\" \/>\n<meta property=\"og:type\" content=\"article\" \/>\n<meta property=\"og:title\" content=\"Bajrakli d\u017eamija \u0161eher Prizrena\" \/>\n<meta property=\"og:description\" content=\"Faik Miftari\" \/>\n<meta property=\"og:url\" content=\"https:\/\/sandzakpress.net\/arhiva\/bajrakli-dzamija-seher-prizrena\/\" \/>\n<meta property=\"og:site_name\" content=\"Sand\u017eak PRESS\" \/>\n<meta property=\"article:published_time\" content=\"2015-02-20T08:36:15+00:00\" \/>\n<meta property=\"og:image\" content=\"https:\/\/sandzakpress.net\/arhiva\/wp-content\/uploads\/2015\/02\/N73-005.jpg\" \/>\n\t<meta property=\"og:image:width\" content=\"600\" \/>\n\t<meta property=\"og:image:height\" content=\"348\" \/>\n\t<meta property=\"og:image:type\" content=\"image\/jpeg\" \/>\n<meta name=\"author\" content=\"bosniak\" \/>\n<meta name=\"twitter:card\" content=\"summary_large_image\" \/>\n<meta name=\"twitter:label1\" content=\"Written by\" \/>\n\t<meta name=\"twitter:data1\" content=\"bosniak\" \/>\n\t<meta name=\"twitter:label2\" content=\"Est. reading time\" \/>\n\t<meta name=\"twitter:data2\" content=\"7 minuta\" \/>\n<script type=\"application\/ld+json\" class=\"yoast-schema-graph\">{\"@context\":\"https:\/\/schema.org\",\"@graph\":[{\"@type\":\"Article\",\"@id\":\"https:\/\/sandzakpress.net\/arhiva\/bajrakli-dzamija-seher-prizrena\/#article\",\"isPartOf\":{\"@id\":\"https:\/\/sandzakpress.net\/arhiva\/bajrakli-dzamija-seher-prizrena\/\"},\"author\":{\"name\":\"bosniak\",\"@id\":\"https:\/\/sandzakpress.net\/arhiva\/#\/schema\/person\/c8baee722073534b583ea7bdb2e36c02\"},\"headline\":\"Bajrakli d\u017eamija \u0161eher Prizrena\",\"datePublished\":\"2015-02-20T08:36:15+00:00\",\"mainEntityOfPage\":{\"@id\":\"https:\/\/sandzakpress.net\/arhiva\/bajrakli-dzamija-seher-prizrena\/\"},\"wordCount\":1502,\"commentCount\":14,\"publisher\":{\"@id\":\"https:\/\/sandzakpress.net\/arhiva\/#\/schema\/person\/6e72b67d6e51910a1117b3b483ba20bd\"},\"image\":{\"@id\":\"https:\/\/sandzakpress.net\/arhiva\/bajrakli-dzamija-seher-prizrena\/#primaryimage\"},\"thumbnailUrl\":\"https:\/\/sandzakpress.net\/arhiva\/wp-content\/uploads\/2015\/02\/N73-005.jpg\",\"articleSection\":[\"Iz pera na\u0161ih autora\"],\"inLanguage\":\"bs-BA\",\"potentialAction\":[{\"@type\":\"CommentAction\",\"name\":\"Comment\",\"target\":[\"https:\/\/sandzakpress.net\/arhiva\/bajrakli-dzamija-seher-prizrena\/#respond\"]}]},{\"@type\":\"WebPage\",\"@id\":\"https:\/\/sandzakpress.net\/arhiva\/bajrakli-dzamija-seher-prizrena\/\",\"url\":\"https:\/\/sandzakpress.net\/arhiva\/bajrakli-dzamija-seher-prizrena\/\",\"name\":\"Bajrakli d\u017eamija \u0161eher Prizrena\",\"isPartOf\":{\"@id\":\"https:\/\/sandzakpress.net\/arhiva\/#website\"},\"primaryImageOfPage\":{\"@id\":\"https:\/\/sandzakpress.net\/arhiva\/bajrakli-dzamija-seher-prizrena\/#primaryimage\"},\"image\":{\"@id\":\"https:\/\/sandzakpress.net\/arhiva\/bajrakli-dzamija-seher-prizrena\/#primaryimage\"},\"thumbnailUrl\":\"https:\/\/sandzakpress.net\/arhiva\/wp-content\/uploads\/2015\/02\/N73-005.jpg\",\"datePublished\":\"2015-02-20T08:36:15+00:00\",\"breadcrumb\":{\"@id\":\"https:\/\/sandzakpress.net\/arhiva\/bajrakli-dzamija-seher-prizrena\/#breadcrumb\"},\"inLanguage\":\"bs-BA\",\"potentialAction\":[{\"@type\":\"ReadAction\",\"target\":[\"https:\/\/sandzakpress.net\/arhiva\/bajrakli-dzamija-seher-prizrena\/\"]}]},{\"@type\":\"ImageObject\",\"inLanguage\":\"bs-BA\",\"@id\":\"https:\/\/sandzakpress.net\/arhiva\/bajrakli-dzamija-seher-prizrena\/#primaryimage\",\"url\":\"https:\/\/sandzakpress.net\/arhiva\/wp-content\/uploads\/2015\/02\/N73-005.jpg\",\"contentUrl\":\"https:\/\/sandzakpress.net\/arhiva\/wp-content\/uploads\/2015\/02\/N73-005.jpg\",\"width\":600,\"height\":348},{\"@type\":\"BreadcrumbList\",\"@id\":\"https:\/\/sandzakpress.net\/arhiva\/bajrakli-dzamija-seher-prizrena\/#breadcrumb\",\"itemListElement\":[{\"@type\":\"ListItem\",\"position\":1,\"name\":\"Home\",\"item\":\"https:\/\/sandzakpress.net\/arhiva\/\"},{\"@type\":\"ListItem\",\"position\":2,\"name\":\"Bajrakli d\u017eamija \u0161eher Prizrena\"}]},{\"@type\":\"WebSite\",\"@id\":\"https:\/\/sandzakpress.net\/arhiva\/#website\",\"url\":\"https:\/\/sandzakpress.net\/arhiva\/\",\"name\":\"Sand\u017eak PRESS\",\"description\":\"Prve elektronske novine u Sand\u017eaku\",\"publisher\":{\"@id\":\"https:\/\/sandzakpress.net\/arhiva\/#\/schema\/person\/6e72b67d6e51910a1117b3b483ba20bd\"},\"potentialAction\":[{\"@type\":\"SearchAction\",\"target\":{\"@type\":\"EntryPoint\",\"urlTemplate\":\"https:\/\/sandzakpress.net\/arhiva\/?s={search_term_string}\"},\"query-input\":{\"@type\":\"PropertyValueSpecification\",\"valueRequired\":true,\"valueName\":\"search_term_string\"}}],\"inLanguage\":\"bs-BA\"},{\"@type\":[\"Person\",\"Organization\"],\"@id\":\"https:\/\/sandzakpress.net\/arhiva\/#\/schema\/person\/6e72b67d6e51910a1117b3b483ba20bd\",\"name\":\"Kul\",\"image\":{\"@type\":\"ImageObject\",\"inLanguage\":\"bs-BA\",\"@id\":\"https:\/\/sandzakpress.net\/arhiva\/#\/schema\/person\/image\/\",\"url\":\"https:\/\/secure.gravatar.com\/avatar\/42263f39aa27ac04c43cab85c280eb2e?s=96&d=mm&r=pg\",\"contentUrl\":\"https:\/\/secure.gravatar.com\/avatar\/42263f39aa27ac04c43cab85c280eb2e?s=96&d=mm&r=pg\",\"caption\":\"Kul\"},\"logo\":{\"@id\":\"https:\/\/sandzakpress.net\/arhiva\/#\/schema\/person\/image\/\"}},{\"@type\":\"Person\",\"@id\":\"https:\/\/sandzakpress.net\/arhiva\/#\/schema\/person\/c8baee722073534b583ea7bdb2e36c02\",\"name\":\"bosniak\",\"image\":{\"@type\":\"ImageObject\",\"inLanguage\":\"bs-BA\",\"@id\":\"https:\/\/sandzakpress.net\/arhiva\/#\/schema\/person\/image\/\",\"url\":\"https:\/\/secure.gravatar.com\/avatar\/a04fd330bfe3a36a72a0ad4a6d89fca7?s=96&d=mm&r=pg\",\"contentUrl\":\"https:\/\/secure.gravatar.com\/avatar\/a04fd330bfe3a36a72a0ad4a6d89fca7?s=96&d=mm&r=pg\",\"caption\":\"bosniak\"},\"url\":\"https:\/\/sandzakpress.net\/arhiva\/author\/bosniak\/\"}]}<\/script>\n<!-- \/ Yoast SEO Premium plugin. -->","yoast_head_json":{"title":"Bajrakli d\u017eamija \u0161eher Prizrena","robots":{"index":"index","follow":"follow","max-snippet":"max-snippet:-1","max-image-preview":"max-image-preview:large","max-video-preview":"max-video-preview:-1"},"canonical":"https:\/\/sandzakpress.net\/arhiva\/bajrakli-dzamija-seher-prizrena\/","og_locale":"bs_BA","og_type":"article","og_title":"Bajrakli d\u017eamija \u0161eher Prizrena","og_description":"Faik Miftari","og_url":"https:\/\/sandzakpress.net\/arhiva\/bajrakli-dzamija-seher-prizrena\/","og_site_name":"Sand\u017eak PRESS","article_published_time":"2015-02-20T08:36:15+00:00","og_image":[{"width":600,"height":348,"url":"https:\/\/sandzakpress.net\/arhiva\/wp-content\/uploads\/2015\/02\/N73-005.jpg","type":"image\/jpeg"}],"author":"bosniak","twitter_card":"summary_large_image","twitter_misc":{"Written by":"bosniak","Est. reading time":"7 minuta"},"schema":{"@context":"https:\/\/schema.org","@graph":[{"@type":"Article","@id":"https:\/\/sandzakpress.net\/arhiva\/bajrakli-dzamija-seher-prizrena\/#article","isPartOf":{"@id":"https:\/\/sandzakpress.net\/arhiva\/bajrakli-dzamija-seher-prizrena\/"},"author":{"name":"bosniak","@id":"https:\/\/sandzakpress.net\/arhiva\/#\/schema\/person\/c8baee722073534b583ea7bdb2e36c02"},"headline":"Bajrakli d\u017eamija \u0161eher Prizrena","datePublished":"2015-02-20T08:36:15+00:00","mainEntityOfPage":{"@id":"https:\/\/sandzakpress.net\/arhiva\/bajrakli-dzamija-seher-prizrena\/"},"wordCount":1502,"commentCount":14,"publisher":{"@id":"https:\/\/sandzakpress.net\/arhiva\/#\/schema\/person\/6e72b67d6e51910a1117b3b483ba20bd"},"image":{"@id":"https:\/\/sandzakpress.net\/arhiva\/bajrakli-dzamija-seher-prizrena\/#primaryimage"},"thumbnailUrl":"https:\/\/sandzakpress.net\/arhiva\/wp-content\/uploads\/2015\/02\/N73-005.jpg","articleSection":["Iz pera na\u0161ih autora"],"inLanguage":"bs-BA","potentialAction":[{"@type":"CommentAction","name":"Comment","target":["https:\/\/sandzakpress.net\/arhiva\/bajrakli-dzamija-seher-prizrena\/#respond"]}]},{"@type":"WebPage","@id":"https:\/\/sandzakpress.net\/arhiva\/bajrakli-dzamija-seher-prizrena\/","url":"https:\/\/sandzakpress.net\/arhiva\/bajrakli-dzamija-seher-prizrena\/","name":"Bajrakli d\u017eamija \u0161eher Prizrena","isPartOf":{"@id":"https:\/\/sandzakpress.net\/arhiva\/#website"},"primaryImageOfPage":{"@id":"https:\/\/sandzakpress.net\/arhiva\/bajrakli-dzamija-seher-prizrena\/#primaryimage"},"image":{"@id":"https:\/\/sandzakpress.net\/arhiva\/bajrakli-dzamija-seher-prizrena\/#primaryimage"},"thumbnailUrl":"https:\/\/sandzakpress.net\/arhiva\/wp-content\/uploads\/2015\/02\/N73-005.jpg","datePublished":"2015-02-20T08:36:15+00:00","breadcrumb":{"@id":"https:\/\/sandzakpress.net\/arhiva\/bajrakli-dzamija-seher-prizrena\/#breadcrumb"},"inLanguage":"bs-BA","potentialAction":[{"@type":"ReadAction","target":["https:\/\/sandzakpress.net\/arhiva\/bajrakli-dzamija-seher-prizrena\/"]}]},{"@type":"ImageObject","inLanguage":"bs-BA","@id":"https:\/\/sandzakpress.net\/arhiva\/bajrakli-dzamija-seher-prizrena\/#primaryimage","url":"https:\/\/sandzakpress.net\/arhiva\/wp-content\/uploads\/2015\/02\/N73-005.jpg","contentUrl":"https:\/\/sandzakpress.net\/arhiva\/wp-content\/uploads\/2015\/02\/N73-005.jpg","width":600,"height":348},{"@type":"BreadcrumbList","@id":"https:\/\/sandzakpress.net\/arhiva\/bajrakli-dzamija-seher-prizrena\/#breadcrumb","itemListElement":[{"@type":"ListItem","position":1,"name":"Home","item":"https:\/\/sandzakpress.net\/arhiva\/"},{"@type":"ListItem","position":2,"name":"Bajrakli d\u017eamija \u0161eher Prizrena"}]},{"@type":"WebSite","@id":"https:\/\/sandzakpress.net\/arhiva\/#website","url":"https:\/\/sandzakpress.net\/arhiva\/","name":"Sand\u017eak PRESS","description":"Prve elektronske novine u Sand\u017eaku","publisher":{"@id":"https:\/\/sandzakpress.net\/arhiva\/#\/schema\/person\/6e72b67d6e51910a1117b3b483ba20bd"},"potentialAction":[{"@type":"SearchAction","target":{"@type":"EntryPoint","urlTemplate":"https:\/\/sandzakpress.net\/arhiva\/?s={search_term_string}"},"query-input":{"@type":"PropertyValueSpecification","valueRequired":true,"valueName":"search_term_string"}}],"inLanguage":"bs-BA"},{"@type":["Person","Organization"],"@id":"https:\/\/sandzakpress.net\/arhiva\/#\/schema\/person\/6e72b67d6e51910a1117b3b483ba20bd","name":"Kul","image":{"@type":"ImageObject","inLanguage":"bs-BA","@id":"https:\/\/sandzakpress.net\/arhiva\/#\/schema\/person\/image\/","url":"https:\/\/secure.gravatar.com\/avatar\/42263f39aa27ac04c43cab85c280eb2e?s=96&d=mm&r=pg","contentUrl":"https:\/\/secure.gravatar.com\/avatar\/42263f39aa27ac04c43cab85c280eb2e?s=96&d=mm&r=pg","caption":"Kul"},"logo":{"@id":"https:\/\/sandzakpress.net\/arhiva\/#\/schema\/person\/image\/"}},{"@type":"Person","@id":"https:\/\/sandzakpress.net\/arhiva\/#\/schema\/person\/c8baee722073534b583ea7bdb2e36c02","name":"bosniak","image":{"@type":"ImageObject","inLanguage":"bs-BA","@id":"https:\/\/sandzakpress.net\/arhiva\/#\/schema\/person\/image\/","url":"https:\/\/secure.gravatar.com\/avatar\/a04fd330bfe3a36a72a0ad4a6d89fca7?s=96&d=mm&r=pg","contentUrl":"https:\/\/secure.gravatar.com\/avatar\/a04fd330bfe3a36a72a0ad4a6d89fca7?s=96&d=mm&r=pg","caption":"bosniak"},"url":"https:\/\/sandzakpress.net\/arhiva\/author\/bosniak\/"}]}},"_links":{"self":[{"href":"https:\/\/sandzakpress.net\/arhiva\/wp-json\/wp\/v2\/posts\/122992"}],"collection":[{"href":"https:\/\/sandzakpress.net\/arhiva\/wp-json\/wp\/v2\/posts"}],"about":[{"href":"https:\/\/sandzakpress.net\/arhiva\/wp-json\/wp\/v2\/types\/post"}],"author":[{"embeddable":true,"href":"https:\/\/sandzakpress.net\/arhiva\/wp-json\/wp\/v2\/users\/83"}],"replies":[{"embeddable":true,"href":"https:\/\/sandzakpress.net\/arhiva\/wp-json\/wp\/v2\/comments?post=122992"}],"version-history":[{"count":0,"href":"https:\/\/sandzakpress.net\/arhiva\/wp-json\/wp\/v2\/posts\/122992\/revisions"}],"wp:featuredmedia":[{"embeddable":true,"href":"https:\/\/sandzakpress.net\/arhiva\/wp-json\/wp\/v2\/media\/122993"}],"wp:attachment":[{"href":"https:\/\/sandzakpress.net\/arhiva\/wp-json\/wp\/v2\/media?parent=122992"}],"wp:term":[{"taxonomy":"category","embeddable":true,"href":"https:\/\/sandzakpress.net\/arhiva\/wp-json\/wp\/v2\/categories?post=122992"},{"taxonomy":"post_tag","embeddable":true,"href":"https:\/\/sandzakpress.net\/arhiva\/wp-json\/wp\/v2\/tags?post=122992"}],"curies":[{"name":"wp","href":"https:\/\/api.w.org\/{rel}","templated":true}]}}