{"id":12289,"date":"2011-02-07T13:18:42","date_gmt":"2011-02-07T12:18:42","guid":{"rendered":"https:\/\/sandzakpress.net\/arhiva\/?p=12289"},"modified":"2011-02-07T15:59:05","modified_gmt":"2011-02-07T14:59:05","slug":"nakon-genocida-i-etnickog-ciscenja-priprema-se-pocrnogorcavanje-bosnjaka","status":"publish","type":"post","link":"https:\/\/sandzakpress.net\/arhiva\/nakon-genocida-i-etnickog-ciscenja-priprema-se-pocrnogorcavanje-bosnjaka\/","title":{"rendered":"Nakon genocida i etni\u010dkog \u010di\u0161\u0107enja &#8211; priprema se POCRNOGOR\u010cAVANJE Bo\u0161njaka!"},"content":{"rendered":"<p><a href=\"https:\/\/sandzakpress.net\/arhiva\/wp-content\/uploads\/2011\/02\/88124_milo33_f.jpg\"><img loading=\"lazy\" decoding=\"async\" class=\"aligncenter size-full wp-image-12290\" title=\"88124_milo33_f\" src=\"https:\/\/sandzakpress.net\/arhiva\/wp-content\/uploads\/2011\/02\/88124_milo33_f.jpg\" alt=\"\" width=\"616\" height=\"285\" \/><\/a><\/p>\n<p><strong>Da u Crnoj Gori ni\u0161ta nije slu\u010dajno i da svako za\u0161to ima i svoje zato uvjerili smo se po ko zna koji put i ovih dana, hefti, mjeseci. Da crnogorski fa\u0161isti\u010dki re\u017eim i dalje po\u010diva na temeljima &#8220;Na\u010dertanija&#8221; i \u010dvrsto stoji na pozicijama Milo\u0161evi\u0107evih genocidnih 90-tih godina pro\u0161log vijeka dobro se dalo vidjeti i na \u201cslu\u010daju Rumija\u201d. <\/strong><\/p>\n<p>Svi oni koji su vjerovali vladaju\u0107em klanu da je Crna Gora sekularna odnosno gra\u0111anska dr\u017eava i garant su\u017eivota razli\u010ditih kultura i vjera nisu morali dugo \u017eivjeti u iluziji. Govor mr\u017enje od strane mitropolita Srpske pravoslavne crkve (SPC) u CG izre\u010den na pravoslavnom bo\u017ei\u0107u (6\/7. januar t.g. i kasnije), i reakcija dr\u017eavnih organa u vidu la\u017ene &#8220;tu\u017ebe&#8221; protiv Rista Radovi\u0107a (Amfilohija), otkriva najprljaviju stranu dobro isplaniranih genocidnih i lu\u0111a\u010dkih ciljeva aktuelnog crnogorskog re\u017eima. Definitivno, Ristov govor mr\u017enje re\u017eim koristi za zastra\u0161ivanje manjinskih naroda i taj strah \u017eeli iskoristiti za predstoje\u0107i popis stanovni\u0161tva koji \u0107e se odr\u017eati od 01. &#8211; 15. aprila 2011. godine. Po\u0161to je popis stanovni\u0161tva 2003., u Crnoj Gori pokazao da je dr\u017eava manjinskih naroda i nacionalnih manjina, time i Crnogorci spadaju u tu istu grupu, tako su \u0111eti\u0107i nekoliko godina nakon popisa, ali i sticanja nezavisnosti CG, uvidjeli da imaju stvarni manjak Crnogoraca, i taj broj pod hitno treba nadokanditi kako bi im se kona\u010dno ostvario \u201eplan i san\u201d kao nosioca dr\u017eavotvornosti. Njima je ispod nivoa da budu jednaki me\u0111u ostalima. Zato raspisuju popis, kako bi natjerali mahom Bo\u0161njake, i manjim dijelom Albance, da se izjasne kao Crnogorci. Vladaju\u0107a koaliciona hunta za takve ciljeve koristi petokolona\u0161e i doma\u0107e izdajnike dva pomenuta naroda. Opet, one koji se nisu prepali i nasjeli na podlu obmanu re\u017eima sada ih nastoje potkupiti novcem. Nude im po nekoliko stotina \u201cnarko eura\u201d po glavi stanovnika da se na popisu izjasne kao Crnogorci. Ova pojava poprima oblike epidemije. Nego \u0161to je naj\u017ealosnije, iz ovog projekta nije po\u0161te\u0111ena ni bo\u0161nja\u010dka dijaspora koju ve\u0107 nekoliko godina \u201ckrste\u201d u crnogorsku \u2013 od Luxemburga, Holandije, preko Njema\u010dke, New Yorka&#8230; Koje li ironije i drskosti! Onomad, ju\u010der, pa i danas &#8211; ubijali su i proganjali Bo\u0161njake iz Crne Gore upravo zbog svoje razli\u010ditosti, odnosno zbog svoje nacije, kulture, jezika, imena i \u0161to se druga\u010dije mole Jedinom Stvoritelju. Dok danas obilaze upravo te iste Bo\u0161njake koji su 90-tih zbog Milo\u0161evi\u0107eve, Bulatovi\u0107eve, \u0110ukanovi\u0107eve srpsko-crnogorske genocidne politike potra\u017eili spas u zemljama zapadne Europe, Amerike, Australije\u2026 i sada ih gurkaju u tor sa durmitorskim monstrumom Karad\u017ei\u0107em. Upravo danas na desetine doma\u0107ih izdajnika koji jedu mrvice iz jasala crnogorskog fa\u0161isti\u010dko-zlo\u010dina\u010dkog i mafija\u0161kog re\u017eima putuju od dr\u017eave do dr\u017eave, od asocijacije do fondacije, od stana do restorana, nude pare, ucjenjuju, la\u017eu, ali prepadaju i obmanjuju. \u010clanove bo\u0161nja\u010dke dijaspore porijekom iz ju\u017enog Sand\u017eaka ubje\u0111uju da preporu\u010duju svojima u zavi\u010daju da se pi\u0161u kao Crnogorci, tako da se bolje osje\u0107aju u tu\u0111oj nego u svojoj ko\u017ei. Tra\u017ee spas u prevazi\u0111enim frazama i podvalama \u201cako bude manjka Crnogoraca, Srbi \u0107e preuzeti dr\u017eavu i onda \u0107e opet biti zajednica sa Srbijom\u201d! Zar te iste fraze nisu poznate i iz predizbornih kampanji vladaju\u0107ih stranaka koje su se borile za \u201cuvozni\u201d glas vi\u0161e?!<\/p>\n<p>Isto tako Bo\u0161njaci definitvno ne smiju nasjesti ni na podvale me\u0161etara sa crnogorskog u\u0161nog odjeljenja \u201cala Kurpejovi\u0107\u201d koji ih ubje\u0111uju da se pi\u0161u kao Muslimani, ali ni onima koji im savjetuju da su Muslimani \u2013 Bo\u0161njaci, iako je dobro poznato kakav je fijasko nacija do\u017eivjela sa takvim podvaljenim i nakaradnim izja\u0161njavanjem na zadnjem popisu stanovni\u0161tva, kada su crnogorski \u201cMonstant re\u017eiseri\u201d kri\u017eali Bo\u0161njake i bosanski jezik. Opet je ista namjera, podijeliti nas u torove i predstaviti kao bezna\u010dajnu etni\u010dku skupinu i time obmanuti institucije EU. To je samo jedan od na\u010dina kako izbje\u0107i standarde EU sa kojima su zagarantirana prava manjinskih naroda i nacionalnih manjina. Na\u017ealost Bo\u0161njaci im idu na ruku. Sami sebi kopaju mezare samo u ne\u0161to druga\u010dijem obliku nego \u0161to smo do\u017eivjeli u Bosni i Hercegovini tokom posljednje srpsko-crnogorske genocidne agresije, kada je na brutalnom zlo\u010dinu genocida formirana genocidna tvorevina tkz. Republika Srpska, dok sada u miru poku\u0161avaju istrijebiti ju\u017eni Sand\u017eak, ali i ostatak Crne Gore i to od Bo\u0161njaka koji su nad\u017eivjeli hap\u0161enja, deportacije, politi\u010dke procese, progone i pogrome Milo\u0161evi\u0107evog i \u0110ukanovi\u0107evog diktatorskog re\u017eima. Pocrnogor\u010davanjem se ustvari ponavlja pokr\u0161tavanje Bo\u0161njaka sli\u010dno onom u Plavu i Gusinju s po\u010detka pro\u0161loga vijeka (1912-1913.). Sami razmislite da li je slu\u010dajno ili ne, da se na stogodi\u0161njici \u201ckrste\u201d u Crnogorce potomci onih \u010diji su preci ubijani od Racine do Previje, \u010diji kositi su i dan danas duboko zakopani i skriveni u historiji crnogorskih kvazi histori\u010dara. Za ovaj brutalni masovni zlo\u010din genocida niko i nikada nije odgovarao! Danas su na sceni uskrsli neki novi Nikole, Avre Cemovi\u0107i, popovi \u0160ekularci, doplomate od Milo\u0161evi\u0107evih do \u0110ukanovih dana\u2026 koji uz pomo\u0107 novih Bal\u0161i u vlasti i kvazi-patriota u dijaspori, nastoje odraditi taj posljedni sramni \u010din \u2013 pokr\u0161tavanja, istrebljavanja &#8211; i kona\u010dan nestanak Bo\u0161njaka!!!<\/p>\n<table border=\"0\" cellspacing=\"0\" cellpadding=\"5\" width=\"575\" align=\"center\" bgcolor=\"Gainsboro\">\n<tbody>\n<tr>\n<td align=\"left\"><span style=\"color: black;\"><img decoding=\"async\" src=\"http:\/\/www.bosnjaci.net\/foto\/Pokrstavanje_1912_Plav.jpg\" border=\"0\" alt=\"\" width=\"575\" \/><br \/>\nNasilno pokr\u0161tavanje prije jednog stolje\u0107a<\/span><\/td>\n<\/tr>\n<\/tbody>\n<\/table>\n<p>Istina, da u Crnoj Gori, koju kvazi politi\u010dari i kvazi intelektualci nazivaju demokratskom i gra\u0111anskom, skoro da ne postoji ni jedna istinska bo\u0161nja\u010dka institucija ili predstavnik koji participira u aktuelnoj vlasti, koji bi javno lupili \u0161akom od stol, ili pak vrisnuli do neba, da kona\u010dno ostave Bo\u0161njake na miru, \u0161to naravno dodatno ote\u017eava ionako te\u017eak polo\u017eaj na\u0161eg naroda u toj privatnoj dr\u017eavi. Tako su po ko zna koji put Bo\u0161njaci na udaru crnogorskih \u201cDB\u201d &#8211; diplomatskih<\/p>\n<table border=\"0\" cellspacing=\"0\" cellpadding=\"5\" width=\"350\" align=\"right\" bgcolor=\"Gainsboro\">\n<tbody>\n<tr>\n<td align=\"left\"><span style=\"color: black;\"><img decoding=\"async\" src=\"http:\/\/www.bosnjaci.net\/foto\/Amfilohije_i_Djukanovic.jpg\" border=\"0\" alt=\"\" width=\"350\" \/><br \/>\n\u0110ukanovi\u0107 i Amfilohije u genocidnom vremenu kada su raspirivali me\u0111uvjersku i me\u0111unacionalnu mr\u017enju<\/span><\/td>\n<\/tr>\n<\/tbody>\n<\/table>\n<p>slu\u017ebi i drugih pla\u0107enika, prepu\u0161teni sami sebi; izdani, prevareni, obmanuti nalaze se u stanju konfuzije. Dok istovremeno spava\u010di ispuzavaju iz matratske ku()\u010dine prodaju\u0107i maglu s pri\u010dom o naciji, a ju\u010der su sa \u2018vehabit-turbanom\u2019 osnivali i slavili \u2018crnogorske matice\u2019 prodaju\u0107i naivnim Bo\u0161njacima udba\u0161ku podvaljenu pri\u010du o \u201cmati\u010dnoj dr\u017eavi\u201d i Milovoj nevinosti.<\/p>\n<p>Namjere crnogorskih vlasti, ministarstva, DKP-a, tzv. Centra za iseljenike i njihovih pla\u0107enika da preko pojedinaca, me\u0111u prognanim Bo\u0161njacima, otvaraju \u201cCrnogorsku ku\u0107u\u201d izvanredan je primjer kona\u010dnog skidanja maski sa lica kako vladaju\u0107e hunte i me\u0161etara, tako njihovog diplomatskog kora koji su nas ba\u0161 ju\u010der, u na\u0161oj bo\u0161nja\u010dkoj ku\u0107i, do\u0161aptavanjem (gen. konzul Mili\u0107 &#8211; konzul Sekulovi\u0107) \u010da\u0161\u0107avali \u201cteroristi\u010dkim\u201d floskulama, mo\u017eete zamisliti \u0161ta bi se tek de\u0161avalo u toj njihovoj \u201cku\u0107i\u201d koja bi bila pod udba\u0161kom kontrolom. Konkretno, Bo\u0161njaci u New Yorku su na velikom ispitu, odnosno oni \u010diji su predci daleke 1912. i 1913. godine u Plavu i Gusinju po cijeni vlastitog \u017eivota i svojih porodica odbili primiti svetosavlje! Svi oni koji prihvataju Mila i Rista za gospodare eto im ih i neka im je sasre\u0107om, ali i neka se dr\u017ee \u0161to dalje od bo\u0161nja\u010dke komune! Jer hvala Bogu, ima jo\u0161 uvijek onih koji dobro pamte i znaju \u0161ta su, ko su, i posebno iz kojeg razloga su napustili rodni toprak!!! O ovim namjerama \u0107emo detaljnije pisati ali i obavijestiti zvani\u010dnike u State departmentu i ovdje u New Yorku kakav pritisak na Bo\u0161njake vr\u0161e crnogorski vlastodr\u0161ci.<\/p>\n<p>Pitanje je sad, da li smo svjesni kao pripadnici jedne miroljubive i \u010destite (bo\u0161nja\u010dke) nacije, nad \u010dijim pripadnicima je 11 puta vr\u0161en genocid, da Europska Unija ne\u0107e uticati na predstoje\u0107i popis stanovni\u0161tva. Zato je jasno da EU ne\u0107e mo\u0107i ni da razumije crnogorske popisne obmane i podvale, kako Muhamed, Hajrudin, Ibrahim, Hamza, Refik, Arslan, Amina, \u0160eh-Zada\u2026 iz Plava, Gusinja, Petnjice, Berana, Ro\u017eaja, Bijelog Polja, Pljevalja&#8230; NISU Crnogorci! Oni \u0107e priznati popis, a to \u0161to Bo\u0161njaka ne\u0107e biti vi\u0161e u Crnoj Gori nikoga vi\u0161e ne\u0107e interesirati. Pored toga \u0161to su se sami prodali za \u0161aku eura i sa time ho\u0107e biti ve\u0107i Crnogorci i od (biv\u0161ih) veliko-Srba Rista Radovi\u0107a i Mila \u0110ukanovi\u0107a. Pa nazdravlje vam!<\/p>\n<p>Na kraju, za nadati se da \u0107e ipak onaj dio tolerantnih i \u010destitih Crnogoraca di\u0107i glas i sprije\u010diti kupovinu novope\u010denih Crnogoraca.<\/p>\n<p>Autor: <strong>Uredni\u0161tvo Bo\u0161njaci.net<\/strong><\/p>\n<p>Izvor:<strong> Bosnjaci.net<\/strong><\/p>\n","protected":false},"excerpt":{"rendered":"<p>Da u Crnoj Gori ni\u0161ta nije slu\u010dajno i da svako za\u0161to ima i svoje zato uvjerili smo se po ko zna koji put i ovih dana, hefti, mjeseci. Da crnogorski fa\u0161isti\u010dki re\u017eim i dalje po\u010diva na temeljima &#8220;Na\u010dertanija&#8221; i \u010dvrsto stoji na pozicijama Milo\u0161evi\u0107evih genocidnih 90-tih godina pro\u0161log vijeka dobro se dalo vidjeti i na [&hellip;]<\/p>\n","protected":false},"author":83,"featured_media":12290,"comment_status":"open","ping_status":"open","sticky":false,"template":"","format":"standard","meta":{"footnotes":""},"categories":[398,397,396,395,399],"tags":[],"class_list":{"0":"post-12289","1":"post","2":"type-post","3":"status-publish","4":"format-standard","5":"has-post-thumbnail","7":"category-rozaje","8":"category-berane","9":"category-bijelo_polje","10":"category-pljevlja_","11":"category-plav_"},"yoast_head":"<!-- This site is optimized with the Yoast SEO Premium plugin v23.1 (Yoast SEO v24.9) - https:\/\/yoast.com\/wordpress\/plugins\/seo\/ -->\n<title>Nakon genocida i etni\u010dkog \u010di\u0161\u0107enja - priprema se POCRNOGOR\u010cAVANJE Bo\u0161njaka!<\/title>\n<meta name=\"robots\" content=\"index, follow, max-snippet:-1, max-image-preview:large, max-video-preview:-1\" \/>\n<link rel=\"canonical\" href=\"https:\/\/sandzakpress.net\/arhiva\/nakon-genocida-i-etnickog-ciscenja-priprema-se-pocrnogorcavanje-bosnjaka\/\" \/>\n<meta property=\"og:locale\" content=\"bs_BA\" \/>\n<meta property=\"og:type\" content=\"article\" \/>\n<meta property=\"og:title\" content=\"Nakon genocida i etni\u010dkog \u010di\u0161\u0107enja - priprema se POCRNOGOR\u010cAVANJE Bo\u0161njaka!\" \/>\n<meta property=\"og:description\" content=\"Da u Crnoj Gori ni\u0161ta nije slu\u010dajno i da svako za\u0161to ima i svoje zato uvjerili smo se po ko zna koji put i ovih dana, hefti, mjeseci. Da crnogorski fa\u0161isti\u010dki re\u017eim i dalje po\u010diva na temeljima &#8220;Na\u010dertanija&#8221; i \u010dvrsto stoji na pozicijama Milo\u0161evi\u0107evih genocidnih 90-tih godina pro\u0161log vijeka dobro se dalo vidjeti i na [&hellip;]\" \/>\n<meta property=\"og:url\" content=\"https:\/\/sandzakpress.net\/arhiva\/nakon-genocida-i-etnickog-ciscenja-priprema-se-pocrnogorcavanje-bosnjaka\/\" \/>\n<meta property=\"og:site_name\" content=\"Sand\u017eak PRESS\" \/>\n<meta property=\"article:published_time\" content=\"2011-02-07T12:18:42+00:00\" \/>\n<meta property=\"article:modified_time\" content=\"2011-02-07T14:59:05+00:00\" \/>\n<meta property=\"og:image\" content=\"https:\/\/sandzakpress.net\/arhiva\/wp-content\/uploads\/2011\/02\/88124_milo33_f.jpg\" \/>\n\t<meta property=\"og:image:width\" content=\"616\" \/>\n\t<meta property=\"og:image:height\" content=\"285\" \/>\n\t<meta property=\"og:image:type\" content=\"image\/jpeg\" \/>\n<meta name=\"author\" content=\"bosniak\" \/>\n<meta name=\"twitter:card\" content=\"summary_large_image\" \/>\n<meta name=\"twitter:label1\" content=\"Written by\" \/>\n\t<meta name=\"twitter:data1\" content=\"bosniak\" \/>\n\t<meta name=\"twitter:label2\" content=\"Est. reading time\" \/>\n\t<meta name=\"twitter:data2\" content=\"7 minuta\" \/>\n<script type=\"application\/ld+json\" class=\"yoast-schema-graph\">{\"@context\":\"https:\/\/schema.org\",\"@graph\":[{\"@type\":\"Article\",\"@id\":\"https:\/\/sandzakpress.net\/arhiva\/nakon-genocida-i-etnickog-ciscenja-priprema-se-pocrnogorcavanje-bosnjaka\/#article\",\"isPartOf\":{\"@id\":\"https:\/\/sandzakpress.net\/arhiva\/nakon-genocida-i-etnickog-ciscenja-priprema-se-pocrnogorcavanje-bosnjaka\/\"},\"author\":{\"name\":\"bosniak\",\"@id\":\"https:\/\/sandzakpress.net\/arhiva\/#\/schema\/person\/c8baee722073534b583ea7bdb2e36c02\"},\"headline\":\"Nakon genocida i etni\u010dkog \u010di\u0161\u0107enja &#8211; priprema se POCRNOGOR\u010cAVANJE Bo\u0161njaka!\",\"datePublished\":\"2011-02-07T12:18:42+00:00\",\"dateModified\":\"2011-02-07T14:59:05+00:00\",\"mainEntityOfPage\":{\"@id\":\"https:\/\/sandzakpress.net\/arhiva\/nakon-genocida-i-etnickog-ciscenja-priprema-se-pocrnogorcavanje-bosnjaka\/\"},\"wordCount\":1492,\"commentCount\":19,\"publisher\":{\"@id\":\"https:\/\/sandzakpress.net\/arhiva\/#\/schema\/person\/6e72b67d6e51910a1117b3b483ba20bd\"},\"image\":{\"@id\":\"https:\/\/sandzakpress.net\/arhiva\/nakon-genocida-i-etnickog-ciscenja-priprema-se-pocrnogorcavanje-bosnjaka\/#primaryimage\"},\"thumbnailUrl\":\"https:\/\/sandzakpress.net\/arhiva\/wp-content\/uploads\/2011\/02\/88124_milo33_f.jpg\",\"articleSection\":[\"Ro\u017eaje\",\"Berane\",\"Bijelo Polje\",\"Pljevlja\",\"Plav\"],\"inLanguage\":\"bs-BA\",\"potentialAction\":[{\"@type\":\"CommentAction\",\"name\":\"Comment\",\"target\":[\"https:\/\/sandzakpress.net\/arhiva\/nakon-genocida-i-etnickog-ciscenja-priprema-se-pocrnogorcavanje-bosnjaka\/#respond\"]}]},{\"@type\":\"WebPage\",\"@id\":\"https:\/\/sandzakpress.net\/arhiva\/nakon-genocida-i-etnickog-ciscenja-priprema-se-pocrnogorcavanje-bosnjaka\/\",\"url\":\"https:\/\/sandzakpress.net\/arhiva\/nakon-genocida-i-etnickog-ciscenja-priprema-se-pocrnogorcavanje-bosnjaka\/\",\"name\":\"Nakon genocida i etni\u010dkog \u010di\u0161\u0107enja - priprema se POCRNOGOR\u010cAVANJE Bo\u0161njaka!\",\"isPartOf\":{\"@id\":\"https:\/\/sandzakpress.net\/arhiva\/#website\"},\"primaryImageOfPage\":{\"@id\":\"https:\/\/sandzakpress.net\/arhiva\/nakon-genocida-i-etnickog-ciscenja-priprema-se-pocrnogorcavanje-bosnjaka\/#primaryimage\"},\"image\":{\"@id\":\"https:\/\/sandzakpress.net\/arhiva\/nakon-genocida-i-etnickog-ciscenja-priprema-se-pocrnogorcavanje-bosnjaka\/#primaryimage\"},\"thumbnailUrl\":\"https:\/\/sandzakpress.net\/arhiva\/wp-content\/uploads\/2011\/02\/88124_milo33_f.jpg\",\"datePublished\":\"2011-02-07T12:18:42+00:00\",\"dateModified\":\"2011-02-07T14:59:05+00:00\",\"breadcrumb\":{\"@id\":\"https:\/\/sandzakpress.net\/arhiva\/nakon-genocida-i-etnickog-ciscenja-priprema-se-pocrnogorcavanje-bosnjaka\/#breadcrumb\"},\"inLanguage\":\"bs-BA\",\"potentialAction\":[{\"@type\":\"ReadAction\",\"target\":[\"https:\/\/sandzakpress.net\/arhiva\/nakon-genocida-i-etnickog-ciscenja-priprema-se-pocrnogorcavanje-bosnjaka\/\"]}]},{\"@type\":\"ImageObject\",\"inLanguage\":\"bs-BA\",\"@id\":\"https:\/\/sandzakpress.net\/arhiva\/nakon-genocida-i-etnickog-ciscenja-priprema-se-pocrnogorcavanje-bosnjaka\/#primaryimage\",\"url\":\"https:\/\/sandzakpress.net\/arhiva\/wp-content\/uploads\/2011\/02\/88124_milo33_f.jpg\",\"contentUrl\":\"https:\/\/sandzakpress.net\/arhiva\/wp-content\/uploads\/2011\/02\/88124_milo33_f.jpg\",\"width\":616,\"height\":285},{\"@type\":\"BreadcrumbList\",\"@id\":\"https:\/\/sandzakpress.net\/arhiva\/nakon-genocida-i-etnickog-ciscenja-priprema-se-pocrnogorcavanje-bosnjaka\/#breadcrumb\",\"itemListElement\":[{\"@type\":\"ListItem\",\"position\":1,\"name\":\"Home\",\"item\":\"https:\/\/sandzakpress.net\/arhiva\/\"},{\"@type\":\"ListItem\",\"position\":2,\"name\":\"Nakon genocida i etni\u010dkog \u010di\u0161\u0107enja &#8211; priprema se POCRNOGOR\u010cAVANJE Bo\u0161njaka!\"}]},{\"@type\":\"WebSite\",\"@id\":\"https:\/\/sandzakpress.net\/arhiva\/#website\",\"url\":\"https:\/\/sandzakpress.net\/arhiva\/\",\"name\":\"Sand\u017eak PRESS\",\"description\":\"Prve elektronske novine u Sand\u017eaku\",\"publisher\":{\"@id\":\"https:\/\/sandzakpress.net\/arhiva\/#\/schema\/person\/6e72b67d6e51910a1117b3b483ba20bd\"},\"potentialAction\":[{\"@type\":\"SearchAction\",\"target\":{\"@type\":\"EntryPoint\",\"urlTemplate\":\"https:\/\/sandzakpress.net\/arhiva\/?s={search_term_string}\"},\"query-input\":{\"@type\":\"PropertyValueSpecification\",\"valueRequired\":true,\"valueName\":\"search_term_string\"}}],\"inLanguage\":\"bs-BA\"},{\"@type\":[\"Person\",\"Organization\"],\"@id\":\"https:\/\/sandzakpress.net\/arhiva\/#\/schema\/person\/6e72b67d6e51910a1117b3b483ba20bd\",\"name\":\"Kul\",\"image\":{\"@type\":\"ImageObject\",\"inLanguage\":\"bs-BA\",\"@id\":\"https:\/\/sandzakpress.net\/arhiva\/#\/schema\/person\/image\/\",\"url\":\"https:\/\/secure.gravatar.com\/avatar\/42263f39aa27ac04c43cab85c280eb2e?s=96&d=mm&r=pg\",\"contentUrl\":\"https:\/\/secure.gravatar.com\/avatar\/42263f39aa27ac04c43cab85c280eb2e?s=96&d=mm&r=pg\",\"caption\":\"Kul\"},\"logo\":{\"@id\":\"https:\/\/sandzakpress.net\/arhiva\/#\/schema\/person\/image\/\"}},{\"@type\":\"Person\",\"@id\":\"https:\/\/sandzakpress.net\/arhiva\/#\/schema\/person\/c8baee722073534b583ea7bdb2e36c02\",\"name\":\"bosniak\",\"image\":{\"@type\":\"ImageObject\",\"inLanguage\":\"bs-BA\",\"@id\":\"https:\/\/sandzakpress.net\/arhiva\/#\/schema\/person\/image\/\",\"url\":\"https:\/\/secure.gravatar.com\/avatar\/a04fd330bfe3a36a72a0ad4a6d89fca7?s=96&d=mm&r=pg\",\"contentUrl\":\"https:\/\/secure.gravatar.com\/avatar\/a04fd330bfe3a36a72a0ad4a6d89fca7?s=96&d=mm&r=pg\",\"caption\":\"bosniak\"},\"url\":\"https:\/\/sandzakpress.net\/arhiva\/author\/bosniak\/\"}]}<\/script>\n<!-- \/ Yoast SEO Premium plugin. -->","yoast_head_json":{"title":"Nakon genocida i etni\u010dkog \u010di\u0161\u0107enja - priprema se POCRNOGOR\u010cAVANJE Bo\u0161njaka!","robots":{"index":"index","follow":"follow","max-snippet":"max-snippet:-1","max-image-preview":"max-image-preview:large","max-video-preview":"max-video-preview:-1"},"canonical":"https:\/\/sandzakpress.net\/arhiva\/nakon-genocida-i-etnickog-ciscenja-priprema-se-pocrnogorcavanje-bosnjaka\/","og_locale":"bs_BA","og_type":"article","og_title":"Nakon genocida i etni\u010dkog \u010di\u0161\u0107enja - priprema se POCRNOGOR\u010cAVANJE Bo\u0161njaka!","og_description":"Da u Crnoj Gori ni\u0161ta nije slu\u010dajno i da svako za\u0161to ima i svoje zato uvjerili smo se po ko zna koji put i ovih dana, hefti, mjeseci. Da crnogorski fa\u0161isti\u010dki re\u017eim i dalje po\u010diva na temeljima &#8220;Na\u010dertanija&#8221; i \u010dvrsto stoji na pozicijama Milo\u0161evi\u0107evih genocidnih 90-tih godina pro\u0161log vijeka dobro se dalo vidjeti i na [&hellip;]","og_url":"https:\/\/sandzakpress.net\/arhiva\/nakon-genocida-i-etnickog-ciscenja-priprema-se-pocrnogorcavanje-bosnjaka\/","og_site_name":"Sand\u017eak PRESS","article_published_time":"2011-02-07T12:18:42+00:00","article_modified_time":"2011-02-07T14:59:05+00:00","og_image":[{"width":616,"height":285,"url":"https:\/\/sandzakpress.net\/arhiva\/wp-content\/uploads\/2011\/02\/88124_milo33_f.jpg","type":"image\/jpeg"}],"author":"bosniak","twitter_card":"summary_large_image","twitter_misc":{"Written by":"bosniak","Est. reading time":"7 minuta"},"schema":{"@context":"https:\/\/schema.org","@graph":[{"@type":"Article","@id":"https:\/\/sandzakpress.net\/arhiva\/nakon-genocida-i-etnickog-ciscenja-priprema-se-pocrnogorcavanje-bosnjaka\/#article","isPartOf":{"@id":"https:\/\/sandzakpress.net\/arhiva\/nakon-genocida-i-etnickog-ciscenja-priprema-se-pocrnogorcavanje-bosnjaka\/"},"author":{"name":"bosniak","@id":"https:\/\/sandzakpress.net\/arhiva\/#\/schema\/person\/c8baee722073534b583ea7bdb2e36c02"},"headline":"Nakon genocida i etni\u010dkog \u010di\u0161\u0107enja &#8211; priprema se POCRNOGOR\u010cAVANJE Bo\u0161njaka!","datePublished":"2011-02-07T12:18:42+00:00","dateModified":"2011-02-07T14:59:05+00:00","mainEntityOfPage":{"@id":"https:\/\/sandzakpress.net\/arhiva\/nakon-genocida-i-etnickog-ciscenja-priprema-se-pocrnogorcavanje-bosnjaka\/"},"wordCount":1492,"commentCount":19,"publisher":{"@id":"https:\/\/sandzakpress.net\/arhiva\/#\/schema\/person\/6e72b67d6e51910a1117b3b483ba20bd"},"image":{"@id":"https:\/\/sandzakpress.net\/arhiva\/nakon-genocida-i-etnickog-ciscenja-priprema-se-pocrnogorcavanje-bosnjaka\/#primaryimage"},"thumbnailUrl":"https:\/\/sandzakpress.net\/arhiva\/wp-content\/uploads\/2011\/02\/88124_milo33_f.jpg","articleSection":["Ro\u017eaje","Berane","Bijelo Polje","Pljevlja","Plav"],"inLanguage":"bs-BA","potentialAction":[{"@type":"CommentAction","name":"Comment","target":["https:\/\/sandzakpress.net\/arhiva\/nakon-genocida-i-etnickog-ciscenja-priprema-se-pocrnogorcavanje-bosnjaka\/#respond"]}]},{"@type":"WebPage","@id":"https:\/\/sandzakpress.net\/arhiva\/nakon-genocida-i-etnickog-ciscenja-priprema-se-pocrnogorcavanje-bosnjaka\/","url":"https:\/\/sandzakpress.net\/arhiva\/nakon-genocida-i-etnickog-ciscenja-priprema-se-pocrnogorcavanje-bosnjaka\/","name":"Nakon genocida i etni\u010dkog \u010di\u0161\u0107enja - priprema se POCRNOGOR\u010cAVANJE Bo\u0161njaka!","isPartOf":{"@id":"https:\/\/sandzakpress.net\/arhiva\/#website"},"primaryImageOfPage":{"@id":"https:\/\/sandzakpress.net\/arhiva\/nakon-genocida-i-etnickog-ciscenja-priprema-se-pocrnogorcavanje-bosnjaka\/#primaryimage"},"image":{"@id":"https:\/\/sandzakpress.net\/arhiva\/nakon-genocida-i-etnickog-ciscenja-priprema-se-pocrnogorcavanje-bosnjaka\/#primaryimage"},"thumbnailUrl":"https:\/\/sandzakpress.net\/arhiva\/wp-content\/uploads\/2011\/02\/88124_milo33_f.jpg","datePublished":"2011-02-07T12:18:42+00:00","dateModified":"2011-02-07T14:59:05+00:00","breadcrumb":{"@id":"https:\/\/sandzakpress.net\/arhiva\/nakon-genocida-i-etnickog-ciscenja-priprema-se-pocrnogorcavanje-bosnjaka\/#breadcrumb"},"inLanguage":"bs-BA","potentialAction":[{"@type":"ReadAction","target":["https:\/\/sandzakpress.net\/arhiva\/nakon-genocida-i-etnickog-ciscenja-priprema-se-pocrnogorcavanje-bosnjaka\/"]}]},{"@type":"ImageObject","inLanguage":"bs-BA","@id":"https:\/\/sandzakpress.net\/arhiva\/nakon-genocida-i-etnickog-ciscenja-priprema-se-pocrnogorcavanje-bosnjaka\/#primaryimage","url":"https:\/\/sandzakpress.net\/arhiva\/wp-content\/uploads\/2011\/02\/88124_milo33_f.jpg","contentUrl":"https:\/\/sandzakpress.net\/arhiva\/wp-content\/uploads\/2011\/02\/88124_milo33_f.jpg","width":616,"height":285},{"@type":"BreadcrumbList","@id":"https:\/\/sandzakpress.net\/arhiva\/nakon-genocida-i-etnickog-ciscenja-priprema-se-pocrnogorcavanje-bosnjaka\/#breadcrumb","itemListElement":[{"@type":"ListItem","position":1,"name":"Home","item":"https:\/\/sandzakpress.net\/arhiva\/"},{"@type":"ListItem","position":2,"name":"Nakon genocida i etni\u010dkog \u010di\u0161\u0107enja &#8211; priprema se POCRNOGOR\u010cAVANJE Bo\u0161njaka!"}]},{"@type":"WebSite","@id":"https:\/\/sandzakpress.net\/arhiva\/#website","url":"https:\/\/sandzakpress.net\/arhiva\/","name":"Sand\u017eak PRESS","description":"Prve elektronske novine u Sand\u017eaku","publisher":{"@id":"https:\/\/sandzakpress.net\/arhiva\/#\/schema\/person\/6e72b67d6e51910a1117b3b483ba20bd"},"potentialAction":[{"@type":"SearchAction","target":{"@type":"EntryPoint","urlTemplate":"https:\/\/sandzakpress.net\/arhiva\/?s={search_term_string}"},"query-input":{"@type":"PropertyValueSpecification","valueRequired":true,"valueName":"search_term_string"}}],"inLanguage":"bs-BA"},{"@type":["Person","Organization"],"@id":"https:\/\/sandzakpress.net\/arhiva\/#\/schema\/person\/6e72b67d6e51910a1117b3b483ba20bd","name":"Kul","image":{"@type":"ImageObject","inLanguage":"bs-BA","@id":"https:\/\/sandzakpress.net\/arhiva\/#\/schema\/person\/image\/","url":"https:\/\/secure.gravatar.com\/avatar\/42263f39aa27ac04c43cab85c280eb2e?s=96&d=mm&r=pg","contentUrl":"https:\/\/secure.gravatar.com\/avatar\/42263f39aa27ac04c43cab85c280eb2e?s=96&d=mm&r=pg","caption":"Kul"},"logo":{"@id":"https:\/\/sandzakpress.net\/arhiva\/#\/schema\/person\/image\/"}},{"@type":"Person","@id":"https:\/\/sandzakpress.net\/arhiva\/#\/schema\/person\/c8baee722073534b583ea7bdb2e36c02","name":"bosniak","image":{"@type":"ImageObject","inLanguage":"bs-BA","@id":"https:\/\/sandzakpress.net\/arhiva\/#\/schema\/person\/image\/","url":"https:\/\/secure.gravatar.com\/avatar\/a04fd330bfe3a36a72a0ad4a6d89fca7?s=96&d=mm&r=pg","contentUrl":"https:\/\/secure.gravatar.com\/avatar\/a04fd330bfe3a36a72a0ad4a6d89fca7?s=96&d=mm&r=pg","caption":"bosniak"},"url":"https:\/\/sandzakpress.net\/arhiva\/author\/bosniak\/"}]}},"_links":{"self":[{"href":"https:\/\/sandzakpress.net\/arhiva\/wp-json\/wp\/v2\/posts\/12289"}],"collection":[{"href":"https:\/\/sandzakpress.net\/arhiva\/wp-json\/wp\/v2\/posts"}],"about":[{"href":"https:\/\/sandzakpress.net\/arhiva\/wp-json\/wp\/v2\/types\/post"}],"author":[{"embeddable":true,"href":"https:\/\/sandzakpress.net\/arhiva\/wp-json\/wp\/v2\/users\/83"}],"replies":[{"embeddable":true,"href":"https:\/\/sandzakpress.net\/arhiva\/wp-json\/wp\/v2\/comments?post=12289"}],"version-history":[{"count":0,"href":"https:\/\/sandzakpress.net\/arhiva\/wp-json\/wp\/v2\/posts\/12289\/revisions"}],"wp:featuredmedia":[{"embeddable":true,"href":"https:\/\/sandzakpress.net\/arhiva\/wp-json\/wp\/v2\/media\/12290"}],"wp:attachment":[{"href":"https:\/\/sandzakpress.net\/arhiva\/wp-json\/wp\/v2\/media?parent=12289"}],"wp:term":[{"taxonomy":"category","embeddable":true,"href":"https:\/\/sandzakpress.net\/arhiva\/wp-json\/wp\/v2\/categories?post=12289"},{"taxonomy":"post_tag","embeddable":true,"href":"https:\/\/sandzakpress.net\/arhiva\/wp-json\/wp\/v2\/tags?post=12289"}],"curies":[{"name":"wp","href":"https:\/\/api.w.org\/{rel}","templated":true}]}}