{"id":12274,"date":"2011-02-14T12:29:44","date_gmt":"2011-02-14T11:29:44","guid":{"rendered":"https:\/\/sandzakpress.net\/arhiva\/?p=12274"},"modified":"2011-02-15T07:44:36","modified_gmt":"2011-02-15T06:44:36","slug":"vijece-radi-punim-kapacitetom","status":"publish","type":"post","link":"https:\/\/sandzakpress.net\/arhiva\/vijece-radi-punim-kapacitetom\/","title":{"rendered":"Vije\u0107e radi punim kapacitetom"},"content":{"rendered":"<figure id=\"attachment_12275\" aria-describedby=\"caption-attachment-12275\" style=\"width: 294px\" class=\"wp-caption alignleft\"><a href=\"https:\/\/sandzakpress.net\/arhiva\/wp-content\/uploads\/2011\/02\/dudic.jpg\"><img loading=\"lazy\" decoding=\"async\" class=\"size-medium wp-image-12275\" title=\"dudic\" src=\"https:\/\/sandzakpress.net\/arhiva\/wp-content\/uploads\/2011\/02\/dudic-294x300.jpg\" alt=\"\" width=\"294\" height=\"300\" \/><\/a><figcaption id=\"caption-attachment-12275\" class=\"wp-caption-text\">prof. dr. Mevlud Dudi\u0107, predsjednik BNV-a<\/figcaption><\/figure>\n<p><strong>Bo\u0161nja\u010dko nacionalno vije\u0107e, konstituirano u julu 2010. godine, nailazi na niz problema i opstrukcija koje su najvi\u0161e intenzivirane od strane Ministarstva za ljudska i manjinska prava. Nizom \u010dudnih poteza i kr\u0161enjem zakona, ministar \u010cipli\u0107 je poku\u0161ao prekrojiti izbornu volju Bo\u0161njaka iskazanu na izborima 6. juna 2010. godine na kojima je pobjedila Bo\u0161nja\u010dka kulturna zajednica. Posljednji u nizu pogre\u0161nih poteza Ministarstva jeste raspisivanje novih izbora za Bo\u0161nja\u010dko nacionalno vije\u0107e. O svemu tome i daljim planovima Vije\u0107a razgovarali smo sa predsjednikom, prof. dr. Mevludom Dudi\u0107em.<\/strong><\/p>\n<p><strong>Uprkos tome \u0161to je Bo\u0161nja\u010dko nacionalno vije\u0107e konstituirano, ministar \u010cipli\u0107 je zakazao nove izbore za 17. april. Kakav je Va\u0161 stav o tome?<\/strong><\/p>\n<p>Na takozvanim izborima koje je raspisao \u010cipli\u0107 ni u kom slu\u010daju ne\u0107emo u\u010destvovati. To je jo\u0161 jedan dokaz da beogradski re\u017eim kr\u0161i izbornu volju Bo\u0161njaka. Trudit \u0107emo se da kroz aktivan bojkot pozovemo Bo\u0161njake da ne u\u010destvuju na izborima. Ovi izbori su raspisani kako bi formirali prosrpsko Bo\u0161nja\u010dko vije\u0107e i onemogu\u0107ili Bo\u0161njacima da imaju originalne predstavnike. Tako je bilo za vrijeme diktatora Milo\u0161evi\u0107a, a evo to i ovaj re\u017eim \u010dini. Ako do\u0111e do destabilizacije u Sand\u017eaku, svu odgovornost \u0107e snositi ministar \u010cipli\u0107 i beogradski re\u017eim. Svakog Bo\u0161njaka, Sand\u017eakliju pozivam da ne dozvoli manipulaciju i bude svrstan u red poltrona i izdajnika svoga naroda.<\/p>\n<p><strong>Pro\u0161logodi\u0161nji junski izbori su odr\u017eani uz niz nepravilnosti. I pored toga, Bo\u0161nja\u010dka kulturna zajednica, na \u010dijem ste \u010delu Vi bili, je pobijedila. Sa kakvim ste se pote\u0161ko\u0107ama i problemima susretali u izbornoj kampanji i samome izbornome procesu?<\/strong><\/p>\n<p>Na izborima za BNV, BKZ je osvojila ubjedljivu pobjedu. Pored svih nepravilnosti, uspjeli smo osvojiti 49% glasova. Nepravilnosti, poput nepostojanja predstavika BKZ-a u stalnim bira\u010dkim odborima u Novom Pazaru, Tutinu i Prijepolju, omogu\u0107ile su da ostale dvije liste, Ljaji\u0107eva i Ugljaninova, rade \u0161ta ho\u0107e. Predizborna \u0161utnja za Ugljanina i Ljaji\u0107a nije postojala. \u010cak se i Tadi\u0107 uklju\u010dio, kao i predstavnici OSCE-a. \u00a0Sa bira\u010dkog spiska, na sami dan izbora, izbrisano je oko 15.000 Bo\u0161njaka, i to uglavnom prista\u0161a BKZ-a. Imali smo na stotine primjera gdje su bira\u010di s bira\u010dkog mjesta, gdje su trebali glasati, bili preba\u010deni na drugo bira\u010dko mjesto. Na sami dan izbora, u popodnevnim sahatima, u Novi Pazar je stiglo preko 1500 pripadnika do zuba naoru\u017eane \u017eandermerije. To su samo neki od problema s kojima se suo\u010dila BKZ. No, i pored toga, Bo\u0161anjaci su poslali jasnu poruku koga \u017eele i u koga imaju povjerenja. Treba ista\u0107i da se na izborima nije desio skoro nijedan incident, za \u0161to je najzaslu\u017enija BKZ. Nakon izbora 6. juna, Ministarstvo je nekoliko puta zakazivalo i otkazivalo konstituiranje Vije\u0107a, da bi ga definitivno zakazalo za 7. juli, i to na insistiranje BKZ-a. Tada je od 35 vije\u0107nika prisustvovalo 19, \u0161to je nadpolovi\u010dna ve\u0107ina, a poslovnik je predvi\u0111ao neophodnost prisustvovanja nadpolovi\u010dne ve\u0107ine. 17 vije\u0107nika BKZ-a i dva vije\u0107nika Bo\u0161nja\u010dkog preporoda su prisustvovali konstituiraju\u0107oj sjednici, ali su tada, znaju\u0107i da imamo kvorum, predstavnici Ministarstva za ljudska i manjinska prava i lokalne samouprave pred sami po\u010detak sjednice promijenili dio \u010dlana Poslovnika gdje je stajalo da je za konstituiranje Vije\u0107a neophodno prisustvo dvotre\u0107inske ve\u0107ine. To je zaista bio skandal preko kojega nismo mogli pro\u0107i, jer je upravo to jo\u0161 jedan pokazatelj kako Ministarstvo zadu\u017eeno da za\u0161titu ljudskih prava i na ovaj na\u010din kr\u0161i zakon, a time i prava. U op\u0161tinskoj sali tako\u0111er su poku\u0161ali osporiti mandate dvojice vije\u0107nika, dr. Hidajeta Muratovi\u0107a i prof. Zehnije Buli\u0107a, i ako ova dvojica vije\u0107nika nikada nisu podnijeli ostavke. Njihove ostavke su falsifikovane, a mandati osporavani, iako su oni vlasnici svojih mandata. Nismo htjeli u\u010destvovati u kr\u0161enju zakona i to je na\u0161 najve\u0107i grijeh. Apsurdno je da oni koji su zadu\u017eeni da \u0161tite zakon u\u010destvuju u njegovom kr\u0161enju, a mi \u010dija su prava ugro\u017eena \u0161titimo zakon. Na toj sjednici Vije\u0107e je konstituisano, izabran je predsjednik BNV-a , predsjednik Izvr\u0161nog odbora i dva potpredsjednika. Predstavnici Ministarstva \u00a0nisu dozvolili medijima da prate tok konstituisanja Vije\u0107a dok su predstavnici OSCE-a pratili konstituisanje Vije\u0107a.<\/p>\n<p><strong>Koji su motivi ministra \u010cipli\u0107a za kr\u0161enje zakona i sprovo\u0111enje opstrukcije rada Vije\u0107a? <\/strong><\/p>\n<p>Mnogo je odgovornih za sve \u0161to se izde\u0161avalo. Svakako se ne mo\u017ee zaobi\u0107i Rasim Ljaji\u0107, koji je i najve\u0107i gubitnik, jer je na ovim izborima narod prepoznao i izabrao koga \u017eeli za vo\u0111u. Vremena la\u017enih obe\u0107anja su pro\u0161la. \u010cipli\u0107 jeste najodgovorniji, jer je na \u010delu Ministarstva. Direktno je u\u010destvovao u kr\u0161enju zakona. Da postoji imalo pravde, zavr\u0161io bi u zatvoru. Tra\u017eili smo njegovu smjenu, a njegove odluke za nas ni\u0161ta ne predstavljaju.<\/p>\n<p><strong>Sva nezavisna tijela i komisije u Republici Srbiji donijeli su zaklju\u010dak da je u slu\u010daju izbora i konstituiranja Bo\u0161nja\u010dkog nacionalnog vije\u0107a bilo diskriminacije i kr\u0161enja zakona. Vi ste najavili internacionalizaciju tog pitanja. Dokle ste stigli u tome?<\/strong><\/p>\n<p>Ako nemate mogu\u0107nost da ostvarite prava koja su vam zakonom zagarantirana, ni\u0161ta vam drugo ne preostaje ve\u0107 da se obratite me\u0111unarodnim instancama i internacionalizirate svoje probleme. Tra\u017eili smo od predsjednika i premijera da otvoreno razgovaramo o postoje\u0107im problemima, ali smo nai\u0161li na zatvorena vrata i ostali smo bez odgovora. U nekoliko navrata smo prije izbora razgovarali sa \u010cipli\u0107em koji nam je \u010dvrsto obe\u0107ao da \u0107e izbori biti fer i korektni, da ne\u0107e postojati dvojni ar\u0161ini, da \u0107e sve tri liste biti podjednako tretirane, ali su sve to bila samo obe\u0107anja. Po\u0161to nismo nai\u0161li na razumijevanje, obratili smo se ambasadama u Beogradu gdje smo imali niz sastanaka sa ambasadorima i predstavnicima ambasada i upoznali ih sa de\u0161avanjima u Sand\u017eaku. Uputili smo pisma predstavnicima Evropske unije i Me\u0111unarodne zajednice i upoznali ih s kr\u0161enjem prava Bo\u0161njaka. Posjetili smo bo\u0161nja\u010dkog \u010dlana predsjedni\u0161tva u BiH, gospodina Bakira Izetbegovi\u0107a, kao i vrhovnog poglavara Islamske zajednice, reisul-ulemu Mustafu-ef. Ceri\u0107a.<\/p>\n<p><strong>Pokrenute su krivi\u010dne prijave protiv odgovornih lica, i najavljene neke nove prijave. O\u010dekujete li da \u0107e sudovi smo\u0107i snage i hrabrosti da na pravedan na\u010din razrije\u0161e ovu situaciju?<\/strong><\/p>\n<p>Tako je, pokrenuli smo krivi\u010dne prijave protiv N.N. lica. Vjerovali smo da \u0107e sudski organi smo\u0107i snage i donijeti pravednu odluku. Na\u017ealost, jo\u0161 ni\u0161ta nije raspravljano, \u0161to je jo\u0161 jedan pokazatelj u kakvom se stanju nalazi sudstvo. I dalje vjerujemo u pravnu dr\u017eavu, te da \u0107e se sudstvo ponijeti na pravi\u010dan na\u010din.<\/p>\n<p><strong>I pored dokazanih malverzacija, pristali ste na razgovore sa ostale dvije liste, uz posredovanje ministra \u010cipli\u0107a i ambasadora OSCE-a u decembru pro\u0161le godine. Zbog \u010dega ti razgovori nisu zavr\u0161eni uspje\u0161no?<\/strong><\/p>\n<p>Na inicijativu ambasadora OSCE-a u Beogradu prihvatili smo razgovor u Ministarstvu za ljudska i manjinska prava, zajedno sa nosiocima ostalih lista, i poku\u0161ali razrije\u0161iti situaciju kako bi odblokirali rad BNV-a. Prvi sastanak je odr\u017ean u oktobru, a drugi u novembru. Na tom drugom sastanku, 9. novembra, nosioci lista muftija Muamer-ef. Zukorli\u0107, g-din Esad D\u017eud\u017eevi\u0107 i dr. Nazim Noki\u0107, saglasili su se da Ministarstvo za ljudska i manjinska prava uputi dopis zakonodavnom odboru Skup\u0161tine R. Srbije, kako bi se protuma\u010dio \u010dlan 98 koji govori ko su vlasnici mandata, kao i da zatra\u017ei od Upravnog suda da donese presudu o falsificiranim ostavkama. Naredni sastanak je bio zakazan za drugi decembar, a onda pomjeren za \u010detvrti, pa za \u0161esti decembar, tako da do tog sastanka nikada nije ni do\u0161lo. Zapravo, \u010dlan 98 je kristalno jasan. U njemu stoji da su vlasnici mandata izabrane osobe i tu nema nikakve dileme. Po\u0161to je \u010cipli\u0107 to dobro znao, a samim tim i Rasim Ljaji\u0107, nisu dozvolili zakazivanje Zakonodavnog odbora te nije do\u0161lo ni do odr\u017eavanja sastanka. Iz pouzdanih izvora smo saznali da \u010cipli\u0107 nikada nije uputio zahtjev Zakonodavnom odboru niti Upravnom sudu, a nikakvo obrazlo\u017eenje nismo dobili. Stvar je sasvim jasna: ne dozvoliti da rukovodstvo BNV-a bude pravi i legitimni predstavnik svoga naroda.<\/p>\n<p><strong>Nakon odlaganja decembarskih razgovora, Vije\u0107e je odr\u017ealo sjednicu na kojoj je pozvalo vije\u0107nike sa druge dvije liste da se priklju\u010de radu Vije\u0107a. Jeste li dobili bilo kakav zvani\u010dan odgovor od njih?<\/strong><\/p>\n<p>Petog decembra smo odr\u017eali 2. sjednicu BNV-a, gdje smo pozvali vije\u0107nike ostalih lista da prisustvuju. Oni se ni na toj sjednici nisu pojavili. Ovoga puta smo, shodno zakonu, odr\u017eali sjednicu sa 19 prisutnih vije\u0107nika.<\/p>\n<p><strong>Jesu li konstituirani odbori u okviru Vije\u0107a zadu\u017eeni za oblasti kojima \u0107e se Vije\u0107e baviti?<\/strong><\/p>\n<p>Na Drugoj sjednici odr\u017eanoj petog decembra, imenovani su \u010dlanovi Izvr\u0161nog odbora Vije\u0107a, kao i \u00a0predsjednici Stalnih odbora Vije\u0107a:<\/p>\n<p>Odbor za kulturu \u2013 dr. Mehmed Slezovi\u0107<\/p>\n<p>Odbor za obrazovanje \u2013 prof. Harun Preljevi\u0107<\/p>\n<p>Odbor za jezik i pismo \u2013 Jahja Feh-ratovi\u0107<\/p>\n<p>Odbor za informiranje \u2013 prof. \u0160erif Maruki\u0107<\/p>\n<p>Nadzorni odbor \u2013 dr. Hivzo Ga\u0161anin<\/p>\n<p>Na istoj sjednici su formirani i Odbor za me\u0111unarodnu suradnju na \u010delu sa dr. Amelom Luka\u010d Zorani\u0107 i Odbor za ljudska prava na \u010delu sa dr. Admirom Muratovi\u0107em.<\/p>\n<p>Vije\u0107e je osudilo dalje nezakonito pona\u0161anje \u00a0Ministarstva za ljudska i manjinska prava prema BNV-u. Na sjednici je donijeta odluka da se intenziviraju aktivnosti u cilju upoznavanja evropskih i drugih \u00a0me\u0111unarodnih institucija o u\u010destalim pojavama diskriminacije na etni\u010dkoj i vjerskoj osnovi nad Bo\u0161njacima.<\/p>\n<p>Do sada je konstiuiran Izvr\u0161ni odbor Vije\u0107a, Odbor za za\u0161titu ljudskih prava, a u toku je konstituiranje i drugih odbora.<\/p>\n<p><strong>Nedavno su predstavnici Ambasade Sjedinjenih Ameri\u010dkih Dr\u017eava posjetili Vije\u0107e. O \u010demu se razgovaralo na tom sastanku?<\/strong><\/p>\n<p>Predstavnike \u00a0ambasade \u00a0SAD-a \u00a0primio je predsjednik Izvr\u0161nog odbora, g-din Samir Tandir gdje ih je detaljno upoznao o kr\u0161enju prava Bo\u0161njaka, kao i o nepravilnostima kada je u pitanju odnos Ministarstva za ljudska i manjinska prava i izbori za BNV. Tako\u0111er je iznijet stav BNV-a da ni u kom slu\u010daju ne prihvatimo ponovni izlazak na izbore za BNV zakazane za 17. april.<\/p>\n<p><strong>Delegacija Vije\u0107a je nedavno bila u posjeti Bosni i Hercegovini. Recite nam na kakav ste prijem nai\u0161li i mo\u017eete li nam prokomentirati podr\u0161ku koju Vam je dao \u010dlan predsjedni\u0161tva BiH Bakir Izetbegovi\u0107?<\/strong><\/p>\n<p>Jedan od zaklju\u010daka s posljednje sjednice Vije\u0107a je da delegacija BNV-a posjeti bo\u0161nja\u010dkog \u010dlana Predsjedni\u0161tva BiH Bakira Izetbegovi\u0107a i reisul-ulemu Mustafu-ef. Ceri\u0107a. Posjeta je uprili\u010dena i, u srda\u010dnom i prijateljskom razgovoru, upoznali smo ih o stanju Bo\u0161njaka u Srbiji i problemima s kojima se suo\u010davamo. Od gospodina Izetbegovi\u0107a smo tra\u017eili da se zauzme u Savjetu Evrope, a i u Beogradu, kako bi bilo zaustavljeno kr\u0161enje na\u0161ih prava. Gospodin Izetbegovi\u0107 je izrazio spremnost da u razgovorima s predsjednikom Republike Srbije insistira na prevazila\u017eenju postoje\u0107ih problema s kojima se suo\u010davaju Bo\u0161njaci. U razgovorima je postignuta puna saglasnost o neprihvatljivosti dvojnih standarda u opho\u0111enju re\u017eima prema bo\u0161nja\u010dkim institucijama. Tako\u0111er je postignuta saglasnost da su autonomno Bo\u0161nja\u010dko nacionalno vije\u0107e, Internacionalni univerzitet i jedinstvena Islamska zajednica stubovi stabilnosti Sand\u017eaka i opstanka Bo\u0161njaka u Srbiji.<em> <\/em><\/p>\n<p><strong>Sastali ste se \u00a0i sa predstavnicima Bo\u0161nja\u010dkog nacionalnog vije\u0107a u Crnoj Gori. Razgovori su vo\u0111eni u Ro\u017eaju. Zna\u010di li to da je BNV u Srbiji priznato od strane zvani\u010dnih organa Crne Gore i jeste li dogovorili saradnju? <\/strong><\/p>\n<p>Delegacija BNV-a se 13. januara sastala u Ro\u017eajama s \u010delnicima BNV-a u Crnoj Gori i tom prilikom smo razgovarali o saradnji izme\u0111u dva Vije\u0107a. Posebno saradnji u oblasti kulture, obrazovanja, informiranja i slu\u017ebene upotrebe bosanskoga jezika i pisma. Dogovorili smo se da \u0107emo u narednom periodu zajedni\u010dki raditi na dobrobit Bo\u0161njaka Srbije i Crne Gore, te da \u0107emo u\u010diniti sve da granice koje nas razdvajaju budu most spajanja, a nikako razdvajanja. Legitimitet BNV-u su dali Bo\u0161njaci na izborima i ni u kom slu\u010daju nismo tra\u017eili, niti o\u010dekujemo priznanje od bilo koga. Sara\u0111ivat \u0107emo u interesu na\u0161ega naroda, koji je podijeljen u dvije dr\u017eave, svjesni da su prava Bo\u0161njaka i u Srbiji i u Crnoj Gori ugro\u017eena. Ovoga puta drasti\u010dnije u Srbiji, ali \u0107emo zajedno raditi na dobrobiti \u00a0Bo\u0161njaka.<\/p>\n<p><strong>Koji su budu\u0107i koraci koje \u0107ete poduzeti prema re\u017eimu i u radu Vije\u0107a?<\/strong><\/p>\n<p>Na narednoj sjednici Vije\u0107a kooptirat \u0107emo ostale vije\u0107nike, a do tada \u0107e biti konstituirani i ostali Odbori kada \u0107emo donijeti plan rada za naredni period. Imaju\u0107i u vidu da je 1461. godine Isa-beg Ishakovi\u0107 udario temelje Novom Pazaru, sagradio prvu d\u017eamiju, prvu \u0161kolu, a od tada je pro\u0161lo ta\u010dno 550 godina, 2011. godina je progla\u0161ena za godinu Isa-bega Ishakovi\u0107a i aktivnosti Vije\u0107a \u0107e i\u0107i dijelom i u tom pravcu. Nizom vrlo zna\u010dajnih manifestacija, obilje\u017eit \u0107emo ovaj veliki doga\u0111aj. U\u010dinit \u0107emo sve da u narednom periodu opravdamo povjerenje Bo\u0161njaka, te da u pravom smislu li\u010dimo na narod iz koga poti\u010demo. Ponosimo se \u0161to pripadamo bo\u0161nja\u010dkome korpusu. Ne stidimo se svoje pro\u0161losti. Sretni smo \u0161to smo Sand\u017eaklije, jer je Sand\u017eak kroz povijest bio mjesto spajanja i dobrih me\u0111uljudskih odnosa. U\u010dinit \u0107emo sve da i u budu\u0107nosti tako bude, Allahu, d\u017e.\u0161., zahvalni \u0161to pripadamo vjeri koja nas poziva na mir i \u010dinjenje dobrih djela, da budemo graditelji, a ne ru\u0161itelji.<\/p>\n<p>Izvor: <strong>SandzakPRESS.net<\/strong><\/p>\n","protected":false},"excerpt":{"rendered":"<p>Bo\u0161nja\u010dko nacionalno vije\u0107e, konstituirano u julu 2010. godine, nailazi na niz problema i opstrukcija koje su najvi\u0161e intenzivirane od strane Ministarstva za ljudska i manjinska prava. Nizom \u010dudnih poteza i kr\u0161enjem zakona, ministar \u010cipli\u0107 je poku\u0161ao prekrojiti izbornu volju Bo\u0161njaka iskazanu na izborima 6. juna 2010. godine na kojima je pobjedila Bo\u0161nja\u010dka kulturna zajednica. Posljednji [&hellip;]<\/p>\n","protected":false},"author":83,"featured_media":12275,"comment_status":"open","ping_status":"open","sticky":false,"template":"","format":"standard","meta":{"footnotes":""},"categories":[72,52,327,392,393,394],"tags":[],"class_list":{"0":"post-12274","1":"post","2":"type-post","3":"status-publish","4":"format-standard","5":"has-post-thumbnail","7":"category-novi-pazar","8":"category-sjenica","9":"category-tutin","10":"category-prijepolje_","11":"category-priboj","12":"category-nova-varos"},"yoast_head":"<!-- This site is optimized with the Yoast SEO Premium plugin v23.1 (Yoast SEO v24.9) - https:\/\/yoast.com\/wordpress\/plugins\/seo\/ -->\n<title>Vije\u0107e radi punim kapacitetom<\/title>\n<meta name=\"robots\" content=\"index, follow, max-snippet:-1, max-image-preview:large, max-video-preview:-1\" \/>\n<link rel=\"canonical\" href=\"https:\/\/sandzakpress.net\/arhiva\/vijece-radi-punim-kapacitetom\/\" \/>\n<meta property=\"og:locale\" content=\"bs_BA\" \/>\n<meta property=\"og:type\" content=\"article\" \/>\n<meta property=\"og:title\" content=\"Vije\u0107e radi punim kapacitetom\" \/>\n<meta property=\"og:description\" content=\"Bo\u0161nja\u010dko nacionalno vije\u0107e, konstituirano u julu 2010. godine, nailazi na niz problema i opstrukcija koje su najvi\u0161e intenzivirane od strane Ministarstva za ljudska i manjinska prava. Nizom \u010dudnih poteza i kr\u0161enjem zakona, ministar \u010cipli\u0107 je poku\u0161ao prekrojiti izbornu volju Bo\u0161njaka iskazanu na izborima 6. juna 2010. godine na kojima je pobjedila Bo\u0161nja\u010dka kulturna zajednica. Posljednji [&hellip;]\" \/>\n<meta property=\"og:url\" content=\"https:\/\/sandzakpress.net\/arhiva\/vijece-radi-punim-kapacitetom\/\" \/>\n<meta property=\"og:site_name\" content=\"Sand\u017eak PRESS\" \/>\n<meta property=\"article:published_time\" content=\"2011-02-14T11:29:44+00:00\" \/>\n<meta property=\"article:modified_time\" content=\"2011-02-15T06:44:36+00:00\" \/>\n<meta property=\"og:image\" content=\"https:\/\/sandzakpress.net\/arhiva\/wp-content\/uploads\/2011\/02\/dudic.jpg\" \/>\n\t<meta property=\"og:image:width\" content=\"616\" \/>\n\t<meta property=\"og:image:height\" content=\"627\" \/>\n\t<meta property=\"og:image:type\" content=\"image\/jpeg\" \/>\n<meta name=\"author\" content=\"bosniak\" \/>\n<meta name=\"twitter:card\" content=\"summary_large_image\" \/>\n<meta name=\"twitter:label1\" content=\"Written by\" \/>\n\t<meta name=\"twitter:data1\" content=\"bosniak\" \/>\n\t<meta name=\"twitter:label2\" content=\"Est. reading time\" \/>\n\t<meta name=\"twitter:data2\" content=\"12 minuta\" \/>\n<script type=\"application\/ld+json\" class=\"yoast-schema-graph\">{\"@context\":\"https:\/\/schema.org\",\"@graph\":[{\"@type\":\"Article\",\"@id\":\"https:\/\/sandzakpress.net\/arhiva\/vijece-radi-punim-kapacitetom\/#article\",\"isPartOf\":{\"@id\":\"https:\/\/sandzakpress.net\/arhiva\/vijece-radi-punim-kapacitetom\/\"},\"author\":{\"name\":\"bosniak\",\"@id\":\"https:\/\/sandzakpress.net\/arhiva\/#\/schema\/person\/c8baee722073534b583ea7bdb2e36c02\"},\"headline\":\"Vije\u0107e radi punim kapacitetom\",\"datePublished\":\"2011-02-14T11:29:44+00:00\",\"dateModified\":\"2011-02-15T06:44:36+00:00\",\"mainEntityOfPage\":{\"@id\":\"https:\/\/sandzakpress.net\/arhiva\/vijece-radi-punim-kapacitetom\/\"},\"wordCount\":2329,\"commentCount\":1,\"publisher\":{\"@id\":\"https:\/\/sandzakpress.net\/arhiva\/#\/schema\/person\/6e72b67d6e51910a1117b3b483ba20bd\"},\"image\":{\"@id\":\"https:\/\/sandzakpress.net\/arhiva\/vijece-radi-punim-kapacitetom\/#primaryimage\"},\"thumbnailUrl\":\"https:\/\/sandzakpress.net\/arhiva\/wp-content\/uploads\/2011\/02\/dudic.jpg\",\"articleSection\":[\"Novi Pazar\",\"Sjenica\",\"Tutin\",\"Prijepolje\",\"Priboj\",\"Nova Varo\u0161\"],\"inLanguage\":\"bs-BA\",\"potentialAction\":[{\"@type\":\"CommentAction\",\"name\":\"Comment\",\"target\":[\"https:\/\/sandzakpress.net\/arhiva\/vijece-radi-punim-kapacitetom\/#respond\"]}]},{\"@type\":\"WebPage\",\"@id\":\"https:\/\/sandzakpress.net\/arhiva\/vijece-radi-punim-kapacitetom\/\",\"url\":\"https:\/\/sandzakpress.net\/arhiva\/vijece-radi-punim-kapacitetom\/\",\"name\":\"Vije\u0107e radi punim kapacitetom\",\"isPartOf\":{\"@id\":\"https:\/\/sandzakpress.net\/arhiva\/#website\"},\"primaryImageOfPage\":{\"@id\":\"https:\/\/sandzakpress.net\/arhiva\/vijece-radi-punim-kapacitetom\/#primaryimage\"},\"image\":{\"@id\":\"https:\/\/sandzakpress.net\/arhiva\/vijece-radi-punim-kapacitetom\/#primaryimage\"},\"thumbnailUrl\":\"https:\/\/sandzakpress.net\/arhiva\/wp-content\/uploads\/2011\/02\/dudic.jpg\",\"datePublished\":\"2011-02-14T11:29:44+00:00\",\"dateModified\":\"2011-02-15T06:44:36+00:00\",\"breadcrumb\":{\"@id\":\"https:\/\/sandzakpress.net\/arhiva\/vijece-radi-punim-kapacitetom\/#breadcrumb\"},\"inLanguage\":\"bs-BA\",\"potentialAction\":[{\"@type\":\"ReadAction\",\"target\":[\"https:\/\/sandzakpress.net\/arhiva\/vijece-radi-punim-kapacitetom\/\"]}]},{\"@type\":\"ImageObject\",\"inLanguage\":\"bs-BA\",\"@id\":\"https:\/\/sandzakpress.net\/arhiva\/vijece-radi-punim-kapacitetom\/#primaryimage\",\"url\":\"https:\/\/sandzakpress.net\/arhiva\/wp-content\/uploads\/2011\/02\/dudic.jpg\",\"contentUrl\":\"https:\/\/sandzakpress.net\/arhiva\/wp-content\/uploads\/2011\/02\/dudic.jpg\",\"width\":616,\"height\":627},{\"@type\":\"BreadcrumbList\",\"@id\":\"https:\/\/sandzakpress.net\/arhiva\/vijece-radi-punim-kapacitetom\/#breadcrumb\",\"itemListElement\":[{\"@type\":\"ListItem\",\"position\":1,\"name\":\"Home\",\"item\":\"https:\/\/sandzakpress.net\/arhiva\/\"},{\"@type\":\"ListItem\",\"position\":2,\"name\":\"Vije\u0107e radi punim kapacitetom\"}]},{\"@type\":\"WebSite\",\"@id\":\"https:\/\/sandzakpress.net\/arhiva\/#website\",\"url\":\"https:\/\/sandzakpress.net\/arhiva\/\",\"name\":\"Sand\u017eak PRESS\",\"description\":\"Prve elektronske novine u Sand\u017eaku\",\"publisher\":{\"@id\":\"https:\/\/sandzakpress.net\/arhiva\/#\/schema\/person\/6e72b67d6e51910a1117b3b483ba20bd\"},\"potentialAction\":[{\"@type\":\"SearchAction\",\"target\":{\"@type\":\"EntryPoint\",\"urlTemplate\":\"https:\/\/sandzakpress.net\/arhiva\/?s={search_term_string}\"},\"query-input\":{\"@type\":\"PropertyValueSpecification\",\"valueRequired\":true,\"valueName\":\"search_term_string\"}}],\"inLanguage\":\"bs-BA\"},{\"@type\":[\"Person\",\"Organization\"],\"@id\":\"https:\/\/sandzakpress.net\/arhiva\/#\/schema\/person\/6e72b67d6e51910a1117b3b483ba20bd\",\"name\":\"Kul\",\"image\":{\"@type\":\"ImageObject\",\"inLanguage\":\"bs-BA\",\"@id\":\"https:\/\/sandzakpress.net\/arhiva\/#\/schema\/person\/image\/\",\"url\":\"https:\/\/secure.gravatar.com\/avatar\/42263f39aa27ac04c43cab85c280eb2e?s=96&d=mm&r=pg\",\"contentUrl\":\"https:\/\/secure.gravatar.com\/avatar\/42263f39aa27ac04c43cab85c280eb2e?s=96&d=mm&r=pg\",\"caption\":\"Kul\"},\"logo\":{\"@id\":\"https:\/\/sandzakpress.net\/arhiva\/#\/schema\/person\/image\/\"}},{\"@type\":\"Person\",\"@id\":\"https:\/\/sandzakpress.net\/arhiva\/#\/schema\/person\/c8baee722073534b583ea7bdb2e36c02\",\"name\":\"bosniak\",\"image\":{\"@type\":\"ImageObject\",\"inLanguage\":\"bs-BA\",\"@id\":\"https:\/\/sandzakpress.net\/arhiva\/#\/schema\/person\/image\/\",\"url\":\"https:\/\/secure.gravatar.com\/avatar\/a04fd330bfe3a36a72a0ad4a6d89fca7?s=96&d=mm&r=pg\",\"contentUrl\":\"https:\/\/secure.gravatar.com\/avatar\/a04fd330bfe3a36a72a0ad4a6d89fca7?s=96&d=mm&r=pg\",\"caption\":\"bosniak\"},\"url\":\"https:\/\/sandzakpress.net\/arhiva\/author\/bosniak\/\"}]}<\/script>\n<!-- \/ Yoast SEO Premium plugin. -->","yoast_head_json":{"title":"Vije\u0107e radi punim kapacitetom","robots":{"index":"index","follow":"follow","max-snippet":"max-snippet:-1","max-image-preview":"max-image-preview:large","max-video-preview":"max-video-preview:-1"},"canonical":"https:\/\/sandzakpress.net\/arhiva\/vijece-radi-punim-kapacitetom\/","og_locale":"bs_BA","og_type":"article","og_title":"Vije\u0107e radi punim kapacitetom","og_description":"Bo\u0161nja\u010dko nacionalno vije\u0107e, konstituirano u julu 2010. godine, nailazi na niz problema i opstrukcija koje su najvi\u0161e intenzivirane od strane Ministarstva za ljudska i manjinska prava. Nizom \u010dudnih poteza i kr\u0161enjem zakona, ministar \u010cipli\u0107 je poku\u0161ao prekrojiti izbornu volju Bo\u0161njaka iskazanu na izborima 6. juna 2010. godine na kojima je pobjedila Bo\u0161nja\u010dka kulturna zajednica. Posljednji [&hellip;]","og_url":"https:\/\/sandzakpress.net\/arhiva\/vijece-radi-punim-kapacitetom\/","og_site_name":"Sand\u017eak PRESS","article_published_time":"2011-02-14T11:29:44+00:00","article_modified_time":"2011-02-15T06:44:36+00:00","og_image":[{"width":616,"height":627,"url":"https:\/\/sandzakpress.net\/arhiva\/wp-content\/uploads\/2011\/02\/dudic.jpg","type":"image\/jpeg"}],"author":"bosniak","twitter_card":"summary_large_image","twitter_misc":{"Written by":"bosniak","Est. reading time":"12 minuta"},"schema":{"@context":"https:\/\/schema.org","@graph":[{"@type":"Article","@id":"https:\/\/sandzakpress.net\/arhiva\/vijece-radi-punim-kapacitetom\/#article","isPartOf":{"@id":"https:\/\/sandzakpress.net\/arhiva\/vijece-radi-punim-kapacitetom\/"},"author":{"name":"bosniak","@id":"https:\/\/sandzakpress.net\/arhiva\/#\/schema\/person\/c8baee722073534b583ea7bdb2e36c02"},"headline":"Vije\u0107e radi punim kapacitetom","datePublished":"2011-02-14T11:29:44+00:00","dateModified":"2011-02-15T06:44:36+00:00","mainEntityOfPage":{"@id":"https:\/\/sandzakpress.net\/arhiva\/vijece-radi-punim-kapacitetom\/"},"wordCount":2329,"commentCount":1,"publisher":{"@id":"https:\/\/sandzakpress.net\/arhiva\/#\/schema\/person\/6e72b67d6e51910a1117b3b483ba20bd"},"image":{"@id":"https:\/\/sandzakpress.net\/arhiva\/vijece-radi-punim-kapacitetom\/#primaryimage"},"thumbnailUrl":"https:\/\/sandzakpress.net\/arhiva\/wp-content\/uploads\/2011\/02\/dudic.jpg","articleSection":["Novi Pazar","Sjenica","Tutin","Prijepolje","Priboj","Nova Varo\u0161"],"inLanguage":"bs-BA","potentialAction":[{"@type":"CommentAction","name":"Comment","target":["https:\/\/sandzakpress.net\/arhiva\/vijece-radi-punim-kapacitetom\/#respond"]}]},{"@type":"WebPage","@id":"https:\/\/sandzakpress.net\/arhiva\/vijece-radi-punim-kapacitetom\/","url":"https:\/\/sandzakpress.net\/arhiva\/vijece-radi-punim-kapacitetom\/","name":"Vije\u0107e radi punim kapacitetom","isPartOf":{"@id":"https:\/\/sandzakpress.net\/arhiva\/#website"},"primaryImageOfPage":{"@id":"https:\/\/sandzakpress.net\/arhiva\/vijece-radi-punim-kapacitetom\/#primaryimage"},"image":{"@id":"https:\/\/sandzakpress.net\/arhiva\/vijece-radi-punim-kapacitetom\/#primaryimage"},"thumbnailUrl":"https:\/\/sandzakpress.net\/arhiva\/wp-content\/uploads\/2011\/02\/dudic.jpg","datePublished":"2011-02-14T11:29:44+00:00","dateModified":"2011-02-15T06:44:36+00:00","breadcrumb":{"@id":"https:\/\/sandzakpress.net\/arhiva\/vijece-radi-punim-kapacitetom\/#breadcrumb"},"inLanguage":"bs-BA","potentialAction":[{"@type":"ReadAction","target":["https:\/\/sandzakpress.net\/arhiva\/vijece-radi-punim-kapacitetom\/"]}]},{"@type":"ImageObject","inLanguage":"bs-BA","@id":"https:\/\/sandzakpress.net\/arhiva\/vijece-radi-punim-kapacitetom\/#primaryimage","url":"https:\/\/sandzakpress.net\/arhiva\/wp-content\/uploads\/2011\/02\/dudic.jpg","contentUrl":"https:\/\/sandzakpress.net\/arhiva\/wp-content\/uploads\/2011\/02\/dudic.jpg","width":616,"height":627},{"@type":"BreadcrumbList","@id":"https:\/\/sandzakpress.net\/arhiva\/vijece-radi-punim-kapacitetom\/#breadcrumb","itemListElement":[{"@type":"ListItem","position":1,"name":"Home","item":"https:\/\/sandzakpress.net\/arhiva\/"},{"@type":"ListItem","position":2,"name":"Vije\u0107e radi punim kapacitetom"}]},{"@type":"WebSite","@id":"https:\/\/sandzakpress.net\/arhiva\/#website","url":"https:\/\/sandzakpress.net\/arhiva\/","name":"Sand\u017eak PRESS","description":"Prve elektronske novine u Sand\u017eaku","publisher":{"@id":"https:\/\/sandzakpress.net\/arhiva\/#\/schema\/person\/6e72b67d6e51910a1117b3b483ba20bd"},"potentialAction":[{"@type":"SearchAction","target":{"@type":"EntryPoint","urlTemplate":"https:\/\/sandzakpress.net\/arhiva\/?s={search_term_string}"},"query-input":{"@type":"PropertyValueSpecification","valueRequired":true,"valueName":"search_term_string"}}],"inLanguage":"bs-BA"},{"@type":["Person","Organization"],"@id":"https:\/\/sandzakpress.net\/arhiva\/#\/schema\/person\/6e72b67d6e51910a1117b3b483ba20bd","name":"Kul","image":{"@type":"ImageObject","inLanguage":"bs-BA","@id":"https:\/\/sandzakpress.net\/arhiva\/#\/schema\/person\/image\/","url":"https:\/\/secure.gravatar.com\/avatar\/42263f39aa27ac04c43cab85c280eb2e?s=96&d=mm&r=pg","contentUrl":"https:\/\/secure.gravatar.com\/avatar\/42263f39aa27ac04c43cab85c280eb2e?s=96&d=mm&r=pg","caption":"Kul"},"logo":{"@id":"https:\/\/sandzakpress.net\/arhiva\/#\/schema\/person\/image\/"}},{"@type":"Person","@id":"https:\/\/sandzakpress.net\/arhiva\/#\/schema\/person\/c8baee722073534b583ea7bdb2e36c02","name":"bosniak","image":{"@type":"ImageObject","inLanguage":"bs-BA","@id":"https:\/\/sandzakpress.net\/arhiva\/#\/schema\/person\/image\/","url":"https:\/\/secure.gravatar.com\/avatar\/a04fd330bfe3a36a72a0ad4a6d89fca7?s=96&d=mm&r=pg","contentUrl":"https:\/\/secure.gravatar.com\/avatar\/a04fd330bfe3a36a72a0ad4a6d89fca7?s=96&d=mm&r=pg","caption":"bosniak"},"url":"https:\/\/sandzakpress.net\/arhiva\/author\/bosniak\/"}]}},"_links":{"self":[{"href":"https:\/\/sandzakpress.net\/arhiva\/wp-json\/wp\/v2\/posts\/12274"}],"collection":[{"href":"https:\/\/sandzakpress.net\/arhiva\/wp-json\/wp\/v2\/posts"}],"about":[{"href":"https:\/\/sandzakpress.net\/arhiva\/wp-json\/wp\/v2\/types\/post"}],"author":[{"embeddable":true,"href":"https:\/\/sandzakpress.net\/arhiva\/wp-json\/wp\/v2\/users\/83"}],"replies":[{"embeddable":true,"href":"https:\/\/sandzakpress.net\/arhiva\/wp-json\/wp\/v2\/comments?post=12274"}],"version-history":[{"count":0,"href":"https:\/\/sandzakpress.net\/arhiva\/wp-json\/wp\/v2\/posts\/12274\/revisions"}],"wp:featuredmedia":[{"embeddable":true,"href":"https:\/\/sandzakpress.net\/arhiva\/wp-json\/wp\/v2\/media\/12275"}],"wp:attachment":[{"href":"https:\/\/sandzakpress.net\/arhiva\/wp-json\/wp\/v2\/media?parent=12274"}],"wp:term":[{"taxonomy":"category","embeddable":true,"href":"https:\/\/sandzakpress.net\/arhiva\/wp-json\/wp\/v2\/categories?post=12274"},{"taxonomy":"post_tag","embeddable":true,"href":"https:\/\/sandzakpress.net\/arhiva\/wp-json\/wp\/v2\/tags?post=12274"}],"curies":[{"name":"wp","href":"https:\/\/api.w.org\/{rel}","templated":true}]}}