{"id":122652,"date":"2015-02-15T17:30:54","date_gmt":"2015-02-15T16:30:54","guid":{"rendered":"https:\/\/sandzakpress.net\/arhiva\/?p=122652"},"modified":"2015-02-15T23:22:00","modified_gmt":"2015-02-15T22:22:00","slug":"porodica-hajdarovic-trazi-od-suda-kaznu-za-ahmedina-skrijelja","status":"publish","type":"post","link":"https:\/\/sandzakpress.net\/arhiva\/porodica-hajdarovic-trazi-od-suda-kaznu-za-ahmedina-skrijelja\/","title":{"rendered":"Porodica Hajdarovi\u0107 tra\u017ei od suda kaznu za Ahmedina \u0160krijelja"},"content":{"rendered":"<p><img loading=\"lazy\" decoding=\"async\" class=\"aligncenter size-full wp-image-122655\" src=\"https:\/\/sandzakpress.net\/arhiva\/wp-content\/uploads\/2015\/02\/Capture15.jpg\" alt=\"Capture\" width=\"601\" height=\"309\" srcset=\"https:\/\/sandzakpress.net\/arhiva\/wp-content\/uploads\/2015\/02\/Capture15.jpg 601w, https:\/\/sandzakpress.net\/arhiva\/wp-content\/uploads\/2015\/02\/Capture15-600x309.jpg 600w\" sizes=\"(max-width: 601px) 100vw, 601px\" \/><\/p>\n<p><strong>Novi Pazar &#8211; Porodica Seada Hajdarovi\u0107a ne odustaje od zahtjeva nadle\u017enim organima da se napada\u010di na njihovog \u010dlana porodice adekvatno kazne. Supruga i maloletna k\u010derka Hajdarovi\u0107a su jo\u0161 uvijek pod stresom.<\/strong><\/p>\n<p>Porodica Hajdarovi\u0107 tra\u017ei kaznu za napada\u010de<\/p>\n<p>U tu\u010di koja se desila u nedelju Sead Hajdarovi\u0107 zadobio je te\u0161ke tjelesne povrede. On se tada javio Regionalnoj televiziji da bi upoznao javnost sa nemilim doga\u0111ajem i da na taj na\u010din od nadle\u017enih tra\u017ei adekvatnu kaznu za one koji su ga napali. Hajdarovi\u0107u je polomljena nosna kost, te je bilo neophodno da se izvr\u0161i i operacija. Njegova supruga Fahreta Hajdarovi\u0107 nam je opsiala cio doga\u0111aj I rekla da \u0107e napad koji se desio nao\u010digled cijele porodice ostaviti trajne posljedice, naro\u010dito na maloljetnu djecu.<\/p>\n<p>Otac \u0160u\u0107o Hajdarovi\u0107 je danono\u0107no uz svog sina i prati njegov oporavak.<\/p>\n<p>Na\u010delnik odeljenja otorinolaringologije u Op\u0161toj bolnici dr Sead Ljaji\u0107 je u pisanoj izjavi za Regionalnu televiziju rekao:<\/p>\n<div class=\"youtube-embed\" data-video_id=\"JQ-ACjj4tac\"><iframe loading=\"lazy\" title=\"Porodica Hajdarovi\u0107 tra\u017ei kaznu za napada\u010de\" width=\"696\" height=\"392\" src=\"https:\/\/www.youtube.com\/embed\/JQ-ACjj4tac?feature=oembed&#038;enablejsapi=1\" frameborder=\"0\" allow=\"accelerometer; autoplay; encrypted-media; gyroscope; picture-in-picture\" allowfullscreen><\/iframe><\/div>\n<p>\u201cDana 8.2.2015.godine sam oko 19h sam pregledao pacijenta Seada Hajdarovi\u0107a, a potom i primio na Odeljenje ORL I MFH zbog povreda zadobijenih u tu\u010di. Odmah po prijemu sproveo sam protokolom predvi\u0111ene procedure. Poslije klini\u010dkog pregleda ura\u0111eni su odgovaraju\u0107i RTG snimci, konsultovan neurolog I maksilofacijalni hirurug, ura\u0111ene standardne laboratorijske analize. Sprovedene dijagnosti\u010dke procedure pokazale su da pacijent ima prelom kostiju nosa sa dislokacijom. Dana 10.2.2015.godine na sastanku kolegijuma je donijeta odluka da je neophodno operativno lije\u010denje. Istog dana ura\u0111ena je operacija repozicije polomljenih fragmenata kostiju nosa sa splin imobilizacijom I tamponadom nosnih hodnika. Operacija je u\u010dinjena u op\u0161toj endotrahealnoj anesteziji. Pacijent dobro podnio operaciju I op\u0161tu anesteziju. Postoperativni tok proti\u010de uredno uz tretiranje infuzionim rastvorima antibiotika I analgetika\u201d, ka\u017ee se u izjavi, koju je potpisao dr Sead Ljaji\u0107.<\/p>\n<p>Podsje\u0107amo, nakon saslu\u0161anja u policijskoj upravi podnijete su krivi\u010dne prijave protiv Ahmedina \u0160krijelja za nano\u0161enje te\u0161kih tjelesnih povreda, dok je protiv F. \u0160. i S. H. Krivi\u010dna prijava podnijeta za nasilni\u010dko pona\u0161anje.<\/p>\n<p>(RTVNP)<\/p>\n","protected":false},"excerpt":{"rendered":"<p>Novi Pazar &#8211; Porodica Seada Hajdarovi\u0107a ne odustaje od zahtjeva nadle\u017enim organima da se napada\u010di na njihovog \u010dlana porodice adekvatno kazne. Supruga i maloletna k\u010derka Hajdarovi\u0107a su jo\u0161 uvijek pod stresom. Porodica Hajdarovi\u0107 tra\u017ei kaznu za napada\u010de U tu\u010di koja se desila u nedelju Sead Hajdarovi\u0107 zadobio je te\u0161ke tjelesne povrede. On se tada javio [&hellip;]<\/p>\n","protected":false},"author":83,"featured_media":122655,"comment_status":"open","ping_status":"open","sticky":false,"template":"","format":"standard","meta":{"footnotes":""},"categories":[72,1,8957],"tags":[10243,10255],"class_list":{"0":"post-122652","1":"post","2":"type-post","3":"status-publish","4":"format-standard","5":"has-post-thumbnail","7":"category-novi-pazar","8":"category-politika","9":"category-vijesti-dana","10":"tag-bnv","11":"tag-sda"},"yoast_head":"<!-- This site is optimized with the Yoast SEO Premium plugin v23.1 (Yoast SEO v24.9) - https:\/\/yoast.com\/wordpress\/plugins\/seo\/ -->\n<title>Porodica Hajdarovi\u0107 tra\u017ei od suda kaznu za Ahmedina \u0160krijelja<\/title>\n<meta name=\"robots\" content=\"index, follow, max-snippet:-1, max-image-preview:large, max-video-preview:-1\" \/>\n<link rel=\"canonical\" href=\"https:\/\/sandzakpress.net\/arhiva\/porodica-hajdarovic-trazi-od-suda-kaznu-za-ahmedina-skrijelja\/\" \/>\n<meta property=\"og:locale\" content=\"bs_BA\" \/>\n<meta property=\"og:type\" content=\"article\" \/>\n<meta property=\"og:title\" content=\"Porodica Hajdarovi\u0107 tra\u017ei od suda kaznu za Ahmedina \u0160krijelja\" \/>\n<meta property=\"og:description\" content=\"Novi Pazar &#8211; Porodica Seada Hajdarovi\u0107a ne odustaje od zahtjeva nadle\u017enim organima da se napada\u010di na njihovog \u010dlana porodice adekvatno kazne. Supruga i maloletna k\u010derka Hajdarovi\u0107a su jo\u0161 uvijek pod stresom. Porodica Hajdarovi\u0107 tra\u017ei kaznu za napada\u010de U tu\u010di koja se desila u nedelju Sead Hajdarovi\u0107 zadobio je te\u0161ke tjelesne povrede. On se tada javio [&hellip;]\" \/>\n<meta property=\"og:url\" content=\"https:\/\/sandzakpress.net\/arhiva\/porodica-hajdarovic-trazi-od-suda-kaznu-za-ahmedina-skrijelja\/\" \/>\n<meta property=\"og:site_name\" content=\"Sand\u017eak PRESS\" \/>\n<meta property=\"article:published_time\" content=\"2015-02-15T16:30:54+00:00\" \/>\n<meta property=\"article:modified_time\" content=\"2015-02-15T22:22:00+00:00\" \/>\n<meta property=\"og:image\" content=\"https:\/\/sandzakpress.net\/arhiva\/wp-content\/uploads\/2015\/02\/Capture15.jpg\" \/>\n\t<meta property=\"og:image:width\" content=\"601\" \/>\n\t<meta property=\"og:image:height\" content=\"309\" \/>\n\t<meta property=\"og:image:type\" content=\"image\/jpeg\" \/>\n<meta name=\"author\" content=\"bosniak\" \/>\n<meta name=\"twitter:card\" content=\"summary_large_image\" \/>\n<meta name=\"twitter:label1\" content=\"Written by\" \/>\n\t<meta name=\"twitter:data1\" content=\"bosniak\" \/>\n\t<meta name=\"twitter:label2\" content=\"Est. reading time\" \/>\n\t<meta name=\"twitter:data2\" content=\"2 minute\" \/>\n<script type=\"application\/ld+json\" class=\"yoast-schema-graph\">{\"@context\":\"https:\/\/schema.org\",\"@graph\":[{\"@type\":\"Article\",\"@id\":\"https:\/\/sandzakpress.net\/arhiva\/porodica-hajdarovic-trazi-od-suda-kaznu-za-ahmedina-skrijelja\/#article\",\"isPartOf\":{\"@id\":\"https:\/\/sandzakpress.net\/arhiva\/porodica-hajdarovic-trazi-od-suda-kaznu-za-ahmedina-skrijelja\/\"},\"author\":{\"name\":\"bosniak\",\"@id\":\"https:\/\/sandzakpress.net\/arhiva\/#\/schema\/person\/c8baee722073534b583ea7bdb2e36c02\"},\"headline\":\"Porodica Hajdarovi\u0107 tra\u017ei od suda kaznu za Ahmedina \u0160krijelja\",\"datePublished\":\"2015-02-15T16:30:54+00:00\",\"dateModified\":\"2015-02-15T22:22:00+00:00\",\"mainEntityOfPage\":{\"@id\":\"https:\/\/sandzakpress.net\/arhiva\/porodica-hajdarovic-trazi-od-suda-kaznu-za-ahmedina-skrijelja\/\"},\"wordCount\":372,\"commentCount\":17,\"publisher\":{\"@id\":\"https:\/\/sandzakpress.net\/arhiva\/#\/schema\/person\/6e72b67d6e51910a1117b3b483ba20bd\"},\"image\":{\"@id\":\"https:\/\/sandzakpress.net\/arhiva\/porodica-hajdarovic-trazi-od-suda-kaznu-za-ahmedina-skrijelja\/#primaryimage\"},\"thumbnailUrl\":\"https:\/\/sandzakpress.net\/arhiva\/wp-content\/uploads\/2015\/02\/Capture15.jpg\",\"keywords\":[\"BNV\",\"SDA\"],\"articleSection\":[\"Novi Pazar\",\"Politika\",\"VIJESTI DANA\"],\"inLanguage\":\"bs-BA\",\"potentialAction\":[{\"@type\":\"CommentAction\",\"name\":\"Comment\",\"target\":[\"https:\/\/sandzakpress.net\/arhiva\/porodica-hajdarovic-trazi-od-suda-kaznu-za-ahmedina-skrijelja\/#respond\"]}]},{\"@type\":\"WebPage\",\"@id\":\"https:\/\/sandzakpress.net\/arhiva\/porodica-hajdarovic-trazi-od-suda-kaznu-za-ahmedina-skrijelja\/\",\"url\":\"https:\/\/sandzakpress.net\/arhiva\/porodica-hajdarovic-trazi-od-suda-kaznu-za-ahmedina-skrijelja\/\",\"name\":\"Porodica Hajdarovi\u0107 tra\u017ei od suda kaznu za Ahmedina \u0160krijelja\",\"isPartOf\":{\"@id\":\"https:\/\/sandzakpress.net\/arhiva\/#website\"},\"primaryImageOfPage\":{\"@id\":\"https:\/\/sandzakpress.net\/arhiva\/porodica-hajdarovic-trazi-od-suda-kaznu-za-ahmedina-skrijelja\/#primaryimage\"},\"image\":{\"@id\":\"https:\/\/sandzakpress.net\/arhiva\/porodica-hajdarovic-trazi-od-suda-kaznu-za-ahmedina-skrijelja\/#primaryimage\"},\"thumbnailUrl\":\"https:\/\/sandzakpress.net\/arhiva\/wp-content\/uploads\/2015\/02\/Capture15.jpg\",\"datePublished\":\"2015-02-15T16:30:54+00:00\",\"dateModified\":\"2015-02-15T22:22:00+00:00\",\"breadcrumb\":{\"@id\":\"https:\/\/sandzakpress.net\/arhiva\/porodica-hajdarovic-trazi-od-suda-kaznu-za-ahmedina-skrijelja\/#breadcrumb\"},\"inLanguage\":\"bs-BA\",\"potentialAction\":[{\"@type\":\"ReadAction\",\"target\":[\"https:\/\/sandzakpress.net\/arhiva\/porodica-hajdarovic-trazi-od-suda-kaznu-za-ahmedina-skrijelja\/\"]}]},{\"@type\":\"ImageObject\",\"inLanguage\":\"bs-BA\",\"@id\":\"https:\/\/sandzakpress.net\/arhiva\/porodica-hajdarovic-trazi-od-suda-kaznu-za-ahmedina-skrijelja\/#primaryimage\",\"url\":\"https:\/\/sandzakpress.net\/arhiva\/wp-content\/uploads\/2015\/02\/Capture15.jpg\",\"contentUrl\":\"https:\/\/sandzakpress.net\/arhiva\/wp-content\/uploads\/2015\/02\/Capture15.jpg\",\"width\":601,\"height\":309},{\"@type\":\"BreadcrumbList\",\"@id\":\"https:\/\/sandzakpress.net\/arhiva\/porodica-hajdarovic-trazi-od-suda-kaznu-za-ahmedina-skrijelja\/#breadcrumb\",\"itemListElement\":[{\"@type\":\"ListItem\",\"position\":1,\"name\":\"Home\",\"item\":\"https:\/\/sandzakpress.net\/arhiva\/\"},{\"@type\":\"ListItem\",\"position\":2,\"name\":\"Porodica Hajdarovi\u0107 tra\u017ei od suda kaznu za Ahmedina \u0160krijelja\"}]},{\"@type\":\"WebSite\",\"@id\":\"https:\/\/sandzakpress.net\/arhiva\/#website\",\"url\":\"https:\/\/sandzakpress.net\/arhiva\/\",\"name\":\"Sand\u017eak PRESS\",\"description\":\"Prve elektronske novine u Sand\u017eaku\",\"publisher\":{\"@id\":\"https:\/\/sandzakpress.net\/arhiva\/#\/schema\/person\/6e72b67d6e51910a1117b3b483ba20bd\"},\"potentialAction\":[{\"@type\":\"SearchAction\",\"target\":{\"@type\":\"EntryPoint\",\"urlTemplate\":\"https:\/\/sandzakpress.net\/arhiva\/?s={search_term_string}\"},\"query-input\":{\"@type\":\"PropertyValueSpecification\",\"valueRequired\":true,\"valueName\":\"search_term_string\"}}],\"inLanguage\":\"bs-BA\"},{\"@type\":[\"Person\",\"Organization\"],\"@id\":\"https:\/\/sandzakpress.net\/arhiva\/#\/schema\/person\/6e72b67d6e51910a1117b3b483ba20bd\",\"name\":\"Kul\",\"image\":{\"@type\":\"ImageObject\",\"inLanguage\":\"bs-BA\",\"@id\":\"https:\/\/sandzakpress.net\/arhiva\/#\/schema\/person\/image\/\",\"url\":\"https:\/\/secure.gravatar.com\/avatar\/42263f39aa27ac04c43cab85c280eb2e?s=96&d=mm&r=pg\",\"contentUrl\":\"https:\/\/secure.gravatar.com\/avatar\/42263f39aa27ac04c43cab85c280eb2e?s=96&d=mm&r=pg\",\"caption\":\"Kul\"},\"logo\":{\"@id\":\"https:\/\/sandzakpress.net\/arhiva\/#\/schema\/person\/image\/\"}},{\"@type\":\"Person\",\"@id\":\"https:\/\/sandzakpress.net\/arhiva\/#\/schema\/person\/c8baee722073534b583ea7bdb2e36c02\",\"name\":\"bosniak\",\"image\":{\"@type\":\"ImageObject\",\"inLanguage\":\"bs-BA\",\"@id\":\"https:\/\/sandzakpress.net\/arhiva\/#\/schema\/person\/image\/\",\"url\":\"https:\/\/secure.gravatar.com\/avatar\/a04fd330bfe3a36a72a0ad4a6d89fca7?s=96&d=mm&r=pg\",\"contentUrl\":\"https:\/\/secure.gravatar.com\/avatar\/a04fd330bfe3a36a72a0ad4a6d89fca7?s=96&d=mm&r=pg\",\"caption\":\"bosniak\"},\"url\":\"https:\/\/sandzakpress.net\/arhiva\/author\/bosniak\/\"}]}<\/script>\n<!-- \/ Yoast SEO Premium plugin. -->","yoast_head_json":{"title":"Porodica Hajdarovi\u0107 tra\u017ei od suda kaznu za Ahmedina \u0160krijelja","robots":{"index":"index","follow":"follow","max-snippet":"max-snippet:-1","max-image-preview":"max-image-preview:large","max-video-preview":"max-video-preview:-1"},"canonical":"https:\/\/sandzakpress.net\/arhiva\/porodica-hajdarovic-trazi-od-suda-kaznu-za-ahmedina-skrijelja\/","og_locale":"bs_BA","og_type":"article","og_title":"Porodica Hajdarovi\u0107 tra\u017ei od suda kaznu za Ahmedina \u0160krijelja","og_description":"Novi Pazar &#8211; Porodica Seada Hajdarovi\u0107a ne odustaje od zahtjeva nadle\u017enim organima da se napada\u010di na njihovog \u010dlana porodice adekvatno kazne. Supruga i maloletna k\u010derka Hajdarovi\u0107a su jo\u0161 uvijek pod stresom. Porodica Hajdarovi\u0107 tra\u017ei kaznu za napada\u010de U tu\u010di koja se desila u nedelju Sead Hajdarovi\u0107 zadobio je te\u0161ke tjelesne povrede. On se tada javio [&hellip;]","og_url":"https:\/\/sandzakpress.net\/arhiva\/porodica-hajdarovic-trazi-od-suda-kaznu-za-ahmedina-skrijelja\/","og_site_name":"Sand\u017eak PRESS","article_published_time":"2015-02-15T16:30:54+00:00","article_modified_time":"2015-02-15T22:22:00+00:00","og_image":[{"width":601,"height":309,"url":"https:\/\/sandzakpress.net\/arhiva\/wp-content\/uploads\/2015\/02\/Capture15.jpg","type":"image\/jpeg"}],"author":"bosniak","twitter_card":"summary_large_image","twitter_misc":{"Written by":"bosniak","Est. reading time":"2 minute"},"schema":{"@context":"https:\/\/schema.org","@graph":[{"@type":"Article","@id":"https:\/\/sandzakpress.net\/arhiva\/porodica-hajdarovic-trazi-od-suda-kaznu-za-ahmedina-skrijelja\/#article","isPartOf":{"@id":"https:\/\/sandzakpress.net\/arhiva\/porodica-hajdarovic-trazi-od-suda-kaznu-za-ahmedina-skrijelja\/"},"author":{"name":"bosniak","@id":"https:\/\/sandzakpress.net\/arhiva\/#\/schema\/person\/c8baee722073534b583ea7bdb2e36c02"},"headline":"Porodica Hajdarovi\u0107 tra\u017ei od suda kaznu za Ahmedina \u0160krijelja","datePublished":"2015-02-15T16:30:54+00:00","dateModified":"2015-02-15T22:22:00+00:00","mainEntityOfPage":{"@id":"https:\/\/sandzakpress.net\/arhiva\/porodica-hajdarovic-trazi-od-suda-kaznu-za-ahmedina-skrijelja\/"},"wordCount":372,"commentCount":17,"publisher":{"@id":"https:\/\/sandzakpress.net\/arhiva\/#\/schema\/person\/6e72b67d6e51910a1117b3b483ba20bd"},"image":{"@id":"https:\/\/sandzakpress.net\/arhiva\/porodica-hajdarovic-trazi-od-suda-kaznu-za-ahmedina-skrijelja\/#primaryimage"},"thumbnailUrl":"https:\/\/sandzakpress.net\/arhiva\/wp-content\/uploads\/2015\/02\/Capture15.jpg","keywords":["BNV","SDA"],"articleSection":["Novi Pazar","Politika","VIJESTI DANA"],"inLanguage":"bs-BA","potentialAction":[{"@type":"CommentAction","name":"Comment","target":["https:\/\/sandzakpress.net\/arhiva\/porodica-hajdarovic-trazi-od-suda-kaznu-za-ahmedina-skrijelja\/#respond"]}]},{"@type":"WebPage","@id":"https:\/\/sandzakpress.net\/arhiva\/porodica-hajdarovic-trazi-od-suda-kaznu-za-ahmedina-skrijelja\/","url":"https:\/\/sandzakpress.net\/arhiva\/porodica-hajdarovic-trazi-od-suda-kaznu-za-ahmedina-skrijelja\/","name":"Porodica Hajdarovi\u0107 tra\u017ei od suda kaznu za Ahmedina \u0160krijelja","isPartOf":{"@id":"https:\/\/sandzakpress.net\/arhiva\/#website"},"primaryImageOfPage":{"@id":"https:\/\/sandzakpress.net\/arhiva\/porodica-hajdarovic-trazi-od-suda-kaznu-za-ahmedina-skrijelja\/#primaryimage"},"image":{"@id":"https:\/\/sandzakpress.net\/arhiva\/porodica-hajdarovic-trazi-od-suda-kaznu-za-ahmedina-skrijelja\/#primaryimage"},"thumbnailUrl":"https:\/\/sandzakpress.net\/arhiva\/wp-content\/uploads\/2015\/02\/Capture15.jpg","datePublished":"2015-02-15T16:30:54+00:00","dateModified":"2015-02-15T22:22:00+00:00","breadcrumb":{"@id":"https:\/\/sandzakpress.net\/arhiva\/porodica-hajdarovic-trazi-od-suda-kaznu-za-ahmedina-skrijelja\/#breadcrumb"},"inLanguage":"bs-BA","potentialAction":[{"@type":"ReadAction","target":["https:\/\/sandzakpress.net\/arhiva\/porodica-hajdarovic-trazi-od-suda-kaznu-za-ahmedina-skrijelja\/"]}]},{"@type":"ImageObject","inLanguage":"bs-BA","@id":"https:\/\/sandzakpress.net\/arhiva\/porodica-hajdarovic-trazi-od-suda-kaznu-za-ahmedina-skrijelja\/#primaryimage","url":"https:\/\/sandzakpress.net\/arhiva\/wp-content\/uploads\/2015\/02\/Capture15.jpg","contentUrl":"https:\/\/sandzakpress.net\/arhiva\/wp-content\/uploads\/2015\/02\/Capture15.jpg","width":601,"height":309},{"@type":"BreadcrumbList","@id":"https:\/\/sandzakpress.net\/arhiva\/porodica-hajdarovic-trazi-od-suda-kaznu-za-ahmedina-skrijelja\/#breadcrumb","itemListElement":[{"@type":"ListItem","position":1,"name":"Home","item":"https:\/\/sandzakpress.net\/arhiva\/"},{"@type":"ListItem","position":2,"name":"Porodica Hajdarovi\u0107 tra\u017ei od suda kaznu za Ahmedina \u0160krijelja"}]},{"@type":"WebSite","@id":"https:\/\/sandzakpress.net\/arhiva\/#website","url":"https:\/\/sandzakpress.net\/arhiva\/","name":"Sand\u017eak PRESS","description":"Prve elektronske novine u Sand\u017eaku","publisher":{"@id":"https:\/\/sandzakpress.net\/arhiva\/#\/schema\/person\/6e72b67d6e51910a1117b3b483ba20bd"},"potentialAction":[{"@type":"SearchAction","target":{"@type":"EntryPoint","urlTemplate":"https:\/\/sandzakpress.net\/arhiva\/?s={search_term_string}"},"query-input":{"@type":"PropertyValueSpecification","valueRequired":true,"valueName":"search_term_string"}}],"inLanguage":"bs-BA"},{"@type":["Person","Organization"],"@id":"https:\/\/sandzakpress.net\/arhiva\/#\/schema\/person\/6e72b67d6e51910a1117b3b483ba20bd","name":"Kul","image":{"@type":"ImageObject","inLanguage":"bs-BA","@id":"https:\/\/sandzakpress.net\/arhiva\/#\/schema\/person\/image\/","url":"https:\/\/secure.gravatar.com\/avatar\/42263f39aa27ac04c43cab85c280eb2e?s=96&d=mm&r=pg","contentUrl":"https:\/\/secure.gravatar.com\/avatar\/42263f39aa27ac04c43cab85c280eb2e?s=96&d=mm&r=pg","caption":"Kul"},"logo":{"@id":"https:\/\/sandzakpress.net\/arhiva\/#\/schema\/person\/image\/"}},{"@type":"Person","@id":"https:\/\/sandzakpress.net\/arhiva\/#\/schema\/person\/c8baee722073534b583ea7bdb2e36c02","name":"bosniak","image":{"@type":"ImageObject","inLanguage":"bs-BA","@id":"https:\/\/sandzakpress.net\/arhiva\/#\/schema\/person\/image\/","url":"https:\/\/secure.gravatar.com\/avatar\/a04fd330bfe3a36a72a0ad4a6d89fca7?s=96&d=mm&r=pg","contentUrl":"https:\/\/secure.gravatar.com\/avatar\/a04fd330bfe3a36a72a0ad4a6d89fca7?s=96&d=mm&r=pg","caption":"bosniak"},"url":"https:\/\/sandzakpress.net\/arhiva\/author\/bosniak\/"}]}},"_links":{"self":[{"href":"https:\/\/sandzakpress.net\/arhiva\/wp-json\/wp\/v2\/posts\/122652"}],"collection":[{"href":"https:\/\/sandzakpress.net\/arhiva\/wp-json\/wp\/v2\/posts"}],"about":[{"href":"https:\/\/sandzakpress.net\/arhiva\/wp-json\/wp\/v2\/types\/post"}],"author":[{"embeddable":true,"href":"https:\/\/sandzakpress.net\/arhiva\/wp-json\/wp\/v2\/users\/83"}],"replies":[{"embeddable":true,"href":"https:\/\/sandzakpress.net\/arhiva\/wp-json\/wp\/v2\/comments?post=122652"}],"version-history":[{"count":0,"href":"https:\/\/sandzakpress.net\/arhiva\/wp-json\/wp\/v2\/posts\/122652\/revisions"}],"wp:featuredmedia":[{"embeddable":true,"href":"https:\/\/sandzakpress.net\/arhiva\/wp-json\/wp\/v2\/media\/122655"}],"wp:attachment":[{"href":"https:\/\/sandzakpress.net\/arhiva\/wp-json\/wp\/v2\/media?parent=122652"}],"wp:term":[{"taxonomy":"category","embeddable":true,"href":"https:\/\/sandzakpress.net\/arhiva\/wp-json\/wp\/v2\/categories?post=122652"},{"taxonomy":"post_tag","embeddable":true,"href":"https:\/\/sandzakpress.net\/arhiva\/wp-json\/wp\/v2\/tags?post=122652"}],"curies":[{"name":"wp","href":"https:\/\/api.w.org\/{rel}","templated":true}]}}