{"id":122574,"date":"2015-02-14T11:03:00","date_gmt":"2015-02-14T10:03:00","guid":{"rendered":"https:\/\/sandzakpress.net\/arhiva\/?p=122574"},"modified":"2015-02-14T11:40:57","modified_gmt":"2015-02-14T10:40:57","slug":"zena-izmedu-prave-i-lazne-slobode","status":"publish","type":"post","link":"https:\/\/sandzakpress.net\/arhiva\/zena-izmedu-prave-i-lazne-slobode\/","title":{"rendered":"\u017dena izme\u0111u prave i la\u017ene slobode"},"content":{"rendered":"<p><img loading=\"lazy\" decoding=\"async\" class=\"aligncenter size-full wp-image-122578\" src=\"https:\/\/sandzakpress.net\/arhiva\/wp-content\/uploads\/2015\/02\/562591_341145649279277_1376304451_n_large.jpg\" alt=\"562591_341145649279277_1376304451_n_large\" width=\"600\" height=\"400\" \/>Kroz historiju u raznim dru\u0161tvima i civilizacijama \u017eena je, jako \u010desto, bila predmet zloupotrebe i manipulacije. Historija svjedo\u010di da je bilo vremena kada \u017eena nije imala nikakvu vrijednost i kada je bilo sramota biti \u017eensko. O\u010devi su se re\u0161avali te sramote tako \u0161to bi svoje djevoj\u010dice odvodili od ku\u0107a i \u017eive zakopavali u zemlju. Zamislite u kakvom je ambijentu \u017eivjelo dru\u0161tvo koje je smatralo normalnim ubijanje \u017eenske djece, a osu\u0111ivalo one koji za ubistvo nisu smogli snage. U tom vremenu \u017eena je kao najobi\u010dniji predmet kupovana, prodavana, poklanjana i nasle\u0111ivana bez ikakvih prava. Nije bila po\u0161tovana ni kao majka, ni kao sestra, ni kao supruga, ni kao k\u0107er, niti kao ljudsko bi\u0107e. \u010cak se i o samim \u017eivotinjama \u010desto vi\u0161e brinulo, nego o \u017eenama. U\u010destalost i ra\u0161irenost pomenutih obi\u010daja, prijetilo je uni\u0161tenju \u017eenske populacije, a samim tim i uni\u0161tenju \u010dovje\u010danstva.<\/p>\n<p>Tada Uzvi\u0161eni Allah iz Svoje milosti \u0161alje Svog Poslanika, sallallahu alejhi ve sellem, da svjetlom otkloni tminu i ponudi \u010dovje\u010danstvu lijek koji \u0107e ga spasiti od propadanja. Svojim rije\u010dima i djelima, a prvenstveno iskreno\u0161\u0107u i ljepotom svog srca, odgajao je one koji su pohrlili islamu i svoja srca napojili \u0161ehadetom. Ljude koji su prezirali i poni\u017eavali \u017eene, odgojio je u ljude koji su po\u0161tovali i cijenili \u017eenu kao ne\u0161to najvrijednije \u0161to su imali. Podu\u010dio ih je da Allah obe\u0107ava D\u017eennet onome ko odgoji u islamu k\u0107eri, pa im je otvorio srca za ljubav i nje\u017enost njihovih djevoj\u010dica. Svjetlo islama im je obasjalo prsa i dalo snagu da dobro vide dobrim, a zlo zlim, tako da su objavili rat obi\u010daju ubijanja \u017eenske djece i sa\u010duvali \u010dovje\u010danstvo od is\u010dezavanja. Na taj na\u010din Poslanik, sallallahu alejhi ve sellem, je dao najve\u0107i doprinos \u010dovje\u010danstvu, jer je zaustavio ubijanje onih koje ra\u0111aju i odgajaju \u010dovje\u010danstvo.<\/p>\n<p>Ljude koji zbog prezira prema \u017eenama nisu imali po\u0161tovanja ni prema sopstvenoj majci, je podu\u010dio da majka nije samo ma\u0161ina koja ra\u0111a djecu, ve\u0107 osoba kojoj najvi\u0161e duguju i pod \u010dijim nogama trebaju tra\u017eiti D\u017eennet. Od majki koje su u periodu d\u017eahilijeta bile dio imovine koju sin naslije\u0111uje od oca, na\u010dinio je majke prema kojima su se sinovi sa blago\u0161\u0107u ophodili, tra\u017ee\u0107i u poslu\u0161nosti njoj, Allahovo zadovoljstvo.<\/p>\n<p>Nau\u010dio ih je da je najbolji od njih onaj ko je najljep\u0161eg pona\u0161anja prema svojoj supruzi, a to im je svojom praksom i potvrdio. Koliko je kod Allaha vrijedna \u017eena, kada je na\u010din opho\u0111enja prema njoj ostavio kao mjerilo vrijednosti i dobrote mu\u0161karca. Od grubih mu\u0161karaca koji su maltretirali \u017eene, islam je na\u010dinio blage i pa\u017eljive mu\u0161karce koji su pazili pravo \u017eene, pomagali joj i prihvatali je onakvu kakva jeste. Historija je zabilje\u017eila primjer velikog Omera, radijallahu anhu, kojem je tokom njegovog hilafeta do\u0161ao jedan od muslimana da se po\u017eali na svoju suprugu. Do\u0161av\u0161i pred vrata velikog Omera, za\u010duo je glas Omerove \u017eene koja je ispoljavala svoju ljutnju na Omera, a on joj ni\u0161ta nije odgovarao. \u010cuv\u0161i kako je stanje u Omerovoj ku\u0107i, odlu\u010di da se vrati. U tom trenutku Omer je iza\u0161ao i vidjeo \u010dovjeka koji se zaputio njemu, pa ga je upitao kojim poslom je do\u0161ao. \u010covjek mu re\u010de da je do\u0161ao \u017ealiti se na svoju \u017eenu, ali je \u010duo da ni kod njega stanje nije puno bolje. Tada mu Omer re\u010de: \u201cZbog prava koja ona ima kod mene, ja joj opra\u0161tam. Ona me \u010duva od harama, pazi na moju \u010dast, odgaja mi djecu, \u010duva moju ku\u0107u, pere mi odje\u0107u i priprema hranu. Ona je perda izme\u0111u mene i D\u017eehennema. Sve to me spre\u010dava da je grdim.\u201d<\/p>\n<p>Ovo su rije\u010di Omera kojeg su se ljudi bojali, Omera od kojeg je \u0161ejtan bje\u017eao, ovo su rije\u010di neustra\u0161ivog i pravednog ashaba.<\/p>\n<p>Poslanik, sallallahu alejhi ve sellem, je odgojio generaciju koja svoju hrabrost i \u201cmu\u0161kost\u201d nije ispoljavala maltretiranjem \u017eena i ubijanjem djevoj\u010dica, kao \u0161to je to ranije bio obi\u010daj. Njegovi ashabi su bili najhrabriji na bojnom polju, u lice iskusnih i dobro opremljenih neprijatelja. U bitkama su bili poput lavova, a u svojim ku\u0107ama, me\u0111u porodicom blagi, nje\u017eni i umiljati, unose\u0107i radost u srca uku\u0107ana.<\/p>\n<p>Islam je vratio ponos i dostojanstvo \u017eeni, daju\u0107i joj slobodu i \u0161tite\u0107i njena prava. Muhammed, sallallahu alejhi ve sellem, je dostavljaju\u0107i Objavu od svog Gospodara, uzdigao \u017eenu na mjesto koje joj pripada kao glavnom stubu porodice i dru\u0161tva. \u017dena je uzdignuta islamom i bi\u0107e poni\u017eena svaki put kada \u017eivot uskladi sa propisima koji su kontradiktorni islamu.<\/p>\n<p>Bilo je vremena kada je \u017eena primoravana na zloupotrebu, jer je bila prodavana, kupovana i naslje\u0111ivana bez ikakvih prava. U tako nezdravom ambijentu \u017eena se nije mogla oduprijeti iskori\u0161tavanju i lo\u0161im obi\u010dajima koje su joj krojili mu\u0161karci. Danas je druga\u010dije, danas \u017eena sama bira ho\u0107e li biti predmet manipulacije ili ne. U borbi za slobodu, \u017eena je slijepo prihvatala sve \u0161to joj se nudi, \u017eele\u0107i se otrgnuti iz okova ropstva. To je iskoristio pokvareni svijet i ponudio joj \u201cslobodu\u201d koja \u0107e je odvesti u propast. Danas pod pla\u0161tom \u201cslobode\u201d \u017eena je postala obi\u010dan predmet kojim upravljaju mu\u0161karci bez morala i karaktera. Dana\u0161nja \u201cslobodna\u201d \u017eena izlo\u017eena na raznim sajmovima, u izlozima i na ulicama, je u goroj poziciji od \u017eene koja je \u017eivjela prije petnest vijekova, jer su tada\u0161nje \u017eene bile primorane na ropstvo mu\u0161kim prohtjevima, a dana\u0161nje \u201cslobodne\u201d \u017eene same biraju biti robinje, iako time \u017eele izraziti svoju slobodu.<br \/>\nIslam je dao \u017eeni prava \u017eele\u0107i da je za\u0161titi, a \u201csavremeno\u201d prozapadno dru\u0161tvo nudi \u017eeni \u201cprava\u201d \u017eele\u0107i da je iskoristi. Nisu zaostale \u017eene koje \u010duvaju svoje vrijednosti i zahtjevaju od drugih da ih po\u0161tuju, zaostale su \u017eene koje svojim primitivizmom, vulgarnim odijevanjem i pona\u0161anjem ispoljavaju svoju \u201csavremenost\u201d, poku\u0161avaju\u0107i sakriti zaostalost i prazninu koju u srcima nose.<\/p>\n<p>Autor: Meliha Preljevi\u0107<\/p>\n","protected":false},"excerpt":{"rendered":"<p>Meliha Preljevi\u0107<\/p>\n","protected":false},"author":83,"featured_media":122578,"comment_status":"open","ping_status":"open","sticky":false,"template":"","format":"standard","meta":{"footnotes":""},"categories":[10196],"tags":[],"class_list":{"0":"post-122574","1":"post","2":"type-post","3":"status-publish","4":"format-standard","5":"has-post-thumbnail","7":"category-iz-pera-nasih-autora"},"yoast_head":"<!-- This site is optimized with the Yoast SEO Premium plugin v23.1 (Yoast SEO v24.9) - https:\/\/yoast.com\/wordpress\/plugins\/seo\/ -->\n<title>\u017dena izme\u0111u prave i la\u017ene slobode<\/title>\n<meta name=\"robots\" content=\"index, follow, max-snippet:-1, max-image-preview:large, max-video-preview:-1\" \/>\n<link rel=\"canonical\" href=\"https:\/\/sandzakpress.net\/arhiva\/zena-izmedu-prave-i-lazne-slobode\/\" \/>\n<meta property=\"og:locale\" content=\"bs_BA\" \/>\n<meta property=\"og:type\" content=\"article\" \/>\n<meta property=\"og:title\" content=\"\u017dena izme\u0111u prave i la\u017ene slobode\" \/>\n<meta property=\"og:description\" content=\"Meliha Preljevi\u0107\" \/>\n<meta property=\"og:url\" content=\"https:\/\/sandzakpress.net\/arhiva\/zena-izmedu-prave-i-lazne-slobode\/\" \/>\n<meta property=\"og:site_name\" content=\"Sand\u017eak PRESS\" \/>\n<meta property=\"article:published_time\" content=\"2015-02-14T10:03:00+00:00\" \/>\n<meta property=\"article:modified_time\" content=\"2015-02-14T10:40:57+00:00\" \/>\n<meta property=\"og:image\" content=\"https:\/\/sandzakpress.net\/arhiva\/wp-content\/uploads\/2015\/02\/562591_341145649279277_1376304451_n_large.jpg\" \/>\n\t<meta property=\"og:image:width\" content=\"600\" \/>\n\t<meta property=\"og:image:height\" content=\"400\" \/>\n\t<meta property=\"og:image:type\" content=\"image\/jpeg\" \/>\n<meta name=\"author\" content=\"bosniak\" \/>\n<meta name=\"twitter:card\" content=\"summary_large_image\" \/>\n<meta name=\"twitter:label1\" content=\"Written by\" \/>\n\t<meta name=\"twitter:data1\" content=\"bosniak\" \/>\n\t<meta name=\"twitter:label2\" content=\"Est. reading time\" \/>\n\t<meta name=\"twitter:data2\" content=\"5 minuta\" \/>\n<script type=\"application\/ld+json\" class=\"yoast-schema-graph\">{\"@context\":\"https:\/\/schema.org\",\"@graph\":[{\"@type\":\"Article\",\"@id\":\"https:\/\/sandzakpress.net\/arhiva\/zena-izmedu-prave-i-lazne-slobode\/#article\",\"isPartOf\":{\"@id\":\"https:\/\/sandzakpress.net\/arhiva\/zena-izmedu-prave-i-lazne-slobode\/\"},\"author\":{\"name\":\"bosniak\",\"@id\":\"https:\/\/sandzakpress.net\/arhiva\/#\/schema\/person\/c8baee722073534b583ea7bdb2e36c02\"},\"headline\":\"\u017dena izme\u0111u prave i la\u017ene slobode\",\"datePublished\":\"2015-02-14T10:03:00+00:00\",\"dateModified\":\"2015-02-14T10:40:57+00:00\",\"mainEntityOfPage\":{\"@id\":\"https:\/\/sandzakpress.net\/arhiva\/zena-izmedu-prave-i-lazne-slobode\/\"},\"wordCount\":1062,\"commentCount\":4,\"publisher\":{\"@id\":\"https:\/\/sandzakpress.net\/arhiva\/#\/schema\/person\/6e72b67d6e51910a1117b3b483ba20bd\"},\"image\":{\"@id\":\"https:\/\/sandzakpress.net\/arhiva\/zena-izmedu-prave-i-lazne-slobode\/#primaryimage\"},\"thumbnailUrl\":\"https:\/\/sandzakpress.net\/arhiva\/wp-content\/uploads\/2015\/02\/562591_341145649279277_1376304451_n_large.jpg\",\"articleSection\":[\"Iz pera na\u0161ih autora\"],\"inLanguage\":\"bs-BA\",\"potentialAction\":[{\"@type\":\"CommentAction\",\"name\":\"Comment\",\"target\":[\"https:\/\/sandzakpress.net\/arhiva\/zena-izmedu-prave-i-lazne-slobode\/#respond\"]}]},{\"@type\":\"WebPage\",\"@id\":\"https:\/\/sandzakpress.net\/arhiva\/zena-izmedu-prave-i-lazne-slobode\/\",\"url\":\"https:\/\/sandzakpress.net\/arhiva\/zena-izmedu-prave-i-lazne-slobode\/\",\"name\":\"\u017dena izme\u0111u prave i la\u017ene slobode\",\"isPartOf\":{\"@id\":\"https:\/\/sandzakpress.net\/arhiva\/#website\"},\"primaryImageOfPage\":{\"@id\":\"https:\/\/sandzakpress.net\/arhiva\/zena-izmedu-prave-i-lazne-slobode\/#primaryimage\"},\"image\":{\"@id\":\"https:\/\/sandzakpress.net\/arhiva\/zena-izmedu-prave-i-lazne-slobode\/#primaryimage\"},\"thumbnailUrl\":\"https:\/\/sandzakpress.net\/arhiva\/wp-content\/uploads\/2015\/02\/562591_341145649279277_1376304451_n_large.jpg\",\"datePublished\":\"2015-02-14T10:03:00+00:00\",\"dateModified\":\"2015-02-14T10:40:57+00:00\",\"breadcrumb\":{\"@id\":\"https:\/\/sandzakpress.net\/arhiva\/zena-izmedu-prave-i-lazne-slobode\/#breadcrumb\"},\"inLanguage\":\"bs-BA\",\"potentialAction\":[{\"@type\":\"ReadAction\",\"target\":[\"https:\/\/sandzakpress.net\/arhiva\/zena-izmedu-prave-i-lazne-slobode\/\"]}]},{\"@type\":\"ImageObject\",\"inLanguage\":\"bs-BA\",\"@id\":\"https:\/\/sandzakpress.net\/arhiva\/zena-izmedu-prave-i-lazne-slobode\/#primaryimage\",\"url\":\"https:\/\/sandzakpress.net\/arhiva\/wp-content\/uploads\/2015\/02\/562591_341145649279277_1376304451_n_large.jpg\",\"contentUrl\":\"https:\/\/sandzakpress.net\/arhiva\/wp-content\/uploads\/2015\/02\/562591_341145649279277_1376304451_n_large.jpg\",\"width\":600,\"height\":400},{\"@type\":\"BreadcrumbList\",\"@id\":\"https:\/\/sandzakpress.net\/arhiva\/zena-izmedu-prave-i-lazne-slobode\/#breadcrumb\",\"itemListElement\":[{\"@type\":\"ListItem\",\"position\":1,\"name\":\"Home\",\"item\":\"https:\/\/sandzakpress.net\/arhiva\/\"},{\"@type\":\"ListItem\",\"position\":2,\"name\":\"\u017dena izme\u0111u prave i la\u017ene slobode\"}]},{\"@type\":\"WebSite\",\"@id\":\"https:\/\/sandzakpress.net\/arhiva\/#website\",\"url\":\"https:\/\/sandzakpress.net\/arhiva\/\",\"name\":\"Sand\u017eak PRESS\",\"description\":\"Prve elektronske novine u Sand\u017eaku\",\"publisher\":{\"@id\":\"https:\/\/sandzakpress.net\/arhiva\/#\/schema\/person\/6e72b67d6e51910a1117b3b483ba20bd\"},\"potentialAction\":[{\"@type\":\"SearchAction\",\"target\":{\"@type\":\"EntryPoint\",\"urlTemplate\":\"https:\/\/sandzakpress.net\/arhiva\/?s={search_term_string}\"},\"query-input\":{\"@type\":\"PropertyValueSpecification\",\"valueRequired\":true,\"valueName\":\"search_term_string\"}}],\"inLanguage\":\"bs-BA\"},{\"@type\":[\"Person\",\"Organization\"],\"@id\":\"https:\/\/sandzakpress.net\/arhiva\/#\/schema\/person\/6e72b67d6e51910a1117b3b483ba20bd\",\"name\":\"Kul\",\"image\":{\"@type\":\"ImageObject\",\"inLanguage\":\"bs-BA\",\"@id\":\"https:\/\/sandzakpress.net\/arhiva\/#\/schema\/person\/image\/\",\"url\":\"https:\/\/secure.gravatar.com\/avatar\/42263f39aa27ac04c43cab85c280eb2e?s=96&d=mm&r=pg\",\"contentUrl\":\"https:\/\/secure.gravatar.com\/avatar\/42263f39aa27ac04c43cab85c280eb2e?s=96&d=mm&r=pg\",\"caption\":\"Kul\"},\"logo\":{\"@id\":\"https:\/\/sandzakpress.net\/arhiva\/#\/schema\/person\/image\/\"}},{\"@type\":\"Person\",\"@id\":\"https:\/\/sandzakpress.net\/arhiva\/#\/schema\/person\/c8baee722073534b583ea7bdb2e36c02\",\"name\":\"bosniak\",\"image\":{\"@type\":\"ImageObject\",\"inLanguage\":\"bs-BA\",\"@id\":\"https:\/\/sandzakpress.net\/arhiva\/#\/schema\/person\/image\/\",\"url\":\"https:\/\/secure.gravatar.com\/avatar\/a04fd330bfe3a36a72a0ad4a6d89fca7?s=96&d=mm&r=pg\",\"contentUrl\":\"https:\/\/secure.gravatar.com\/avatar\/a04fd330bfe3a36a72a0ad4a6d89fca7?s=96&d=mm&r=pg\",\"caption\":\"bosniak\"},\"url\":\"https:\/\/sandzakpress.net\/arhiva\/author\/bosniak\/\"}]}<\/script>\n<!-- \/ Yoast SEO Premium plugin. -->","yoast_head_json":{"title":"\u017dena izme\u0111u prave i la\u017ene slobode","robots":{"index":"index","follow":"follow","max-snippet":"max-snippet:-1","max-image-preview":"max-image-preview:large","max-video-preview":"max-video-preview:-1"},"canonical":"https:\/\/sandzakpress.net\/arhiva\/zena-izmedu-prave-i-lazne-slobode\/","og_locale":"bs_BA","og_type":"article","og_title":"\u017dena izme\u0111u prave i la\u017ene slobode","og_description":"Meliha Preljevi\u0107","og_url":"https:\/\/sandzakpress.net\/arhiva\/zena-izmedu-prave-i-lazne-slobode\/","og_site_name":"Sand\u017eak PRESS","article_published_time":"2015-02-14T10:03:00+00:00","article_modified_time":"2015-02-14T10:40:57+00:00","og_image":[{"width":600,"height":400,"url":"https:\/\/sandzakpress.net\/arhiva\/wp-content\/uploads\/2015\/02\/562591_341145649279277_1376304451_n_large.jpg","type":"image\/jpeg"}],"author":"bosniak","twitter_card":"summary_large_image","twitter_misc":{"Written by":"bosniak","Est. reading time":"5 minuta"},"schema":{"@context":"https:\/\/schema.org","@graph":[{"@type":"Article","@id":"https:\/\/sandzakpress.net\/arhiva\/zena-izmedu-prave-i-lazne-slobode\/#article","isPartOf":{"@id":"https:\/\/sandzakpress.net\/arhiva\/zena-izmedu-prave-i-lazne-slobode\/"},"author":{"name":"bosniak","@id":"https:\/\/sandzakpress.net\/arhiva\/#\/schema\/person\/c8baee722073534b583ea7bdb2e36c02"},"headline":"\u017dena izme\u0111u prave i la\u017ene slobode","datePublished":"2015-02-14T10:03:00+00:00","dateModified":"2015-02-14T10:40:57+00:00","mainEntityOfPage":{"@id":"https:\/\/sandzakpress.net\/arhiva\/zena-izmedu-prave-i-lazne-slobode\/"},"wordCount":1062,"commentCount":4,"publisher":{"@id":"https:\/\/sandzakpress.net\/arhiva\/#\/schema\/person\/6e72b67d6e51910a1117b3b483ba20bd"},"image":{"@id":"https:\/\/sandzakpress.net\/arhiva\/zena-izmedu-prave-i-lazne-slobode\/#primaryimage"},"thumbnailUrl":"https:\/\/sandzakpress.net\/arhiva\/wp-content\/uploads\/2015\/02\/562591_341145649279277_1376304451_n_large.jpg","articleSection":["Iz pera na\u0161ih autora"],"inLanguage":"bs-BA","potentialAction":[{"@type":"CommentAction","name":"Comment","target":["https:\/\/sandzakpress.net\/arhiva\/zena-izmedu-prave-i-lazne-slobode\/#respond"]}]},{"@type":"WebPage","@id":"https:\/\/sandzakpress.net\/arhiva\/zena-izmedu-prave-i-lazne-slobode\/","url":"https:\/\/sandzakpress.net\/arhiva\/zena-izmedu-prave-i-lazne-slobode\/","name":"\u017dena izme\u0111u prave i la\u017ene slobode","isPartOf":{"@id":"https:\/\/sandzakpress.net\/arhiva\/#website"},"primaryImageOfPage":{"@id":"https:\/\/sandzakpress.net\/arhiva\/zena-izmedu-prave-i-lazne-slobode\/#primaryimage"},"image":{"@id":"https:\/\/sandzakpress.net\/arhiva\/zena-izmedu-prave-i-lazne-slobode\/#primaryimage"},"thumbnailUrl":"https:\/\/sandzakpress.net\/arhiva\/wp-content\/uploads\/2015\/02\/562591_341145649279277_1376304451_n_large.jpg","datePublished":"2015-02-14T10:03:00+00:00","dateModified":"2015-02-14T10:40:57+00:00","breadcrumb":{"@id":"https:\/\/sandzakpress.net\/arhiva\/zena-izmedu-prave-i-lazne-slobode\/#breadcrumb"},"inLanguage":"bs-BA","potentialAction":[{"@type":"ReadAction","target":["https:\/\/sandzakpress.net\/arhiva\/zena-izmedu-prave-i-lazne-slobode\/"]}]},{"@type":"ImageObject","inLanguage":"bs-BA","@id":"https:\/\/sandzakpress.net\/arhiva\/zena-izmedu-prave-i-lazne-slobode\/#primaryimage","url":"https:\/\/sandzakpress.net\/arhiva\/wp-content\/uploads\/2015\/02\/562591_341145649279277_1376304451_n_large.jpg","contentUrl":"https:\/\/sandzakpress.net\/arhiva\/wp-content\/uploads\/2015\/02\/562591_341145649279277_1376304451_n_large.jpg","width":600,"height":400},{"@type":"BreadcrumbList","@id":"https:\/\/sandzakpress.net\/arhiva\/zena-izmedu-prave-i-lazne-slobode\/#breadcrumb","itemListElement":[{"@type":"ListItem","position":1,"name":"Home","item":"https:\/\/sandzakpress.net\/arhiva\/"},{"@type":"ListItem","position":2,"name":"\u017dena izme\u0111u prave i la\u017ene slobode"}]},{"@type":"WebSite","@id":"https:\/\/sandzakpress.net\/arhiva\/#website","url":"https:\/\/sandzakpress.net\/arhiva\/","name":"Sand\u017eak PRESS","description":"Prve elektronske novine u Sand\u017eaku","publisher":{"@id":"https:\/\/sandzakpress.net\/arhiva\/#\/schema\/person\/6e72b67d6e51910a1117b3b483ba20bd"},"potentialAction":[{"@type":"SearchAction","target":{"@type":"EntryPoint","urlTemplate":"https:\/\/sandzakpress.net\/arhiva\/?s={search_term_string}"},"query-input":{"@type":"PropertyValueSpecification","valueRequired":true,"valueName":"search_term_string"}}],"inLanguage":"bs-BA"},{"@type":["Person","Organization"],"@id":"https:\/\/sandzakpress.net\/arhiva\/#\/schema\/person\/6e72b67d6e51910a1117b3b483ba20bd","name":"Kul","image":{"@type":"ImageObject","inLanguage":"bs-BA","@id":"https:\/\/sandzakpress.net\/arhiva\/#\/schema\/person\/image\/","url":"https:\/\/secure.gravatar.com\/avatar\/42263f39aa27ac04c43cab85c280eb2e?s=96&d=mm&r=pg","contentUrl":"https:\/\/secure.gravatar.com\/avatar\/42263f39aa27ac04c43cab85c280eb2e?s=96&d=mm&r=pg","caption":"Kul"},"logo":{"@id":"https:\/\/sandzakpress.net\/arhiva\/#\/schema\/person\/image\/"}},{"@type":"Person","@id":"https:\/\/sandzakpress.net\/arhiva\/#\/schema\/person\/c8baee722073534b583ea7bdb2e36c02","name":"bosniak","image":{"@type":"ImageObject","inLanguage":"bs-BA","@id":"https:\/\/sandzakpress.net\/arhiva\/#\/schema\/person\/image\/","url":"https:\/\/secure.gravatar.com\/avatar\/a04fd330bfe3a36a72a0ad4a6d89fca7?s=96&d=mm&r=pg","contentUrl":"https:\/\/secure.gravatar.com\/avatar\/a04fd330bfe3a36a72a0ad4a6d89fca7?s=96&d=mm&r=pg","caption":"bosniak"},"url":"https:\/\/sandzakpress.net\/arhiva\/author\/bosniak\/"}]}},"_links":{"self":[{"href":"https:\/\/sandzakpress.net\/arhiva\/wp-json\/wp\/v2\/posts\/122574"}],"collection":[{"href":"https:\/\/sandzakpress.net\/arhiva\/wp-json\/wp\/v2\/posts"}],"about":[{"href":"https:\/\/sandzakpress.net\/arhiva\/wp-json\/wp\/v2\/types\/post"}],"author":[{"embeddable":true,"href":"https:\/\/sandzakpress.net\/arhiva\/wp-json\/wp\/v2\/users\/83"}],"replies":[{"embeddable":true,"href":"https:\/\/sandzakpress.net\/arhiva\/wp-json\/wp\/v2\/comments?post=122574"}],"version-history":[{"count":0,"href":"https:\/\/sandzakpress.net\/arhiva\/wp-json\/wp\/v2\/posts\/122574\/revisions"}],"wp:featuredmedia":[{"embeddable":true,"href":"https:\/\/sandzakpress.net\/arhiva\/wp-json\/wp\/v2\/media\/122578"}],"wp:attachment":[{"href":"https:\/\/sandzakpress.net\/arhiva\/wp-json\/wp\/v2\/media?parent=122574"}],"wp:term":[{"taxonomy":"category","embeddable":true,"href":"https:\/\/sandzakpress.net\/arhiva\/wp-json\/wp\/v2\/categories?post=122574"},{"taxonomy":"post_tag","embeddable":true,"href":"https:\/\/sandzakpress.net\/arhiva\/wp-json\/wp\/v2\/tags?post=122574"}],"curies":[{"name":"wp","href":"https:\/\/api.w.org\/{rel}","templated":true}]}}