{"id":122405,"date":"2015-02-12T08:08:29","date_gmt":"2015-02-12T07:08:29","guid":{"rendered":"https:\/\/sandzakpress.net\/arhiva\/?p=122405"},"modified":"2015-02-12T13:52:30","modified_gmt":"2015-02-12T12:52:30","slug":"ugljanin-se-poceo-zalagati-za-prava-bosnjaka-od-kada-je-istjeran-iz-vlade","status":"publish","type":"post","link":"https:\/\/sandzakpress.net\/arhiva\/ugljanin-se-poceo-zalagati-za-prava-bosnjaka-od-kada-je-istjeran-iz-vlade\/","title":{"rendered":"Ugljanin se po\u010deo zalagati za prava Bo\u0161njaka od kada je istjeran iz Vlade"},"content":{"rendered":"<p class=\"after_title\" style=\"text-align: center;\"><img loading=\"lazy\" decoding=\"async\" class=\"\" src=\"http:\/\/www.rts.rs\/upload\/storyBoxImageData\/2013\/01\/27\/11633854\/Sulejman-Ugljanin.jpg\" alt=\"\" width=\"600\" height=\"322\" \/><\/p>\n<p class=\"after_title\" style=\"text-align: center;\"><span style=\"text-decoration: underline;\"><strong>Tekst prenosimo u cjelosti iz lista &#8216;Politika&#8217;<\/strong><\/span><\/p>\n<p class=\"after_title\"><strong>Sand\u017eak &#8211; Lider SDA tra\u017ei da skup\u0161tina donese rezoluciju o rje\u0161avanju statusa nacionalnih manjina i upore\u0111uje Sand\u017eak s Ju\u017enim Tirolom, a u bo\u0161nja\u010dkim strankama ga podsje\u0107aju da nije tako pri\u010dao dok je bio ministar<\/strong><\/p>\n<div class=\"image_holder\">\n<div class=\"desc\">Opozicija u Sand\u017eaku smatra da Ugljanin nije iskren u svojoj brizi za Bo\u0161njake (Foto D. Uro\u0161evi\u0107)<\/div>\n<\/div>\n<div class=\"text_holder\">\n<p>Po\u0161to je podno\u0161enje rezolucije o rje\u0161avanju statusa nacionalnih manjina u srpskom parlamentu pro\u0161lo skoro nezapa\u017eeno, Sulejman Ugljanin je novopazarskoj javnosti poku\u0161ao da objasni za\u0161to je neophodno da Narodna skup\u0161tina donese ovaj dokument po kojem bi Sand\u017eak mogao da dobije status Ju\u017enog Tirola ili Olandskih Ostrva. \u0160ef poslani\u010dke grupe SDA Sand\u017eaka \u2013 PDD ponovo je pozvao dr\u017eavne organe da se okanu \u201eprivatnih Bo\u0161njaka\u201d i okrenu dijalogu sa legitimnim predstavnicima manjina. U suprotnom, ka\u017ee Ugljanin, ostaje teza Grupe za manjinska pitanja, savetodavnog tijela pri Ujedinjenim nacijama, da Bo\u0161njacima prijeti istrebljenje.<\/p>\n<p>\u201eManjine u Srbiji imaju mnogo problema, a sve dosada\u0161nje vlasti, kao ni aktuelna vlast u dr\u017eavi, nisu \u010dinile ni\u0161ta da ih re\u0161e\u201d, rekao je Ugljanin.<\/p>\n<p>Opozicija u Sand\u017eaku ipak smatra da je Ugljanin nije iskren u svojoj brizi za Bo\u0161njake, podsje\u0107aju\u0107i da nije tako pri\u010dao dok je bio u Vladi Srbije ministar. Jahja Fehratovi\u0107, predsjednik Bo\u0161nja\u010dke demokratske zajednice Sand\u017eaka, stranke bliske muftiji Muameru Zukorli\u0107u, ka\u017ee, uz ogradu da rezoluciju nije \u010ditao, da bi parlament trebalo da je usvoji, jer bi time Srbija dokazala da ima kapaciteta da re\u0161ava nacionalna pitanja i da je demokratska zemlja. Ipak, Fehratovi\u0107 zamijera Ugljaninu \u0161to ta pitanja nije pokretao dok je bio ministar u prethodnoj vladi.<\/p>\n<p>\u201eUgljanin je za jedinstvo u kome se samo on pita i nije spreman da \u010duje druga\u010dije mi\u0161ljenje\u201d, ka\u017ee Fehratovi\u0107 i ilustruje to zbivanjima u BNV-u, \u010diji je Ugljanin predsednik i gde ignori\u0161e postojanje opozicije.Kao i vi\u0161e puta dosad, Ugljanin ponavlja da dr\u017eava nije u\u010dinila ni\u0161ta da rasvijetli granatiranje pribojskih sela niti slu\u010dajeve nestalih, ubijenih, kidnapovanih i raseljenih Bo\u0161njaka iz devedesetih godina pro\u0161log vijeka. Po njemu, teror nad Bo\u0161njacima traje i sada, pa se javljaju novi slu\u010dajevi policijskih opse\u017enih akcija pretresa i zastra\u0161ivanja bo\u0161nja\u010dkog stanovni\u0161tva bez ikakvog povoda i osnova. Uz sve to, ka\u017ee Ugljanin, manjine nisu zastupljene adekvatno u dr\u017eavnim organima sa javnim ovla\u0161\u0107enjima, \u0161to ih potiskuje iz javnog \u017eivota.<\/p>\n<p>\u2013 Neljudski i diskriminatorski odnos uniformisanih policajaca prema legitimno izabranim predstavnicima Bo\u0161njaka traje ve\u0107 24 godine \u2013 kazao je Ugljanin. Po njegovom mi\u0161ljenju, poslani\u010dki imunitet i legitimacija trebalo bi da od bilo kakve kontrole i eventualnih sankcija za\u0161tite i njegovog voza\u010da.<\/p>\n<p>\u2013 Ovako oni (saobra\u0107ajna policija) zaustave vozilo, voza\u010d ka\u017ee da vozi narodne poslanike, a oni ka\u017eu da ih to ne zanima. Isprepadaju voza\u010da, njemu drhte ruke, a mora posle da vozi. To je poku\u0161aj ubistva i voza\u010da i poslanika. To je ratno stanje \u2013 zaklju\u010duje Ugljanin, uz \u201eobja\u0161njenje\u201d da su policajci nalog za takvo postupanje sigurno dobili od nekoga \u2013 politi\u010dara, tu\u017eioca ili ministra.<\/p>\n<p>Zbog svega predsjednik Bo\u0161nja\u010dkog nacionalnog ve\u0107a nudi rezoluciju po kojoj bi Srbija, kada je re\u010d o Sand\u017eaku i ostalim krajevima gde \u017eive manjine, trebalo da \u201eprou\u010di i koristi najbolju praksu, kakvu ima Italija sa Ju\u017enim Tirolom ili Finska u odnosu na Olandska Ostrva\u201d. Kako pi\u0161e u ovom dokumentu, \u201eteritorijalno ure\u0111enje treba da igra zna\u010dajnu ulogu u efikasnoj za\u0161titi prava nacionalnih manjina u Srbiji\u201d. U procesu novog definisanja administrativne i teritorijalne ure\u0111enosti Srbije, valjalo bi da se posebno uzmu u obzir istorijski, tradicionalni regioni.<\/p>\n<p>Ugljanin vjeruje da Srbiji nema druge nego da usvoji rezoluciju koju su podneli bo\u0161nja\u010dki i albanski poslanici ako ho\u0107e da nastavi svoj put prema Evropskoj uniji. U suprotnom, ka\u017ee, Bo\u0161njaci kao manjina su kojoj prijeti istrebljenje.<\/p>\n<p>Ipak, drugi politi\u010dki predstavnici Bo\u0161njaka ne vide u ovom gestu Ugljanina njegovu pretjeranu brigu za polo\u017eaj svojih sunarodnika.<\/p>\n<p>Tako narodni poslanik Muamer Ba\u010devac (SDP) smatra da ovaj Ugljaninov potez nije odraz iskrene brige za Bo\u0161njake.<\/p>\n<p>\u201eOn vre\u0111a Bo\u0161njake, ra\u010dunaju\u0107i da su zaboravili da je, dok je bio ministar, Ugljanin govorio kako Bo\u0161njaci imaju sva prava u Srbiji. Sada opet, kad on nije u vladi, a u predizbornoj godini, pri\u010da da su Bo\u0161njaci obespravljeni\u201d, ka\u017ee Ba\u010devac. On dodaje da i ovim postupkom Ugljanin, kao i mnogo puta ranije, pokazuje \u201enevi\u0111enu sposobnost\u201d da od ozbiljnog pitanja napravi maskaradu.<\/p>\n<\/div>\n<div class=\"author\">Slavka Bakra\u010devi\u0107<\/div>\n<div class=\"author\">(Politika)<\/div>\n","protected":false},"excerpt":{"rendered":"<p>Tekst prenosimo u cjelosti iz lista &#8216;Politika&#8217; Sand\u017eak &#8211; Lider SDA tra\u017ei da skup\u0161tina donese rezoluciju o rje\u0161avanju statusa nacionalnih manjina i upore\u0111uje Sand\u017eak s Ju\u017enim Tirolom, a u bo\u0161nja\u010dkim strankama ga podsje\u0107aju da nije tako pri\u010dao dok je bio ministar Opozicija u Sand\u017eaku smatra da Ugljanin nije iskren u svojoj brizi za Bo\u0161njake (Foto [&hellip;]<\/p>\n","protected":false},"author":83,"featured_media":122407,"comment_status":"open","ping_status":"open","sticky":false,"template":"","format":"standard","meta":{"footnotes":""},"categories":[72,1,52,327,392,393,8957],"tags":[10269,10223,10255,10257],"class_list":{"0":"post-122405","1":"post","2":"type-post","3":"status-publish","4":"format-standard","5":"has-post-thumbnail","7":"category-novi-pazar","8":"category-politika","9":"category-sjenica","10":"category-tutin","11":"category-prijepolje_","12":"category-priboj","13":"category-vijesti-dana","14":"tag-sulejman-ugljanin","15":"tag-bdz","16":"tag-sda","17":"tag-sdp"},"yoast_head":"<!-- This site is optimized with the Yoast SEO Premium plugin v23.1 (Yoast SEO v24.9) - https:\/\/yoast.com\/wordpress\/plugins\/seo\/ -->\n<title>Ugljanin se po\u010deo zalagati za prava Bo\u0161njaka od kada je istjeran iz Vlade<\/title>\n<meta name=\"robots\" content=\"index, follow, max-snippet:-1, max-image-preview:large, max-video-preview:-1\" \/>\n<link rel=\"canonical\" href=\"https:\/\/sandzakpress.net\/arhiva\/ugljanin-se-poceo-zalagati-za-prava-bosnjaka-od-kada-je-istjeran-iz-vlade\/\" \/>\n<meta property=\"og:locale\" content=\"bs_BA\" \/>\n<meta property=\"og:type\" content=\"article\" \/>\n<meta property=\"og:title\" content=\"Ugljanin se po\u010deo zalagati za prava Bo\u0161njaka od kada je istjeran iz Vlade\" \/>\n<meta property=\"og:description\" content=\"Tekst prenosimo u cjelosti iz lista &#8216;Politika&#8217; Sand\u017eak &#8211; Lider SDA tra\u017ei da skup\u0161tina donese rezoluciju o rje\u0161avanju statusa nacionalnih manjina i upore\u0111uje Sand\u017eak s Ju\u017enim Tirolom, a u bo\u0161nja\u010dkim strankama ga podsje\u0107aju da nije tako pri\u010dao dok je bio ministar Opozicija u Sand\u017eaku smatra da Ugljanin nije iskren u svojoj brizi za Bo\u0161njake (Foto [&hellip;]\" \/>\n<meta property=\"og:url\" content=\"https:\/\/sandzakpress.net\/arhiva\/ugljanin-se-poceo-zalagati-za-prava-bosnjaka-od-kada-je-istjeran-iz-vlade\/\" \/>\n<meta property=\"og:site_name\" content=\"Sand\u017eak PRESS\" \/>\n<meta property=\"article:published_time\" content=\"2015-02-12T07:08:29+00:00\" \/>\n<meta property=\"article:modified_time\" content=\"2015-02-12T12:52:30+00:00\" \/>\n<meta property=\"og:image\" content=\"https:\/\/sandzakpress.net\/arhiva\/wp-content\/uploads\/2015\/02\/Sulejman-Ugljanin.jpg\" \/>\n\t<meta property=\"og:image:width\" content=\"527\" \/>\n\t<meta property=\"og:image:height\" content=\"283\" \/>\n\t<meta property=\"og:image:type\" content=\"image\/jpeg\" \/>\n<meta name=\"author\" content=\"bosniak\" \/>\n<meta name=\"twitter:card\" content=\"summary_large_image\" \/>\n<meta name=\"twitter:label1\" content=\"Written by\" \/>\n\t<meta name=\"twitter:data1\" content=\"bosniak\" \/>\n\t<meta name=\"twitter:label2\" content=\"Est. reading time\" \/>\n\t<meta name=\"twitter:data2\" content=\"4 minute\" \/>\n<script type=\"application\/ld+json\" class=\"yoast-schema-graph\">{\"@context\":\"https:\/\/schema.org\",\"@graph\":[{\"@type\":\"Article\",\"@id\":\"https:\/\/sandzakpress.net\/arhiva\/ugljanin-se-poceo-zalagati-za-prava-bosnjaka-od-kada-je-istjeran-iz-vlade\/#article\",\"isPartOf\":{\"@id\":\"https:\/\/sandzakpress.net\/arhiva\/ugljanin-se-poceo-zalagati-za-prava-bosnjaka-od-kada-je-istjeran-iz-vlade\/\"},\"author\":{\"name\":\"bosniak\",\"@id\":\"https:\/\/sandzakpress.net\/arhiva\/#\/schema\/person\/c8baee722073534b583ea7bdb2e36c02\"},\"headline\":\"Ugljanin se po\u010deo zalagati za prava Bo\u0161njaka od kada je istjeran iz Vlade\",\"datePublished\":\"2015-02-12T07:08:29+00:00\",\"dateModified\":\"2015-02-12T12:52:30+00:00\",\"mainEntityOfPage\":{\"@id\":\"https:\/\/sandzakpress.net\/arhiva\/ugljanin-se-poceo-zalagati-za-prava-bosnjaka-od-kada-je-istjeran-iz-vlade\/\"},\"wordCount\":811,\"commentCount\":16,\"publisher\":{\"@id\":\"https:\/\/sandzakpress.net\/arhiva\/#\/schema\/person\/6e72b67d6e51910a1117b3b483ba20bd\"},\"image\":{\"@id\":\"https:\/\/sandzakpress.net\/arhiva\/ugljanin-se-poceo-zalagati-za-prava-bosnjaka-od-kada-je-istjeran-iz-vlade\/#primaryimage\"},\"thumbnailUrl\":\"https:\/\/sandzakpress.net\/arhiva\/wp-content\/uploads\/2015\/02\/Sulejman-Ugljanin.jpg\",\"keywords\":[\"Sulejman Ugljanin\",\"BDZ\",\"SDA\",\"SDPS\"],\"articleSection\":[\"Novi Pazar\",\"Politika\",\"Sjenica\",\"Tutin\",\"Prijepolje\",\"Priboj\",\"VIJESTI DANA\"],\"inLanguage\":\"bs-BA\",\"potentialAction\":[{\"@type\":\"CommentAction\",\"name\":\"Comment\",\"target\":[\"https:\/\/sandzakpress.net\/arhiva\/ugljanin-se-poceo-zalagati-za-prava-bosnjaka-od-kada-je-istjeran-iz-vlade\/#respond\"]}]},{\"@type\":\"WebPage\",\"@id\":\"https:\/\/sandzakpress.net\/arhiva\/ugljanin-se-poceo-zalagati-za-prava-bosnjaka-od-kada-je-istjeran-iz-vlade\/\",\"url\":\"https:\/\/sandzakpress.net\/arhiva\/ugljanin-se-poceo-zalagati-za-prava-bosnjaka-od-kada-je-istjeran-iz-vlade\/\",\"name\":\"Ugljanin se po\u010deo zalagati za prava Bo\u0161njaka od kada je istjeran iz Vlade\",\"isPartOf\":{\"@id\":\"https:\/\/sandzakpress.net\/arhiva\/#website\"},\"primaryImageOfPage\":{\"@id\":\"https:\/\/sandzakpress.net\/arhiva\/ugljanin-se-poceo-zalagati-za-prava-bosnjaka-od-kada-je-istjeran-iz-vlade\/#primaryimage\"},\"image\":{\"@id\":\"https:\/\/sandzakpress.net\/arhiva\/ugljanin-se-poceo-zalagati-za-prava-bosnjaka-od-kada-je-istjeran-iz-vlade\/#primaryimage\"},\"thumbnailUrl\":\"https:\/\/sandzakpress.net\/arhiva\/wp-content\/uploads\/2015\/02\/Sulejman-Ugljanin.jpg\",\"datePublished\":\"2015-02-12T07:08:29+00:00\",\"dateModified\":\"2015-02-12T12:52:30+00:00\",\"breadcrumb\":{\"@id\":\"https:\/\/sandzakpress.net\/arhiva\/ugljanin-se-poceo-zalagati-za-prava-bosnjaka-od-kada-je-istjeran-iz-vlade\/#breadcrumb\"},\"inLanguage\":\"bs-BA\",\"potentialAction\":[{\"@type\":\"ReadAction\",\"target\":[\"https:\/\/sandzakpress.net\/arhiva\/ugljanin-se-poceo-zalagati-za-prava-bosnjaka-od-kada-je-istjeran-iz-vlade\/\"]}]},{\"@type\":\"ImageObject\",\"inLanguage\":\"bs-BA\",\"@id\":\"https:\/\/sandzakpress.net\/arhiva\/ugljanin-se-poceo-zalagati-za-prava-bosnjaka-od-kada-je-istjeran-iz-vlade\/#primaryimage\",\"url\":\"https:\/\/sandzakpress.net\/arhiva\/wp-content\/uploads\/2015\/02\/Sulejman-Ugljanin.jpg\",\"contentUrl\":\"https:\/\/sandzakpress.net\/arhiva\/wp-content\/uploads\/2015\/02\/Sulejman-Ugljanin.jpg\",\"width\":527,\"height\":283},{\"@type\":\"BreadcrumbList\",\"@id\":\"https:\/\/sandzakpress.net\/arhiva\/ugljanin-se-poceo-zalagati-za-prava-bosnjaka-od-kada-je-istjeran-iz-vlade\/#breadcrumb\",\"itemListElement\":[{\"@type\":\"ListItem\",\"position\":1,\"name\":\"Home\",\"item\":\"https:\/\/sandzakpress.net\/arhiva\/\"},{\"@type\":\"ListItem\",\"position\":2,\"name\":\"Ugljanin se po\u010deo zalagati za prava Bo\u0161njaka od kada je istjeran iz Vlade\"}]},{\"@type\":\"WebSite\",\"@id\":\"https:\/\/sandzakpress.net\/arhiva\/#website\",\"url\":\"https:\/\/sandzakpress.net\/arhiva\/\",\"name\":\"Sand\u017eak PRESS\",\"description\":\"Prve elektronske novine u Sand\u017eaku\",\"publisher\":{\"@id\":\"https:\/\/sandzakpress.net\/arhiva\/#\/schema\/person\/6e72b67d6e51910a1117b3b483ba20bd\"},\"potentialAction\":[{\"@type\":\"SearchAction\",\"target\":{\"@type\":\"EntryPoint\",\"urlTemplate\":\"https:\/\/sandzakpress.net\/arhiva\/?s={search_term_string}\"},\"query-input\":{\"@type\":\"PropertyValueSpecification\",\"valueRequired\":true,\"valueName\":\"search_term_string\"}}],\"inLanguage\":\"bs-BA\"},{\"@type\":[\"Person\",\"Organization\"],\"@id\":\"https:\/\/sandzakpress.net\/arhiva\/#\/schema\/person\/6e72b67d6e51910a1117b3b483ba20bd\",\"name\":\"Kul\",\"image\":{\"@type\":\"ImageObject\",\"inLanguage\":\"bs-BA\",\"@id\":\"https:\/\/sandzakpress.net\/arhiva\/#\/schema\/person\/image\/\",\"url\":\"https:\/\/secure.gravatar.com\/avatar\/42263f39aa27ac04c43cab85c280eb2e?s=96&d=mm&r=pg\",\"contentUrl\":\"https:\/\/secure.gravatar.com\/avatar\/42263f39aa27ac04c43cab85c280eb2e?s=96&d=mm&r=pg\",\"caption\":\"Kul\"},\"logo\":{\"@id\":\"https:\/\/sandzakpress.net\/arhiva\/#\/schema\/person\/image\/\"}},{\"@type\":\"Person\",\"@id\":\"https:\/\/sandzakpress.net\/arhiva\/#\/schema\/person\/c8baee722073534b583ea7bdb2e36c02\",\"name\":\"bosniak\",\"image\":{\"@type\":\"ImageObject\",\"inLanguage\":\"bs-BA\",\"@id\":\"https:\/\/sandzakpress.net\/arhiva\/#\/schema\/person\/image\/\",\"url\":\"https:\/\/secure.gravatar.com\/avatar\/a04fd330bfe3a36a72a0ad4a6d89fca7?s=96&d=mm&r=pg\",\"contentUrl\":\"https:\/\/secure.gravatar.com\/avatar\/a04fd330bfe3a36a72a0ad4a6d89fca7?s=96&d=mm&r=pg\",\"caption\":\"bosniak\"},\"url\":\"https:\/\/sandzakpress.net\/arhiva\/author\/bosniak\/\"}]}<\/script>\n<!-- \/ Yoast SEO Premium plugin. -->","yoast_head_json":{"title":"Ugljanin se po\u010deo zalagati za prava Bo\u0161njaka od kada je istjeran iz Vlade","robots":{"index":"index","follow":"follow","max-snippet":"max-snippet:-1","max-image-preview":"max-image-preview:large","max-video-preview":"max-video-preview:-1"},"canonical":"https:\/\/sandzakpress.net\/arhiva\/ugljanin-se-poceo-zalagati-za-prava-bosnjaka-od-kada-je-istjeran-iz-vlade\/","og_locale":"bs_BA","og_type":"article","og_title":"Ugljanin se po\u010deo zalagati za prava Bo\u0161njaka od kada je istjeran iz Vlade","og_description":"Tekst prenosimo u cjelosti iz lista &#8216;Politika&#8217; Sand\u017eak &#8211; Lider SDA tra\u017ei da skup\u0161tina donese rezoluciju o rje\u0161avanju statusa nacionalnih manjina i upore\u0111uje Sand\u017eak s Ju\u017enim Tirolom, a u bo\u0161nja\u010dkim strankama ga podsje\u0107aju da nije tako pri\u010dao dok je bio ministar Opozicija u Sand\u017eaku smatra da Ugljanin nije iskren u svojoj brizi za Bo\u0161njake (Foto [&hellip;]","og_url":"https:\/\/sandzakpress.net\/arhiva\/ugljanin-se-poceo-zalagati-za-prava-bosnjaka-od-kada-je-istjeran-iz-vlade\/","og_site_name":"Sand\u017eak PRESS","article_published_time":"2015-02-12T07:08:29+00:00","article_modified_time":"2015-02-12T12:52:30+00:00","og_image":[{"width":527,"height":283,"url":"https:\/\/sandzakpress.net\/arhiva\/wp-content\/uploads\/2015\/02\/Sulejman-Ugljanin.jpg","type":"image\/jpeg"}],"author":"bosniak","twitter_card":"summary_large_image","twitter_misc":{"Written by":"bosniak","Est. reading time":"4 minute"},"schema":{"@context":"https:\/\/schema.org","@graph":[{"@type":"Article","@id":"https:\/\/sandzakpress.net\/arhiva\/ugljanin-se-poceo-zalagati-za-prava-bosnjaka-od-kada-je-istjeran-iz-vlade\/#article","isPartOf":{"@id":"https:\/\/sandzakpress.net\/arhiva\/ugljanin-se-poceo-zalagati-za-prava-bosnjaka-od-kada-je-istjeran-iz-vlade\/"},"author":{"name":"bosniak","@id":"https:\/\/sandzakpress.net\/arhiva\/#\/schema\/person\/c8baee722073534b583ea7bdb2e36c02"},"headline":"Ugljanin se po\u010deo zalagati za prava Bo\u0161njaka od kada je istjeran iz Vlade","datePublished":"2015-02-12T07:08:29+00:00","dateModified":"2015-02-12T12:52:30+00:00","mainEntityOfPage":{"@id":"https:\/\/sandzakpress.net\/arhiva\/ugljanin-se-poceo-zalagati-za-prava-bosnjaka-od-kada-je-istjeran-iz-vlade\/"},"wordCount":811,"commentCount":16,"publisher":{"@id":"https:\/\/sandzakpress.net\/arhiva\/#\/schema\/person\/6e72b67d6e51910a1117b3b483ba20bd"},"image":{"@id":"https:\/\/sandzakpress.net\/arhiva\/ugljanin-se-poceo-zalagati-za-prava-bosnjaka-od-kada-je-istjeran-iz-vlade\/#primaryimage"},"thumbnailUrl":"https:\/\/sandzakpress.net\/arhiva\/wp-content\/uploads\/2015\/02\/Sulejman-Ugljanin.jpg","keywords":["Sulejman Ugljanin","BDZ","SDA","SDPS"],"articleSection":["Novi Pazar","Politika","Sjenica","Tutin","Prijepolje","Priboj","VIJESTI DANA"],"inLanguage":"bs-BA","potentialAction":[{"@type":"CommentAction","name":"Comment","target":["https:\/\/sandzakpress.net\/arhiva\/ugljanin-se-poceo-zalagati-za-prava-bosnjaka-od-kada-je-istjeran-iz-vlade\/#respond"]}]},{"@type":"WebPage","@id":"https:\/\/sandzakpress.net\/arhiva\/ugljanin-se-poceo-zalagati-za-prava-bosnjaka-od-kada-je-istjeran-iz-vlade\/","url":"https:\/\/sandzakpress.net\/arhiva\/ugljanin-se-poceo-zalagati-za-prava-bosnjaka-od-kada-je-istjeran-iz-vlade\/","name":"Ugljanin se po\u010deo zalagati za prava Bo\u0161njaka od kada je istjeran iz Vlade","isPartOf":{"@id":"https:\/\/sandzakpress.net\/arhiva\/#website"},"primaryImageOfPage":{"@id":"https:\/\/sandzakpress.net\/arhiva\/ugljanin-se-poceo-zalagati-za-prava-bosnjaka-od-kada-je-istjeran-iz-vlade\/#primaryimage"},"image":{"@id":"https:\/\/sandzakpress.net\/arhiva\/ugljanin-se-poceo-zalagati-za-prava-bosnjaka-od-kada-je-istjeran-iz-vlade\/#primaryimage"},"thumbnailUrl":"https:\/\/sandzakpress.net\/arhiva\/wp-content\/uploads\/2015\/02\/Sulejman-Ugljanin.jpg","datePublished":"2015-02-12T07:08:29+00:00","dateModified":"2015-02-12T12:52:30+00:00","breadcrumb":{"@id":"https:\/\/sandzakpress.net\/arhiva\/ugljanin-se-poceo-zalagati-za-prava-bosnjaka-od-kada-je-istjeran-iz-vlade\/#breadcrumb"},"inLanguage":"bs-BA","potentialAction":[{"@type":"ReadAction","target":["https:\/\/sandzakpress.net\/arhiva\/ugljanin-se-poceo-zalagati-za-prava-bosnjaka-od-kada-je-istjeran-iz-vlade\/"]}]},{"@type":"ImageObject","inLanguage":"bs-BA","@id":"https:\/\/sandzakpress.net\/arhiva\/ugljanin-se-poceo-zalagati-za-prava-bosnjaka-od-kada-je-istjeran-iz-vlade\/#primaryimage","url":"https:\/\/sandzakpress.net\/arhiva\/wp-content\/uploads\/2015\/02\/Sulejman-Ugljanin.jpg","contentUrl":"https:\/\/sandzakpress.net\/arhiva\/wp-content\/uploads\/2015\/02\/Sulejman-Ugljanin.jpg","width":527,"height":283},{"@type":"BreadcrumbList","@id":"https:\/\/sandzakpress.net\/arhiva\/ugljanin-se-poceo-zalagati-za-prava-bosnjaka-od-kada-je-istjeran-iz-vlade\/#breadcrumb","itemListElement":[{"@type":"ListItem","position":1,"name":"Home","item":"https:\/\/sandzakpress.net\/arhiva\/"},{"@type":"ListItem","position":2,"name":"Ugljanin se po\u010deo zalagati za prava Bo\u0161njaka od kada je istjeran iz Vlade"}]},{"@type":"WebSite","@id":"https:\/\/sandzakpress.net\/arhiva\/#website","url":"https:\/\/sandzakpress.net\/arhiva\/","name":"Sand\u017eak PRESS","description":"Prve elektronske novine u Sand\u017eaku","publisher":{"@id":"https:\/\/sandzakpress.net\/arhiva\/#\/schema\/person\/6e72b67d6e51910a1117b3b483ba20bd"},"potentialAction":[{"@type":"SearchAction","target":{"@type":"EntryPoint","urlTemplate":"https:\/\/sandzakpress.net\/arhiva\/?s={search_term_string}"},"query-input":{"@type":"PropertyValueSpecification","valueRequired":true,"valueName":"search_term_string"}}],"inLanguage":"bs-BA"},{"@type":["Person","Organization"],"@id":"https:\/\/sandzakpress.net\/arhiva\/#\/schema\/person\/6e72b67d6e51910a1117b3b483ba20bd","name":"Kul","image":{"@type":"ImageObject","inLanguage":"bs-BA","@id":"https:\/\/sandzakpress.net\/arhiva\/#\/schema\/person\/image\/","url":"https:\/\/secure.gravatar.com\/avatar\/42263f39aa27ac04c43cab85c280eb2e?s=96&d=mm&r=pg","contentUrl":"https:\/\/secure.gravatar.com\/avatar\/42263f39aa27ac04c43cab85c280eb2e?s=96&d=mm&r=pg","caption":"Kul"},"logo":{"@id":"https:\/\/sandzakpress.net\/arhiva\/#\/schema\/person\/image\/"}},{"@type":"Person","@id":"https:\/\/sandzakpress.net\/arhiva\/#\/schema\/person\/c8baee722073534b583ea7bdb2e36c02","name":"bosniak","image":{"@type":"ImageObject","inLanguage":"bs-BA","@id":"https:\/\/sandzakpress.net\/arhiva\/#\/schema\/person\/image\/","url":"https:\/\/secure.gravatar.com\/avatar\/a04fd330bfe3a36a72a0ad4a6d89fca7?s=96&d=mm&r=pg","contentUrl":"https:\/\/secure.gravatar.com\/avatar\/a04fd330bfe3a36a72a0ad4a6d89fca7?s=96&d=mm&r=pg","caption":"bosniak"},"url":"https:\/\/sandzakpress.net\/arhiva\/author\/bosniak\/"}]}},"_links":{"self":[{"href":"https:\/\/sandzakpress.net\/arhiva\/wp-json\/wp\/v2\/posts\/122405"}],"collection":[{"href":"https:\/\/sandzakpress.net\/arhiva\/wp-json\/wp\/v2\/posts"}],"about":[{"href":"https:\/\/sandzakpress.net\/arhiva\/wp-json\/wp\/v2\/types\/post"}],"author":[{"embeddable":true,"href":"https:\/\/sandzakpress.net\/arhiva\/wp-json\/wp\/v2\/users\/83"}],"replies":[{"embeddable":true,"href":"https:\/\/sandzakpress.net\/arhiva\/wp-json\/wp\/v2\/comments?post=122405"}],"version-history":[{"count":0,"href":"https:\/\/sandzakpress.net\/arhiva\/wp-json\/wp\/v2\/posts\/122405\/revisions"}],"wp:featuredmedia":[{"embeddable":true,"href":"https:\/\/sandzakpress.net\/arhiva\/wp-json\/wp\/v2\/media\/122407"}],"wp:attachment":[{"href":"https:\/\/sandzakpress.net\/arhiva\/wp-json\/wp\/v2\/media?parent=122405"}],"wp:term":[{"taxonomy":"category","embeddable":true,"href":"https:\/\/sandzakpress.net\/arhiva\/wp-json\/wp\/v2\/categories?post=122405"},{"taxonomy":"post_tag","embeddable":true,"href":"https:\/\/sandzakpress.net\/arhiva\/wp-json\/wp\/v2\/tags?post=122405"}],"curies":[{"name":"wp","href":"https:\/\/api.w.org\/{rel}","templated":true}]}}