{"id":122382,"date":"2015-02-12T10:20:33","date_gmt":"2015-02-12T09:20:33","guid":{"rendered":"https:\/\/sandzakpress.net\/arhiva\/?p=122382"},"modified":"2015-02-12T10:20:33","modified_gmt":"2015-02-12T09:20:33","slug":"moschee-wurde-abgerissen-und-man-baute-ein-gebaude-der-stadtverwaltung","status":"publish","type":"post","link":"https:\/\/sandzakpress.net\/arhiva\/moschee-wurde-abgerissen-und-man-baute-ein-gebaude-der-stadtverwaltung\/","title":{"rendered":"Moschee wurde abgerissen und man baute ein Geb\u00e4ude der Stadtverwaltung"},"content":{"rendered":"<p><img decoding=\"async\" src=\"https:\/\/sandzakpress.net\/arhiva\/wp-content\/uploads\/2015\/02\/10984194_1030155043668343_912296951027608119_o.jpg\" alt=\"10984194_1030155043668343_912296951027608119_o\" \/><\/p>\n<p><strong>Novi Pazar &#8211; Das Geb\u00e4ude der Stadtverwaltung in Novi Pazar, zusammen mit dem Teil, wo der Cultural Center plaziert ist, wurde gebaut nach der Zerst\u00f6rung von der Ayub Beg-Moschee an der gleichen Stelle.<\/strong><\/p>\n<p>Die Ayub Beg Moshee haben die Beh\u00f6rden abgerissen sofort nach dem V\u00f6lkermord an den Bosniaken in dieser Region w\u00e4hrend des kommunistischen Regimes und nach der Ausf\u00fchrung der Bosniaken in Hadschet.<\/p>\n<p>Die Entscheidung, zum abriss der Ayub beg Moschee haben die ehemaligen Beh\u00f6rden in Novi Pazar gebracht. Serbien brachte ein Gesetz \u00fcber die R\u00fcckgabe von Eigentum an Religionsgemeinschaften.<\/p>\n<p>Nach dem serbischen Gesetz \u00fcber die R\u00fcckgabe von Eigentum an Kirchen und Religionsgemeinschaften ist die Stadtverwaltung in Novi Pazar dazu verpflichtet dieses objekt und alles andere, was auf dem Land der Religionsgemeinschaft gebaut wurde,\u00a0 zur\u00fcck gibt.<\/p>\n<p style=\"text-align: center;\"><strong>Gesetz \u00fcber die R\u00fcckgabe von Eigentum an Kirchen und Religionsgemeinschaften, <\/strong><strong>Artikel 9<\/strong><\/p>\n<p style=\"text-align: center;\"><strong>\u00a0<\/strong><strong>&#8220;Das Thema der R\u00fcckgabe von Immobilien zum Zeitpunkt der Beschlagnahme des Eigentums von Kirchen und Religionsgemeinschaften , und zwar: landwirtschaftliche Fl\u00e4chen; W\u00e4lder und Waldfl\u00e4chen; Grundst\u00fcck; Wohn- und Gesch\u00e4ftsh\u00e4user oder idealer Teile solcher Geb\u00e4uden; Wohnungen und Gesch\u00e4ftsr\u00e4ume; bewegliche Sachen von kultureller, \u00a0historischer oder k\u00fcnstlerischer Bedeutung<\/strong> .<strong> &#8220;<\/strong><\/p>\n<p style=\"text-align: center;\"><img decoding=\"async\" src=\"https:\/\/sandzakpress.net\/arhiva\/wp-content\/uploads\/2015\/02\/Capture19.jpg\" alt=\"Capture19\" \/><\/p>\n<p style=\"text-align: center;\"><strong><span style=\"text-decoration: underline;\">Ayub Beg-Moschee, vor und w\u00e4hrend der Abbrucharbeiten<\/span><\/strong><\/p>\n","protected":false},"excerpt":{"rendered":"<p>Novi Pazar &#8211; Das Geb\u00e4ude der Stadtverwaltung in Novi Pazar, zusammen mit dem Teil, wo der Cultural Center plaziert ist, wurde gebaut nach der Zerst\u00f6rung von der Ayub Beg-Moschee an der gleichen Stelle. Die Ayub Beg Moshee haben die Beh\u00f6rden abgerissen sofort nach dem V\u00f6lkermord an den Bosniaken in dieser Region w\u00e4hrend des kommunistischen Regimes [&hellip;]<\/p>\n","protected":false},"author":83,"featured_media":122261,"comment_status":"open","ping_status":"open","sticky":false,"template":"","format":"standard","meta":{"footnotes":""},"categories":[10502],"tags":[],"class_list":{"0":"post-122382","1":"post","2":"type-post","3":"status-publish","4":"format-standard","5":"has-post-thumbnail","7":"category-deutsch"},"yoast_head":"<!-- This site is optimized with the Yoast SEO Premium plugin v23.1 (Yoast SEO v24.9) - https:\/\/yoast.com\/wordpress\/plugins\/seo\/ -->\n<title>Moschee wurde abgerissen und man baute ein Geb\u00e4ude der Stadtverwaltung<\/title>\n<meta name=\"robots\" content=\"index, follow, max-snippet:-1, max-image-preview:large, max-video-preview:-1\" \/>\n<link rel=\"canonical\" href=\"https:\/\/sandzakpress.net\/arhiva\/moschee-wurde-abgerissen-und-man-baute-ein-gebaude-der-stadtverwaltung\/\" \/>\n<meta property=\"og:locale\" content=\"bs_BA\" \/>\n<meta property=\"og:type\" content=\"article\" \/>\n<meta property=\"og:title\" content=\"Moschee wurde abgerissen und man baute ein Geb\u00e4ude der Stadtverwaltung\" \/>\n<meta property=\"og:description\" content=\"Novi Pazar &#8211; Das Geb\u00e4ude der Stadtverwaltung in Novi Pazar, zusammen mit dem Teil, wo der Cultural Center plaziert ist, wurde gebaut nach der Zerst\u00f6rung von der Ayub Beg-Moschee an der gleichen Stelle. Die Ayub Beg Moshee haben die Beh\u00f6rden abgerissen sofort nach dem V\u00f6lkermord an den Bosniaken in dieser Region w\u00e4hrend des kommunistischen Regimes [&hellip;]\" \/>\n<meta property=\"og:url\" content=\"https:\/\/sandzakpress.net\/arhiva\/moschee-wurde-abgerissen-und-man-baute-ein-gebaude-der-stadtverwaltung\/\" \/>\n<meta property=\"og:site_name\" content=\"Sand\u017eak PRESS\" \/>\n<meta property=\"article:published_time\" content=\"2015-02-12T09:20:33+00:00\" \/>\n<meta property=\"og:image\" content=\"https:\/\/sandzakpress.net\/arhiva\/wp-content\/uploads\/2015\/02\/10984194_1030155043668343_912296951027608119_o.jpg\" \/>\n\t<meta property=\"og:image:width\" content=\"971\" \/>\n\t<meta property=\"og:image:height\" content=\"393\" \/>\n\t<meta property=\"og:image:type\" content=\"image\/jpeg\" \/>\n<meta name=\"author\" content=\"bosniak\" \/>\n<meta name=\"twitter:card\" content=\"summary_large_image\" \/>\n<meta name=\"twitter:label1\" content=\"Written by\" \/>\n\t<meta name=\"twitter:data1\" content=\"bosniak\" \/>\n\t<meta name=\"twitter:label2\" content=\"Est. reading time\" \/>\n\t<meta name=\"twitter:data2\" content=\"1 minuta\" \/>\n<script type=\"application\/ld+json\" class=\"yoast-schema-graph\">{\"@context\":\"https:\/\/schema.org\",\"@graph\":[{\"@type\":\"Article\",\"@id\":\"https:\/\/sandzakpress.net\/arhiva\/moschee-wurde-abgerissen-und-man-baute-ein-gebaude-der-stadtverwaltung\/#article\",\"isPartOf\":{\"@id\":\"https:\/\/sandzakpress.net\/arhiva\/moschee-wurde-abgerissen-und-man-baute-ein-gebaude-der-stadtverwaltung\/\"},\"author\":{\"name\":\"bosniak\",\"@id\":\"https:\/\/sandzakpress.net\/arhiva\/#\/schema\/person\/c8baee722073534b583ea7bdb2e36c02\"},\"headline\":\"Moschee wurde abgerissen und man baute ein Geb\u00e4ude der Stadtverwaltung\",\"datePublished\":\"2015-02-12T09:20:33+00:00\",\"mainEntityOfPage\":{\"@id\":\"https:\/\/sandzakpress.net\/arhiva\/moschee-wurde-abgerissen-und-man-baute-ein-gebaude-der-stadtverwaltung\/\"},\"wordCount\":221,\"commentCount\":0,\"publisher\":{\"@id\":\"https:\/\/sandzakpress.net\/arhiva\/#\/schema\/person\/6e72b67d6e51910a1117b3b483ba20bd\"},\"image\":{\"@id\":\"https:\/\/sandzakpress.net\/arhiva\/moschee-wurde-abgerissen-und-man-baute-ein-gebaude-der-stadtverwaltung\/#primaryimage\"},\"thumbnailUrl\":\"https:\/\/sandzakpress.net\/arhiva\/wp-content\/uploads\/2015\/02\/10984194_1030155043668343_912296951027608119_o.jpg\",\"articleSection\":[\"Deutsch\"],\"inLanguage\":\"bs-BA\",\"potentialAction\":[{\"@type\":\"CommentAction\",\"name\":\"Comment\",\"target\":[\"https:\/\/sandzakpress.net\/arhiva\/moschee-wurde-abgerissen-und-man-baute-ein-gebaude-der-stadtverwaltung\/#respond\"]}]},{\"@type\":\"WebPage\",\"@id\":\"https:\/\/sandzakpress.net\/arhiva\/moschee-wurde-abgerissen-und-man-baute-ein-gebaude-der-stadtverwaltung\/\",\"url\":\"https:\/\/sandzakpress.net\/arhiva\/moschee-wurde-abgerissen-und-man-baute-ein-gebaude-der-stadtverwaltung\/\",\"name\":\"Moschee wurde abgerissen und man baute ein Geb\u00e4ude der Stadtverwaltung\",\"isPartOf\":{\"@id\":\"https:\/\/sandzakpress.net\/arhiva\/#website\"},\"primaryImageOfPage\":{\"@id\":\"https:\/\/sandzakpress.net\/arhiva\/moschee-wurde-abgerissen-und-man-baute-ein-gebaude-der-stadtverwaltung\/#primaryimage\"},\"image\":{\"@id\":\"https:\/\/sandzakpress.net\/arhiva\/moschee-wurde-abgerissen-und-man-baute-ein-gebaude-der-stadtverwaltung\/#primaryimage\"},\"thumbnailUrl\":\"https:\/\/sandzakpress.net\/arhiva\/wp-content\/uploads\/2015\/02\/10984194_1030155043668343_912296951027608119_o.jpg\",\"datePublished\":\"2015-02-12T09:20:33+00:00\",\"breadcrumb\":{\"@id\":\"https:\/\/sandzakpress.net\/arhiva\/moschee-wurde-abgerissen-und-man-baute-ein-gebaude-der-stadtverwaltung\/#breadcrumb\"},\"inLanguage\":\"bs-BA\",\"potentialAction\":[{\"@type\":\"ReadAction\",\"target\":[\"https:\/\/sandzakpress.net\/arhiva\/moschee-wurde-abgerissen-und-man-baute-ein-gebaude-der-stadtverwaltung\/\"]}]},{\"@type\":\"ImageObject\",\"inLanguage\":\"bs-BA\",\"@id\":\"https:\/\/sandzakpress.net\/arhiva\/moschee-wurde-abgerissen-und-man-baute-ein-gebaude-der-stadtverwaltung\/#primaryimage\",\"url\":\"https:\/\/sandzakpress.net\/arhiva\/wp-content\/uploads\/2015\/02\/10984194_1030155043668343_912296951027608119_o.jpg\",\"contentUrl\":\"https:\/\/sandzakpress.net\/arhiva\/wp-content\/uploads\/2015\/02\/10984194_1030155043668343_912296951027608119_o.jpg\",\"width\":971,\"height\":393},{\"@type\":\"BreadcrumbList\",\"@id\":\"https:\/\/sandzakpress.net\/arhiva\/moschee-wurde-abgerissen-und-man-baute-ein-gebaude-der-stadtverwaltung\/#breadcrumb\",\"itemListElement\":[{\"@type\":\"ListItem\",\"position\":1,\"name\":\"Home\",\"item\":\"https:\/\/sandzakpress.net\/arhiva\/\"},{\"@type\":\"ListItem\",\"position\":2,\"name\":\"Moschee wurde abgerissen und man baute ein Geb\u00e4ude der Stadtverwaltung\"}]},{\"@type\":\"WebSite\",\"@id\":\"https:\/\/sandzakpress.net\/arhiva\/#website\",\"url\":\"https:\/\/sandzakpress.net\/arhiva\/\",\"name\":\"Sand\u017eak PRESS\",\"description\":\"Prve elektronske novine u Sand\u017eaku\",\"publisher\":{\"@id\":\"https:\/\/sandzakpress.net\/arhiva\/#\/schema\/person\/6e72b67d6e51910a1117b3b483ba20bd\"},\"potentialAction\":[{\"@type\":\"SearchAction\",\"target\":{\"@type\":\"EntryPoint\",\"urlTemplate\":\"https:\/\/sandzakpress.net\/arhiva\/?s={search_term_string}\"},\"query-input\":{\"@type\":\"PropertyValueSpecification\",\"valueRequired\":true,\"valueName\":\"search_term_string\"}}],\"inLanguage\":\"bs-BA\"},{\"@type\":[\"Person\",\"Organization\"],\"@id\":\"https:\/\/sandzakpress.net\/arhiva\/#\/schema\/person\/6e72b67d6e51910a1117b3b483ba20bd\",\"name\":\"Kul\",\"image\":{\"@type\":\"ImageObject\",\"inLanguage\":\"bs-BA\",\"@id\":\"https:\/\/sandzakpress.net\/arhiva\/#\/schema\/person\/image\/\",\"url\":\"https:\/\/secure.gravatar.com\/avatar\/42263f39aa27ac04c43cab85c280eb2e?s=96&d=mm&r=pg\",\"contentUrl\":\"https:\/\/secure.gravatar.com\/avatar\/42263f39aa27ac04c43cab85c280eb2e?s=96&d=mm&r=pg\",\"caption\":\"Kul\"},\"logo\":{\"@id\":\"https:\/\/sandzakpress.net\/arhiva\/#\/schema\/person\/image\/\"}},{\"@type\":\"Person\",\"@id\":\"https:\/\/sandzakpress.net\/arhiva\/#\/schema\/person\/c8baee722073534b583ea7bdb2e36c02\",\"name\":\"bosniak\",\"image\":{\"@type\":\"ImageObject\",\"inLanguage\":\"bs-BA\",\"@id\":\"https:\/\/sandzakpress.net\/arhiva\/#\/schema\/person\/image\/\",\"url\":\"https:\/\/secure.gravatar.com\/avatar\/a04fd330bfe3a36a72a0ad4a6d89fca7?s=96&d=mm&r=pg\",\"contentUrl\":\"https:\/\/secure.gravatar.com\/avatar\/a04fd330bfe3a36a72a0ad4a6d89fca7?s=96&d=mm&r=pg\",\"caption\":\"bosniak\"},\"url\":\"https:\/\/sandzakpress.net\/arhiva\/author\/bosniak\/\"}]}<\/script>\n<!-- \/ Yoast SEO Premium plugin. -->","yoast_head_json":{"title":"Moschee wurde abgerissen und man baute ein Geb\u00e4ude der Stadtverwaltung","robots":{"index":"index","follow":"follow","max-snippet":"max-snippet:-1","max-image-preview":"max-image-preview:large","max-video-preview":"max-video-preview:-1"},"canonical":"https:\/\/sandzakpress.net\/arhiva\/moschee-wurde-abgerissen-und-man-baute-ein-gebaude-der-stadtverwaltung\/","og_locale":"bs_BA","og_type":"article","og_title":"Moschee wurde abgerissen und man baute ein Geb\u00e4ude der Stadtverwaltung","og_description":"Novi Pazar &#8211; Das Geb\u00e4ude der Stadtverwaltung in Novi Pazar, zusammen mit dem Teil, wo der Cultural Center plaziert ist, wurde gebaut nach der Zerst\u00f6rung von der Ayub Beg-Moschee an der gleichen Stelle. Die Ayub Beg Moshee haben die Beh\u00f6rden abgerissen sofort nach dem V\u00f6lkermord an den Bosniaken in dieser Region w\u00e4hrend des kommunistischen Regimes [&hellip;]","og_url":"https:\/\/sandzakpress.net\/arhiva\/moschee-wurde-abgerissen-und-man-baute-ein-gebaude-der-stadtverwaltung\/","og_site_name":"Sand\u017eak PRESS","article_published_time":"2015-02-12T09:20:33+00:00","og_image":[{"width":971,"height":393,"url":"https:\/\/sandzakpress.net\/arhiva\/wp-content\/uploads\/2015\/02\/10984194_1030155043668343_912296951027608119_o.jpg","type":"image\/jpeg"}],"author":"bosniak","twitter_card":"summary_large_image","twitter_misc":{"Written by":"bosniak","Est. reading time":"1 minuta"},"schema":{"@context":"https:\/\/schema.org","@graph":[{"@type":"Article","@id":"https:\/\/sandzakpress.net\/arhiva\/moschee-wurde-abgerissen-und-man-baute-ein-gebaude-der-stadtverwaltung\/#article","isPartOf":{"@id":"https:\/\/sandzakpress.net\/arhiva\/moschee-wurde-abgerissen-und-man-baute-ein-gebaude-der-stadtverwaltung\/"},"author":{"name":"bosniak","@id":"https:\/\/sandzakpress.net\/arhiva\/#\/schema\/person\/c8baee722073534b583ea7bdb2e36c02"},"headline":"Moschee wurde abgerissen und man baute ein Geb\u00e4ude der Stadtverwaltung","datePublished":"2015-02-12T09:20:33+00:00","mainEntityOfPage":{"@id":"https:\/\/sandzakpress.net\/arhiva\/moschee-wurde-abgerissen-und-man-baute-ein-gebaude-der-stadtverwaltung\/"},"wordCount":221,"commentCount":0,"publisher":{"@id":"https:\/\/sandzakpress.net\/arhiva\/#\/schema\/person\/6e72b67d6e51910a1117b3b483ba20bd"},"image":{"@id":"https:\/\/sandzakpress.net\/arhiva\/moschee-wurde-abgerissen-und-man-baute-ein-gebaude-der-stadtverwaltung\/#primaryimage"},"thumbnailUrl":"https:\/\/sandzakpress.net\/arhiva\/wp-content\/uploads\/2015\/02\/10984194_1030155043668343_912296951027608119_o.jpg","articleSection":["Deutsch"],"inLanguage":"bs-BA","potentialAction":[{"@type":"CommentAction","name":"Comment","target":["https:\/\/sandzakpress.net\/arhiva\/moschee-wurde-abgerissen-und-man-baute-ein-gebaude-der-stadtverwaltung\/#respond"]}]},{"@type":"WebPage","@id":"https:\/\/sandzakpress.net\/arhiva\/moschee-wurde-abgerissen-und-man-baute-ein-gebaude-der-stadtverwaltung\/","url":"https:\/\/sandzakpress.net\/arhiva\/moschee-wurde-abgerissen-und-man-baute-ein-gebaude-der-stadtverwaltung\/","name":"Moschee wurde abgerissen und man baute ein Geb\u00e4ude der Stadtverwaltung","isPartOf":{"@id":"https:\/\/sandzakpress.net\/arhiva\/#website"},"primaryImageOfPage":{"@id":"https:\/\/sandzakpress.net\/arhiva\/moschee-wurde-abgerissen-und-man-baute-ein-gebaude-der-stadtverwaltung\/#primaryimage"},"image":{"@id":"https:\/\/sandzakpress.net\/arhiva\/moschee-wurde-abgerissen-und-man-baute-ein-gebaude-der-stadtverwaltung\/#primaryimage"},"thumbnailUrl":"https:\/\/sandzakpress.net\/arhiva\/wp-content\/uploads\/2015\/02\/10984194_1030155043668343_912296951027608119_o.jpg","datePublished":"2015-02-12T09:20:33+00:00","breadcrumb":{"@id":"https:\/\/sandzakpress.net\/arhiva\/moschee-wurde-abgerissen-und-man-baute-ein-gebaude-der-stadtverwaltung\/#breadcrumb"},"inLanguage":"bs-BA","potentialAction":[{"@type":"ReadAction","target":["https:\/\/sandzakpress.net\/arhiva\/moschee-wurde-abgerissen-und-man-baute-ein-gebaude-der-stadtverwaltung\/"]}]},{"@type":"ImageObject","inLanguage":"bs-BA","@id":"https:\/\/sandzakpress.net\/arhiva\/moschee-wurde-abgerissen-und-man-baute-ein-gebaude-der-stadtverwaltung\/#primaryimage","url":"https:\/\/sandzakpress.net\/arhiva\/wp-content\/uploads\/2015\/02\/10984194_1030155043668343_912296951027608119_o.jpg","contentUrl":"https:\/\/sandzakpress.net\/arhiva\/wp-content\/uploads\/2015\/02\/10984194_1030155043668343_912296951027608119_o.jpg","width":971,"height":393},{"@type":"BreadcrumbList","@id":"https:\/\/sandzakpress.net\/arhiva\/moschee-wurde-abgerissen-und-man-baute-ein-gebaude-der-stadtverwaltung\/#breadcrumb","itemListElement":[{"@type":"ListItem","position":1,"name":"Home","item":"https:\/\/sandzakpress.net\/arhiva\/"},{"@type":"ListItem","position":2,"name":"Moschee wurde abgerissen und man baute ein Geb\u00e4ude der Stadtverwaltung"}]},{"@type":"WebSite","@id":"https:\/\/sandzakpress.net\/arhiva\/#website","url":"https:\/\/sandzakpress.net\/arhiva\/","name":"Sand\u017eak PRESS","description":"Prve elektronske novine u Sand\u017eaku","publisher":{"@id":"https:\/\/sandzakpress.net\/arhiva\/#\/schema\/person\/6e72b67d6e51910a1117b3b483ba20bd"},"potentialAction":[{"@type":"SearchAction","target":{"@type":"EntryPoint","urlTemplate":"https:\/\/sandzakpress.net\/arhiva\/?s={search_term_string}"},"query-input":{"@type":"PropertyValueSpecification","valueRequired":true,"valueName":"search_term_string"}}],"inLanguage":"bs-BA"},{"@type":["Person","Organization"],"@id":"https:\/\/sandzakpress.net\/arhiva\/#\/schema\/person\/6e72b67d6e51910a1117b3b483ba20bd","name":"Kul","image":{"@type":"ImageObject","inLanguage":"bs-BA","@id":"https:\/\/sandzakpress.net\/arhiva\/#\/schema\/person\/image\/","url":"https:\/\/secure.gravatar.com\/avatar\/42263f39aa27ac04c43cab85c280eb2e?s=96&d=mm&r=pg","contentUrl":"https:\/\/secure.gravatar.com\/avatar\/42263f39aa27ac04c43cab85c280eb2e?s=96&d=mm&r=pg","caption":"Kul"},"logo":{"@id":"https:\/\/sandzakpress.net\/arhiva\/#\/schema\/person\/image\/"}},{"@type":"Person","@id":"https:\/\/sandzakpress.net\/arhiva\/#\/schema\/person\/c8baee722073534b583ea7bdb2e36c02","name":"bosniak","image":{"@type":"ImageObject","inLanguage":"bs-BA","@id":"https:\/\/sandzakpress.net\/arhiva\/#\/schema\/person\/image\/","url":"https:\/\/secure.gravatar.com\/avatar\/a04fd330bfe3a36a72a0ad4a6d89fca7?s=96&d=mm&r=pg","contentUrl":"https:\/\/secure.gravatar.com\/avatar\/a04fd330bfe3a36a72a0ad4a6d89fca7?s=96&d=mm&r=pg","caption":"bosniak"},"url":"https:\/\/sandzakpress.net\/arhiva\/author\/bosniak\/"}]}},"_links":{"self":[{"href":"https:\/\/sandzakpress.net\/arhiva\/wp-json\/wp\/v2\/posts\/122382"}],"collection":[{"href":"https:\/\/sandzakpress.net\/arhiva\/wp-json\/wp\/v2\/posts"}],"about":[{"href":"https:\/\/sandzakpress.net\/arhiva\/wp-json\/wp\/v2\/types\/post"}],"author":[{"embeddable":true,"href":"https:\/\/sandzakpress.net\/arhiva\/wp-json\/wp\/v2\/users\/83"}],"replies":[{"embeddable":true,"href":"https:\/\/sandzakpress.net\/arhiva\/wp-json\/wp\/v2\/comments?post=122382"}],"version-history":[{"count":0,"href":"https:\/\/sandzakpress.net\/arhiva\/wp-json\/wp\/v2\/posts\/122382\/revisions"}],"wp:featuredmedia":[{"embeddable":true,"href":"https:\/\/sandzakpress.net\/arhiva\/wp-json\/wp\/v2\/media\/122261"}],"wp:attachment":[{"href":"https:\/\/sandzakpress.net\/arhiva\/wp-json\/wp\/v2\/media?parent=122382"}],"wp:term":[{"taxonomy":"category","embeddable":true,"href":"https:\/\/sandzakpress.net\/arhiva\/wp-json\/wp\/v2\/categories?post=122382"},{"taxonomy":"post_tag","embeddable":true,"href":"https:\/\/sandzakpress.net\/arhiva\/wp-json\/wp\/v2\/tags?post=122382"}],"curies":[{"name":"wp","href":"https:\/\/api.w.org\/{rel}","templated":true}]}}