{"id":122365,"date":"2015-02-12T09:38:42","date_gmt":"2015-02-12T08:38:42","guid":{"rendered":"https:\/\/sandzakpress.net\/arhiva\/?p=122365"},"modified":"2015-02-12T09:38:42","modified_gmt":"2015-02-12T08:38:42","slug":"roma-ljajicu-nudi-novi-ugovor-plata-par-miliona-eura-godisnje","status":"publish","type":"post","link":"https:\/\/sandzakpress.net\/arhiva\/roma-ljajicu-nudi-novi-ugovor-plata-par-miliona-eura-godisnje\/","title":{"rendered":"Roma Ljaji\u0107u nudi novi ugovor, plata par miliona eura godi\u0161nje"},"content":{"rendered":"<p><img loading=\"lazy\" decoding=\"async\" class=\"aligncenter size-full wp-image-122366\" src=\"https:\/\/sandzakpress.net\/arhiva\/wp-content\/uploads\/2015\/02\/la-roma-rimonta-con-l-aiutino-bianconeri-imbestialiti-640x346.jpg\" alt=\"Roma - Bologna\" width=\"600\" height=\"324\" \/><strong>Italija &#8211; Povremeni srpski reprezentativac, fudbaler Rome Adem Ljaji\u0107 bi\u0107e nagra\u0111en novim ugovorom posle serije odli\u010dnih igara u rimskom klubu.<br \/>\n<\/strong><br \/>\nKako prenosi Korijere dela Sera, Novopazarac \u0107e potpisati finansijski povoljniji ugovor i Roma \u0107e na taj na\u010din sprije\u010diti njegov odlazak na ljeto za 25 miliona evra. Roma smatra da Adem vrijedi vi\u0161e od 25 miliona evra, posle sjajnih igra ove sezone njegova cijena je vrtoglavo porasla.<\/p>\n<p>Naime, Ljaji\u0107 u ugovoru, koji isti\u010de 2017. godine, ima klauzulu da mo\u017ee da napusti klub u slu\u010daju ponude od 25 miliona evra.<\/p>\n<p>Ljaji\u0107 je ove sezone prvi strijelac tima sa osam golova u Seriji A, ali i dve asistencije.<\/p>\n<p>On je 2013. godine pre\u0161ao u Romu iz Fiorentine, a prethodno je igrao za Partizan. Za reprezentaciju Srbije igrao je devet puta.<\/p>\n<p>Adem u Romi zara\u0111uje 1.9 milona eura godi\u0161nje, nema sumnje da \u0107e novi ugovor donijeti jo\u0161 vi\u0161e novca mladom Novopazarcu. Spekuli\u0161e se da bi Ljaji\u0107 novim ugovorom zara\u0111ivao oko 3 miliona evra godi\u0161nje!<\/p>\n<p>(Sportal)<\/p>\n","protected":false},"excerpt":{"rendered":"<p>Italija &#8211; Povremeni srpski reprezentativac, fudbaler Rome Adem Ljaji\u0107 bi\u0107e nagra\u0111en novim ugovorom posle serije odli\u010dnih igara u rimskom klubu. Kako prenosi Korijere dela Sera, Novopazarac \u0107e potpisati finansijski povoljniji ugovor i Roma \u0107e na taj na\u010din sprije\u010diti njegov odlazak na ljeto za 25 miliona evra. Roma smatra da Adem vrijedi vi\u0161e od 25 miliona [&hellip;]<\/p>\n","protected":false},"author":83,"featured_media":122366,"comment_status":"open","ping_status":"open","sticky":false,"template":"","format":"standard","meta":{"footnotes":""},"categories":[72,13,10309,798],"tags":[],"class_list":{"0":"post-122365","1":"post","2":"type-post","3":"status-publish","4":"format-standard","5":"has-post-thumbnail","7":"category-novi-pazar","8":"category-sport","9":"category-italija","10":"category-teme"},"yoast_head":"<!-- This site is optimized with the Yoast SEO Premium plugin v23.1 (Yoast SEO v24.9) - https:\/\/yoast.com\/wordpress\/plugins\/seo\/ -->\n<title>Roma Ljaji\u0107u nudi novi ugovor, plata par miliona eura godi\u0161nje<\/title>\n<meta name=\"robots\" content=\"index, follow, max-snippet:-1, max-image-preview:large, max-video-preview:-1\" \/>\n<link rel=\"canonical\" href=\"https:\/\/sandzakpress.net\/arhiva\/roma-ljajicu-nudi-novi-ugovor-plata-par-miliona-eura-godisnje\/\" \/>\n<meta property=\"og:locale\" content=\"bs_BA\" \/>\n<meta property=\"og:type\" content=\"article\" \/>\n<meta property=\"og:title\" content=\"Roma Ljaji\u0107u nudi novi ugovor, plata par miliona eura godi\u0161nje\" \/>\n<meta property=\"og:description\" content=\"Italija &#8211; Povremeni srpski reprezentativac, fudbaler Rome Adem Ljaji\u0107 bi\u0107e nagra\u0111en novim ugovorom posle serije odli\u010dnih igara u rimskom klubu. Kako prenosi Korijere dela Sera, Novopazarac \u0107e potpisati finansijski povoljniji ugovor i Roma \u0107e na taj na\u010din sprije\u010diti njegov odlazak na ljeto za 25 miliona evra. Roma smatra da Adem vrijedi vi\u0161e od 25 miliona [&hellip;]\" \/>\n<meta property=\"og:url\" content=\"https:\/\/sandzakpress.net\/arhiva\/roma-ljajicu-nudi-novi-ugovor-plata-par-miliona-eura-godisnje\/\" \/>\n<meta property=\"og:site_name\" content=\"Sand\u017eak PRESS\" \/>\n<meta property=\"article:published_time\" content=\"2015-02-12T08:38:42+00:00\" \/>\n<meta property=\"og:image\" content=\"https:\/\/sandzakpress.net\/arhiva\/wp-content\/uploads\/2015\/02\/la-roma-rimonta-con-l-aiutino-bianconeri-imbestialiti-640x346.jpg\" \/>\n\t<meta property=\"og:image:width\" content=\"600\" \/>\n\t<meta property=\"og:image:height\" content=\"324\" \/>\n\t<meta property=\"og:image:type\" content=\"image\/jpeg\" \/>\n<meta name=\"author\" content=\"bosniak\" \/>\n<meta name=\"twitter:card\" content=\"summary_large_image\" \/>\n<meta name=\"twitter:label1\" content=\"Written by\" \/>\n\t<meta name=\"twitter:data1\" content=\"bosniak\" \/>\n\t<meta name=\"twitter:label2\" content=\"Est. reading time\" \/>\n\t<meta name=\"twitter:data2\" content=\"1 minuta\" \/>\n<script type=\"application\/ld+json\" class=\"yoast-schema-graph\">{\"@context\":\"https:\/\/schema.org\",\"@graph\":[{\"@type\":\"Article\",\"@id\":\"https:\/\/sandzakpress.net\/arhiva\/roma-ljajicu-nudi-novi-ugovor-plata-par-miliona-eura-godisnje\/#article\",\"isPartOf\":{\"@id\":\"https:\/\/sandzakpress.net\/arhiva\/roma-ljajicu-nudi-novi-ugovor-plata-par-miliona-eura-godisnje\/\"},\"author\":{\"name\":\"bosniak\",\"@id\":\"https:\/\/sandzakpress.net\/arhiva\/#\/schema\/person\/c8baee722073534b583ea7bdb2e36c02\"},\"headline\":\"Roma Ljaji\u0107u nudi novi ugovor, plata par miliona eura godi\u0161nje\",\"datePublished\":\"2015-02-12T08:38:42+00:00\",\"mainEntityOfPage\":{\"@id\":\"https:\/\/sandzakpress.net\/arhiva\/roma-ljajicu-nudi-novi-ugovor-plata-par-miliona-eura-godisnje\/\"},\"wordCount\":182,\"commentCount\":1,\"publisher\":{\"@id\":\"https:\/\/sandzakpress.net\/arhiva\/#\/schema\/person\/6e72b67d6e51910a1117b3b483ba20bd\"},\"image\":{\"@id\":\"https:\/\/sandzakpress.net\/arhiva\/roma-ljajicu-nudi-novi-ugovor-plata-par-miliona-eura-godisnje\/#primaryimage\"},\"thumbnailUrl\":\"https:\/\/sandzakpress.net\/arhiva\/wp-content\/uploads\/2015\/02\/la-roma-rimonta-con-l-aiutino-bianconeri-imbestialiti-640x346.jpg\",\"articleSection\":[\"Novi Pazar\",\"Sport\",\"Italija\",\"NAJNOVIJE\"],\"inLanguage\":\"bs-BA\",\"potentialAction\":[{\"@type\":\"CommentAction\",\"name\":\"Comment\",\"target\":[\"https:\/\/sandzakpress.net\/arhiva\/roma-ljajicu-nudi-novi-ugovor-plata-par-miliona-eura-godisnje\/#respond\"]}]},{\"@type\":\"WebPage\",\"@id\":\"https:\/\/sandzakpress.net\/arhiva\/roma-ljajicu-nudi-novi-ugovor-plata-par-miliona-eura-godisnje\/\",\"url\":\"https:\/\/sandzakpress.net\/arhiva\/roma-ljajicu-nudi-novi-ugovor-plata-par-miliona-eura-godisnje\/\",\"name\":\"Roma Ljaji\u0107u nudi novi ugovor, plata par miliona eura godi\u0161nje\",\"isPartOf\":{\"@id\":\"https:\/\/sandzakpress.net\/arhiva\/#website\"},\"primaryImageOfPage\":{\"@id\":\"https:\/\/sandzakpress.net\/arhiva\/roma-ljajicu-nudi-novi-ugovor-plata-par-miliona-eura-godisnje\/#primaryimage\"},\"image\":{\"@id\":\"https:\/\/sandzakpress.net\/arhiva\/roma-ljajicu-nudi-novi-ugovor-plata-par-miliona-eura-godisnje\/#primaryimage\"},\"thumbnailUrl\":\"https:\/\/sandzakpress.net\/arhiva\/wp-content\/uploads\/2015\/02\/la-roma-rimonta-con-l-aiutino-bianconeri-imbestialiti-640x346.jpg\",\"datePublished\":\"2015-02-12T08:38:42+00:00\",\"breadcrumb\":{\"@id\":\"https:\/\/sandzakpress.net\/arhiva\/roma-ljajicu-nudi-novi-ugovor-plata-par-miliona-eura-godisnje\/#breadcrumb\"},\"inLanguage\":\"bs-BA\",\"potentialAction\":[{\"@type\":\"ReadAction\",\"target\":[\"https:\/\/sandzakpress.net\/arhiva\/roma-ljajicu-nudi-novi-ugovor-plata-par-miliona-eura-godisnje\/\"]}]},{\"@type\":\"ImageObject\",\"inLanguage\":\"bs-BA\",\"@id\":\"https:\/\/sandzakpress.net\/arhiva\/roma-ljajicu-nudi-novi-ugovor-plata-par-miliona-eura-godisnje\/#primaryimage\",\"url\":\"https:\/\/sandzakpress.net\/arhiva\/wp-content\/uploads\/2015\/02\/la-roma-rimonta-con-l-aiutino-bianconeri-imbestialiti-640x346.jpg\",\"contentUrl\":\"https:\/\/sandzakpress.net\/arhiva\/wp-content\/uploads\/2015\/02\/la-roma-rimonta-con-l-aiutino-bianconeri-imbestialiti-640x346.jpg\",\"width\":600,\"height\":324},{\"@type\":\"BreadcrumbList\",\"@id\":\"https:\/\/sandzakpress.net\/arhiva\/roma-ljajicu-nudi-novi-ugovor-plata-par-miliona-eura-godisnje\/#breadcrumb\",\"itemListElement\":[{\"@type\":\"ListItem\",\"position\":1,\"name\":\"Home\",\"item\":\"https:\/\/sandzakpress.net\/arhiva\/\"},{\"@type\":\"ListItem\",\"position\":2,\"name\":\"Roma Ljaji\u0107u nudi novi ugovor, plata par miliona eura godi\u0161nje\"}]},{\"@type\":\"WebSite\",\"@id\":\"https:\/\/sandzakpress.net\/arhiva\/#website\",\"url\":\"https:\/\/sandzakpress.net\/arhiva\/\",\"name\":\"Sand\u017eak PRESS\",\"description\":\"Prve elektronske novine u Sand\u017eaku\",\"publisher\":{\"@id\":\"https:\/\/sandzakpress.net\/arhiva\/#\/schema\/person\/6e72b67d6e51910a1117b3b483ba20bd\"},\"potentialAction\":[{\"@type\":\"SearchAction\",\"target\":{\"@type\":\"EntryPoint\",\"urlTemplate\":\"https:\/\/sandzakpress.net\/arhiva\/?s={search_term_string}\"},\"query-input\":{\"@type\":\"PropertyValueSpecification\",\"valueRequired\":true,\"valueName\":\"search_term_string\"}}],\"inLanguage\":\"bs-BA\"},{\"@type\":[\"Person\",\"Organization\"],\"@id\":\"https:\/\/sandzakpress.net\/arhiva\/#\/schema\/person\/6e72b67d6e51910a1117b3b483ba20bd\",\"name\":\"Kul\",\"image\":{\"@type\":\"ImageObject\",\"inLanguage\":\"bs-BA\",\"@id\":\"https:\/\/sandzakpress.net\/arhiva\/#\/schema\/person\/image\/\",\"url\":\"https:\/\/secure.gravatar.com\/avatar\/42263f39aa27ac04c43cab85c280eb2e?s=96&d=mm&r=pg\",\"contentUrl\":\"https:\/\/secure.gravatar.com\/avatar\/42263f39aa27ac04c43cab85c280eb2e?s=96&d=mm&r=pg\",\"caption\":\"Kul\"},\"logo\":{\"@id\":\"https:\/\/sandzakpress.net\/arhiva\/#\/schema\/person\/image\/\"}},{\"@type\":\"Person\",\"@id\":\"https:\/\/sandzakpress.net\/arhiva\/#\/schema\/person\/c8baee722073534b583ea7bdb2e36c02\",\"name\":\"bosniak\",\"image\":{\"@type\":\"ImageObject\",\"inLanguage\":\"bs-BA\",\"@id\":\"https:\/\/sandzakpress.net\/arhiva\/#\/schema\/person\/image\/\",\"url\":\"https:\/\/secure.gravatar.com\/avatar\/a04fd330bfe3a36a72a0ad4a6d89fca7?s=96&d=mm&r=pg\",\"contentUrl\":\"https:\/\/secure.gravatar.com\/avatar\/a04fd330bfe3a36a72a0ad4a6d89fca7?s=96&d=mm&r=pg\",\"caption\":\"bosniak\"},\"url\":\"https:\/\/sandzakpress.net\/arhiva\/author\/bosniak\/\"}]}<\/script>\n<!-- \/ Yoast SEO Premium plugin. -->","yoast_head_json":{"title":"Roma Ljaji\u0107u nudi novi ugovor, plata par miliona eura godi\u0161nje","robots":{"index":"index","follow":"follow","max-snippet":"max-snippet:-1","max-image-preview":"max-image-preview:large","max-video-preview":"max-video-preview:-1"},"canonical":"https:\/\/sandzakpress.net\/arhiva\/roma-ljajicu-nudi-novi-ugovor-plata-par-miliona-eura-godisnje\/","og_locale":"bs_BA","og_type":"article","og_title":"Roma Ljaji\u0107u nudi novi ugovor, plata par miliona eura godi\u0161nje","og_description":"Italija &#8211; Povremeni srpski reprezentativac, fudbaler Rome Adem Ljaji\u0107 bi\u0107e nagra\u0111en novim ugovorom posle serije odli\u010dnih igara u rimskom klubu. Kako prenosi Korijere dela Sera, Novopazarac \u0107e potpisati finansijski povoljniji ugovor i Roma \u0107e na taj na\u010din sprije\u010diti njegov odlazak na ljeto za 25 miliona evra. Roma smatra da Adem vrijedi vi\u0161e od 25 miliona [&hellip;]","og_url":"https:\/\/sandzakpress.net\/arhiva\/roma-ljajicu-nudi-novi-ugovor-plata-par-miliona-eura-godisnje\/","og_site_name":"Sand\u017eak PRESS","article_published_time":"2015-02-12T08:38:42+00:00","og_image":[{"width":600,"height":324,"url":"https:\/\/sandzakpress.net\/arhiva\/wp-content\/uploads\/2015\/02\/la-roma-rimonta-con-l-aiutino-bianconeri-imbestialiti-640x346.jpg","type":"image\/jpeg"}],"author":"bosniak","twitter_card":"summary_large_image","twitter_misc":{"Written by":"bosniak","Est. reading time":"1 minuta"},"schema":{"@context":"https:\/\/schema.org","@graph":[{"@type":"Article","@id":"https:\/\/sandzakpress.net\/arhiva\/roma-ljajicu-nudi-novi-ugovor-plata-par-miliona-eura-godisnje\/#article","isPartOf":{"@id":"https:\/\/sandzakpress.net\/arhiva\/roma-ljajicu-nudi-novi-ugovor-plata-par-miliona-eura-godisnje\/"},"author":{"name":"bosniak","@id":"https:\/\/sandzakpress.net\/arhiva\/#\/schema\/person\/c8baee722073534b583ea7bdb2e36c02"},"headline":"Roma Ljaji\u0107u nudi novi ugovor, plata par miliona eura godi\u0161nje","datePublished":"2015-02-12T08:38:42+00:00","mainEntityOfPage":{"@id":"https:\/\/sandzakpress.net\/arhiva\/roma-ljajicu-nudi-novi-ugovor-plata-par-miliona-eura-godisnje\/"},"wordCount":182,"commentCount":1,"publisher":{"@id":"https:\/\/sandzakpress.net\/arhiva\/#\/schema\/person\/6e72b67d6e51910a1117b3b483ba20bd"},"image":{"@id":"https:\/\/sandzakpress.net\/arhiva\/roma-ljajicu-nudi-novi-ugovor-plata-par-miliona-eura-godisnje\/#primaryimage"},"thumbnailUrl":"https:\/\/sandzakpress.net\/arhiva\/wp-content\/uploads\/2015\/02\/la-roma-rimonta-con-l-aiutino-bianconeri-imbestialiti-640x346.jpg","articleSection":["Novi Pazar","Sport","Italija","NAJNOVIJE"],"inLanguage":"bs-BA","potentialAction":[{"@type":"CommentAction","name":"Comment","target":["https:\/\/sandzakpress.net\/arhiva\/roma-ljajicu-nudi-novi-ugovor-plata-par-miliona-eura-godisnje\/#respond"]}]},{"@type":"WebPage","@id":"https:\/\/sandzakpress.net\/arhiva\/roma-ljajicu-nudi-novi-ugovor-plata-par-miliona-eura-godisnje\/","url":"https:\/\/sandzakpress.net\/arhiva\/roma-ljajicu-nudi-novi-ugovor-plata-par-miliona-eura-godisnje\/","name":"Roma Ljaji\u0107u nudi novi ugovor, plata par miliona eura godi\u0161nje","isPartOf":{"@id":"https:\/\/sandzakpress.net\/arhiva\/#website"},"primaryImageOfPage":{"@id":"https:\/\/sandzakpress.net\/arhiva\/roma-ljajicu-nudi-novi-ugovor-plata-par-miliona-eura-godisnje\/#primaryimage"},"image":{"@id":"https:\/\/sandzakpress.net\/arhiva\/roma-ljajicu-nudi-novi-ugovor-plata-par-miliona-eura-godisnje\/#primaryimage"},"thumbnailUrl":"https:\/\/sandzakpress.net\/arhiva\/wp-content\/uploads\/2015\/02\/la-roma-rimonta-con-l-aiutino-bianconeri-imbestialiti-640x346.jpg","datePublished":"2015-02-12T08:38:42+00:00","breadcrumb":{"@id":"https:\/\/sandzakpress.net\/arhiva\/roma-ljajicu-nudi-novi-ugovor-plata-par-miliona-eura-godisnje\/#breadcrumb"},"inLanguage":"bs-BA","potentialAction":[{"@type":"ReadAction","target":["https:\/\/sandzakpress.net\/arhiva\/roma-ljajicu-nudi-novi-ugovor-plata-par-miliona-eura-godisnje\/"]}]},{"@type":"ImageObject","inLanguage":"bs-BA","@id":"https:\/\/sandzakpress.net\/arhiva\/roma-ljajicu-nudi-novi-ugovor-plata-par-miliona-eura-godisnje\/#primaryimage","url":"https:\/\/sandzakpress.net\/arhiva\/wp-content\/uploads\/2015\/02\/la-roma-rimonta-con-l-aiutino-bianconeri-imbestialiti-640x346.jpg","contentUrl":"https:\/\/sandzakpress.net\/arhiva\/wp-content\/uploads\/2015\/02\/la-roma-rimonta-con-l-aiutino-bianconeri-imbestialiti-640x346.jpg","width":600,"height":324},{"@type":"BreadcrumbList","@id":"https:\/\/sandzakpress.net\/arhiva\/roma-ljajicu-nudi-novi-ugovor-plata-par-miliona-eura-godisnje\/#breadcrumb","itemListElement":[{"@type":"ListItem","position":1,"name":"Home","item":"https:\/\/sandzakpress.net\/arhiva\/"},{"@type":"ListItem","position":2,"name":"Roma Ljaji\u0107u nudi novi ugovor, plata par miliona eura godi\u0161nje"}]},{"@type":"WebSite","@id":"https:\/\/sandzakpress.net\/arhiva\/#website","url":"https:\/\/sandzakpress.net\/arhiva\/","name":"Sand\u017eak PRESS","description":"Prve elektronske novine u Sand\u017eaku","publisher":{"@id":"https:\/\/sandzakpress.net\/arhiva\/#\/schema\/person\/6e72b67d6e51910a1117b3b483ba20bd"},"potentialAction":[{"@type":"SearchAction","target":{"@type":"EntryPoint","urlTemplate":"https:\/\/sandzakpress.net\/arhiva\/?s={search_term_string}"},"query-input":{"@type":"PropertyValueSpecification","valueRequired":true,"valueName":"search_term_string"}}],"inLanguage":"bs-BA"},{"@type":["Person","Organization"],"@id":"https:\/\/sandzakpress.net\/arhiva\/#\/schema\/person\/6e72b67d6e51910a1117b3b483ba20bd","name":"Kul","image":{"@type":"ImageObject","inLanguage":"bs-BA","@id":"https:\/\/sandzakpress.net\/arhiva\/#\/schema\/person\/image\/","url":"https:\/\/secure.gravatar.com\/avatar\/42263f39aa27ac04c43cab85c280eb2e?s=96&d=mm&r=pg","contentUrl":"https:\/\/secure.gravatar.com\/avatar\/42263f39aa27ac04c43cab85c280eb2e?s=96&d=mm&r=pg","caption":"Kul"},"logo":{"@id":"https:\/\/sandzakpress.net\/arhiva\/#\/schema\/person\/image\/"}},{"@type":"Person","@id":"https:\/\/sandzakpress.net\/arhiva\/#\/schema\/person\/c8baee722073534b583ea7bdb2e36c02","name":"bosniak","image":{"@type":"ImageObject","inLanguage":"bs-BA","@id":"https:\/\/sandzakpress.net\/arhiva\/#\/schema\/person\/image\/","url":"https:\/\/secure.gravatar.com\/avatar\/a04fd330bfe3a36a72a0ad4a6d89fca7?s=96&d=mm&r=pg","contentUrl":"https:\/\/secure.gravatar.com\/avatar\/a04fd330bfe3a36a72a0ad4a6d89fca7?s=96&d=mm&r=pg","caption":"bosniak"},"url":"https:\/\/sandzakpress.net\/arhiva\/author\/bosniak\/"}]}},"_links":{"self":[{"href":"https:\/\/sandzakpress.net\/arhiva\/wp-json\/wp\/v2\/posts\/122365"}],"collection":[{"href":"https:\/\/sandzakpress.net\/arhiva\/wp-json\/wp\/v2\/posts"}],"about":[{"href":"https:\/\/sandzakpress.net\/arhiva\/wp-json\/wp\/v2\/types\/post"}],"author":[{"embeddable":true,"href":"https:\/\/sandzakpress.net\/arhiva\/wp-json\/wp\/v2\/users\/83"}],"replies":[{"embeddable":true,"href":"https:\/\/sandzakpress.net\/arhiva\/wp-json\/wp\/v2\/comments?post=122365"}],"version-history":[{"count":0,"href":"https:\/\/sandzakpress.net\/arhiva\/wp-json\/wp\/v2\/posts\/122365\/revisions"}],"wp:featuredmedia":[{"embeddable":true,"href":"https:\/\/sandzakpress.net\/arhiva\/wp-json\/wp\/v2\/media\/122366"}],"wp:attachment":[{"href":"https:\/\/sandzakpress.net\/arhiva\/wp-json\/wp\/v2\/media?parent=122365"}],"wp:term":[{"taxonomy":"category","embeddable":true,"href":"https:\/\/sandzakpress.net\/arhiva\/wp-json\/wp\/v2\/categories?post=122365"},{"taxonomy":"post_tag","embeddable":true,"href":"https:\/\/sandzakpress.net\/arhiva\/wp-json\/wp\/v2\/tags?post=122365"}],"curies":[{"name":"wp","href":"https:\/\/api.w.org\/{rel}","templated":true}]}}