{"id":122229,"date":"2015-02-11T09:49:10","date_gmt":"2015-02-11T08:49:10","guid":{"rendered":"https:\/\/sandzakpress.net\/arhiva\/?p=122229"},"modified":"2015-02-11T09:49:10","modified_gmt":"2015-02-11T08:49:10","slug":"erdogan-gulen-veca-prijetnja-od-pkk","status":"publish","type":"post","link":"https:\/\/sandzakpress.net\/arhiva\/erdogan-gulen-veca-prijetnja-od-pkk\/","title":{"rendered":"Erdogan: Gulen ve\u0107a prijetnja od PKK"},"content":{"rendered":"<p><img loading=\"lazy\" decoding=\"async\" class=\"aligncenter size-full wp-image-122230\" src=\"https:\/\/sandzakpress.net\/arhiva\/wp-content\/uploads\/2015\/02\/h_51344486-640x437.jpg\" alt=\"h_51344486-640x437\" width=\"600\" height=\"409\" \/><strong>Turska &#8211; Pokret imama Fethullaha Gulena predstavlja puno ve\u0107u prijetnju za sigurnost Turske od \u010dlanova Radni\u010dke stranke Kurdistana (PKK), izjavio je u utorak turski predsjednik Recep Tayyip Erdogan.<br \/>\n<\/strong><br \/>\n\u201cDanas na me\u0111unarodnom planu \u010dak ni teroristi\u010dka organizacija PKK nije u tolikoj mjeri na\u0161tetila Turskoj kao Gulenova \u2018paralelna struktura'\u201d, rekao je Erdogan novinarima koji ga prate u slu\u017ebenoj posjeti Kolumbiji.<\/p>\n<p>Svom biv\u0161em savezniku Gulenu turski predsjednik predbacuje da je stvorio mre\u017eu \u201cprljavih odnosa\u201d s me\u0111unarodnom zajednicom \u010diji je jedini cilj oklevetati konzervativnu islamsku vladu.<\/p>\n<p>Transnacionalni pokret imama Gulena koji od 1999. \u017eivi u Sjedinjenim Dr\u017eavama, \u010dini niz \u0161kola, nevladinih organizacija, medijskih ku\u0107a i kompanija, podsje\u0107a agencija Hina.<\/p>\n<p>Pokret je podr\u017eavao i branio Erdoganov re\u017eim od vojske i lai\u010dke elite u zemlji. Me\u0111utim, Erdogan mu je objavio rat pro\u0161le godine nakon izbijanja korupcijskog skandala.<\/p>\n<p>Borba za vlast<\/p>\n<p>Gulen od 1999. \u017eivi u samonametnutom egzilu u Pennsylvaniji po\u0161to je pobjegao iz Turske zbog optu\u017ebi da je \u017eelio zbaciti tursku sekularnu vladu. Sada analiti\u010dari vjeruju da Gulenovi simpatizeri u sudstvu i policiji stoje iza niza istraga o korupciji koje bi s vlasti mogle zbaciti premijera Erdogana.<\/p>\n<p>U Turskoj traje borba za vlast koja predstavlja prekid deceniju dugog saveza izme\u0111u Erdoganove stranke Pravde i razvoja, i pokreta lojalnog Gulenu.<\/p>\n<p>Nakon \u0161to je pritvoreno oko 50 osoba pod optu\u017ebama za primanje mita, uklju\u010duju\u0107i i osobe bliske Erdoganu, Vlada je odgovorila \u010di\u0161\u0107enjem nekoliko stotina du\u017enosnika iz policije i zamjenom tu\u017eitelja.<\/p>\n<p>Tri Erdoganova ministra navodno umije\u0161ana u korupciju podnijela su tada ostavke.<\/p>\n<p>Izvor: Agencije<\/p>\n","protected":false},"excerpt":{"rendered":"<p>Turska &#8211; Pokret imama Fethullaha Gulena predstavlja puno ve\u0107u prijetnju za sigurnost Turske od \u010dlanova Radni\u010dke stranke Kurdistana (PKK), izjavio je u utorak turski predsjednik Recep Tayyip Erdogan. \u201cDanas na me\u0111unarodnom planu \u010dak ni teroristi\u010dka organizacija PKK nije u tolikoj mjeri na\u0161tetila Turskoj kao Gulenova \u2018paralelna struktura'\u201d, rekao je Erdogan novinarima koji ga prate u [&hellip;]<\/p>\n","protected":false},"author":83,"featured_media":122230,"comment_status":"open","ping_status":"open","sticky":false,"template":"","format":"standard","meta":{"footnotes":""},"categories":[9,2692],"tags":[],"class_list":{"0":"post-122229","1":"post","2":"type-post","3":"status-publish","4":"format-standard","5":"has-post-thumbnail","7":"category-svijet","8":"category-turska-gradovi"},"yoast_head":"<!-- This site is optimized with the Yoast SEO Premium plugin v23.1 (Yoast SEO v24.9) - https:\/\/yoast.com\/wordpress\/plugins\/seo\/ -->\n<title>Erdogan: Gulen ve\u0107a prijetnja od PKK<\/title>\n<meta name=\"robots\" content=\"index, follow, max-snippet:-1, max-image-preview:large, max-video-preview:-1\" \/>\n<link rel=\"canonical\" href=\"https:\/\/sandzakpress.net\/arhiva\/erdogan-gulen-veca-prijetnja-od-pkk\/\" \/>\n<meta property=\"og:locale\" content=\"bs_BA\" \/>\n<meta property=\"og:type\" content=\"article\" \/>\n<meta property=\"og:title\" content=\"Erdogan: Gulen ve\u0107a prijetnja od PKK\" \/>\n<meta property=\"og:description\" content=\"Turska &#8211; Pokret imama Fethullaha Gulena predstavlja puno ve\u0107u prijetnju za sigurnost Turske od \u010dlanova Radni\u010dke stranke Kurdistana (PKK), izjavio je u utorak turski predsjednik Recep Tayyip Erdogan. \u201cDanas na me\u0111unarodnom planu \u010dak ni teroristi\u010dka organizacija PKK nije u tolikoj mjeri na\u0161tetila Turskoj kao Gulenova \u2018paralelna struktura&#039;\u201d, rekao je Erdogan novinarima koji ga prate u [&hellip;]\" \/>\n<meta property=\"og:url\" content=\"https:\/\/sandzakpress.net\/arhiva\/erdogan-gulen-veca-prijetnja-od-pkk\/\" \/>\n<meta property=\"og:site_name\" content=\"Sand\u017eak PRESS\" \/>\n<meta property=\"article:published_time\" content=\"2015-02-11T08:49:10+00:00\" \/>\n<meta property=\"og:image\" content=\"https:\/\/sandzakpress.net\/arhiva\/wp-content\/uploads\/2015\/02\/h_51344486-640x437.jpg\" \/>\n\t<meta property=\"og:image:width\" content=\"600\" \/>\n\t<meta property=\"og:image:height\" content=\"409\" \/>\n\t<meta property=\"og:image:type\" content=\"image\/jpeg\" \/>\n<meta name=\"author\" content=\"bosniak\" \/>\n<meta name=\"twitter:card\" content=\"summary_large_image\" \/>\n<meta name=\"twitter:label1\" content=\"Written by\" \/>\n\t<meta name=\"twitter:data1\" content=\"bosniak\" \/>\n\t<meta name=\"twitter:label2\" content=\"Est. reading time\" \/>\n\t<meta name=\"twitter:data2\" content=\"1 minuta\" \/>\n<script type=\"application\/ld+json\" class=\"yoast-schema-graph\">{\"@context\":\"https:\/\/schema.org\",\"@graph\":[{\"@type\":\"Article\",\"@id\":\"https:\/\/sandzakpress.net\/arhiva\/erdogan-gulen-veca-prijetnja-od-pkk\/#article\",\"isPartOf\":{\"@id\":\"https:\/\/sandzakpress.net\/arhiva\/erdogan-gulen-veca-prijetnja-od-pkk\/\"},\"author\":{\"name\":\"bosniak\",\"@id\":\"https:\/\/sandzakpress.net\/arhiva\/#\/schema\/person\/c8baee722073534b583ea7bdb2e36c02\"},\"headline\":\"Erdogan: Gulen ve\u0107a prijetnja od PKK\",\"datePublished\":\"2015-02-11T08:49:10+00:00\",\"mainEntityOfPage\":{\"@id\":\"https:\/\/sandzakpress.net\/arhiva\/erdogan-gulen-veca-prijetnja-od-pkk\/\"},\"wordCount\":277,\"commentCount\":11,\"publisher\":{\"@id\":\"https:\/\/sandzakpress.net\/arhiva\/#\/schema\/person\/6e72b67d6e51910a1117b3b483ba20bd\"},\"image\":{\"@id\":\"https:\/\/sandzakpress.net\/arhiva\/erdogan-gulen-veca-prijetnja-od-pkk\/#primaryimage\"},\"thumbnailUrl\":\"https:\/\/sandzakpress.net\/arhiva\/wp-content\/uploads\/2015\/02\/h_51344486-640x437.jpg\",\"articleSection\":[\"Svijet\",\"Turska\"],\"inLanguage\":\"bs-BA\",\"potentialAction\":[{\"@type\":\"CommentAction\",\"name\":\"Comment\",\"target\":[\"https:\/\/sandzakpress.net\/arhiva\/erdogan-gulen-veca-prijetnja-od-pkk\/#respond\"]}]},{\"@type\":\"WebPage\",\"@id\":\"https:\/\/sandzakpress.net\/arhiva\/erdogan-gulen-veca-prijetnja-od-pkk\/\",\"url\":\"https:\/\/sandzakpress.net\/arhiva\/erdogan-gulen-veca-prijetnja-od-pkk\/\",\"name\":\"Erdogan: Gulen ve\u0107a prijetnja od PKK\",\"isPartOf\":{\"@id\":\"https:\/\/sandzakpress.net\/arhiva\/#website\"},\"primaryImageOfPage\":{\"@id\":\"https:\/\/sandzakpress.net\/arhiva\/erdogan-gulen-veca-prijetnja-od-pkk\/#primaryimage\"},\"image\":{\"@id\":\"https:\/\/sandzakpress.net\/arhiva\/erdogan-gulen-veca-prijetnja-od-pkk\/#primaryimage\"},\"thumbnailUrl\":\"https:\/\/sandzakpress.net\/arhiva\/wp-content\/uploads\/2015\/02\/h_51344486-640x437.jpg\",\"datePublished\":\"2015-02-11T08:49:10+00:00\",\"breadcrumb\":{\"@id\":\"https:\/\/sandzakpress.net\/arhiva\/erdogan-gulen-veca-prijetnja-od-pkk\/#breadcrumb\"},\"inLanguage\":\"bs-BA\",\"potentialAction\":[{\"@type\":\"ReadAction\",\"target\":[\"https:\/\/sandzakpress.net\/arhiva\/erdogan-gulen-veca-prijetnja-od-pkk\/\"]}]},{\"@type\":\"ImageObject\",\"inLanguage\":\"bs-BA\",\"@id\":\"https:\/\/sandzakpress.net\/arhiva\/erdogan-gulen-veca-prijetnja-od-pkk\/#primaryimage\",\"url\":\"https:\/\/sandzakpress.net\/arhiva\/wp-content\/uploads\/2015\/02\/h_51344486-640x437.jpg\",\"contentUrl\":\"https:\/\/sandzakpress.net\/arhiva\/wp-content\/uploads\/2015\/02\/h_51344486-640x437.jpg\",\"width\":600,\"height\":409},{\"@type\":\"BreadcrumbList\",\"@id\":\"https:\/\/sandzakpress.net\/arhiva\/erdogan-gulen-veca-prijetnja-od-pkk\/#breadcrumb\",\"itemListElement\":[{\"@type\":\"ListItem\",\"position\":1,\"name\":\"Home\",\"item\":\"https:\/\/sandzakpress.net\/arhiva\/\"},{\"@type\":\"ListItem\",\"position\":2,\"name\":\"Erdogan: Gulen ve\u0107a prijetnja od PKK\"}]},{\"@type\":\"WebSite\",\"@id\":\"https:\/\/sandzakpress.net\/arhiva\/#website\",\"url\":\"https:\/\/sandzakpress.net\/arhiva\/\",\"name\":\"Sand\u017eak PRESS\",\"description\":\"Prve elektronske novine u Sand\u017eaku\",\"publisher\":{\"@id\":\"https:\/\/sandzakpress.net\/arhiva\/#\/schema\/person\/6e72b67d6e51910a1117b3b483ba20bd\"},\"potentialAction\":[{\"@type\":\"SearchAction\",\"target\":{\"@type\":\"EntryPoint\",\"urlTemplate\":\"https:\/\/sandzakpress.net\/arhiva\/?s={search_term_string}\"},\"query-input\":{\"@type\":\"PropertyValueSpecification\",\"valueRequired\":true,\"valueName\":\"search_term_string\"}}],\"inLanguage\":\"bs-BA\"},{\"@type\":[\"Person\",\"Organization\"],\"@id\":\"https:\/\/sandzakpress.net\/arhiva\/#\/schema\/person\/6e72b67d6e51910a1117b3b483ba20bd\",\"name\":\"Kul\",\"image\":{\"@type\":\"ImageObject\",\"inLanguage\":\"bs-BA\",\"@id\":\"https:\/\/sandzakpress.net\/arhiva\/#\/schema\/person\/image\/\",\"url\":\"https:\/\/secure.gravatar.com\/avatar\/42263f39aa27ac04c43cab85c280eb2e?s=96&d=mm&r=pg\",\"contentUrl\":\"https:\/\/secure.gravatar.com\/avatar\/42263f39aa27ac04c43cab85c280eb2e?s=96&d=mm&r=pg\",\"caption\":\"Kul\"},\"logo\":{\"@id\":\"https:\/\/sandzakpress.net\/arhiva\/#\/schema\/person\/image\/\"}},{\"@type\":\"Person\",\"@id\":\"https:\/\/sandzakpress.net\/arhiva\/#\/schema\/person\/c8baee722073534b583ea7bdb2e36c02\",\"name\":\"bosniak\",\"image\":{\"@type\":\"ImageObject\",\"inLanguage\":\"bs-BA\",\"@id\":\"https:\/\/sandzakpress.net\/arhiva\/#\/schema\/person\/image\/\",\"url\":\"https:\/\/secure.gravatar.com\/avatar\/a04fd330bfe3a36a72a0ad4a6d89fca7?s=96&d=mm&r=pg\",\"contentUrl\":\"https:\/\/secure.gravatar.com\/avatar\/a04fd330bfe3a36a72a0ad4a6d89fca7?s=96&d=mm&r=pg\",\"caption\":\"bosniak\"},\"url\":\"https:\/\/sandzakpress.net\/arhiva\/author\/bosniak\/\"}]}<\/script>\n<!-- \/ Yoast SEO Premium plugin. -->","yoast_head_json":{"title":"Erdogan: Gulen ve\u0107a prijetnja od PKK","robots":{"index":"index","follow":"follow","max-snippet":"max-snippet:-1","max-image-preview":"max-image-preview:large","max-video-preview":"max-video-preview:-1"},"canonical":"https:\/\/sandzakpress.net\/arhiva\/erdogan-gulen-veca-prijetnja-od-pkk\/","og_locale":"bs_BA","og_type":"article","og_title":"Erdogan: Gulen ve\u0107a prijetnja od PKK","og_description":"Turska &#8211; Pokret imama Fethullaha Gulena predstavlja puno ve\u0107u prijetnju za sigurnost Turske od \u010dlanova Radni\u010dke stranke Kurdistana (PKK), izjavio je u utorak turski predsjednik Recep Tayyip Erdogan. \u201cDanas na me\u0111unarodnom planu \u010dak ni teroristi\u010dka organizacija PKK nije u tolikoj mjeri na\u0161tetila Turskoj kao Gulenova \u2018paralelna struktura'\u201d, rekao je Erdogan novinarima koji ga prate u [&hellip;]","og_url":"https:\/\/sandzakpress.net\/arhiva\/erdogan-gulen-veca-prijetnja-od-pkk\/","og_site_name":"Sand\u017eak PRESS","article_published_time":"2015-02-11T08:49:10+00:00","og_image":[{"width":600,"height":409,"url":"https:\/\/sandzakpress.net\/arhiva\/wp-content\/uploads\/2015\/02\/h_51344486-640x437.jpg","type":"image\/jpeg"}],"author":"bosniak","twitter_card":"summary_large_image","twitter_misc":{"Written by":"bosniak","Est. reading time":"1 minuta"},"schema":{"@context":"https:\/\/schema.org","@graph":[{"@type":"Article","@id":"https:\/\/sandzakpress.net\/arhiva\/erdogan-gulen-veca-prijetnja-od-pkk\/#article","isPartOf":{"@id":"https:\/\/sandzakpress.net\/arhiva\/erdogan-gulen-veca-prijetnja-od-pkk\/"},"author":{"name":"bosniak","@id":"https:\/\/sandzakpress.net\/arhiva\/#\/schema\/person\/c8baee722073534b583ea7bdb2e36c02"},"headline":"Erdogan: Gulen ve\u0107a prijetnja od PKK","datePublished":"2015-02-11T08:49:10+00:00","mainEntityOfPage":{"@id":"https:\/\/sandzakpress.net\/arhiva\/erdogan-gulen-veca-prijetnja-od-pkk\/"},"wordCount":277,"commentCount":11,"publisher":{"@id":"https:\/\/sandzakpress.net\/arhiva\/#\/schema\/person\/6e72b67d6e51910a1117b3b483ba20bd"},"image":{"@id":"https:\/\/sandzakpress.net\/arhiva\/erdogan-gulen-veca-prijetnja-od-pkk\/#primaryimage"},"thumbnailUrl":"https:\/\/sandzakpress.net\/arhiva\/wp-content\/uploads\/2015\/02\/h_51344486-640x437.jpg","articleSection":["Svijet","Turska"],"inLanguage":"bs-BA","potentialAction":[{"@type":"CommentAction","name":"Comment","target":["https:\/\/sandzakpress.net\/arhiva\/erdogan-gulen-veca-prijetnja-od-pkk\/#respond"]}]},{"@type":"WebPage","@id":"https:\/\/sandzakpress.net\/arhiva\/erdogan-gulen-veca-prijetnja-od-pkk\/","url":"https:\/\/sandzakpress.net\/arhiva\/erdogan-gulen-veca-prijetnja-od-pkk\/","name":"Erdogan: Gulen ve\u0107a prijetnja od PKK","isPartOf":{"@id":"https:\/\/sandzakpress.net\/arhiva\/#website"},"primaryImageOfPage":{"@id":"https:\/\/sandzakpress.net\/arhiva\/erdogan-gulen-veca-prijetnja-od-pkk\/#primaryimage"},"image":{"@id":"https:\/\/sandzakpress.net\/arhiva\/erdogan-gulen-veca-prijetnja-od-pkk\/#primaryimage"},"thumbnailUrl":"https:\/\/sandzakpress.net\/arhiva\/wp-content\/uploads\/2015\/02\/h_51344486-640x437.jpg","datePublished":"2015-02-11T08:49:10+00:00","breadcrumb":{"@id":"https:\/\/sandzakpress.net\/arhiva\/erdogan-gulen-veca-prijetnja-od-pkk\/#breadcrumb"},"inLanguage":"bs-BA","potentialAction":[{"@type":"ReadAction","target":["https:\/\/sandzakpress.net\/arhiva\/erdogan-gulen-veca-prijetnja-od-pkk\/"]}]},{"@type":"ImageObject","inLanguage":"bs-BA","@id":"https:\/\/sandzakpress.net\/arhiva\/erdogan-gulen-veca-prijetnja-od-pkk\/#primaryimage","url":"https:\/\/sandzakpress.net\/arhiva\/wp-content\/uploads\/2015\/02\/h_51344486-640x437.jpg","contentUrl":"https:\/\/sandzakpress.net\/arhiva\/wp-content\/uploads\/2015\/02\/h_51344486-640x437.jpg","width":600,"height":409},{"@type":"BreadcrumbList","@id":"https:\/\/sandzakpress.net\/arhiva\/erdogan-gulen-veca-prijetnja-od-pkk\/#breadcrumb","itemListElement":[{"@type":"ListItem","position":1,"name":"Home","item":"https:\/\/sandzakpress.net\/arhiva\/"},{"@type":"ListItem","position":2,"name":"Erdogan: Gulen ve\u0107a prijetnja od PKK"}]},{"@type":"WebSite","@id":"https:\/\/sandzakpress.net\/arhiva\/#website","url":"https:\/\/sandzakpress.net\/arhiva\/","name":"Sand\u017eak PRESS","description":"Prve elektronske novine u Sand\u017eaku","publisher":{"@id":"https:\/\/sandzakpress.net\/arhiva\/#\/schema\/person\/6e72b67d6e51910a1117b3b483ba20bd"},"potentialAction":[{"@type":"SearchAction","target":{"@type":"EntryPoint","urlTemplate":"https:\/\/sandzakpress.net\/arhiva\/?s={search_term_string}"},"query-input":{"@type":"PropertyValueSpecification","valueRequired":true,"valueName":"search_term_string"}}],"inLanguage":"bs-BA"},{"@type":["Person","Organization"],"@id":"https:\/\/sandzakpress.net\/arhiva\/#\/schema\/person\/6e72b67d6e51910a1117b3b483ba20bd","name":"Kul","image":{"@type":"ImageObject","inLanguage":"bs-BA","@id":"https:\/\/sandzakpress.net\/arhiva\/#\/schema\/person\/image\/","url":"https:\/\/secure.gravatar.com\/avatar\/42263f39aa27ac04c43cab85c280eb2e?s=96&d=mm&r=pg","contentUrl":"https:\/\/secure.gravatar.com\/avatar\/42263f39aa27ac04c43cab85c280eb2e?s=96&d=mm&r=pg","caption":"Kul"},"logo":{"@id":"https:\/\/sandzakpress.net\/arhiva\/#\/schema\/person\/image\/"}},{"@type":"Person","@id":"https:\/\/sandzakpress.net\/arhiva\/#\/schema\/person\/c8baee722073534b583ea7bdb2e36c02","name":"bosniak","image":{"@type":"ImageObject","inLanguage":"bs-BA","@id":"https:\/\/sandzakpress.net\/arhiva\/#\/schema\/person\/image\/","url":"https:\/\/secure.gravatar.com\/avatar\/a04fd330bfe3a36a72a0ad4a6d89fca7?s=96&d=mm&r=pg","contentUrl":"https:\/\/secure.gravatar.com\/avatar\/a04fd330bfe3a36a72a0ad4a6d89fca7?s=96&d=mm&r=pg","caption":"bosniak"},"url":"https:\/\/sandzakpress.net\/arhiva\/author\/bosniak\/"}]}},"_links":{"self":[{"href":"https:\/\/sandzakpress.net\/arhiva\/wp-json\/wp\/v2\/posts\/122229"}],"collection":[{"href":"https:\/\/sandzakpress.net\/arhiva\/wp-json\/wp\/v2\/posts"}],"about":[{"href":"https:\/\/sandzakpress.net\/arhiva\/wp-json\/wp\/v2\/types\/post"}],"author":[{"embeddable":true,"href":"https:\/\/sandzakpress.net\/arhiva\/wp-json\/wp\/v2\/users\/83"}],"replies":[{"embeddable":true,"href":"https:\/\/sandzakpress.net\/arhiva\/wp-json\/wp\/v2\/comments?post=122229"}],"version-history":[{"count":0,"href":"https:\/\/sandzakpress.net\/arhiva\/wp-json\/wp\/v2\/posts\/122229\/revisions"}],"wp:featuredmedia":[{"embeddable":true,"href":"https:\/\/sandzakpress.net\/arhiva\/wp-json\/wp\/v2\/media\/122230"}],"wp:attachment":[{"href":"https:\/\/sandzakpress.net\/arhiva\/wp-json\/wp\/v2\/media?parent=122229"}],"wp:term":[{"taxonomy":"category","embeddable":true,"href":"https:\/\/sandzakpress.net\/arhiva\/wp-json\/wp\/v2\/categories?post=122229"},{"taxonomy":"post_tag","embeddable":true,"href":"https:\/\/sandzakpress.net\/arhiva\/wp-json\/wp\/v2\/tags?post=122229"}],"curies":[{"name":"wp","href":"https:\/\/api.w.org\/{rel}","templated":true}]}}