{"id":122031,"date":"2015-02-09T16:42:16","date_gmt":"2015-02-09T15:42:16","guid":{"rendered":"https:\/\/sandzakpress.net\/arhiva\/?p=122031"},"modified":"2015-02-09T16:42:16","modified_gmt":"2015-02-09T15:42:16","slug":"hrvatska-povucena-optuznica-smijenjena-tuziteljica","status":"publish","type":"post","link":"https:\/\/sandzakpress.net\/arhiva\/hrvatska-povucena-optuznica-smijenjena-tuziteljica\/","title":{"rendered":"Hrvatska: Povu\u010dena optu\u017enica, smijenjena tu\u017eiteljica"},"content":{"rendered":"<p><a href=\"https:\/\/sandzakpress.net\/arhiva\/wp-content\/uploads\/2015\/02\/zeljka_pokupec_main_marko_prpic_pixsell.jpg\"><img loading=\"lazy\" decoding=\"async\" class=\"alignnone size-full wp-image-122032\" src=\"https:\/\/sandzakpress.net\/arhiva\/wp-content\/uploads\/2015\/02\/zeljka_pokupec_main_marko_prpic_pixsell.jpg\" alt=\"zeljka_pokupec_main_marko_prpic_pixsell\" width=\"600\" height=\"400\" \/><\/a><\/p>\n<p><strong>Hrvatska &#8211; Dr\u017eavno odvjetni\u0161tvo Republike Hrvatske ocijenilo da je optu\u017enica za ratni zlo\u010din nakon akcije &#8216;Oluja&#8217; protiv \u017deljka Sa\u010di\u0107a i Franje Drlje manjakava.<\/strong><\/p>\n<p>Dr\u017eavno odvjetni\u0161tvo Republike Hrvatske u ponedjeljak je potvrdilo da je povuklo &#8220;manjkavu optu\u017enicu&#8221; za ratni zlo\u010din nakon operacije &#8220;Oluja&#8221; protiv tada\u0161njeg pomo\u0107nika zapovjednika Sto\u017eera specijalne policije Ministarstva unutarnjih poslova \u017deljka Sa\u010di\u0107a i biv\u0161eg pripadnika policijske antiteroristi\u010dke jedinice Lu\u010dko Franje Drlje te, zbog propusta u tom slu\u010daju, pokrenulo postupak razrje\u0161enja zagreba\u010dke \u017eupanijske dr\u017eavne odvjetnice \u017deljke Pokupec.<\/p>\n<p>U priop\u0107enju na slu\u017ebenoj internetskoj stranici pi\u0161e da je o namjeri podizanja optu\u017enice zbog zlo\u010dina protiv civila po\u010dinjenih 26. kolovoza 1995. godine u selu Ramljani \u017dupanijsko dr\u017eavno odvjetni\u0161tvo u Zagrebu bilo du\u017eno izvijestiti &#8220;krovno&#8221; Dr\u017eavno odvjetni\u0161tvo, prenosi Hina.<\/p>\n<p>No, to je u\u010dinilo tek nakon podizanja optu\u017enice, 14. sije\u010dnja, pa DORH nije imao priliku ranije raspravljati o njezinoj &#8220;pravnoj kvaliteti i \u010dinjeni\u010dnoj utemeljenosti&#8221;.<\/p>\n<p><strong>DORH nije bio izvije\u0161ten<\/strong><\/p>\n<p>Poja\u0161njavaju da je na raspravama koje su vo\u0111ene na dvije sjednice Kaznenog odjela zaklju\u010deno da se u konkretnom slu\u010daju radi o &#8220;predmetu od posebnog dr\u017eavnog interesa, u kojem se pojavljuju slo\u017eena pravna i \u010dinjeni\u010dna pitanja&#8221;, zbog \u010dega je zagreba\u010dko tu\u017eiteljstvo bilo du\u017eno izvijestiti DORH o &#8220;ve\u0107 poduzetim radnjama, kao i o svojim daljnjim namjerama, odnosno o namjeri podizanja optu\u017enice&#8221;.<\/p>\n<p>&#8220;Isto tako, zaklju\u010deno je da optu\u017enica i postupak prije njezinog podizanja trpe znatne nedostatke&#8221;, jer &#8220;tijekom provedene istrage nisu poduzete sve radnje kako bi se prikupili dokazi o odlu\u010dnim \u010dinjenicama od kojih zavisi zaklju\u010dak o postojanju svih bitnih obilje\u017eja kaznenih djela koja se okrivljenicima stavljaju na teret.<\/p>\n<p>Ovakvim na\u010dinom rada u prethodnom kaznenom postupku i ovakvom manjkavom optu\u017enicom nisu ispunjeni zakonski uvjeti postupanja i optu\u017eivanja, kao niti profesionalni standardi progona u predmetima ratnih zlo\u010dina propisani naputkom Glavnog dr\u017eavnog odvjetnika Republike Hrvatske&#8221;, navodi se u priop\u0107enju.<\/p>\n<p>Glavni dr\u017eavni odvjetnik Dinko Cvitan zbog toga je 6. velja\u010de &#8220;nalo\u017eio povla\u010denje optu\u017enice, koja je povu\u010dena sa \u017dupanijskog suda u Zagrebu s dana\u0161njim danom&#8221;.<\/p>\n<p>Smatraju\u0107i da je &#8220;za propuste i nepravilnosti u radu kojima je dovedeno u pitanje uredno i zakonito funkcioniranje sustava Dr\u017eavnog odvjetni\u0161tva u cjelini odgovorna \u017deljka Pokupec, kao \u017eupanijska dr\u017eavna odvjetnica&#8221;, Cvitan je zatra\u017eio da podnese ostavku, pa je ona 6. velja\u010de podnijela zahtjev za razrje\u0161enje s du\u017enosti, isti\u010du u DORH-u.<\/p>\n<p><strong>Optu\u017enica povu\u010dena prije raspravi o osnovanosti<\/strong><\/p>\n<p>Optu\u017enica protiv Sa\u010di\u0107a i Drlje podignuta je 12. sije\u010dnja, a povu\u010dena je prije nego \u0161to je o njenoj osnovanosti raspravljalo sudsko optu\u017eno vije\u0107e.<\/p>\n<p>Optu\u017enica je Sa\u010di\u0107a i Drlju teretila za ratni zlo\u010din protiv civila koji se na \u0161irem podru\u010dju Knina i Gra\u010daca dogodio 25. i 26. kolovoza 1995. godine.<\/p>\n<p>Tu\u017eiteljstvo je tada istaknulo da se zlo\u010din dogodio &#8220;za vrijeme trajanja oru\u017eanog sukoba izme\u0111u oru\u017eanih snaga Republike Hrvatske i srpskih paravojnih formacija&#8221;, a nakon \u0161to je izdana zapovijed jedinicama specijalne policije, pa tako i Antiteroristi\u010dkoj jedinici Lu\u010dko, koje su trebale pretra\u017eiti podru\u010dje na \u0161irem podru\u010dju Knina od &#8220;zaostalih diverzantsko-teroristi\u010dkih skupina i minsko-eksplozivnih sredstava&#8221;.<\/p>\n<p>Sa\u010di\u0107a je tu\u017eiteljstvo, izme\u0111u ostalog, teretilo da je, kao pomo\u0107nik zapovjednika Sto\u017eera specijalne policije MUP-a, sa sjedi\u0161tem u Gra\u010dacu, propustio osigurati u\u010dinkoviti nadzor nad postupanjem pripadnika specijalne policije, sukladno me\u0111unarodnim konvencijama.<\/p>\n<p>(Al Jazeera)<\/p>\n","protected":false},"excerpt":{"rendered":"<p>Hrvatska &#8211; Dr\u017eavno odvjetni\u0161tvo Republike Hrvatske ocijenilo da je optu\u017enica za ratni zlo\u010din nakon akcije &#8216;Oluja&#8217; protiv \u017deljka Sa\u010di\u0107a i Franje Drlje manjakava. Dr\u017eavno odvjetni\u0161tvo Republike Hrvatske u ponedjeljak je potvrdilo da je povuklo &#8220;manjkavu optu\u017enicu&#8221; za ratni zlo\u010din nakon operacije &#8220;Oluja&#8221; protiv tada\u0161njeg pomo\u0107nika zapovjednika Sto\u017eera specijalne policije Ministarstva unutarnjih poslova \u017deljka Sa\u010di\u0107a i [&hellip;]<\/p>\n","protected":false},"author":509,"featured_media":122032,"comment_status":"open","ping_status":"open","sticky":false,"template":"","format":"standard","meta":{"footnotes":""},"categories":[1,10306,798],"tags":[],"class_list":{"0":"post-122031","1":"post","2":"type-post","3":"status-publish","4":"format-standard","5":"has-post-thumbnail","7":"category-politika","8":"category-hrvatska","9":"category-teme"},"yoast_head":"<!-- This site is optimized with the Yoast SEO Premium plugin v23.1 (Yoast SEO v24.9) - https:\/\/yoast.com\/wordpress\/plugins\/seo\/ -->\n<title>Hrvatska: Povu\u010dena optu\u017enica, smijenjena tu\u017eiteljica<\/title>\n<meta name=\"robots\" content=\"index, follow, max-snippet:-1, max-image-preview:large, max-video-preview:-1\" \/>\n<link rel=\"canonical\" href=\"https:\/\/sandzakpress.net\/arhiva\/hrvatska-povucena-optuznica-smijenjena-tuziteljica\/\" \/>\n<meta property=\"og:locale\" content=\"bs_BA\" \/>\n<meta property=\"og:type\" content=\"article\" \/>\n<meta property=\"og:title\" content=\"Hrvatska: Povu\u010dena optu\u017enica, smijenjena tu\u017eiteljica\" \/>\n<meta property=\"og:description\" content=\"Hrvatska &#8211; Dr\u017eavno odvjetni\u0161tvo Republike Hrvatske ocijenilo da je optu\u017enica za ratni zlo\u010din nakon akcije &#8216;Oluja&#8217; protiv \u017deljka Sa\u010di\u0107a i Franje Drlje manjakava. Dr\u017eavno odvjetni\u0161tvo Republike Hrvatske u ponedjeljak je potvrdilo da je povuklo &#8220;manjkavu optu\u017enicu&#8221; za ratni zlo\u010din nakon operacije &#8220;Oluja&#8221; protiv tada\u0161njeg pomo\u0107nika zapovjednika Sto\u017eera specijalne policije Ministarstva unutarnjih poslova \u017deljka Sa\u010di\u0107a i [&hellip;]\" \/>\n<meta property=\"og:url\" content=\"https:\/\/sandzakpress.net\/arhiva\/hrvatska-povucena-optuznica-smijenjena-tuziteljica\/\" \/>\n<meta property=\"og:site_name\" content=\"Sand\u017eak PRESS\" \/>\n<meta property=\"article:published_time\" content=\"2015-02-09T15:42:16+00:00\" \/>\n<meta property=\"og:image\" content=\"https:\/\/sandzakpress.net\/arhiva\/wp-content\/uploads\/2015\/02\/zeljka_pokupec_main_marko_prpic_pixsell.jpg\" \/>\n\t<meta property=\"og:image:width\" content=\"600\" \/>\n\t<meta property=\"og:image:height\" content=\"400\" \/>\n\t<meta property=\"og:image:type\" content=\"image\/jpeg\" \/>\n<meta name=\"author\" content=\"Agencija\" \/>\n<meta name=\"twitter:card\" content=\"summary_large_image\" \/>\n<meta name=\"twitter:label1\" content=\"Written by\" \/>\n\t<meta name=\"twitter:data1\" content=\"Agencija\" \/>\n\t<meta name=\"twitter:label2\" content=\"Est. reading time\" \/>\n\t<meta name=\"twitter:data2\" content=\"3 minute\" \/>\n<script type=\"application\/ld+json\" class=\"yoast-schema-graph\">{\"@context\":\"https:\/\/schema.org\",\"@graph\":[{\"@type\":\"Article\",\"@id\":\"https:\/\/sandzakpress.net\/arhiva\/hrvatska-povucena-optuznica-smijenjena-tuziteljica\/#article\",\"isPartOf\":{\"@id\":\"https:\/\/sandzakpress.net\/arhiva\/hrvatska-povucena-optuznica-smijenjena-tuziteljica\/\"},\"author\":{\"name\":\"Agencija\",\"@id\":\"https:\/\/sandzakpress.net\/arhiva\/#\/schema\/person\/cb59d7e3ab91ab90dd680ad0305a6185\"},\"headline\":\"Hrvatska: Povu\u010dena optu\u017enica, smijenjena tu\u017eiteljica\",\"datePublished\":\"2015-02-09T15:42:16+00:00\",\"mainEntityOfPage\":{\"@id\":\"https:\/\/sandzakpress.net\/arhiva\/hrvatska-povucena-optuznica-smijenjena-tuziteljica\/\"},\"wordCount\":614,\"commentCount\":0,\"publisher\":{\"@id\":\"https:\/\/sandzakpress.net\/arhiva\/#\/schema\/person\/6e72b67d6e51910a1117b3b483ba20bd\"},\"image\":{\"@id\":\"https:\/\/sandzakpress.net\/arhiva\/hrvatska-povucena-optuznica-smijenjena-tuziteljica\/#primaryimage\"},\"thumbnailUrl\":\"https:\/\/sandzakpress.net\/arhiva\/wp-content\/uploads\/2015\/02\/zeljka_pokupec_main_marko_prpic_pixsell.jpg\",\"articleSection\":[\"Politika\",\"Hrvatska\",\"NAJNOVIJE\"],\"inLanguage\":\"bs-BA\",\"potentialAction\":[{\"@type\":\"CommentAction\",\"name\":\"Comment\",\"target\":[\"https:\/\/sandzakpress.net\/arhiva\/hrvatska-povucena-optuznica-smijenjena-tuziteljica\/#respond\"]}]},{\"@type\":\"WebPage\",\"@id\":\"https:\/\/sandzakpress.net\/arhiva\/hrvatska-povucena-optuznica-smijenjena-tuziteljica\/\",\"url\":\"https:\/\/sandzakpress.net\/arhiva\/hrvatska-povucena-optuznica-smijenjena-tuziteljica\/\",\"name\":\"Hrvatska: Povu\u010dena optu\u017enica, smijenjena tu\u017eiteljica\",\"isPartOf\":{\"@id\":\"https:\/\/sandzakpress.net\/arhiva\/#website\"},\"primaryImageOfPage\":{\"@id\":\"https:\/\/sandzakpress.net\/arhiva\/hrvatska-povucena-optuznica-smijenjena-tuziteljica\/#primaryimage\"},\"image\":{\"@id\":\"https:\/\/sandzakpress.net\/arhiva\/hrvatska-povucena-optuznica-smijenjena-tuziteljica\/#primaryimage\"},\"thumbnailUrl\":\"https:\/\/sandzakpress.net\/arhiva\/wp-content\/uploads\/2015\/02\/zeljka_pokupec_main_marko_prpic_pixsell.jpg\",\"datePublished\":\"2015-02-09T15:42:16+00:00\",\"breadcrumb\":{\"@id\":\"https:\/\/sandzakpress.net\/arhiva\/hrvatska-povucena-optuznica-smijenjena-tuziteljica\/#breadcrumb\"},\"inLanguage\":\"bs-BA\",\"potentialAction\":[{\"@type\":\"ReadAction\",\"target\":[\"https:\/\/sandzakpress.net\/arhiva\/hrvatska-povucena-optuznica-smijenjena-tuziteljica\/\"]}]},{\"@type\":\"ImageObject\",\"inLanguage\":\"bs-BA\",\"@id\":\"https:\/\/sandzakpress.net\/arhiva\/hrvatska-povucena-optuznica-smijenjena-tuziteljica\/#primaryimage\",\"url\":\"https:\/\/sandzakpress.net\/arhiva\/wp-content\/uploads\/2015\/02\/zeljka_pokupec_main_marko_prpic_pixsell.jpg\",\"contentUrl\":\"https:\/\/sandzakpress.net\/arhiva\/wp-content\/uploads\/2015\/02\/zeljka_pokupec_main_marko_prpic_pixsell.jpg\",\"width\":600,\"height\":400},{\"@type\":\"BreadcrumbList\",\"@id\":\"https:\/\/sandzakpress.net\/arhiva\/hrvatska-povucena-optuznica-smijenjena-tuziteljica\/#breadcrumb\",\"itemListElement\":[{\"@type\":\"ListItem\",\"position\":1,\"name\":\"Home\",\"item\":\"https:\/\/sandzakpress.net\/arhiva\/\"},{\"@type\":\"ListItem\",\"position\":2,\"name\":\"Hrvatska: Povu\u010dena optu\u017enica, smijenjena tu\u017eiteljica\"}]},{\"@type\":\"WebSite\",\"@id\":\"https:\/\/sandzakpress.net\/arhiva\/#website\",\"url\":\"https:\/\/sandzakpress.net\/arhiva\/\",\"name\":\"Sand\u017eak PRESS\",\"description\":\"Prve elektronske novine u Sand\u017eaku\",\"publisher\":{\"@id\":\"https:\/\/sandzakpress.net\/arhiva\/#\/schema\/person\/6e72b67d6e51910a1117b3b483ba20bd\"},\"potentialAction\":[{\"@type\":\"SearchAction\",\"target\":{\"@type\":\"EntryPoint\",\"urlTemplate\":\"https:\/\/sandzakpress.net\/arhiva\/?s={search_term_string}\"},\"query-input\":{\"@type\":\"PropertyValueSpecification\",\"valueRequired\":true,\"valueName\":\"search_term_string\"}}],\"inLanguage\":\"bs-BA\"},{\"@type\":[\"Person\",\"Organization\"],\"@id\":\"https:\/\/sandzakpress.net\/arhiva\/#\/schema\/person\/6e72b67d6e51910a1117b3b483ba20bd\",\"name\":\"Kul\",\"image\":{\"@type\":\"ImageObject\",\"inLanguage\":\"bs-BA\",\"@id\":\"https:\/\/sandzakpress.net\/arhiva\/#\/schema\/person\/image\/\",\"url\":\"https:\/\/secure.gravatar.com\/avatar\/42263f39aa27ac04c43cab85c280eb2e?s=96&d=mm&r=pg\",\"contentUrl\":\"https:\/\/secure.gravatar.com\/avatar\/42263f39aa27ac04c43cab85c280eb2e?s=96&d=mm&r=pg\",\"caption\":\"Kul\"},\"logo\":{\"@id\":\"https:\/\/sandzakpress.net\/arhiva\/#\/schema\/person\/image\/\"}},{\"@type\":\"Person\",\"@id\":\"https:\/\/sandzakpress.net\/arhiva\/#\/schema\/person\/cb59d7e3ab91ab90dd680ad0305a6185\",\"name\":\"Agencija\",\"image\":{\"@type\":\"ImageObject\",\"inLanguage\":\"bs-BA\",\"@id\":\"https:\/\/sandzakpress.net\/arhiva\/#\/schema\/person\/image\/\",\"url\":\"https:\/\/secure.gravatar.com\/avatar\/4b7fafa80a22f0c2afe23966b3961fe0?s=96&d=mm&r=pg\",\"contentUrl\":\"https:\/\/secure.gravatar.com\/avatar\/4b7fafa80a22f0c2afe23966b3961fe0?s=96&d=mm&r=pg\",\"caption\":\"Agencija\"},\"url\":\"https:\/\/sandzakpress.net\/arhiva\/author\/agencija\/\"}]}<\/script>\n<!-- \/ Yoast SEO Premium plugin. -->","yoast_head_json":{"title":"Hrvatska: Povu\u010dena optu\u017enica, smijenjena tu\u017eiteljica","robots":{"index":"index","follow":"follow","max-snippet":"max-snippet:-1","max-image-preview":"max-image-preview:large","max-video-preview":"max-video-preview:-1"},"canonical":"https:\/\/sandzakpress.net\/arhiva\/hrvatska-povucena-optuznica-smijenjena-tuziteljica\/","og_locale":"bs_BA","og_type":"article","og_title":"Hrvatska: Povu\u010dena optu\u017enica, smijenjena tu\u017eiteljica","og_description":"Hrvatska &#8211; Dr\u017eavno odvjetni\u0161tvo Republike Hrvatske ocijenilo da je optu\u017enica za ratni zlo\u010din nakon akcije &#8216;Oluja&#8217; protiv \u017deljka Sa\u010di\u0107a i Franje Drlje manjakava. Dr\u017eavno odvjetni\u0161tvo Republike Hrvatske u ponedjeljak je potvrdilo da je povuklo &#8220;manjkavu optu\u017enicu&#8221; za ratni zlo\u010din nakon operacije &#8220;Oluja&#8221; protiv tada\u0161njeg pomo\u0107nika zapovjednika Sto\u017eera specijalne policije Ministarstva unutarnjih poslova \u017deljka Sa\u010di\u0107a i [&hellip;]","og_url":"https:\/\/sandzakpress.net\/arhiva\/hrvatska-povucena-optuznica-smijenjena-tuziteljica\/","og_site_name":"Sand\u017eak PRESS","article_published_time":"2015-02-09T15:42:16+00:00","og_image":[{"width":600,"height":400,"url":"https:\/\/sandzakpress.net\/arhiva\/wp-content\/uploads\/2015\/02\/zeljka_pokupec_main_marko_prpic_pixsell.jpg","type":"image\/jpeg"}],"author":"Agencija","twitter_card":"summary_large_image","twitter_misc":{"Written by":"Agencija","Est. reading time":"3 minute"},"schema":{"@context":"https:\/\/schema.org","@graph":[{"@type":"Article","@id":"https:\/\/sandzakpress.net\/arhiva\/hrvatska-povucena-optuznica-smijenjena-tuziteljica\/#article","isPartOf":{"@id":"https:\/\/sandzakpress.net\/arhiva\/hrvatska-povucena-optuznica-smijenjena-tuziteljica\/"},"author":{"name":"Agencija","@id":"https:\/\/sandzakpress.net\/arhiva\/#\/schema\/person\/cb59d7e3ab91ab90dd680ad0305a6185"},"headline":"Hrvatska: Povu\u010dena optu\u017enica, smijenjena tu\u017eiteljica","datePublished":"2015-02-09T15:42:16+00:00","mainEntityOfPage":{"@id":"https:\/\/sandzakpress.net\/arhiva\/hrvatska-povucena-optuznica-smijenjena-tuziteljica\/"},"wordCount":614,"commentCount":0,"publisher":{"@id":"https:\/\/sandzakpress.net\/arhiva\/#\/schema\/person\/6e72b67d6e51910a1117b3b483ba20bd"},"image":{"@id":"https:\/\/sandzakpress.net\/arhiva\/hrvatska-povucena-optuznica-smijenjena-tuziteljica\/#primaryimage"},"thumbnailUrl":"https:\/\/sandzakpress.net\/arhiva\/wp-content\/uploads\/2015\/02\/zeljka_pokupec_main_marko_prpic_pixsell.jpg","articleSection":["Politika","Hrvatska","NAJNOVIJE"],"inLanguage":"bs-BA","potentialAction":[{"@type":"CommentAction","name":"Comment","target":["https:\/\/sandzakpress.net\/arhiva\/hrvatska-povucena-optuznica-smijenjena-tuziteljica\/#respond"]}]},{"@type":"WebPage","@id":"https:\/\/sandzakpress.net\/arhiva\/hrvatska-povucena-optuznica-smijenjena-tuziteljica\/","url":"https:\/\/sandzakpress.net\/arhiva\/hrvatska-povucena-optuznica-smijenjena-tuziteljica\/","name":"Hrvatska: Povu\u010dena optu\u017enica, smijenjena tu\u017eiteljica","isPartOf":{"@id":"https:\/\/sandzakpress.net\/arhiva\/#website"},"primaryImageOfPage":{"@id":"https:\/\/sandzakpress.net\/arhiva\/hrvatska-povucena-optuznica-smijenjena-tuziteljica\/#primaryimage"},"image":{"@id":"https:\/\/sandzakpress.net\/arhiva\/hrvatska-povucena-optuznica-smijenjena-tuziteljica\/#primaryimage"},"thumbnailUrl":"https:\/\/sandzakpress.net\/arhiva\/wp-content\/uploads\/2015\/02\/zeljka_pokupec_main_marko_prpic_pixsell.jpg","datePublished":"2015-02-09T15:42:16+00:00","breadcrumb":{"@id":"https:\/\/sandzakpress.net\/arhiva\/hrvatska-povucena-optuznica-smijenjena-tuziteljica\/#breadcrumb"},"inLanguage":"bs-BA","potentialAction":[{"@type":"ReadAction","target":["https:\/\/sandzakpress.net\/arhiva\/hrvatska-povucena-optuznica-smijenjena-tuziteljica\/"]}]},{"@type":"ImageObject","inLanguage":"bs-BA","@id":"https:\/\/sandzakpress.net\/arhiva\/hrvatska-povucena-optuznica-smijenjena-tuziteljica\/#primaryimage","url":"https:\/\/sandzakpress.net\/arhiva\/wp-content\/uploads\/2015\/02\/zeljka_pokupec_main_marko_prpic_pixsell.jpg","contentUrl":"https:\/\/sandzakpress.net\/arhiva\/wp-content\/uploads\/2015\/02\/zeljka_pokupec_main_marko_prpic_pixsell.jpg","width":600,"height":400},{"@type":"BreadcrumbList","@id":"https:\/\/sandzakpress.net\/arhiva\/hrvatska-povucena-optuznica-smijenjena-tuziteljica\/#breadcrumb","itemListElement":[{"@type":"ListItem","position":1,"name":"Home","item":"https:\/\/sandzakpress.net\/arhiva\/"},{"@type":"ListItem","position":2,"name":"Hrvatska: Povu\u010dena optu\u017enica, smijenjena tu\u017eiteljica"}]},{"@type":"WebSite","@id":"https:\/\/sandzakpress.net\/arhiva\/#website","url":"https:\/\/sandzakpress.net\/arhiva\/","name":"Sand\u017eak PRESS","description":"Prve elektronske novine u Sand\u017eaku","publisher":{"@id":"https:\/\/sandzakpress.net\/arhiva\/#\/schema\/person\/6e72b67d6e51910a1117b3b483ba20bd"},"potentialAction":[{"@type":"SearchAction","target":{"@type":"EntryPoint","urlTemplate":"https:\/\/sandzakpress.net\/arhiva\/?s={search_term_string}"},"query-input":{"@type":"PropertyValueSpecification","valueRequired":true,"valueName":"search_term_string"}}],"inLanguage":"bs-BA"},{"@type":["Person","Organization"],"@id":"https:\/\/sandzakpress.net\/arhiva\/#\/schema\/person\/6e72b67d6e51910a1117b3b483ba20bd","name":"Kul","image":{"@type":"ImageObject","inLanguage":"bs-BA","@id":"https:\/\/sandzakpress.net\/arhiva\/#\/schema\/person\/image\/","url":"https:\/\/secure.gravatar.com\/avatar\/42263f39aa27ac04c43cab85c280eb2e?s=96&d=mm&r=pg","contentUrl":"https:\/\/secure.gravatar.com\/avatar\/42263f39aa27ac04c43cab85c280eb2e?s=96&d=mm&r=pg","caption":"Kul"},"logo":{"@id":"https:\/\/sandzakpress.net\/arhiva\/#\/schema\/person\/image\/"}},{"@type":"Person","@id":"https:\/\/sandzakpress.net\/arhiva\/#\/schema\/person\/cb59d7e3ab91ab90dd680ad0305a6185","name":"Agencija","image":{"@type":"ImageObject","inLanguage":"bs-BA","@id":"https:\/\/sandzakpress.net\/arhiva\/#\/schema\/person\/image\/","url":"https:\/\/secure.gravatar.com\/avatar\/4b7fafa80a22f0c2afe23966b3961fe0?s=96&d=mm&r=pg","contentUrl":"https:\/\/secure.gravatar.com\/avatar\/4b7fafa80a22f0c2afe23966b3961fe0?s=96&d=mm&r=pg","caption":"Agencija"},"url":"https:\/\/sandzakpress.net\/arhiva\/author\/agencija\/"}]}},"_links":{"self":[{"href":"https:\/\/sandzakpress.net\/arhiva\/wp-json\/wp\/v2\/posts\/122031"}],"collection":[{"href":"https:\/\/sandzakpress.net\/arhiva\/wp-json\/wp\/v2\/posts"}],"about":[{"href":"https:\/\/sandzakpress.net\/arhiva\/wp-json\/wp\/v2\/types\/post"}],"author":[{"embeddable":true,"href":"https:\/\/sandzakpress.net\/arhiva\/wp-json\/wp\/v2\/users\/509"}],"replies":[{"embeddable":true,"href":"https:\/\/sandzakpress.net\/arhiva\/wp-json\/wp\/v2\/comments?post=122031"}],"version-history":[{"count":0,"href":"https:\/\/sandzakpress.net\/arhiva\/wp-json\/wp\/v2\/posts\/122031\/revisions"}],"wp:featuredmedia":[{"embeddable":true,"href":"https:\/\/sandzakpress.net\/arhiva\/wp-json\/wp\/v2\/media\/122032"}],"wp:attachment":[{"href":"https:\/\/sandzakpress.net\/arhiva\/wp-json\/wp\/v2\/media?parent=122031"}],"wp:term":[{"taxonomy":"category","embeddable":true,"href":"https:\/\/sandzakpress.net\/arhiva\/wp-json\/wp\/v2\/categories?post=122031"},{"taxonomy":"post_tag","embeddable":true,"href":"https:\/\/sandzakpress.net\/arhiva\/wp-json\/wp\/v2\/tags?post=122031"}],"curies":[{"name":"wp","href":"https:\/\/api.w.org\/{rel}","templated":true}]}}