{"id":121868,"date":"2015-02-07T16:15:03","date_gmt":"2015-02-07T15:15:03","guid":{"rendered":"https:\/\/sandzakpress.net\/arhiva\/?p=121868"},"modified":"2015-02-09T11:22:25","modified_gmt":"2015-02-09T10:22:25","slug":"u-americi-uhapsen-ratni-heroj-armije-bih-ramiz-hodzic-siki","status":"publish","type":"post","link":"https:\/\/sandzakpress.net\/arhiva\/u-americi-uhapsen-ratni-heroj-armije-bih-ramiz-hodzic-siki\/","title":{"rendered":"U Americi uhap\u0161en ratni heroj Armije BiH Ramiz Hod\u017ei\u0107 Siki"},"content":{"rendered":"<p>&nbsp;<\/p>\n<p><a href=\"https:\/\/sandzakpress.net\/arhiva\/wp-content\/uploads\/2015\/02\/Screenshot_2081.jpg\"><img loading=\"lazy\" decoding=\"async\" class=\" size-full wp-image-121869 aligncenter\" src=\"https:\/\/sandzakpress.net\/arhiva\/wp-content\/uploads\/2015\/02\/Screenshot_2081.jpg\" alt=\"Screenshot_2081\" width=\"600\" height=\"361\" \/><\/a><\/p>\n<p><strong>Amerika &#8211; \u0160est osoba porijeklom iz BiH uhap\u0161eno je u Sjedinjenim Ameri\u010dkim Dr\u017eavama zbog sumnje da su slali novac i oru\u017eje IDI\u0160-u, saop\u0161teno je iz Ministarstva pravde SAD. Oni su optu\u017eeni za zavjeru i finansiranje terorista, odnosno za slanje oru\u017eje, vojnu uniformu, novac i borbenu opremu izvjesnom Abdulahu Rami Pazaru, koji je 2013. godine iz SAD otputovao u Siriju da bi se priklju\u010dio IDI\u0160-u. <\/strong><\/p>\n<p>Optu\u017enica je podignuta protiv Ramiza Hod\u017ei\u0107a \/40\/ i njegove supruge Sedine \/35\/, Armina Har\u010devi\u0107a \/37\/, Nihada Rosi\u0107a \/26\/, Medihe Salki\u010devi\u0107 \/34\/ i Jasminke Rami\u0107 \/42\/. Svi su ro\u0111eni u BiH, ali su imigrirali u SAD. Uhap\u0161enima prijeti kazna zatvora od 15 godina i 250.000 dolara kazne. Hod\u017ei\u0107 i Rosi\u0107 su optu\u017eeni i za kovanje zavjere za ubistvo, te bi mogli dobiti i do\u017eivotnu kaznu zatvora.<\/p>\n<p>Prema saznanjima Saffa uhap\u0161eni Ramiz Hod\u017ei\u0107 je rodom iz Tesli\u0107a i dobitnik je ratnog priznanja Zlatni ljiljan. Njegovi biv\u0161i saborci iz 202.,203.,204.i 207. brigade Armije RBiH iznena\u0111eni su i ogor\u010deni vije\u0161\u0107u da je u Americi uhap\u0161en zbog terorizma dobitnik najve\u0107eg armijskog odlikovanja Zlatni Ljiljan. \u201cRamiz Siki Hod\u017ei\u0107 je kao maloljetnik stupio u redove Armije RBiH. U narodu je poznat kao dobro\u010dinitelj i patriota koji je poslije odlaska u SAD organizirao i sakupljao pomo\u0107 za ugro\u017eene i siroma\u0161ne demobilisane borce\u201d, svjedo\u010di nam jedan od \u010dlanova udru\u017eenja \u201eOMAHA\u201c, \u010diji je Siki bio istaknuti \u010dlan.<\/p>\n<p>Ramizovi prijatelji i saborci ka\u017eu da se on uvijek odazivao prvi kada je trebalo nekome pomo\u0107i, a tako je bilo i u slu\u010daju kada se desio rat u Siriji. \u201cU vrijeme dok je cijeli svijet na \u010delu sa SAD pomagao i podr\u017eavao sirijsku opoziciju i Siki je, sje\u0107aju\u0107i se tegoba rata kroz koje je i sam pro\u0161ao uBiH, odlu\u010dio da pomogne sirijskom narodu. Razvojem situacije u Siriji pojavile se se mnoge frakcije od kojih su neke progla\u0161ene teroristi\u010dkim organizacijama. Tako je i Zlatni Ljiljan Siki postao \u017ertva tog razvoja doga\u0111aja, jer su neki opozicionari zavr\u0161ili u tim frakcijama. Prema informacijama iz Amerike, Ramizu se stavlja na teret da je pomagao organizaciju IDI\u0160, iako u vrijeme, dok je on u\u010destvovao u humanitarnim akcijama, IDI\u0160 nije ni postojao.<\/p>\n<p>A, \u0161to se ti\u010de veza sa spomenutim Ramom Pazarom, jedini grijeh Ramiza Hod\u017ei\u0107a je taj \u0161to je on prije odlaska u Siriju bio njegov ameri\u010dki kom\u0161ija i prijatelj i \u0161to je, zbog tih kom\u0161ijskih odnosa, ima sa njim povremene kontakte putem Facebooka\u201d, ka\u017ee nam jedan od Ramizovih saboraca iz Te\u0161nja. Sa Ramizom Hod\u017ei\u0107em uhap\u0161ena je i njegova hanuma Sedina. Iza njih je ostalo troje maloljetne dijece.<\/p>\n<p>Tako\u0111er, me\u0111u uhap\u0161enima nalaze se i Mediha Salki\u010devi\u0107 i Jasminka Rami\u0107. Njih dvije su bile aktivne u\u010desnice u organiziranju i sakupljanju pomo\u0107i narodima Sirije, Palestine, Somalije. One su u\u010destvovale u onim humanitarnim akcijama koje su slale pomo\u0107 sirijskim izbjeglicama u izbjegli\u010dkim kampovima u Turskoj i drugim zemljama. Kada se pogledaju Facebook profili uhap\u0161enih Bo\u0161njaka vidi se da oni nemaju veze sa tekfirskom ideologijom IDI\u0160-a. O\u010dito je da su svi postali \u017ertve globalnog islamofobi\u010dnog ludila i da, na\u017ealost, nisu na vrijeme shvatili da ih bilo kakva veza sa Sirijom mo\u017ee dovesti u ovako te\u0161ku situaciju.<\/p>\n<p>Jasminka Rami\u0107 je kriva jer je pomagala napa\u0107enom narodu Sirije.<\/p>\n<p>(saff)<\/p>\n","protected":false},"excerpt":{"rendered":"<p>&nbsp; Amerika &#8211; \u0160est osoba porijeklom iz BiH uhap\u0161eno je u Sjedinjenim Ameri\u010dkim Dr\u017eavama zbog sumnje da su slali novac i oru\u017eje IDI\u0160-u, saop\u0161teno je iz Ministarstva pravde SAD. Oni su optu\u017eeni za zavjeru i finansiranje terorista, odnosno za slanje oru\u017eje, vojnu uniformu, novac i borbenu opremu izvjesnom Abdulahu Rami Pazaru, koji je 2013. godine [&hellip;]<\/p>\n","protected":false},"author":509,"featured_media":121869,"comment_status":"open","ping_status":"open","sticky":false,"template":"","format":"standard","meta":{"footnotes":""},"categories":[2860,3012,9,798],"tags":[],"class_list":{"0":"post-121868","1":"post","2":"type-post","3":"status-publish","4":"format-standard","5":"has-post-thumbnail","7":"category-bosna-i-hercegovina-gradovi","8":"category-amerika-gradovi","9":"category-svijet","10":"category-teme"},"yoast_head":"<!-- This site is optimized with the Yoast SEO Premium plugin v23.1 (Yoast SEO v24.9) - https:\/\/yoast.com\/wordpress\/plugins\/seo\/ -->\n<title>U Americi uhap\u0161en ratni heroj Armije BiH Ramiz Hod\u017ei\u0107 Siki<\/title>\n<meta name=\"robots\" content=\"index, follow, max-snippet:-1, max-image-preview:large, max-video-preview:-1\" \/>\n<link rel=\"canonical\" href=\"https:\/\/sandzakpress.net\/arhiva\/u-americi-uhapsen-ratni-heroj-armije-bih-ramiz-hodzic-siki\/\" \/>\n<meta property=\"og:locale\" content=\"bs_BA\" \/>\n<meta property=\"og:type\" content=\"article\" \/>\n<meta property=\"og:title\" content=\"U Americi uhap\u0161en ratni heroj Armije BiH Ramiz Hod\u017ei\u0107 Siki\" \/>\n<meta property=\"og:description\" content=\"&nbsp; Amerika &#8211; \u0160est osoba porijeklom iz BiH uhap\u0161eno je u Sjedinjenim Ameri\u010dkim Dr\u017eavama zbog sumnje da su slali novac i oru\u017eje IDI\u0160-u, saop\u0161teno je iz Ministarstva pravde SAD. Oni su optu\u017eeni za zavjeru i finansiranje terorista, odnosno za slanje oru\u017eje, vojnu uniformu, novac i borbenu opremu izvjesnom Abdulahu Rami Pazaru, koji je 2013. godine [&hellip;]\" \/>\n<meta property=\"og:url\" content=\"https:\/\/sandzakpress.net\/arhiva\/u-americi-uhapsen-ratni-heroj-armije-bih-ramiz-hodzic-siki\/\" \/>\n<meta property=\"og:site_name\" content=\"Sand\u017eak PRESS\" \/>\n<meta property=\"article:published_time\" content=\"2015-02-07T15:15:03+00:00\" \/>\n<meta property=\"article:modified_time\" content=\"2015-02-09T10:22:25+00:00\" \/>\n<meta property=\"og:image\" content=\"https:\/\/sandzakpress.net\/arhiva\/wp-content\/uploads\/2015\/02\/Screenshot_2081.jpg\" \/>\n\t<meta property=\"og:image:width\" content=\"600\" \/>\n\t<meta property=\"og:image:height\" content=\"361\" \/>\n\t<meta property=\"og:image:type\" content=\"image\/jpeg\" \/>\n<meta name=\"author\" content=\"Agencija\" \/>\n<meta name=\"twitter:card\" content=\"summary_large_image\" \/>\n<meta name=\"twitter:label1\" content=\"Written by\" \/>\n\t<meta name=\"twitter:data1\" content=\"Agencija\" \/>\n\t<meta name=\"twitter:label2\" content=\"Est. reading time\" \/>\n\t<meta name=\"twitter:data2\" content=\"3 minute\" \/>\n<script type=\"application\/ld+json\" class=\"yoast-schema-graph\">{\"@context\":\"https:\/\/schema.org\",\"@graph\":[{\"@type\":\"Article\",\"@id\":\"https:\/\/sandzakpress.net\/arhiva\/u-americi-uhapsen-ratni-heroj-armije-bih-ramiz-hodzic-siki\/#article\",\"isPartOf\":{\"@id\":\"https:\/\/sandzakpress.net\/arhiva\/u-americi-uhapsen-ratni-heroj-armije-bih-ramiz-hodzic-siki\/\"},\"author\":{\"name\":\"Agencija\",\"@id\":\"https:\/\/sandzakpress.net\/arhiva\/#\/schema\/person\/cb59d7e3ab91ab90dd680ad0305a6185\"},\"headline\":\"U Americi uhap\u0161en ratni heroj Armije BiH Ramiz Hod\u017ei\u0107 Siki\",\"datePublished\":\"2015-02-07T15:15:03+00:00\",\"dateModified\":\"2015-02-09T10:22:25+00:00\",\"mainEntityOfPage\":{\"@id\":\"https:\/\/sandzakpress.net\/arhiva\/u-americi-uhapsen-ratni-heroj-armije-bih-ramiz-hodzic-siki\/\"},\"wordCount\":599,\"commentCount\":11,\"publisher\":{\"@id\":\"https:\/\/sandzakpress.net\/arhiva\/#\/schema\/person\/6e72b67d6e51910a1117b3b483ba20bd\"},\"image\":{\"@id\":\"https:\/\/sandzakpress.net\/arhiva\/u-americi-uhapsen-ratni-heroj-armije-bih-ramiz-hodzic-siki\/#primaryimage\"},\"thumbnailUrl\":\"https:\/\/sandzakpress.net\/arhiva\/wp-content\/uploads\/2015\/02\/Screenshot_2081.jpg\",\"articleSection\":[\"Bosna i Hercegovina\",\"Amerika\",\"Svijet\",\"NAJNOVIJE\"],\"inLanguage\":\"bs-BA\",\"potentialAction\":[{\"@type\":\"CommentAction\",\"name\":\"Comment\",\"target\":[\"https:\/\/sandzakpress.net\/arhiva\/u-americi-uhapsen-ratni-heroj-armije-bih-ramiz-hodzic-siki\/#respond\"]}]},{\"@type\":\"WebPage\",\"@id\":\"https:\/\/sandzakpress.net\/arhiva\/u-americi-uhapsen-ratni-heroj-armije-bih-ramiz-hodzic-siki\/\",\"url\":\"https:\/\/sandzakpress.net\/arhiva\/u-americi-uhapsen-ratni-heroj-armije-bih-ramiz-hodzic-siki\/\",\"name\":\"U Americi uhap\u0161en ratni heroj Armije BiH Ramiz Hod\u017ei\u0107 Siki\",\"isPartOf\":{\"@id\":\"https:\/\/sandzakpress.net\/arhiva\/#website\"},\"primaryImageOfPage\":{\"@id\":\"https:\/\/sandzakpress.net\/arhiva\/u-americi-uhapsen-ratni-heroj-armije-bih-ramiz-hodzic-siki\/#primaryimage\"},\"image\":{\"@id\":\"https:\/\/sandzakpress.net\/arhiva\/u-americi-uhapsen-ratni-heroj-armije-bih-ramiz-hodzic-siki\/#primaryimage\"},\"thumbnailUrl\":\"https:\/\/sandzakpress.net\/arhiva\/wp-content\/uploads\/2015\/02\/Screenshot_2081.jpg\",\"datePublished\":\"2015-02-07T15:15:03+00:00\",\"dateModified\":\"2015-02-09T10:22:25+00:00\",\"breadcrumb\":{\"@id\":\"https:\/\/sandzakpress.net\/arhiva\/u-americi-uhapsen-ratni-heroj-armije-bih-ramiz-hodzic-siki\/#breadcrumb\"},\"inLanguage\":\"bs-BA\",\"potentialAction\":[{\"@type\":\"ReadAction\",\"target\":[\"https:\/\/sandzakpress.net\/arhiva\/u-americi-uhapsen-ratni-heroj-armije-bih-ramiz-hodzic-siki\/\"]}]},{\"@type\":\"ImageObject\",\"inLanguage\":\"bs-BA\",\"@id\":\"https:\/\/sandzakpress.net\/arhiva\/u-americi-uhapsen-ratni-heroj-armije-bih-ramiz-hodzic-siki\/#primaryimage\",\"url\":\"https:\/\/sandzakpress.net\/arhiva\/wp-content\/uploads\/2015\/02\/Screenshot_2081.jpg\",\"contentUrl\":\"https:\/\/sandzakpress.net\/arhiva\/wp-content\/uploads\/2015\/02\/Screenshot_2081.jpg\",\"width\":600,\"height\":361},{\"@type\":\"BreadcrumbList\",\"@id\":\"https:\/\/sandzakpress.net\/arhiva\/u-americi-uhapsen-ratni-heroj-armije-bih-ramiz-hodzic-siki\/#breadcrumb\",\"itemListElement\":[{\"@type\":\"ListItem\",\"position\":1,\"name\":\"Home\",\"item\":\"https:\/\/sandzakpress.net\/arhiva\/\"},{\"@type\":\"ListItem\",\"position\":2,\"name\":\"U Americi uhap\u0161en ratni heroj Armije BiH Ramiz Hod\u017ei\u0107 Siki\"}]},{\"@type\":\"WebSite\",\"@id\":\"https:\/\/sandzakpress.net\/arhiva\/#website\",\"url\":\"https:\/\/sandzakpress.net\/arhiva\/\",\"name\":\"Sand\u017eak PRESS\",\"description\":\"Prve elektronske novine u Sand\u017eaku\",\"publisher\":{\"@id\":\"https:\/\/sandzakpress.net\/arhiva\/#\/schema\/person\/6e72b67d6e51910a1117b3b483ba20bd\"},\"potentialAction\":[{\"@type\":\"SearchAction\",\"target\":{\"@type\":\"EntryPoint\",\"urlTemplate\":\"https:\/\/sandzakpress.net\/arhiva\/?s={search_term_string}\"},\"query-input\":{\"@type\":\"PropertyValueSpecification\",\"valueRequired\":true,\"valueName\":\"search_term_string\"}}],\"inLanguage\":\"bs-BA\"},{\"@type\":[\"Person\",\"Organization\"],\"@id\":\"https:\/\/sandzakpress.net\/arhiva\/#\/schema\/person\/6e72b67d6e51910a1117b3b483ba20bd\",\"name\":\"Kul\",\"image\":{\"@type\":\"ImageObject\",\"inLanguage\":\"bs-BA\",\"@id\":\"https:\/\/sandzakpress.net\/arhiva\/#\/schema\/person\/image\/\",\"url\":\"https:\/\/secure.gravatar.com\/avatar\/42263f39aa27ac04c43cab85c280eb2e?s=96&d=mm&r=pg\",\"contentUrl\":\"https:\/\/secure.gravatar.com\/avatar\/42263f39aa27ac04c43cab85c280eb2e?s=96&d=mm&r=pg\",\"caption\":\"Kul\"},\"logo\":{\"@id\":\"https:\/\/sandzakpress.net\/arhiva\/#\/schema\/person\/image\/\"}},{\"@type\":\"Person\",\"@id\":\"https:\/\/sandzakpress.net\/arhiva\/#\/schema\/person\/cb59d7e3ab91ab90dd680ad0305a6185\",\"name\":\"Agencija\",\"image\":{\"@type\":\"ImageObject\",\"inLanguage\":\"bs-BA\",\"@id\":\"https:\/\/sandzakpress.net\/arhiva\/#\/schema\/person\/image\/\",\"url\":\"https:\/\/secure.gravatar.com\/avatar\/4b7fafa80a22f0c2afe23966b3961fe0?s=96&d=mm&r=pg\",\"contentUrl\":\"https:\/\/secure.gravatar.com\/avatar\/4b7fafa80a22f0c2afe23966b3961fe0?s=96&d=mm&r=pg\",\"caption\":\"Agencija\"},\"url\":\"https:\/\/sandzakpress.net\/arhiva\/author\/agencija\/\"}]}<\/script>\n<!-- \/ Yoast SEO Premium plugin. -->","yoast_head_json":{"title":"U Americi uhap\u0161en ratni heroj Armije BiH Ramiz Hod\u017ei\u0107 Siki","robots":{"index":"index","follow":"follow","max-snippet":"max-snippet:-1","max-image-preview":"max-image-preview:large","max-video-preview":"max-video-preview:-1"},"canonical":"https:\/\/sandzakpress.net\/arhiva\/u-americi-uhapsen-ratni-heroj-armije-bih-ramiz-hodzic-siki\/","og_locale":"bs_BA","og_type":"article","og_title":"U Americi uhap\u0161en ratni heroj Armije BiH Ramiz Hod\u017ei\u0107 Siki","og_description":"&nbsp; Amerika &#8211; \u0160est osoba porijeklom iz BiH uhap\u0161eno je u Sjedinjenim Ameri\u010dkim Dr\u017eavama zbog sumnje da su slali novac i oru\u017eje IDI\u0160-u, saop\u0161teno je iz Ministarstva pravde SAD. Oni su optu\u017eeni za zavjeru i finansiranje terorista, odnosno za slanje oru\u017eje, vojnu uniformu, novac i borbenu opremu izvjesnom Abdulahu Rami Pazaru, koji je 2013. godine [&hellip;]","og_url":"https:\/\/sandzakpress.net\/arhiva\/u-americi-uhapsen-ratni-heroj-armije-bih-ramiz-hodzic-siki\/","og_site_name":"Sand\u017eak PRESS","article_published_time":"2015-02-07T15:15:03+00:00","article_modified_time":"2015-02-09T10:22:25+00:00","og_image":[{"width":600,"height":361,"url":"https:\/\/sandzakpress.net\/arhiva\/wp-content\/uploads\/2015\/02\/Screenshot_2081.jpg","type":"image\/jpeg"}],"author":"Agencija","twitter_card":"summary_large_image","twitter_misc":{"Written by":"Agencija","Est. reading time":"3 minute"},"schema":{"@context":"https:\/\/schema.org","@graph":[{"@type":"Article","@id":"https:\/\/sandzakpress.net\/arhiva\/u-americi-uhapsen-ratni-heroj-armije-bih-ramiz-hodzic-siki\/#article","isPartOf":{"@id":"https:\/\/sandzakpress.net\/arhiva\/u-americi-uhapsen-ratni-heroj-armije-bih-ramiz-hodzic-siki\/"},"author":{"name":"Agencija","@id":"https:\/\/sandzakpress.net\/arhiva\/#\/schema\/person\/cb59d7e3ab91ab90dd680ad0305a6185"},"headline":"U Americi uhap\u0161en ratni heroj Armije BiH Ramiz Hod\u017ei\u0107 Siki","datePublished":"2015-02-07T15:15:03+00:00","dateModified":"2015-02-09T10:22:25+00:00","mainEntityOfPage":{"@id":"https:\/\/sandzakpress.net\/arhiva\/u-americi-uhapsen-ratni-heroj-armije-bih-ramiz-hodzic-siki\/"},"wordCount":599,"commentCount":11,"publisher":{"@id":"https:\/\/sandzakpress.net\/arhiva\/#\/schema\/person\/6e72b67d6e51910a1117b3b483ba20bd"},"image":{"@id":"https:\/\/sandzakpress.net\/arhiva\/u-americi-uhapsen-ratni-heroj-armije-bih-ramiz-hodzic-siki\/#primaryimage"},"thumbnailUrl":"https:\/\/sandzakpress.net\/arhiva\/wp-content\/uploads\/2015\/02\/Screenshot_2081.jpg","articleSection":["Bosna i Hercegovina","Amerika","Svijet","NAJNOVIJE"],"inLanguage":"bs-BA","potentialAction":[{"@type":"CommentAction","name":"Comment","target":["https:\/\/sandzakpress.net\/arhiva\/u-americi-uhapsen-ratni-heroj-armije-bih-ramiz-hodzic-siki\/#respond"]}]},{"@type":"WebPage","@id":"https:\/\/sandzakpress.net\/arhiva\/u-americi-uhapsen-ratni-heroj-armije-bih-ramiz-hodzic-siki\/","url":"https:\/\/sandzakpress.net\/arhiva\/u-americi-uhapsen-ratni-heroj-armije-bih-ramiz-hodzic-siki\/","name":"U Americi uhap\u0161en ratni heroj Armije BiH Ramiz Hod\u017ei\u0107 Siki","isPartOf":{"@id":"https:\/\/sandzakpress.net\/arhiva\/#website"},"primaryImageOfPage":{"@id":"https:\/\/sandzakpress.net\/arhiva\/u-americi-uhapsen-ratni-heroj-armije-bih-ramiz-hodzic-siki\/#primaryimage"},"image":{"@id":"https:\/\/sandzakpress.net\/arhiva\/u-americi-uhapsen-ratni-heroj-armije-bih-ramiz-hodzic-siki\/#primaryimage"},"thumbnailUrl":"https:\/\/sandzakpress.net\/arhiva\/wp-content\/uploads\/2015\/02\/Screenshot_2081.jpg","datePublished":"2015-02-07T15:15:03+00:00","dateModified":"2015-02-09T10:22:25+00:00","breadcrumb":{"@id":"https:\/\/sandzakpress.net\/arhiva\/u-americi-uhapsen-ratni-heroj-armije-bih-ramiz-hodzic-siki\/#breadcrumb"},"inLanguage":"bs-BA","potentialAction":[{"@type":"ReadAction","target":["https:\/\/sandzakpress.net\/arhiva\/u-americi-uhapsen-ratni-heroj-armije-bih-ramiz-hodzic-siki\/"]}]},{"@type":"ImageObject","inLanguage":"bs-BA","@id":"https:\/\/sandzakpress.net\/arhiva\/u-americi-uhapsen-ratni-heroj-armije-bih-ramiz-hodzic-siki\/#primaryimage","url":"https:\/\/sandzakpress.net\/arhiva\/wp-content\/uploads\/2015\/02\/Screenshot_2081.jpg","contentUrl":"https:\/\/sandzakpress.net\/arhiva\/wp-content\/uploads\/2015\/02\/Screenshot_2081.jpg","width":600,"height":361},{"@type":"BreadcrumbList","@id":"https:\/\/sandzakpress.net\/arhiva\/u-americi-uhapsen-ratni-heroj-armije-bih-ramiz-hodzic-siki\/#breadcrumb","itemListElement":[{"@type":"ListItem","position":1,"name":"Home","item":"https:\/\/sandzakpress.net\/arhiva\/"},{"@type":"ListItem","position":2,"name":"U Americi uhap\u0161en ratni heroj Armije BiH Ramiz Hod\u017ei\u0107 Siki"}]},{"@type":"WebSite","@id":"https:\/\/sandzakpress.net\/arhiva\/#website","url":"https:\/\/sandzakpress.net\/arhiva\/","name":"Sand\u017eak PRESS","description":"Prve elektronske novine u Sand\u017eaku","publisher":{"@id":"https:\/\/sandzakpress.net\/arhiva\/#\/schema\/person\/6e72b67d6e51910a1117b3b483ba20bd"},"potentialAction":[{"@type":"SearchAction","target":{"@type":"EntryPoint","urlTemplate":"https:\/\/sandzakpress.net\/arhiva\/?s={search_term_string}"},"query-input":{"@type":"PropertyValueSpecification","valueRequired":true,"valueName":"search_term_string"}}],"inLanguage":"bs-BA"},{"@type":["Person","Organization"],"@id":"https:\/\/sandzakpress.net\/arhiva\/#\/schema\/person\/6e72b67d6e51910a1117b3b483ba20bd","name":"Kul","image":{"@type":"ImageObject","inLanguage":"bs-BA","@id":"https:\/\/sandzakpress.net\/arhiva\/#\/schema\/person\/image\/","url":"https:\/\/secure.gravatar.com\/avatar\/42263f39aa27ac04c43cab85c280eb2e?s=96&d=mm&r=pg","contentUrl":"https:\/\/secure.gravatar.com\/avatar\/42263f39aa27ac04c43cab85c280eb2e?s=96&d=mm&r=pg","caption":"Kul"},"logo":{"@id":"https:\/\/sandzakpress.net\/arhiva\/#\/schema\/person\/image\/"}},{"@type":"Person","@id":"https:\/\/sandzakpress.net\/arhiva\/#\/schema\/person\/cb59d7e3ab91ab90dd680ad0305a6185","name":"Agencija","image":{"@type":"ImageObject","inLanguage":"bs-BA","@id":"https:\/\/sandzakpress.net\/arhiva\/#\/schema\/person\/image\/","url":"https:\/\/secure.gravatar.com\/avatar\/4b7fafa80a22f0c2afe23966b3961fe0?s=96&d=mm&r=pg","contentUrl":"https:\/\/secure.gravatar.com\/avatar\/4b7fafa80a22f0c2afe23966b3961fe0?s=96&d=mm&r=pg","caption":"Agencija"},"url":"https:\/\/sandzakpress.net\/arhiva\/author\/agencija\/"}]}},"_links":{"self":[{"href":"https:\/\/sandzakpress.net\/arhiva\/wp-json\/wp\/v2\/posts\/121868"}],"collection":[{"href":"https:\/\/sandzakpress.net\/arhiva\/wp-json\/wp\/v2\/posts"}],"about":[{"href":"https:\/\/sandzakpress.net\/arhiva\/wp-json\/wp\/v2\/types\/post"}],"author":[{"embeddable":true,"href":"https:\/\/sandzakpress.net\/arhiva\/wp-json\/wp\/v2\/users\/509"}],"replies":[{"embeddable":true,"href":"https:\/\/sandzakpress.net\/arhiva\/wp-json\/wp\/v2\/comments?post=121868"}],"version-history":[{"count":0,"href":"https:\/\/sandzakpress.net\/arhiva\/wp-json\/wp\/v2\/posts\/121868\/revisions"}],"wp:featuredmedia":[{"embeddable":true,"href":"https:\/\/sandzakpress.net\/arhiva\/wp-json\/wp\/v2\/media\/121869"}],"wp:attachment":[{"href":"https:\/\/sandzakpress.net\/arhiva\/wp-json\/wp\/v2\/media?parent=121868"}],"wp:term":[{"taxonomy":"category","embeddable":true,"href":"https:\/\/sandzakpress.net\/arhiva\/wp-json\/wp\/v2\/categories?post=121868"},{"taxonomy":"post_tag","embeddable":true,"href":"https:\/\/sandzakpress.net\/arhiva\/wp-json\/wp\/v2\/tags?post=121868"}],"curies":[{"name":"wp","href":"https:\/\/api.w.org\/{rel}","templated":true}]}}