{"id":121766,"date":"2015-02-06T17:59:50","date_gmt":"2015-02-06T16:59:50","guid":{"rendered":"https:\/\/sandzakpress.net\/arhiva\/?p=121766"},"modified":"2015-02-06T18:00:43","modified_gmt":"2015-02-06T17:00:43","slug":"hrvatska-moze-blokirati-put-srbije-u-eu","status":"publish","type":"post","link":"https:\/\/sandzakpress.net\/arhiva\/hrvatska-moze-blokirati-put-srbije-u-eu\/","title":{"rendered":"Hrvatska mo\u017ee blokirati put Srbije u EU"},"content":{"rendered":"<p><strong>Hrvatska, Srbija &#8211; Iz pregovara\u010dkog tima Srbije saop\u0107eno da uvjetovanje dr\u017eave u oblasti prava mora biti utemeljeno u pravnim pravilima EU-a.<\/strong><\/p>\n<div class=\"youtube-embed\" data-video_id=\"L_aqRh5iiE0\"><iframe loading=\"lazy\" title=\"Turkalj o hrvatskom blokiranju Srbije na putu u EU\" width=\"696\" height=\"392\" src=\"https:\/\/www.youtube.com\/embed\/L_aqRh5iiE0?feature=oembed&#038;enablejsapi=1\" frameborder=\"0\" allow=\"accelerometer; autoplay; encrypted-media; gyroscope; picture-in-picture\" allowfullscreen><\/iframe><\/div>\n<p>\u0160efica pregovara\u010dkog tima Srbije Tanja Mi\u0161\u0107evi\u0107 izjavila je da Hrvatska mo\u017ee samo politi\u010dki blokirati Srbiju pri ulasku u Evropsku uniju.<\/p>\n<p>Tvrdi da se uvjetovanje dr\u017eave u oblasti prava mora utemeljiti isklju\u010divo u pravnim pravilima EU-a.<\/p>\n<p>Premijer Hrvatske Zoran Milanovi\u0107 ju\u010der je izjavio kako \u0107e ta zemlja blokirati put Srbije ka EU ukoliko ne promijeni zakon o ratnim zlo\u010dinima koji procesuira sve ratne zlo\u010dine na tlu biv\u0161e Jugoslavije.<\/p>\n<p>U Ministarstvu pravde i Tu\u017eiteljstvu za ratne zlo\u010dine Srbije i dalje ne reagiraju na izjavu hrvatskog premijera.<\/p>\n<p>Tanja Mi\u0161evi\u0107 ka\u017ee da Srbija tek treba otvoriti pregovara\u010dki proces i da na tom putu ne treba mije\u0161ati politiku i pravo u oblasti ratnih zlo\u010dina.<\/p>\n<p><strong>&#8216;Slovensko-gr\u010dki model&#8217;<\/strong><\/p>\n<p>Gost vijesti Al Jazeere u Zagrebu je Kristian Turkalj, nekada\u0161nji \u010dlan pregovara\u010dkog tima Hrvatske za poglavlja 23 i 24. On je kazao da je primijetio tri vrste na\u010dina rje\u0161avanja otvorenih pitanja u toku pregovara\u010dkih procesa \u2013 balkanski, srednjoevropski i anglosaksonski.<\/p>\n<p>&#8220;Pod balkanskim na\u010dinom mislim na postavljanje uvjeta, blokiranje pregovora. Takav na\u010din je koristila Slovenija, sada ga koristi Gr\u010dka, a on ne dovodi do rje\u0161avanje problema. On slu\u017ei prvenstveno na doma\u0107oj sceni&#8221;, kazao je Turkalj.<\/p>\n<p>Austrija, kao predstavnik drugog primjera, rekla je da \u017eeli otvorena pitanja rje\u0161avati bilateralno, &#8220;ali u cilju stvaranja dugoro\u010dnog partnerstva, mi ne \u017eelimo pitanja rje\u0161avati preko Brisela&#8221;, dodao je hrvatski ekspert.<\/p>\n<p>On je kazao da je hrvatski zahtjev Srbiji do sada mogao svrstati u drugu kategoriju, budu\u0107i da je Hrvatska rekla da ne\u0107e nijednoj dr\u017eavi stajati na evropskom putu.<\/p>\n<p>&#8220;Sada se retorika ne\u0161to promijenila, i to vi\u0161e li\u010di na stil koji je imala Slovenija i koji ima Gr\u010dka&#8221;, smatra Turkalj.<\/p>\n<p>(Al Jazeera)<\/p>\n","protected":false},"excerpt":{"rendered":"<p>Hrvatska, Srbija &#8211; Iz pregovara\u010dkog tima Srbije saop\u0107eno da uvjetovanje dr\u017eave u oblasti prava mora biti utemeljeno u pravnim pravilima EU-a. \u0160efica pregovara\u010dkog tima Srbije Tanja Mi\u0161\u0107evi\u0107 izjavila je da Hrvatska mo\u017ee samo politi\u010dki blokirati Srbiju pri ulasku u Evropsku uniju. Tvrdi da se uvjetovanje dr\u017eave u oblasti prava mora utemeljiti isklju\u010divo u pravnim pravilima [&hellip;]<\/p>\n","protected":false},"author":509,"featured_media":121767,"comment_status":"open","ping_status":"open","sticky":false,"template":"","format":"standard","meta":{"footnotes":""},"categories":[1,10307,10306,798],"tags":[],"class_list":{"0":"post-121766","1":"post","2":"type-post","3":"status-publish","4":"format-standard","5":"has-post-thumbnail","7":"category-politika","8":"category-srbija","9":"category-hrvatska","10":"category-teme"},"yoast_head":"<!-- This site is optimized with the Yoast SEO Premium plugin v23.1 (Yoast SEO v24.9) - https:\/\/yoast.com\/wordpress\/plugins\/seo\/ -->\n<title>Hrvatska mo\u017ee blokirati put Srbije u EU<\/title>\n<meta name=\"robots\" content=\"index, follow, max-snippet:-1, max-image-preview:large, max-video-preview:-1\" \/>\n<link rel=\"canonical\" href=\"https:\/\/sandzakpress.net\/arhiva\/hrvatska-moze-blokirati-put-srbije-u-eu\/\" \/>\n<meta property=\"og:locale\" content=\"bs_BA\" \/>\n<meta property=\"og:type\" content=\"article\" \/>\n<meta property=\"og:title\" content=\"Hrvatska mo\u017ee blokirati put Srbije u EU\" \/>\n<meta property=\"og:description\" content=\"Hrvatska, Srbija &#8211; Iz pregovara\u010dkog tima Srbije saop\u0107eno da uvjetovanje dr\u017eave u oblasti prava mora biti utemeljeno u pravnim pravilima EU-a. \u0160efica pregovara\u010dkog tima Srbije Tanja Mi\u0161\u0107evi\u0107 izjavila je da Hrvatska mo\u017ee samo politi\u010dki blokirati Srbiju pri ulasku u Evropsku uniju. Tvrdi da se uvjetovanje dr\u017eave u oblasti prava mora utemeljiti isklju\u010divo u pravnim pravilima [&hellip;]\" \/>\n<meta property=\"og:url\" content=\"https:\/\/sandzakpress.net\/arhiva\/hrvatska-moze-blokirati-put-srbije-u-eu\/\" \/>\n<meta property=\"og:site_name\" content=\"Sand\u017eak PRESS\" \/>\n<meta property=\"article:published_time\" content=\"2015-02-06T16:59:50+00:00\" \/>\n<meta property=\"article:modified_time\" content=\"2015-02-06T17:00:43+00:00\" \/>\n<meta property=\"og:image\" content=\"https:\/\/sandzakpress.net\/arhiva\/wp-content\/uploads\/2015\/02\/021.jpg\" \/>\n\t<meta property=\"og:image:width\" content=\"480\" \/>\n\t<meta property=\"og:image:height\" content=\"360\" \/>\n\t<meta property=\"og:image:type\" content=\"image\/jpeg\" \/>\n<meta name=\"author\" content=\"Agencija\" \/>\n<meta name=\"twitter:card\" content=\"summary_large_image\" \/>\n<meta name=\"twitter:label1\" content=\"Written by\" \/>\n\t<meta name=\"twitter:data1\" content=\"Agencija\" \/>\n\t<meta name=\"twitter:label2\" content=\"Est. reading time\" \/>\n\t<meta name=\"twitter:data2\" content=\"2 minute\" \/>\n<script type=\"application\/ld+json\" class=\"yoast-schema-graph\">{\"@context\":\"https:\/\/schema.org\",\"@graph\":[{\"@type\":\"Article\",\"@id\":\"https:\/\/sandzakpress.net\/arhiva\/hrvatska-moze-blokirati-put-srbije-u-eu\/#article\",\"isPartOf\":{\"@id\":\"https:\/\/sandzakpress.net\/arhiva\/hrvatska-moze-blokirati-put-srbije-u-eu\/\"},\"author\":{\"name\":\"Agencija\",\"@id\":\"https:\/\/sandzakpress.net\/arhiva\/#\/schema\/person\/cb59d7e3ab91ab90dd680ad0305a6185\"},\"headline\":\"Hrvatska mo\u017ee blokirati put Srbije u EU\",\"datePublished\":\"2015-02-06T16:59:50+00:00\",\"dateModified\":\"2015-02-06T17:00:43+00:00\",\"mainEntityOfPage\":{\"@id\":\"https:\/\/sandzakpress.net\/arhiva\/hrvatska-moze-blokirati-put-srbije-u-eu\/\"},\"wordCount\":343,\"commentCount\":10,\"publisher\":{\"@id\":\"https:\/\/sandzakpress.net\/arhiva\/#\/schema\/person\/6e72b67d6e51910a1117b3b483ba20bd\"},\"image\":{\"@id\":\"https:\/\/sandzakpress.net\/arhiva\/hrvatska-moze-blokirati-put-srbije-u-eu\/#primaryimage\"},\"thumbnailUrl\":\"https:\/\/sandzakpress.net\/arhiva\/wp-content\/uploads\/2015\/02\/021.jpg\",\"articleSection\":[\"Politika\",\"Srbija\",\"Hrvatska\",\"NAJNOVIJE\"],\"inLanguage\":\"bs-BA\",\"potentialAction\":[{\"@type\":\"CommentAction\",\"name\":\"Comment\",\"target\":[\"https:\/\/sandzakpress.net\/arhiva\/hrvatska-moze-blokirati-put-srbije-u-eu\/#respond\"]}]},{\"@type\":\"WebPage\",\"@id\":\"https:\/\/sandzakpress.net\/arhiva\/hrvatska-moze-blokirati-put-srbije-u-eu\/\",\"url\":\"https:\/\/sandzakpress.net\/arhiva\/hrvatska-moze-blokirati-put-srbije-u-eu\/\",\"name\":\"Hrvatska mo\u017ee blokirati put Srbije u EU\",\"isPartOf\":{\"@id\":\"https:\/\/sandzakpress.net\/arhiva\/#website\"},\"primaryImageOfPage\":{\"@id\":\"https:\/\/sandzakpress.net\/arhiva\/hrvatska-moze-blokirati-put-srbije-u-eu\/#primaryimage\"},\"image\":{\"@id\":\"https:\/\/sandzakpress.net\/arhiva\/hrvatska-moze-blokirati-put-srbije-u-eu\/#primaryimage\"},\"thumbnailUrl\":\"https:\/\/sandzakpress.net\/arhiva\/wp-content\/uploads\/2015\/02\/021.jpg\",\"datePublished\":\"2015-02-06T16:59:50+00:00\",\"dateModified\":\"2015-02-06T17:00:43+00:00\",\"breadcrumb\":{\"@id\":\"https:\/\/sandzakpress.net\/arhiva\/hrvatska-moze-blokirati-put-srbije-u-eu\/#breadcrumb\"},\"inLanguage\":\"bs-BA\",\"potentialAction\":[{\"@type\":\"ReadAction\",\"target\":[\"https:\/\/sandzakpress.net\/arhiva\/hrvatska-moze-blokirati-put-srbije-u-eu\/\"]}]},{\"@type\":\"ImageObject\",\"inLanguage\":\"bs-BA\",\"@id\":\"https:\/\/sandzakpress.net\/arhiva\/hrvatska-moze-blokirati-put-srbije-u-eu\/#primaryimage\",\"url\":\"https:\/\/sandzakpress.net\/arhiva\/wp-content\/uploads\/2015\/02\/021.jpg\",\"contentUrl\":\"https:\/\/sandzakpress.net\/arhiva\/wp-content\/uploads\/2015\/02\/021.jpg\",\"width\":480,\"height\":360},{\"@type\":\"BreadcrumbList\",\"@id\":\"https:\/\/sandzakpress.net\/arhiva\/hrvatska-moze-blokirati-put-srbije-u-eu\/#breadcrumb\",\"itemListElement\":[{\"@type\":\"ListItem\",\"position\":1,\"name\":\"Home\",\"item\":\"https:\/\/sandzakpress.net\/arhiva\/\"},{\"@type\":\"ListItem\",\"position\":2,\"name\":\"Hrvatska mo\u017ee blokirati put Srbije u EU\"}]},{\"@type\":\"WebSite\",\"@id\":\"https:\/\/sandzakpress.net\/arhiva\/#website\",\"url\":\"https:\/\/sandzakpress.net\/arhiva\/\",\"name\":\"Sand\u017eak PRESS\",\"description\":\"Prve elektronske novine u Sand\u017eaku\",\"publisher\":{\"@id\":\"https:\/\/sandzakpress.net\/arhiva\/#\/schema\/person\/6e72b67d6e51910a1117b3b483ba20bd\"},\"potentialAction\":[{\"@type\":\"SearchAction\",\"target\":{\"@type\":\"EntryPoint\",\"urlTemplate\":\"https:\/\/sandzakpress.net\/arhiva\/?s={search_term_string}\"},\"query-input\":{\"@type\":\"PropertyValueSpecification\",\"valueRequired\":true,\"valueName\":\"search_term_string\"}}],\"inLanguage\":\"bs-BA\"},{\"@type\":[\"Person\",\"Organization\"],\"@id\":\"https:\/\/sandzakpress.net\/arhiva\/#\/schema\/person\/6e72b67d6e51910a1117b3b483ba20bd\",\"name\":\"Kul\",\"image\":{\"@type\":\"ImageObject\",\"inLanguage\":\"bs-BA\",\"@id\":\"https:\/\/sandzakpress.net\/arhiva\/#\/schema\/person\/image\/\",\"url\":\"https:\/\/secure.gravatar.com\/avatar\/42263f39aa27ac04c43cab85c280eb2e?s=96&d=mm&r=pg\",\"contentUrl\":\"https:\/\/secure.gravatar.com\/avatar\/42263f39aa27ac04c43cab85c280eb2e?s=96&d=mm&r=pg\",\"caption\":\"Kul\"},\"logo\":{\"@id\":\"https:\/\/sandzakpress.net\/arhiva\/#\/schema\/person\/image\/\"}},{\"@type\":\"Person\",\"@id\":\"https:\/\/sandzakpress.net\/arhiva\/#\/schema\/person\/cb59d7e3ab91ab90dd680ad0305a6185\",\"name\":\"Agencija\",\"image\":{\"@type\":\"ImageObject\",\"inLanguage\":\"bs-BA\",\"@id\":\"https:\/\/sandzakpress.net\/arhiva\/#\/schema\/person\/image\/\",\"url\":\"https:\/\/secure.gravatar.com\/avatar\/4b7fafa80a22f0c2afe23966b3961fe0?s=96&d=mm&r=pg\",\"contentUrl\":\"https:\/\/secure.gravatar.com\/avatar\/4b7fafa80a22f0c2afe23966b3961fe0?s=96&d=mm&r=pg\",\"caption\":\"Agencija\"},\"url\":\"https:\/\/sandzakpress.net\/arhiva\/author\/agencija\/\"}]}<\/script>\n<!-- \/ Yoast SEO Premium plugin. -->","yoast_head_json":{"title":"Hrvatska mo\u017ee blokirati put Srbije u EU","robots":{"index":"index","follow":"follow","max-snippet":"max-snippet:-1","max-image-preview":"max-image-preview:large","max-video-preview":"max-video-preview:-1"},"canonical":"https:\/\/sandzakpress.net\/arhiva\/hrvatska-moze-blokirati-put-srbije-u-eu\/","og_locale":"bs_BA","og_type":"article","og_title":"Hrvatska mo\u017ee blokirati put Srbije u EU","og_description":"Hrvatska, Srbija &#8211; Iz pregovara\u010dkog tima Srbije saop\u0107eno da uvjetovanje dr\u017eave u oblasti prava mora biti utemeljeno u pravnim pravilima EU-a. \u0160efica pregovara\u010dkog tima Srbije Tanja Mi\u0161\u0107evi\u0107 izjavila je da Hrvatska mo\u017ee samo politi\u010dki blokirati Srbiju pri ulasku u Evropsku uniju. Tvrdi da se uvjetovanje dr\u017eave u oblasti prava mora utemeljiti isklju\u010divo u pravnim pravilima [&hellip;]","og_url":"https:\/\/sandzakpress.net\/arhiva\/hrvatska-moze-blokirati-put-srbije-u-eu\/","og_site_name":"Sand\u017eak PRESS","article_published_time":"2015-02-06T16:59:50+00:00","article_modified_time":"2015-02-06T17:00:43+00:00","og_image":[{"width":480,"height":360,"url":"https:\/\/sandzakpress.net\/arhiva\/wp-content\/uploads\/2015\/02\/021.jpg","type":"image\/jpeg"}],"author":"Agencija","twitter_card":"summary_large_image","twitter_misc":{"Written by":"Agencija","Est. reading time":"2 minute"},"schema":{"@context":"https:\/\/schema.org","@graph":[{"@type":"Article","@id":"https:\/\/sandzakpress.net\/arhiva\/hrvatska-moze-blokirati-put-srbije-u-eu\/#article","isPartOf":{"@id":"https:\/\/sandzakpress.net\/arhiva\/hrvatska-moze-blokirati-put-srbije-u-eu\/"},"author":{"name":"Agencija","@id":"https:\/\/sandzakpress.net\/arhiva\/#\/schema\/person\/cb59d7e3ab91ab90dd680ad0305a6185"},"headline":"Hrvatska mo\u017ee blokirati put Srbije u EU","datePublished":"2015-02-06T16:59:50+00:00","dateModified":"2015-02-06T17:00:43+00:00","mainEntityOfPage":{"@id":"https:\/\/sandzakpress.net\/arhiva\/hrvatska-moze-blokirati-put-srbije-u-eu\/"},"wordCount":343,"commentCount":10,"publisher":{"@id":"https:\/\/sandzakpress.net\/arhiva\/#\/schema\/person\/6e72b67d6e51910a1117b3b483ba20bd"},"image":{"@id":"https:\/\/sandzakpress.net\/arhiva\/hrvatska-moze-blokirati-put-srbije-u-eu\/#primaryimage"},"thumbnailUrl":"https:\/\/sandzakpress.net\/arhiva\/wp-content\/uploads\/2015\/02\/021.jpg","articleSection":["Politika","Srbija","Hrvatska","NAJNOVIJE"],"inLanguage":"bs-BA","potentialAction":[{"@type":"CommentAction","name":"Comment","target":["https:\/\/sandzakpress.net\/arhiva\/hrvatska-moze-blokirati-put-srbije-u-eu\/#respond"]}]},{"@type":"WebPage","@id":"https:\/\/sandzakpress.net\/arhiva\/hrvatska-moze-blokirati-put-srbije-u-eu\/","url":"https:\/\/sandzakpress.net\/arhiva\/hrvatska-moze-blokirati-put-srbije-u-eu\/","name":"Hrvatska mo\u017ee blokirati put Srbije u EU","isPartOf":{"@id":"https:\/\/sandzakpress.net\/arhiva\/#website"},"primaryImageOfPage":{"@id":"https:\/\/sandzakpress.net\/arhiva\/hrvatska-moze-blokirati-put-srbije-u-eu\/#primaryimage"},"image":{"@id":"https:\/\/sandzakpress.net\/arhiva\/hrvatska-moze-blokirati-put-srbije-u-eu\/#primaryimage"},"thumbnailUrl":"https:\/\/sandzakpress.net\/arhiva\/wp-content\/uploads\/2015\/02\/021.jpg","datePublished":"2015-02-06T16:59:50+00:00","dateModified":"2015-02-06T17:00:43+00:00","breadcrumb":{"@id":"https:\/\/sandzakpress.net\/arhiva\/hrvatska-moze-blokirati-put-srbije-u-eu\/#breadcrumb"},"inLanguage":"bs-BA","potentialAction":[{"@type":"ReadAction","target":["https:\/\/sandzakpress.net\/arhiva\/hrvatska-moze-blokirati-put-srbije-u-eu\/"]}]},{"@type":"ImageObject","inLanguage":"bs-BA","@id":"https:\/\/sandzakpress.net\/arhiva\/hrvatska-moze-blokirati-put-srbije-u-eu\/#primaryimage","url":"https:\/\/sandzakpress.net\/arhiva\/wp-content\/uploads\/2015\/02\/021.jpg","contentUrl":"https:\/\/sandzakpress.net\/arhiva\/wp-content\/uploads\/2015\/02\/021.jpg","width":480,"height":360},{"@type":"BreadcrumbList","@id":"https:\/\/sandzakpress.net\/arhiva\/hrvatska-moze-blokirati-put-srbije-u-eu\/#breadcrumb","itemListElement":[{"@type":"ListItem","position":1,"name":"Home","item":"https:\/\/sandzakpress.net\/arhiva\/"},{"@type":"ListItem","position":2,"name":"Hrvatska mo\u017ee blokirati put Srbije u EU"}]},{"@type":"WebSite","@id":"https:\/\/sandzakpress.net\/arhiva\/#website","url":"https:\/\/sandzakpress.net\/arhiva\/","name":"Sand\u017eak PRESS","description":"Prve elektronske novine u Sand\u017eaku","publisher":{"@id":"https:\/\/sandzakpress.net\/arhiva\/#\/schema\/person\/6e72b67d6e51910a1117b3b483ba20bd"},"potentialAction":[{"@type":"SearchAction","target":{"@type":"EntryPoint","urlTemplate":"https:\/\/sandzakpress.net\/arhiva\/?s={search_term_string}"},"query-input":{"@type":"PropertyValueSpecification","valueRequired":true,"valueName":"search_term_string"}}],"inLanguage":"bs-BA"},{"@type":["Person","Organization"],"@id":"https:\/\/sandzakpress.net\/arhiva\/#\/schema\/person\/6e72b67d6e51910a1117b3b483ba20bd","name":"Kul","image":{"@type":"ImageObject","inLanguage":"bs-BA","@id":"https:\/\/sandzakpress.net\/arhiva\/#\/schema\/person\/image\/","url":"https:\/\/secure.gravatar.com\/avatar\/42263f39aa27ac04c43cab85c280eb2e?s=96&d=mm&r=pg","contentUrl":"https:\/\/secure.gravatar.com\/avatar\/42263f39aa27ac04c43cab85c280eb2e?s=96&d=mm&r=pg","caption":"Kul"},"logo":{"@id":"https:\/\/sandzakpress.net\/arhiva\/#\/schema\/person\/image\/"}},{"@type":"Person","@id":"https:\/\/sandzakpress.net\/arhiva\/#\/schema\/person\/cb59d7e3ab91ab90dd680ad0305a6185","name":"Agencija","image":{"@type":"ImageObject","inLanguage":"bs-BA","@id":"https:\/\/sandzakpress.net\/arhiva\/#\/schema\/person\/image\/","url":"https:\/\/secure.gravatar.com\/avatar\/4b7fafa80a22f0c2afe23966b3961fe0?s=96&d=mm&r=pg","contentUrl":"https:\/\/secure.gravatar.com\/avatar\/4b7fafa80a22f0c2afe23966b3961fe0?s=96&d=mm&r=pg","caption":"Agencija"},"url":"https:\/\/sandzakpress.net\/arhiva\/author\/agencija\/"}]}},"_links":{"self":[{"href":"https:\/\/sandzakpress.net\/arhiva\/wp-json\/wp\/v2\/posts\/121766"}],"collection":[{"href":"https:\/\/sandzakpress.net\/arhiva\/wp-json\/wp\/v2\/posts"}],"about":[{"href":"https:\/\/sandzakpress.net\/arhiva\/wp-json\/wp\/v2\/types\/post"}],"author":[{"embeddable":true,"href":"https:\/\/sandzakpress.net\/arhiva\/wp-json\/wp\/v2\/users\/509"}],"replies":[{"embeddable":true,"href":"https:\/\/sandzakpress.net\/arhiva\/wp-json\/wp\/v2\/comments?post=121766"}],"version-history":[{"count":0,"href":"https:\/\/sandzakpress.net\/arhiva\/wp-json\/wp\/v2\/posts\/121766\/revisions"}],"wp:featuredmedia":[{"embeddable":true,"href":"https:\/\/sandzakpress.net\/arhiva\/wp-json\/wp\/v2\/media\/121767"}],"wp:attachment":[{"href":"https:\/\/sandzakpress.net\/arhiva\/wp-json\/wp\/v2\/media?parent=121766"}],"wp:term":[{"taxonomy":"category","embeddable":true,"href":"https:\/\/sandzakpress.net\/arhiva\/wp-json\/wp\/v2\/categories?post=121766"},{"taxonomy":"post_tag","embeddable":true,"href":"https:\/\/sandzakpress.net\/arhiva\/wp-json\/wp\/v2\/tags?post=121766"}],"curies":[{"name":"wp","href":"https:\/\/api.w.org\/{rel}","templated":true}]}}