{"id":121665,"date":"2015-02-06T09:55:25","date_gmt":"2015-02-06T08:55:25","guid":{"rendered":"https:\/\/sandzakpress.net\/arhiva\/?p=121665"},"modified":"2015-02-06T11:35:31","modified_gmt":"2015-02-06T10:35:31","slug":"muhamed-ceman-na-univerzitetu-u-luksemburgu-odbranio-magistarski-rad","status":"publish","type":"post","link":"https:\/\/sandzakpress.net\/arhiva\/Muhamed+%C4%86eman+odbranio+prvi+magistarski+rad+koji+tretira+Bo%C5%A1njake+u+Luksemburgu","title":{"rendered":"Muhamed \u0106eman odbranio prvi magistarski rad koji tretira Bo\u0161njake u Luksemburgu"},"content":{"rendered":"<p><img loading=\"lazy\" decoding=\"async\" class=\"aligncenter size-full wp-image-121666\" src=\"https:\/\/sandzakpress.net\/arhiva\/wp-content\/uploads\/2015\/02\/Muhamed_Ceman_magistrirao.jpg\" alt=\"Muhamed_Ceman_magistrirao\" width=\"600\" height=\"350\" \/><strong>Luksemburg &#8211; Dana, 5. februara 2015. godine, na Univerzitetu u Luksemburgu odbranjen je magistarski rad na temu &#8220;Socijalne reprezentacije o zemlji udomiteljici izgra\u0111ene od strane prve generacije bo\u0161nja\u010dkih imigranata u Luksemburgu&#8221;. Magistarski rad na zadatu temu pred tro\u010dlanom komisijom uspje\u0161no je odbranio Muhamed \u0106eman.<br \/>\n<\/strong><br \/>\nGotovo polovinu od ne\u0161to vi\u0161e od 500 000 stanovnika Luksemburga sa\u010dinjavaju stranci. Od tog broja, glavninu populacije koja vu\u010de porijeklo iz zemalja izvan Evropske Unije, predstavljaju Bo\u0161njaci. Uprkos \u010dinjenici da Bo\u0161njaci sa\u010dinjavaju vrlo zna\u010dajan dio luksembu\u0161ke populacije, ovo je prvi istra\u017eiva\u010dki rad koji na eksplicitan na\u010din tretira pomenutu strukturu stanovni\u0161tva. Svjestan tog nedostatka, autor \u0106eman posvetio je u svom istra\u017eiva\u010dkom radu posebnu pa\u017enju predstavljanju Bo\u0161njaka kao naroda, njihovog identiteta sa svim njegovim posebnostima i karakteristikama, uz prikaz evolucije istog kroz historijski kontekst, po\u010dev\u0161i od srednjeg vijeka pa do dana\u0161njih dana. \u017delja i nastojanje istra\u017eiva\u010da \u0106emana, bila je da njegov nau\u010dni rad bude svojevrsna polazna ta\u010dka te da koristi drugim istra\u017eiva\u010dima koji \u0107e, nadamo se, u budu\u0107nosti analizirati identitet bo\u0161nja\u010dkih imigranata, te nastojati donositi odgovore na razli\u010dita dru\u0161tvena pitanja koja se ti\u010du Bo\u0161njaka u dijaspori. Tako\u0111er je zna\u010dajno da su primarni izvori ovog magistarskog rada u dijelu poglavlja kojim se nastoji definirati bo\u0161nja\u010dki identitet, djela bo\u0161nja\u010dkih autora, te \u0107e nadati je se, budu\u0107i istra\u017eiva\u010di u Luksemburgu o Bo\u0161njacima na francuskom jeziku crpeti podatke proistekle iz pera bo\u0161nja\u010dkih autora, od kojih su Muhi\u0107, Filandra, Isakovi\u0107 i mnogi drugi.<\/p>\n<p>Druga zna\u010dajna strana ovog istra\u017eiva\u010dkog rada je svakako njegova primarna tematika koja se bavi socijalnim reprezentacijama. Rezultati istra\u017eivanja ukazuju da Bo\u0161njaci u Luksemburgu do\u017eivljavaju Veliko-vojvodstvo, njihovu zemlju udomiteljicu, kao dr\u017eavu zakona i javnog reda, sa izra\u017eenim multietni\u010dkim i multikulturalnim karakterom. Tako\u0111er je zanimljivo da je ve\u0107ina ispitanika izrazilo stav da Luksemburg do\u017eivljavaju kao svoj dom. Shodno tome da se socijalna reprezentacija o zemlji udomiteljici formira i u odnosu na socijalnu reprezentaciju koja se istovremeno gaji o zemlji porijekla, zasigurno je da dru\u0161tveni problemi i izazovi, te diskriminacija Bo\u0161njaka koja je na\u017ealost i dalje i vi\u0161e nego aktuelna na teritoriji njihovog domovinskog prostora, u Bosni i Sand\u017eaku, doprinose da se prva generacija bo\u0161nja\u010dkih iseljenika u Luksemburgu osje\u0107a u ovoj zemlji kao kod ku\u0107e.<\/p>\n<p>U svakom slu\u010daju, dobijeni rezultati ukazuju da \u0107e Bo\u0161njaci u Luksemburgu vjerovatno nastaviti izgra\u0111ivati i ulagati u svoju budu\u0107nost u Luksemburgu, i da \u0107e nastojati biti konstruktivni \u010dlanovi luksembur\u0161kog dru\u0161tva, te da \u0107e biti zna\u010dajan faktor koji \u0107e aktivno doprinositi procesu dru\u0161tvene kohezije koja je prisutna u Velikom vojvodstvu.<\/p>\n<p>Redakcija Bo\u0161njaci.Net uz dovu Stvoritelju upu\u0107uje iskrene \u010destitke Muhamedu \u0106emanu, insha-Allah da se bo\u0161nja\u010dka omladina ugleda u njega.<\/p>\n<p><img decoding=\"async\" src=\"http:\/\/www.bosnjaci.net\/foto\/640_Muhamed_Ceman_magistrirao1.jpg\" alt=\"\" \/><\/p>\n<p>(Identitet)<\/p>\n","protected":false},"excerpt":{"rendered":"<p>Luksemburg &#8211; Dana, 5. februara 2015. godine, na Univerzitetu u Luksemburgu odbranjen je magistarski rad na temu &#8220;Socijalne reprezentacije o zemlji udomiteljici izgra\u0111ene od strane prve generacije bo\u0161nja\u010dkih imigranata u Luksemburgu&#8221;. Magistarski rad na zadatu temu pred tro\u010dlanom komisijom uspje\u0161no je odbranio Muhamed \u0106eman. Gotovo polovinu od ne\u0161to vi\u0161e od 500 000 stanovnika Luksemburga sa\u010dinjavaju [&hellip;]<\/p>\n","protected":false},"author":83,"featured_media":121666,"comment_status":"open","ping_status":"open","sticky":false,"template":"","format":"standard","meta":{"footnotes":""},"categories":[9,9549,8957,798],"tags":[],"class_list":{"0":"post-121665","1":"post","2":"type-post","3":"status-publish","4":"format-standard","5":"has-post-thumbnail","7":"category-svijet","8":"category-luxemburg","9":"category-vijesti-dana","10":"category-teme"},"yoast_head":"<!-- This site is optimized with the Yoast SEO Premium plugin v23.1 (Yoast SEO v24.9) - https:\/\/yoast.com\/wordpress\/plugins\/seo\/ -->\n<title>Muhamed \u0106eman odbranio prvi magistarski rad koji tretira Bo\u0161njake u Luksemburgu<\/title>\n<meta name=\"robots\" content=\"index, follow, max-snippet:-1, max-image-preview:large, max-video-preview:-1\" \/>\n<link rel=\"canonical\" href=\"https:\/\/sandzakpress.net\/arhiva\/Muhamed%20\u0106eman%20odbranio%20prvi%20magistarski%20rad%20koji%20tretira%20Bo\u0161njake%20u%20Luksemburgu\/\" \/>\n<meta property=\"og:locale\" content=\"bs_BA\" \/>\n<meta property=\"og:type\" content=\"article\" \/>\n<meta property=\"og:title\" content=\"Muhamed \u0106eman odbranio prvi magistarski rad koji tretira Bo\u0161njake u Luksemburgu\" \/>\n<meta property=\"og:description\" content=\"Luksemburg &#8211; Dana, 5. februara 2015. godine, na Univerzitetu u Luksemburgu odbranjen je magistarski rad na temu &#8220;Socijalne reprezentacije o zemlji udomiteljici izgra\u0111ene od strane prve generacije bo\u0161nja\u010dkih imigranata u Luksemburgu&#8221;. Magistarski rad na zadatu temu pred tro\u010dlanom komisijom uspje\u0161no je odbranio Muhamed \u0106eman. Gotovo polovinu od ne\u0161to vi\u0161e od 500 000 stanovnika Luksemburga sa\u010dinjavaju [&hellip;]\" \/>\n<meta property=\"og:url\" content=\"https:\/\/sandzakpress.net\/arhiva\/Muhamed \u0106eman odbranio prvi magistarski rad koji tretira Bo\u0161njake u Luksemburgu\/\" \/>\n<meta property=\"og:site_name\" content=\"Sand\u017eak PRESS\" \/>\n<meta property=\"article:published_time\" content=\"2015-02-06T08:55:25+00:00\" \/>\n<meta property=\"article:modified_time\" content=\"2015-02-06T10:35:31+00:00\" \/>\n<meta property=\"og:image\" content=\"https:\/\/sandzakpress.net\/arhiva\/wp-content\/uploads\/2015\/02\/Muhamed_Ceman_magistrirao.jpg\" \/>\n\t<meta property=\"og:image:width\" content=\"600\" \/>\n\t<meta property=\"og:image:height\" content=\"350\" \/>\n\t<meta property=\"og:image:type\" content=\"image\/jpeg\" \/>\n<meta name=\"author\" content=\"bosniak\" \/>\n<meta name=\"twitter:card\" content=\"summary_large_image\" \/>\n<meta name=\"twitter:label1\" content=\"Written by\" \/>\n\t<meta name=\"twitter:data1\" content=\"bosniak\" \/>\n\t<meta name=\"twitter:label2\" content=\"Est. reading time\" \/>\n\t<meta name=\"twitter:data2\" content=\"3 minute\" \/>\n<script type=\"application\/ld+json\" class=\"yoast-schema-graph\">{\"@context\":\"https:\/\/schema.org\",\"@graph\":[{\"@type\":\"Article\",\"@id\":\"https:\/\/sandzakpress.net\/arhiva\/Muhamed+%C4%86eman+odbranio+prvi+magistarski+rad+koji+tretira+Bo%C5%A1njake+u+Luksemburgu\/#article\",\"isPartOf\":{\"@id\":\"https:\/\/sandzakpress.net\/arhiva\/Muhamed+%C4%86eman+odbranio+prvi+magistarski+rad+koji+tretira+Bo%C5%A1njake+u+Luksemburgu\/\"},\"author\":{\"name\":\"bosniak\",\"@id\":\"https:\/\/sandzakpress.net\/arhiva\/#\/schema\/person\/c8baee722073534b583ea7bdb2e36c02\"},\"headline\":\"Muhamed \u0106eman odbranio prvi magistarski rad koji tretira Bo\u0161njake u Luksemburgu\",\"datePublished\":\"2015-02-06T08:55:25+00:00\",\"dateModified\":\"2015-02-06T10:35:31+00:00\",\"mainEntityOfPage\":{\"@id\":\"https:\/\/sandzakpress.net\/arhiva\/Muhamed+%C4%86eman+odbranio+prvi+magistarski+rad+koji+tretira+Bo%C5%A1njake+u+Luksemburgu\/\"},\"wordCount\":512,\"commentCount\":7,\"publisher\":{\"@id\":\"https:\/\/sandzakpress.net\/arhiva\/#\/schema\/person\/6e72b67d6e51910a1117b3b483ba20bd\"},\"image\":{\"@id\":\"https:\/\/sandzakpress.net\/arhiva\/Muhamed+%C4%86eman+odbranio+prvi+magistarski+rad+koji+tretira+Bo%C5%A1njake+u+Luksemburgu\/#primaryimage\"},\"thumbnailUrl\":\"https:\/\/sandzakpress.net\/arhiva\/wp-content\/uploads\/2015\/02\/Muhamed_Ceman_magistrirao.jpg\",\"articleSection\":[\"Svijet\",\"Luksemburg\",\"VIJESTI DANA\",\"NAJNOVIJE\"],\"inLanguage\":\"bs-BA\",\"potentialAction\":[{\"@type\":\"CommentAction\",\"name\":\"Comment\",\"target\":[\"https:\/\/sandzakpress.net\/arhiva\/Muhamed+%C4%86eman+odbranio+prvi+magistarski+rad+koji+tretira+Bo%C5%A1njake+u+Luksemburgu\/#respond\"]}]},{\"@type\":\"WebPage\",\"@id\":\"https:\/\/sandzakpress.net\/arhiva\/Muhamed+%C4%86eman+odbranio+prvi+magistarski+rad+koji+tretira+Bo%C5%A1njake+u+Luksemburgu\/\",\"url\":\"https:\/\/sandzakpress.net\/arhiva\/Muhamed+%C4%86eman+odbranio+prvi+magistarski+rad+koji+tretira+Bo%C5%A1njake+u+Luksemburgu\/\",\"name\":\"Muhamed \u0106eman odbranio prvi magistarski rad koji tretira Bo\u0161njake u Luksemburgu\",\"isPartOf\":{\"@id\":\"https:\/\/sandzakpress.net\/arhiva\/#website\"},\"primaryImageOfPage\":{\"@id\":\"https:\/\/sandzakpress.net\/arhiva\/Muhamed+%C4%86eman+odbranio+prvi+magistarski+rad+koji+tretira+Bo%C5%A1njake+u+Luksemburgu\/#primaryimage\"},\"image\":{\"@id\":\"https:\/\/sandzakpress.net\/arhiva\/Muhamed+%C4%86eman+odbranio+prvi+magistarski+rad+koji+tretira+Bo%C5%A1njake+u+Luksemburgu\/#primaryimage\"},\"thumbnailUrl\":\"https:\/\/sandzakpress.net\/arhiva\/wp-content\/uploads\/2015\/02\/Muhamed_Ceman_magistrirao.jpg\",\"datePublished\":\"2015-02-06T08:55:25+00:00\",\"dateModified\":\"2015-02-06T10:35:31+00:00\",\"breadcrumb\":{\"@id\":\"https:\/\/sandzakpress.net\/arhiva\/Muhamed+%C4%86eman+odbranio+prvi+magistarski+rad+koji+tretira+Bo%C5%A1njake+u+Luksemburgu\/#breadcrumb\"},\"inLanguage\":\"bs-BA\",\"potentialAction\":[{\"@type\":\"ReadAction\",\"target\":[\"https:\/\/sandzakpress.net\/arhiva\/Muhamed+%C4%86eman+odbranio+prvi+magistarski+rad+koji+tretira+Bo%C5%A1njake+u+Luksemburgu\/\"]}]},{\"@type\":\"ImageObject\",\"inLanguage\":\"bs-BA\",\"@id\":\"https:\/\/sandzakpress.net\/arhiva\/Muhamed+%C4%86eman+odbranio+prvi+magistarski+rad+koji+tretira+Bo%C5%A1njake+u+Luksemburgu\/#primaryimage\",\"url\":\"https:\/\/sandzakpress.net\/arhiva\/wp-content\/uploads\/2015\/02\/Muhamed_Ceman_magistrirao.jpg\",\"contentUrl\":\"https:\/\/sandzakpress.net\/arhiva\/wp-content\/uploads\/2015\/02\/Muhamed_Ceman_magistrirao.jpg\",\"width\":600,\"height\":350},{\"@type\":\"BreadcrumbList\",\"@id\":\"https:\/\/sandzakpress.net\/arhiva\/Muhamed+%C4%86eman+odbranio+prvi+magistarski+rad+koji+tretira+Bo%C5%A1njake+u+Luksemburgu\/#breadcrumb\",\"itemListElement\":[{\"@type\":\"ListItem\",\"position\":1,\"name\":\"Home\",\"item\":\"https:\/\/sandzakpress.net\/arhiva\/\"},{\"@type\":\"ListItem\",\"position\":2,\"name\":\"Muhamed \u0106eman odbranio prvi magistarski rad koji tretira Bo\u0161njake u Luksemburgu\"}]},{\"@type\":\"WebSite\",\"@id\":\"https:\/\/sandzakpress.net\/arhiva\/#website\",\"url\":\"https:\/\/sandzakpress.net\/arhiva\/\",\"name\":\"Sand\u017eak PRESS\",\"description\":\"Prve elektronske novine u Sand\u017eaku\",\"publisher\":{\"@id\":\"https:\/\/sandzakpress.net\/arhiva\/#\/schema\/person\/6e72b67d6e51910a1117b3b483ba20bd\"},\"potentialAction\":[{\"@type\":\"SearchAction\",\"target\":{\"@type\":\"EntryPoint\",\"urlTemplate\":\"https:\/\/sandzakpress.net\/arhiva\/?s={search_term_string}\"},\"query-input\":{\"@type\":\"PropertyValueSpecification\",\"valueRequired\":true,\"valueName\":\"search_term_string\"}}],\"inLanguage\":\"bs-BA\"},{\"@type\":[\"Person\",\"Organization\"],\"@id\":\"https:\/\/sandzakpress.net\/arhiva\/#\/schema\/person\/6e72b67d6e51910a1117b3b483ba20bd\",\"name\":\"Kul\",\"image\":{\"@type\":\"ImageObject\",\"inLanguage\":\"bs-BA\",\"@id\":\"https:\/\/sandzakpress.net\/arhiva\/#\/schema\/person\/image\/\",\"url\":\"https:\/\/secure.gravatar.com\/avatar\/42263f39aa27ac04c43cab85c280eb2e?s=96&d=mm&r=pg\",\"contentUrl\":\"https:\/\/secure.gravatar.com\/avatar\/42263f39aa27ac04c43cab85c280eb2e?s=96&d=mm&r=pg\",\"caption\":\"Kul\"},\"logo\":{\"@id\":\"https:\/\/sandzakpress.net\/arhiva\/#\/schema\/person\/image\/\"}},{\"@type\":\"Person\",\"@id\":\"https:\/\/sandzakpress.net\/arhiva\/#\/schema\/person\/c8baee722073534b583ea7bdb2e36c02\",\"name\":\"bosniak\",\"image\":{\"@type\":\"ImageObject\",\"inLanguage\":\"bs-BA\",\"@id\":\"https:\/\/sandzakpress.net\/arhiva\/#\/schema\/person\/image\/\",\"url\":\"https:\/\/secure.gravatar.com\/avatar\/a04fd330bfe3a36a72a0ad4a6d89fca7?s=96&d=mm&r=pg\",\"contentUrl\":\"https:\/\/secure.gravatar.com\/avatar\/a04fd330bfe3a36a72a0ad4a6d89fca7?s=96&d=mm&r=pg\",\"caption\":\"bosniak\"},\"url\":\"https:\/\/sandzakpress.net\/arhiva\/author\/bosniak\/\"}]}<\/script>\n<!-- \/ Yoast SEO Premium plugin. -->","yoast_head_json":{"title":"Muhamed \u0106eman odbranio prvi magistarski rad koji tretira Bo\u0161njake u Luksemburgu","robots":{"index":"index","follow":"follow","max-snippet":"max-snippet:-1","max-image-preview":"max-image-preview:large","max-video-preview":"max-video-preview:-1"},"canonical":"https:\/\/sandzakpress.net\/arhiva\/Muhamed \u0106eman odbranio prvi magistarski rad koji tretira Bo\u0161njake u Luksemburgu\/","og_locale":"bs_BA","og_type":"article","og_title":"Muhamed \u0106eman odbranio prvi magistarski rad koji tretira Bo\u0161njake u Luksemburgu","og_description":"Luksemburg &#8211; Dana, 5. februara 2015. godine, na Univerzitetu u Luksemburgu odbranjen je magistarski rad na temu &#8220;Socijalne reprezentacije o zemlji udomiteljici izgra\u0111ene od strane prve generacije bo\u0161nja\u010dkih imigranata u Luksemburgu&#8221;. Magistarski rad na zadatu temu pred tro\u010dlanom komisijom uspje\u0161no je odbranio Muhamed \u0106eman. Gotovo polovinu od ne\u0161to vi\u0161e od 500 000 stanovnika Luksemburga sa\u010dinjavaju [&hellip;]","og_url":"https:\/\/sandzakpress.net\/arhiva\/Muhamed \u0106eman odbranio prvi magistarski rad koji tretira Bo\u0161njake u Luksemburgu\/","og_site_name":"Sand\u017eak PRESS","article_published_time":"2015-02-06T08:55:25+00:00","article_modified_time":"2015-02-06T10:35:31+00:00","og_image":[{"width":600,"height":350,"url":"https:\/\/sandzakpress.net\/arhiva\/wp-content\/uploads\/2015\/02\/Muhamed_Ceman_magistrirao.jpg","type":"image\/jpeg"}],"author":"bosniak","twitter_card":"summary_large_image","twitter_misc":{"Written by":"bosniak","Est. reading time":"3 minute"},"schema":{"@context":"https:\/\/schema.org","@graph":[{"@type":"Article","@id":"https:\/\/sandzakpress.net\/arhiva\/Muhamed+%C4%86eman+odbranio+prvi+magistarski+rad+koji+tretira+Bo%C5%A1njake+u+Luksemburgu\/#article","isPartOf":{"@id":"https:\/\/sandzakpress.net\/arhiva\/Muhamed+%C4%86eman+odbranio+prvi+magistarski+rad+koji+tretira+Bo%C5%A1njake+u+Luksemburgu\/"},"author":{"name":"bosniak","@id":"https:\/\/sandzakpress.net\/arhiva\/#\/schema\/person\/c8baee722073534b583ea7bdb2e36c02"},"headline":"Muhamed \u0106eman odbranio prvi magistarski rad koji tretira Bo\u0161njake u Luksemburgu","datePublished":"2015-02-06T08:55:25+00:00","dateModified":"2015-02-06T10:35:31+00:00","mainEntityOfPage":{"@id":"https:\/\/sandzakpress.net\/arhiva\/Muhamed+%C4%86eman+odbranio+prvi+magistarski+rad+koji+tretira+Bo%C5%A1njake+u+Luksemburgu\/"},"wordCount":512,"commentCount":7,"publisher":{"@id":"https:\/\/sandzakpress.net\/arhiva\/#\/schema\/person\/6e72b67d6e51910a1117b3b483ba20bd"},"image":{"@id":"https:\/\/sandzakpress.net\/arhiva\/Muhamed+%C4%86eman+odbranio+prvi+magistarski+rad+koji+tretira+Bo%C5%A1njake+u+Luksemburgu\/#primaryimage"},"thumbnailUrl":"https:\/\/sandzakpress.net\/arhiva\/wp-content\/uploads\/2015\/02\/Muhamed_Ceman_magistrirao.jpg","articleSection":["Svijet","Luksemburg","VIJESTI DANA","NAJNOVIJE"],"inLanguage":"bs-BA","potentialAction":[{"@type":"CommentAction","name":"Comment","target":["https:\/\/sandzakpress.net\/arhiva\/Muhamed+%C4%86eman+odbranio+prvi+magistarski+rad+koji+tretira+Bo%C5%A1njake+u+Luksemburgu\/#respond"]}]},{"@type":"WebPage","@id":"https:\/\/sandzakpress.net\/arhiva\/Muhamed+%C4%86eman+odbranio+prvi+magistarski+rad+koji+tretira+Bo%C5%A1njake+u+Luksemburgu\/","url":"https:\/\/sandzakpress.net\/arhiva\/Muhamed+%C4%86eman+odbranio+prvi+magistarski+rad+koji+tretira+Bo%C5%A1njake+u+Luksemburgu\/","name":"Muhamed \u0106eman odbranio prvi magistarski rad koji tretira Bo\u0161njake u Luksemburgu","isPartOf":{"@id":"https:\/\/sandzakpress.net\/arhiva\/#website"},"primaryImageOfPage":{"@id":"https:\/\/sandzakpress.net\/arhiva\/Muhamed+%C4%86eman+odbranio+prvi+magistarski+rad+koji+tretira+Bo%C5%A1njake+u+Luksemburgu\/#primaryimage"},"image":{"@id":"https:\/\/sandzakpress.net\/arhiva\/Muhamed+%C4%86eman+odbranio+prvi+magistarski+rad+koji+tretira+Bo%C5%A1njake+u+Luksemburgu\/#primaryimage"},"thumbnailUrl":"https:\/\/sandzakpress.net\/arhiva\/wp-content\/uploads\/2015\/02\/Muhamed_Ceman_magistrirao.jpg","datePublished":"2015-02-06T08:55:25+00:00","dateModified":"2015-02-06T10:35:31+00:00","breadcrumb":{"@id":"https:\/\/sandzakpress.net\/arhiva\/Muhamed+%C4%86eman+odbranio+prvi+magistarski+rad+koji+tretira+Bo%C5%A1njake+u+Luksemburgu\/#breadcrumb"},"inLanguage":"bs-BA","potentialAction":[{"@type":"ReadAction","target":["https:\/\/sandzakpress.net\/arhiva\/Muhamed+%C4%86eman+odbranio+prvi+magistarski+rad+koji+tretira+Bo%C5%A1njake+u+Luksemburgu\/"]}]},{"@type":"ImageObject","inLanguage":"bs-BA","@id":"https:\/\/sandzakpress.net\/arhiva\/Muhamed+%C4%86eman+odbranio+prvi+magistarski+rad+koji+tretira+Bo%C5%A1njake+u+Luksemburgu\/#primaryimage","url":"https:\/\/sandzakpress.net\/arhiva\/wp-content\/uploads\/2015\/02\/Muhamed_Ceman_magistrirao.jpg","contentUrl":"https:\/\/sandzakpress.net\/arhiva\/wp-content\/uploads\/2015\/02\/Muhamed_Ceman_magistrirao.jpg","width":600,"height":350},{"@type":"BreadcrumbList","@id":"https:\/\/sandzakpress.net\/arhiva\/Muhamed+%C4%86eman+odbranio+prvi+magistarski+rad+koji+tretira+Bo%C5%A1njake+u+Luksemburgu\/#breadcrumb","itemListElement":[{"@type":"ListItem","position":1,"name":"Home","item":"https:\/\/sandzakpress.net\/arhiva\/"},{"@type":"ListItem","position":2,"name":"Muhamed \u0106eman odbranio prvi magistarski rad koji tretira Bo\u0161njake u Luksemburgu"}]},{"@type":"WebSite","@id":"https:\/\/sandzakpress.net\/arhiva\/#website","url":"https:\/\/sandzakpress.net\/arhiva\/","name":"Sand\u017eak PRESS","description":"Prve elektronske novine u Sand\u017eaku","publisher":{"@id":"https:\/\/sandzakpress.net\/arhiva\/#\/schema\/person\/6e72b67d6e51910a1117b3b483ba20bd"},"potentialAction":[{"@type":"SearchAction","target":{"@type":"EntryPoint","urlTemplate":"https:\/\/sandzakpress.net\/arhiva\/?s={search_term_string}"},"query-input":{"@type":"PropertyValueSpecification","valueRequired":true,"valueName":"search_term_string"}}],"inLanguage":"bs-BA"},{"@type":["Person","Organization"],"@id":"https:\/\/sandzakpress.net\/arhiva\/#\/schema\/person\/6e72b67d6e51910a1117b3b483ba20bd","name":"Kul","image":{"@type":"ImageObject","inLanguage":"bs-BA","@id":"https:\/\/sandzakpress.net\/arhiva\/#\/schema\/person\/image\/","url":"https:\/\/secure.gravatar.com\/avatar\/42263f39aa27ac04c43cab85c280eb2e?s=96&d=mm&r=pg","contentUrl":"https:\/\/secure.gravatar.com\/avatar\/42263f39aa27ac04c43cab85c280eb2e?s=96&d=mm&r=pg","caption":"Kul"},"logo":{"@id":"https:\/\/sandzakpress.net\/arhiva\/#\/schema\/person\/image\/"}},{"@type":"Person","@id":"https:\/\/sandzakpress.net\/arhiva\/#\/schema\/person\/c8baee722073534b583ea7bdb2e36c02","name":"bosniak","image":{"@type":"ImageObject","inLanguage":"bs-BA","@id":"https:\/\/sandzakpress.net\/arhiva\/#\/schema\/person\/image\/","url":"https:\/\/secure.gravatar.com\/avatar\/a04fd330bfe3a36a72a0ad4a6d89fca7?s=96&d=mm&r=pg","contentUrl":"https:\/\/secure.gravatar.com\/avatar\/a04fd330bfe3a36a72a0ad4a6d89fca7?s=96&d=mm&r=pg","caption":"bosniak"},"url":"https:\/\/sandzakpress.net\/arhiva\/author\/bosniak\/"}]}},"_links":{"self":[{"href":"https:\/\/sandzakpress.net\/arhiva\/wp-json\/wp\/v2\/posts\/121665"}],"collection":[{"href":"https:\/\/sandzakpress.net\/arhiva\/wp-json\/wp\/v2\/posts"}],"about":[{"href":"https:\/\/sandzakpress.net\/arhiva\/wp-json\/wp\/v2\/types\/post"}],"author":[{"embeddable":true,"href":"https:\/\/sandzakpress.net\/arhiva\/wp-json\/wp\/v2\/users\/83"}],"replies":[{"embeddable":true,"href":"https:\/\/sandzakpress.net\/arhiva\/wp-json\/wp\/v2\/comments?post=121665"}],"version-history":[{"count":0,"href":"https:\/\/sandzakpress.net\/arhiva\/wp-json\/wp\/v2\/posts\/121665\/revisions"}],"wp:featuredmedia":[{"embeddable":true,"href":"https:\/\/sandzakpress.net\/arhiva\/wp-json\/wp\/v2\/media\/121666"}],"wp:attachment":[{"href":"https:\/\/sandzakpress.net\/arhiva\/wp-json\/wp\/v2\/media?parent=121665"}],"wp:term":[{"taxonomy":"category","embeddable":true,"href":"https:\/\/sandzakpress.net\/arhiva\/wp-json\/wp\/v2\/categories?post=121665"},{"taxonomy":"post_tag","embeddable":true,"href":"https:\/\/sandzakpress.net\/arhiva\/wp-json\/wp\/v2\/tags?post=121665"}],"curies":[{"name":"wp","href":"https:\/\/api.w.org\/{rel}","templated":true}]}}