{"id":121480,"date":"2015-02-04T20:32:21","date_gmt":"2015-02-04T19:32:21","guid":{"rendered":"https:\/\/sandzakpress.net\/arhiva\/?p=121480"},"modified":"2015-02-04T20:33:27","modified_gmt":"2015-02-04T19:33:27","slug":"ugljanin-izvrsen-je-pokusaj-ubistva-na-mog-vozaca","status":"publish","type":"post","link":"https:\/\/sandzakpress.net\/arhiva\/ugljanin-izvrsen-je-pokusaj-ubistva-na-mog-vozaca-video","title":{"rendered":"Ugljanin &#8211; Izvr\u0161en je poku\u0161aj ubistva na mog voza\u010da! (Video)"},"content":{"rendered":"<div class=\"entry-content\">\n<p><img loading=\"lazy\" decoding=\"async\" id=\"fullResImage\" class=\"\" src=\"http:\/\/www.sda.rs\/slike\/vesti\/slika-1625-0.jpg\" alt=\"\" width=\"622\" height=\"384\" \/><\/p>\n<p><strong>Novi Pazar &#8211; U prostorijama stranke SDA Sand\u017eaka danas je odr\u017eana press konferencija za medije, na kojoj je predsjednik te stranke Sulejman Ugljanin govorio o aktuelnoj politi\u010dkoj situaciji u dr\u017eavi.<\/strong><\/p>\n<p>On je tom prilikom naglasio da manjine u dr\u017eavi Srbiji nisu ravnopravno zastupljene sa drugima.<\/p>\n<p>Tokom press konferencije Ugljanin je govorio i o nepo\u0161tivanju imuniteta poslanika Vlade Republike Srbije od strane policije, nadovezav\u0161i se na slu\u010daj koji se skoro desio predstavnicima stranke SDA Sand\u017eaka. \u201eTako oni zaprijete voza\u010du, bi\u0107e\u0161 ka\u017enjen, oduze\u0107emo ti voza\u010dku, pa ga maltretiraju i njemu drhte ruke, a on mene treba da vodi do Beograda. To je poku\u0161aj ubistva!\u201c, nagla\u0161ava Ugljanin.<\/p>\n<p>Na pitanje novinara SANA novinske agencije za\u0161to je predstavnicima liste \u201eZa Bo\u0161njake, Sand\u017eak i Muftiju\u201c bilo onemogu\u0107eno da odr\u017ee sjednicu u prostorijama BNV, Ugljanin je rekao da ne zna o tome ni\u0161ta i da nije upu\u0107en, ali da \u0107e provjeriti.<\/p>\n<p>SANA<\/p>\n<div class=\"youtube-embed\" data-video_id=\"gBWvioVYlgQ\"><iframe loading=\"lazy\" title=\"Konferencija SDA Sand\u017eaka\" width=\"696\" height=\"522\" src=\"https:\/\/www.youtube.com\/embed\/gBWvioVYlgQ?feature=oembed&#038;enablejsapi=1\" frameborder=\"0\" allow=\"accelerometer; autoplay; encrypted-media; gyroscope; picture-in-picture\" allowfullscreen><\/iframe><\/div>\n<\/div>\n","protected":false},"excerpt":{"rendered":"<p>Novi Pazar &#8211; U prostorijama stranke SDA Sand\u017eaka danas je odr\u017eana press konferencija za medije, na kojoj je predsjednik te stranke Sulejman Ugljanin govorio o aktuelnoj politi\u010dkoj situaciji u dr\u017eavi. On je tom prilikom naglasio da manjine u dr\u017eavi Srbiji nisu ravnopravno zastupljene sa drugima. Tokom press konferencije Ugljanin je govorio i o nepo\u0161tivanju imuniteta [&hellip;]<\/p>\n","protected":false},"author":83,"featured_media":121482,"comment_status":"open","ping_status":"open","sticky":false,"template":"","format":"standard","meta":{"footnotes":""},"categories":[72,1,52,327,392,393,8957],"tags":[10255,10269],"class_list":{"0":"post-121480","1":"post","2":"type-post","3":"status-publish","4":"format-standard","5":"has-post-thumbnail","7":"category-novi-pazar","8":"category-politika","9":"category-sjenica","10":"category-tutin","11":"category-prijepolje_","12":"category-priboj","13":"category-vijesti-dana","14":"tag-sda","15":"tag-sulejman-ugljanin"},"yoast_head":"<!-- This site is optimized with the Yoast SEO Premium plugin v23.1 (Yoast SEO v24.9) - https:\/\/yoast.com\/wordpress\/plugins\/seo\/ -->\n<title>Ugljanin - Izvr\u0161en je poku\u0161aj ubistva na mog voza\u010da! (Video)<\/title>\n<meta name=\"robots\" content=\"index, follow, max-snippet:-1, max-image-preview:large, max-video-preview:-1\" \/>\n<link rel=\"canonical\" href=\"https:\/\/sandzakpress.net\/arhiva\/ugljanin-izvrsen-je-pokusaj-ubistva-na-mog-vozaca-video\/\" \/>\n<meta property=\"og:locale\" content=\"bs_BA\" \/>\n<meta property=\"og:type\" content=\"article\" \/>\n<meta property=\"og:title\" content=\"Ugljanin - Izvr\u0161en je poku\u0161aj ubistva na mog voza\u010da! (Video)\" \/>\n<meta property=\"og:description\" content=\"Novi Pazar &#8211; U prostorijama stranke SDA Sand\u017eaka danas je odr\u017eana press konferencija za medije, na kojoj je predsjednik te stranke Sulejman Ugljanin govorio o aktuelnoj politi\u010dkoj situaciji u dr\u017eavi. On je tom prilikom naglasio da manjine u dr\u017eavi Srbiji nisu ravnopravno zastupljene sa drugima. Tokom press konferencije Ugljanin je govorio i o nepo\u0161tivanju imuniteta [&hellip;]\" \/>\n<meta property=\"og:url\" content=\"https:\/\/sandzakpress.net\/arhiva\/ugljanin-izvrsen-je-pokusaj-ubistva-na-mog-vozaca-video\/\" \/>\n<meta property=\"og:site_name\" content=\"Sand\u017eak PRESS\" \/>\n<meta property=\"article:published_time\" content=\"2015-02-04T19:32:21+00:00\" \/>\n<meta property=\"article:modified_time\" content=\"2015-02-04T19:33:27+00:00\" \/>\n<meta property=\"og:image\" content=\"https:\/\/sandzakpress.net\/arhiva\/wp-content\/uploads\/2015\/02\/slika-1625-0.jpg\" \/>\n\t<meta property=\"og:image:width\" content=\"1024\" \/>\n\t<meta property=\"og:image:height\" content=\"632\" \/>\n\t<meta property=\"og:image:type\" content=\"image\/jpeg\" \/>\n<meta name=\"author\" content=\"bosniak\" \/>\n<meta name=\"twitter:card\" content=\"summary_large_image\" \/>\n<meta name=\"twitter:label1\" content=\"Written by\" \/>\n\t<meta name=\"twitter:data1\" content=\"bosniak\" \/>\n\t<meta name=\"twitter:label2\" content=\"Est. reading time\" \/>\n\t<meta name=\"twitter:data2\" content=\"1 minuta\" \/>\n<script type=\"application\/ld+json\" class=\"yoast-schema-graph\">{\"@context\":\"https:\/\/schema.org\",\"@graph\":[{\"@type\":\"Article\",\"@id\":\"https:\/\/sandzakpress.net\/arhiva\/ugljanin-izvrsen-je-pokusaj-ubistva-na-mog-vozaca-video\/#article\",\"isPartOf\":{\"@id\":\"https:\/\/sandzakpress.net\/arhiva\/ugljanin-izvrsen-je-pokusaj-ubistva-na-mog-vozaca-video\/\"},\"author\":{\"name\":\"bosniak\",\"@id\":\"https:\/\/sandzakpress.net\/arhiva\/#\/schema\/person\/c8baee722073534b583ea7bdb2e36c02\"},\"headline\":\"Ugljanin &#8211; Izvr\u0161en je poku\u0161aj ubistva na mog voza\u010da! (Video)\",\"datePublished\":\"2015-02-04T19:32:21+00:00\",\"dateModified\":\"2015-02-04T19:33:27+00:00\",\"mainEntityOfPage\":{\"@id\":\"https:\/\/sandzakpress.net\/arhiva\/ugljanin-izvrsen-je-pokusaj-ubistva-na-mog-vozaca-video\/\"},\"wordCount\":188,\"commentCount\":54,\"publisher\":{\"@id\":\"https:\/\/sandzakpress.net\/arhiva\/#\/schema\/person\/6e72b67d6e51910a1117b3b483ba20bd\"},\"image\":{\"@id\":\"https:\/\/sandzakpress.net\/arhiva\/ugljanin-izvrsen-je-pokusaj-ubistva-na-mog-vozaca-video\/#primaryimage\"},\"thumbnailUrl\":\"https:\/\/sandzakpress.net\/arhiva\/wp-content\/uploads\/2015\/02\/slika-1625-0.jpg\",\"keywords\":[\"SDA\",\"Sulejman Ugljanin\"],\"articleSection\":[\"Novi Pazar\",\"Politika\",\"Sjenica\",\"Tutin\",\"Prijepolje\",\"Priboj\",\"VIJESTI DANA\"],\"inLanguage\":\"bs-BA\",\"potentialAction\":[{\"@type\":\"CommentAction\",\"name\":\"Comment\",\"target\":[\"https:\/\/sandzakpress.net\/arhiva\/ugljanin-izvrsen-je-pokusaj-ubistva-na-mog-vozaca-video\/#respond\"]}]},{\"@type\":\"WebPage\",\"@id\":\"https:\/\/sandzakpress.net\/arhiva\/ugljanin-izvrsen-je-pokusaj-ubistva-na-mog-vozaca-video\/\",\"url\":\"https:\/\/sandzakpress.net\/arhiva\/ugljanin-izvrsen-je-pokusaj-ubistva-na-mog-vozaca-video\/\",\"name\":\"Ugljanin - Izvr\u0161en je poku\u0161aj ubistva na mog voza\u010da! (Video)\",\"isPartOf\":{\"@id\":\"https:\/\/sandzakpress.net\/arhiva\/#website\"},\"primaryImageOfPage\":{\"@id\":\"https:\/\/sandzakpress.net\/arhiva\/ugljanin-izvrsen-je-pokusaj-ubistva-na-mog-vozaca-video\/#primaryimage\"},\"image\":{\"@id\":\"https:\/\/sandzakpress.net\/arhiva\/ugljanin-izvrsen-je-pokusaj-ubistva-na-mog-vozaca-video\/#primaryimage\"},\"thumbnailUrl\":\"https:\/\/sandzakpress.net\/arhiva\/wp-content\/uploads\/2015\/02\/slika-1625-0.jpg\",\"datePublished\":\"2015-02-04T19:32:21+00:00\",\"dateModified\":\"2015-02-04T19:33:27+00:00\",\"breadcrumb\":{\"@id\":\"https:\/\/sandzakpress.net\/arhiva\/ugljanin-izvrsen-je-pokusaj-ubistva-na-mog-vozaca-video\/#breadcrumb\"},\"inLanguage\":\"bs-BA\",\"potentialAction\":[{\"@type\":\"ReadAction\",\"target\":[\"https:\/\/sandzakpress.net\/arhiva\/ugljanin-izvrsen-je-pokusaj-ubistva-na-mog-vozaca-video\/\"]}]},{\"@type\":\"ImageObject\",\"inLanguage\":\"bs-BA\",\"@id\":\"https:\/\/sandzakpress.net\/arhiva\/ugljanin-izvrsen-je-pokusaj-ubistva-na-mog-vozaca-video\/#primaryimage\",\"url\":\"https:\/\/sandzakpress.net\/arhiva\/wp-content\/uploads\/2015\/02\/slika-1625-0.jpg\",\"contentUrl\":\"https:\/\/sandzakpress.net\/arhiva\/wp-content\/uploads\/2015\/02\/slika-1625-0.jpg\",\"width\":1024,\"height\":632},{\"@type\":\"BreadcrumbList\",\"@id\":\"https:\/\/sandzakpress.net\/arhiva\/ugljanin-izvrsen-je-pokusaj-ubistva-na-mog-vozaca-video\/#breadcrumb\",\"itemListElement\":[{\"@type\":\"ListItem\",\"position\":1,\"name\":\"Home\",\"item\":\"https:\/\/sandzakpress.net\/arhiva\/\"},{\"@type\":\"ListItem\",\"position\":2,\"name\":\"Ugljanin &#8211; Izvr\u0161en je poku\u0161aj ubistva na mog voza\u010da! (Video)\"}]},{\"@type\":\"WebSite\",\"@id\":\"https:\/\/sandzakpress.net\/arhiva\/#website\",\"url\":\"https:\/\/sandzakpress.net\/arhiva\/\",\"name\":\"Sand\u017eak PRESS\",\"description\":\"Prve elektronske novine u Sand\u017eaku\",\"publisher\":{\"@id\":\"https:\/\/sandzakpress.net\/arhiva\/#\/schema\/person\/6e72b67d6e51910a1117b3b483ba20bd\"},\"potentialAction\":[{\"@type\":\"SearchAction\",\"target\":{\"@type\":\"EntryPoint\",\"urlTemplate\":\"https:\/\/sandzakpress.net\/arhiva\/?s={search_term_string}\"},\"query-input\":{\"@type\":\"PropertyValueSpecification\",\"valueRequired\":true,\"valueName\":\"search_term_string\"}}],\"inLanguage\":\"bs-BA\"},{\"@type\":[\"Person\",\"Organization\"],\"@id\":\"https:\/\/sandzakpress.net\/arhiva\/#\/schema\/person\/6e72b67d6e51910a1117b3b483ba20bd\",\"name\":\"Kul\",\"image\":{\"@type\":\"ImageObject\",\"inLanguage\":\"bs-BA\",\"@id\":\"https:\/\/sandzakpress.net\/arhiva\/#\/schema\/person\/image\/\",\"url\":\"https:\/\/secure.gravatar.com\/avatar\/42263f39aa27ac04c43cab85c280eb2e?s=96&d=mm&r=pg\",\"contentUrl\":\"https:\/\/secure.gravatar.com\/avatar\/42263f39aa27ac04c43cab85c280eb2e?s=96&d=mm&r=pg\",\"caption\":\"Kul\"},\"logo\":{\"@id\":\"https:\/\/sandzakpress.net\/arhiva\/#\/schema\/person\/image\/\"}},{\"@type\":\"Person\",\"@id\":\"https:\/\/sandzakpress.net\/arhiva\/#\/schema\/person\/c8baee722073534b583ea7bdb2e36c02\",\"name\":\"bosniak\",\"image\":{\"@type\":\"ImageObject\",\"inLanguage\":\"bs-BA\",\"@id\":\"https:\/\/sandzakpress.net\/arhiva\/#\/schema\/person\/image\/\",\"url\":\"https:\/\/secure.gravatar.com\/avatar\/a04fd330bfe3a36a72a0ad4a6d89fca7?s=96&d=mm&r=pg\",\"contentUrl\":\"https:\/\/secure.gravatar.com\/avatar\/a04fd330bfe3a36a72a0ad4a6d89fca7?s=96&d=mm&r=pg\",\"caption\":\"bosniak\"},\"url\":\"https:\/\/sandzakpress.net\/arhiva\/author\/bosniak\/\"}]}<\/script>\n<!-- \/ Yoast SEO Premium plugin. -->","yoast_head_json":{"title":"Ugljanin - Izvr\u0161en je poku\u0161aj ubistva na mog voza\u010da! (Video)","robots":{"index":"index","follow":"follow","max-snippet":"max-snippet:-1","max-image-preview":"max-image-preview:large","max-video-preview":"max-video-preview:-1"},"canonical":"https:\/\/sandzakpress.net\/arhiva\/ugljanin-izvrsen-je-pokusaj-ubistva-na-mog-vozaca-video\/","og_locale":"bs_BA","og_type":"article","og_title":"Ugljanin - Izvr\u0161en je poku\u0161aj ubistva na mog voza\u010da! (Video)","og_description":"Novi Pazar &#8211; U prostorijama stranke SDA Sand\u017eaka danas je odr\u017eana press konferencija za medije, na kojoj je predsjednik te stranke Sulejman Ugljanin govorio o aktuelnoj politi\u010dkoj situaciji u dr\u017eavi. On je tom prilikom naglasio da manjine u dr\u017eavi Srbiji nisu ravnopravno zastupljene sa drugima. Tokom press konferencije Ugljanin je govorio i o nepo\u0161tivanju imuniteta [&hellip;]","og_url":"https:\/\/sandzakpress.net\/arhiva\/ugljanin-izvrsen-je-pokusaj-ubistva-na-mog-vozaca-video\/","og_site_name":"Sand\u017eak PRESS","article_published_time":"2015-02-04T19:32:21+00:00","article_modified_time":"2015-02-04T19:33:27+00:00","og_image":[{"width":1024,"height":632,"url":"https:\/\/sandzakpress.net\/arhiva\/wp-content\/uploads\/2015\/02\/slika-1625-0.jpg","type":"image\/jpeg"}],"author":"bosniak","twitter_card":"summary_large_image","twitter_misc":{"Written by":"bosniak","Est. reading time":"1 minuta"},"schema":{"@context":"https:\/\/schema.org","@graph":[{"@type":"Article","@id":"https:\/\/sandzakpress.net\/arhiva\/ugljanin-izvrsen-je-pokusaj-ubistva-na-mog-vozaca-video\/#article","isPartOf":{"@id":"https:\/\/sandzakpress.net\/arhiva\/ugljanin-izvrsen-je-pokusaj-ubistva-na-mog-vozaca-video\/"},"author":{"name":"bosniak","@id":"https:\/\/sandzakpress.net\/arhiva\/#\/schema\/person\/c8baee722073534b583ea7bdb2e36c02"},"headline":"Ugljanin &#8211; Izvr\u0161en je poku\u0161aj ubistva na mog voza\u010da! (Video)","datePublished":"2015-02-04T19:32:21+00:00","dateModified":"2015-02-04T19:33:27+00:00","mainEntityOfPage":{"@id":"https:\/\/sandzakpress.net\/arhiva\/ugljanin-izvrsen-je-pokusaj-ubistva-na-mog-vozaca-video\/"},"wordCount":188,"commentCount":54,"publisher":{"@id":"https:\/\/sandzakpress.net\/arhiva\/#\/schema\/person\/6e72b67d6e51910a1117b3b483ba20bd"},"image":{"@id":"https:\/\/sandzakpress.net\/arhiva\/ugljanin-izvrsen-je-pokusaj-ubistva-na-mog-vozaca-video\/#primaryimage"},"thumbnailUrl":"https:\/\/sandzakpress.net\/arhiva\/wp-content\/uploads\/2015\/02\/slika-1625-0.jpg","keywords":["SDA","Sulejman Ugljanin"],"articleSection":["Novi Pazar","Politika","Sjenica","Tutin","Prijepolje","Priboj","VIJESTI DANA"],"inLanguage":"bs-BA","potentialAction":[{"@type":"CommentAction","name":"Comment","target":["https:\/\/sandzakpress.net\/arhiva\/ugljanin-izvrsen-je-pokusaj-ubistva-na-mog-vozaca-video\/#respond"]}]},{"@type":"WebPage","@id":"https:\/\/sandzakpress.net\/arhiva\/ugljanin-izvrsen-je-pokusaj-ubistva-na-mog-vozaca-video\/","url":"https:\/\/sandzakpress.net\/arhiva\/ugljanin-izvrsen-je-pokusaj-ubistva-na-mog-vozaca-video\/","name":"Ugljanin - Izvr\u0161en je poku\u0161aj ubistva na mog voza\u010da! (Video)","isPartOf":{"@id":"https:\/\/sandzakpress.net\/arhiva\/#website"},"primaryImageOfPage":{"@id":"https:\/\/sandzakpress.net\/arhiva\/ugljanin-izvrsen-je-pokusaj-ubistva-na-mog-vozaca-video\/#primaryimage"},"image":{"@id":"https:\/\/sandzakpress.net\/arhiva\/ugljanin-izvrsen-je-pokusaj-ubistva-na-mog-vozaca-video\/#primaryimage"},"thumbnailUrl":"https:\/\/sandzakpress.net\/arhiva\/wp-content\/uploads\/2015\/02\/slika-1625-0.jpg","datePublished":"2015-02-04T19:32:21+00:00","dateModified":"2015-02-04T19:33:27+00:00","breadcrumb":{"@id":"https:\/\/sandzakpress.net\/arhiva\/ugljanin-izvrsen-je-pokusaj-ubistva-na-mog-vozaca-video\/#breadcrumb"},"inLanguage":"bs-BA","potentialAction":[{"@type":"ReadAction","target":["https:\/\/sandzakpress.net\/arhiva\/ugljanin-izvrsen-je-pokusaj-ubistva-na-mog-vozaca-video\/"]}]},{"@type":"ImageObject","inLanguage":"bs-BA","@id":"https:\/\/sandzakpress.net\/arhiva\/ugljanin-izvrsen-je-pokusaj-ubistva-na-mog-vozaca-video\/#primaryimage","url":"https:\/\/sandzakpress.net\/arhiva\/wp-content\/uploads\/2015\/02\/slika-1625-0.jpg","contentUrl":"https:\/\/sandzakpress.net\/arhiva\/wp-content\/uploads\/2015\/02\/slika-1625-0.jpg","width":1024,"height":632},{"@type":"BreadcrumbList","@id":"https:\/\/sandzakpress.net\/arhiva\/ugljanin-izvrsen-je-pokusaj-ubistva-na-mog-vozaca-video\/#breadcrumb","itemListElement":[{"@type":"ListItem","position":1,"name":"Home","item":"https:\/\/sandzakpress.net\/arhiva\/"},{"@type":"ListItem","position":2,"name":"Ugljanin &#8211; Izvr\u0161en je poku\u0161aj ubistva na mog voza\u010da! (Video)"}]},{"@type":"WebSite","@id":"https:\/\/sandzakpress.net\/arhiva\/#website","url":"https:\/\/sandzakpress.net\/arhiva\/","name":"Sand\u017eak PRESS","description":"Prve elektronske novine u Sand\u017eaku","publisher":{"@id":"https:\/\/sandzakpress.net\/arhiva\/#\/schema\/person\/6e72b67d6e51910a1117b3b483ba20bd"},"potentialAction":[{"@type":"SearchAction","target":{"@type":"EntryPoint","urlTemplate":"https:\/\/sandzakpress.net\/arhiva\/?s={search_term_string}"},"query-input":{"@type":"PropertyValueSpecification","valueRequired":true,"valueName":"search_term_string"}}],"inLanguage":"bs-BA"},{"@type":["Person","Organization"],"@id":"https:\/\/sandzakpress.net\/arhiva\/#\/schema\/person\/6e72b67d6e51910a1117b3b483ba20bd","name":"Kul","image":{"@type":"ImageObject","inLanguage":"bs-BA","@id":"https:\/\/sandzakpress.net\/arhiva\/#\/schema\/person\/image\/","url":"https:\/\/secure.gravatar.com\/avatar\/42263f39aa27ac04c43cab85c280eb2e?s=96&d=mm&r=pg","contentUrl":"https:\/\/secure.gravatar.com\/avatar\/42263f39aa27ac04c43cab85c280eb2e?s=96&d=mm&r=pg","caption":"Kul"},"logo":{"@id":"https:\/\/sandzakpress.net\/arhiva\/#\/schema\/person\/image\/"}},{"@type":"Person","@id":"https:\/\/sandzakpress.net\/arhiva\/#\/schema\/person\/c8baee722073534b583ea7bdb2e36c02","name":"bosniak","image":{"@type":"ImageObject","inLanguage":"bs-BA","@id":"https:\/\/sandzakpress.net\/arhiva\/#\/schema\/person\/image\/","url":"https:\/\/secure.gravatar.com\/avatar\/a04fd330bfe3a36a72a0ad4a6d89fca7?s=96&d=mm&r=pg","contentUrl":"https:\/\/secure.gravatar.com\/avatar\/a04fd330bfe3a36a72a0ad4a6d89fca7?s=96&d=mm&r=pg","caption":"bosniak"},"url":"https:\/\/sandzakpress.net\/arhiva\/author\/bosniak\/"}]}},"_links":{"self":[{"href":"https:\/\/sandzakpress.net\/arhiva\/wp-json\/wp\/v2\/posts\/121480"}],"collection":[{"href":"https:\/\/sandzakpress.net\/arhiva\/wp-json\/wp\/v2\/posts"}],"about":[{"href":"https:\/\/sandzakpress.net\/arhiva\/wp-json\/wp\/v2\/types\/post"}],"author":[{"embeddable":true,"href":"https:\/\/sandzakpress.net\/arhiva\/wp-json\/wp\/v2\/users\/83"}],"replies":[{"embeddable":true,"href":"https:\/\/sandzakpress.net\/arhiva\/wp-json\/wp\/v2\/comments?post=121480"}],"version-history":[{"count":0,"href":"https:\/\/sandzakpress.net\/arhiva\/wp-json\/wp\/v2\/posts\/121480\/revisions"}],"wp:featuredmedia":[{"embeddable":true,"href":"https:\/\/sandzakpress.net\/arhiva\/wp-json\/wp\/v2\/media\/121482"}],"wp:attachment":[{"href":"https:\/\/sandzakpress.net\/arhiva\/wp-json\/wp\/v2\/media?parent=121480"}],"wp:term":[{"taxonomy":"category","embeddable":true,"href":"https:\/\/sandzakpress.net\/arhiva\/wp-json\/wp\/v2\/categories?post=121480"},{"taxonomy":"post_tag","embeddable":true,"href":"https:\/\/sandzakpress.net\/arhiva\/wp-json\/wp\/v2\/tags?post=121480"}],"curies":[{"name":"wp","href":"https:\/\/api.w.org\/{rel}","templated":true}]}}