{"id":121479,"date":"2015-02-04T19:32:58","date_gmt":"2015-02-04T18:32:58","guid":{"rendered":"https:\/\/sandzakpress.net\/arhiva\/?p=121479"},"modified":"2015-02-04T22:28:39","modified_gmt":"2015-02-04T21:28:39","slug":"safet-kalic-izrucen-njemackoj","status":"publish","type":"post","link":"https:\/\/sandzakpress.net\/arhiva\/safet-kalic-izrucen-njemackoj\/","title":{"rendered":"Safet Kali\u0107 izru\u010den Njema\u010dkoj"},"content":{"rendered":"<p>&nbsp;<\/p>\n<p><a href=\"https:\/\/sandzakpress.net\/arhiva\/wp-content\/uploads\/2015\/02\/Safet-Kalic-2-620x400.jpg\"><img loading=\"lazy\" decoding=\"async\" class=\"  wp-image-121481 aligncenter\" src=\"https:\/\/sandzakpress.net\/arhiva\/wp-content\/uploads\/2015\/02\/Safet-Kalic-2-620x400-300x220.jpg\" alt=\"Safet-Kalic-2-620x400\" width=\"593\" height=\"435\" \/><\/a><\/p>\n<p><strong>Njema\u010dka, Ro\u017eaje &#8211; Ro\u017eajac Safet Sajo Kali\u0107 (45) izru\u010den je krajem pro\u0161le sedmice iz Be\u010da vlastima u Njema\u010dkoj, koje su ga godinama tra\u017eile zbog djela vezanih za trgovinu drogom.<\/strong><\/p>\n<p>Ekstradicija je obavljena jer je Austrija odlu\u010dila na osnovu Evropske konvencije o ekstradiciji i doma\u0107ih propisa odlu\u010dila da sjevernim kom\u0161ijama prvo izru\u010de Kali\u0107a, a ne Crnoj Gori koja ga je tra\u017eila zbog milionskog pranja novca.<\/p>\n<p>Ranije je \u201cVijestima\u201d u Ministarstvu\u00a0pravde re\u010deno da \u0107e oni, kada Kali\u0107 bude izru\u010den Njema\u010dkoj, i od tamo\u0161njih vlasti tra\u017eiti ekstradiciju Ro\u017eajca.<\/p>\n<p>\u201cPredaja Safeta Kali\u0107a Njema\u010dkoj nije ograni\u010denje da Crna Gora zatra\u017ei njegovo izru\u010denje od Njema\u010dke zbog dostupnosti na\u0161im pravosudnim organima za vo\u0111enje krivi\u010dnog postupka\u201d, kazali su krajem pro\u0161le godine u Ministarstvu pravde.<\/p>\n<p>Safet Kali\u0107 je nakon tri godine bjekstva uhap\u0161en \u00a0u popodnevnim \u010dasovima, 20. oktobra 2014. godine, kada je sa la\u017enim paso\u0161em sa Kosova stigao u Be\u010d. Njegovo hap\u0161enje dogodilo se samo dan prije nego \u0161to je u bjelopoljskom Vi\u0161em sudu trebalo da bude objavljena presuda za &#8220;pranje\u201d novca.<\/p>\n<p>Za njim je potjernica raspisana 4. avgusta 2011. godine kada je Specijalno tu\u017eila\u0161tvo pokrenulo istragu zbog optu\u017ebi da su Kali\u0107, njegov brat Mersudin i supruga Amina u Crnoj Gori \u201coprali\u201d 7,7 miliona eura, ste\u010denih prodajom droge u Njema\u010dkoj.<\/p>\n<p>\u010cetiri dana nakon \u0161to je Kali\u0107 uhap\u0161en u 5. okrugu Be\u010da, tamo\u0161nje vlasti su dopisom obavijestile Crnu Goru da Ro\u017eajca tra\u017ee i Njemci, koji su ranije raspisali evropski nalog za njegovo hap\u0161enje.<\/p>\n<p>Njema\u010dka tereti \u00a0Kali\u0107a za vi\u0161e krivi\u010dnih djela vezanih za prodaju droge u periodu od 1995. do 1996. Budu\u0107i da ih obavezuje evropski nalog za hap\u0161enje koji va\u017ei me\u0111u zemljama Evropske unije, Austrija je prednost dala Njema\u010dkoj pa \u0107e se Kali\u0107u prvo suditi u toj zemlji.<\/p>\n<p>Safetu Kali\u0107u i njegovoj porodici je u Crnoj Gori oduzeta imovina vrijedna vi\u0161e od 22 miliona eura.<\/p>\n<p>(vijesti)<\/p>\n","protected":false},"excerpt":{"rendered":"<p>&nbsp; Njema\u010dka, Ro\u017eaje &#8211; Ro\u017eajac Safet Sajo Kali\u0107 (45) izru\u010den je krajem pro\u0161le sedmice iz Be\u010da vlastima u Njema\u010dkoj, koje su ga godinama tra\u017eile zbog djela vezanih za trgovinu drogom. Ekstradicija je obavljena jer je Austrija odlu\u010dila na osnovu Evropske konvencije o ekstradiciji i doma\u0107ih propisa odlu\u010dila da sjevernim kom\u0161ijama prvo izru\u010de Kali\u0107a, a ne [&hellip;]<\/p>\n","protected":false},"author":509,"featured_media":121483,"comment_status":"open","ping_status":"open","sticky":false,"template":"","format":"standard","meta":{"footnotes":""},"categories":[398,9538,801,8957,798],"tags":[],"class_list":{"0":"post-121479","1":"post","2":"type-post","3":"status-publish","4":"format-standard","5":"has-post-thumbnail","7":"category-rozaje","8":"category-njemacka-dijaspora-gradovi-vase-vijesti","9":"category-crna_hronika","10":"category-vijesti-dana","11":"category-teme"},"yoast_head":"<!-- This site is optimized with the Yoast SEO Premium plugin v23.1 (Yoast SEO v24.9) - https:\/\/yoast.com\/wordpress\/plugins\/seo\/ -->\n<title>Safet Kali\u0107 izru\u010den Njema\u010dkoj<\/title>\n<meta name=\"robots\" content=\"index, follow, max-snippet:-1, max-image-preview:large, max-video-preview:-1\" \/>\n<link rel=\"canonical\" href=\"https:\/\/sandzakpress.net\/arhiva\/safet-kalic-izrucen-njemackoj\/\" \/>\n<meta property=\"og:locale\" content=\"bs_BA\" \/>\n<meta property=\"og:type\" content=\"article\" \/>\n<meta property=\"og:title\" content=\"Safet Kali\u0107 izru\u010den Njema\u010dkoj\" \/>\n<meta property=\"og:description\" content=\"&nbsp; Njema\u010dka, Ro\u017eaje &#8211; Ro\u017eajac Safet Sajo Kali\u0107 (45) izru\u010den je krajem pro\u0161le sedmice iz Be\u010da vlastima u Njema\u010dkoj, koje su ga godinama tra\u017eile zbog djela vezanih za trgovinu drogom. Ekstradicija je obavljena jer je Austrija odlu\u010dila na osnovu Evropske konvencije o ekstradiciji i doma\u0107ih propisa odlu\u010dila da sjevernim kom\u0161ijama prvo izru\u010de Kali\u0107a, a ne [&hellip;]\" \/>\n<meta property=\"og:url\" content=\"https:\/\/sandzakpress.net\/arhiva\/safet-kalic-izrucen-njemackoj\/\" \/>\n<meta property=\"og:site_name\" content=\"Sand\u017eak PRESS\" \/>\n<meta property=\"article:published_time\" content=\"2015-02-04T18:32:58+00:00\" \/>\n<meta property=\"article:modified_time\" content=\"2015-02-04T21:28:39+00:00\" \/>\n<meta property=\"og:image\" content=\"https:\/\/sandzakpress.net\/arhiva\/wp-content\/uploads\/2015\/02\/Safet-Kalic-2-620x400-300x2201.jpg\" \/>\n\t<meta property=\"og:image:width\" content=\"300\" \/>\n\t<meta property=\"og:image:height\" content=\"220\" \/>\n\t<meta property=\"og:image:type\" content=\"image\/jpeg\" \/>\n<meta name=\"author\" content=\"Agencija\" \/>\n<meta name=\"twitter:card\" content=\"summary_large_image\" \/>\n<meta name=\"twitter:label1\" content=\"Written by\" \/>\n\t<meta name=\"twitter:data1\" content=\"Agencija\" \/>\n\t<meta name=\"twitter:label2\" content=\"Est. reading time\" \/>\n\t<meta name=\"twitter:data2\" content=\"2 minute\" \/>\n<script type=\"application\/ld+json\" class=\"yoast-schema-graph\">{\"@context\":\"https:\/\/schema.org\",\"@graph\":[{\"@type\":\"Article\",\"@id\":\"https:\/\/sandzakpress.net\/arhiva\/safet-kalic-izrucen-njemackoj\/#article\",\"isPartOf\":{\"@id\":\"https:\/\/sandzakpress.net\/arhiva\/safet-kalic-izrucen-njemackoj\/\"},\"author\":{\"name\":\"Agencija\",\"@id\":\"https:\/\/sandzakpress.net\/arhiva\/#\/schema\/person\/cb59d7e3ab91ab90dd680ad0305a6185\"},\"headline\":\"Safet Kali\u0107 izru\u010den Njema\u010dkoj\",\"datePublished\":\"2015-02-04T18:32:58+00:00\",\"dateModified\":\"2015-02-04T21:28:39+00:00\",\"mainEntityOfPage\":{\"@id\":\"https:\/\/sandzakpress.net\/arhiva\/safet-kalic-izrucen-njemackoj\/\"},\"wordCount\":353,\"commentCount\":2,\"publisher\":{\"@id\":\"https:\/\/sandzakpress.net\/arhiva\/#\/schema\/person\/6e72b67d6e51910a1117b3b483ba20bd\"},\"image\":{\"@id\":\"https:\/\/sandzakpress.net\/arhiva\/safet-kalic-izrucen-njemackoj\/#primaryimage\"},\"thumbnailUrl\":\"https:\/\/sandzakpress.net\/arhiva\/wp-content\/uploads\/2015\/02\/Safet-Kalic-2-620x400-300x2201.jpg\",\"articleSection\":[\"Ro\u017eaje\",\"Njema\u010dka\",\"Hronika\",\"VIJESTI DANA\",\"NAJNOVIJE\"],\"inLanguage\":\"bs-BA\",\"potentialAction\":[{\"@type\":\"CommentAction\",\"name\":\"Comment\",\"target\":[\"https:\/\/sandzakpress.net\/arhiva\/safet-kalic-izrucen-njemackoj\/#respond\"]}]},{\"@type\":\"WebPage\",\"@id\":\"https:\/\/sandzakpress.net\/arhiva\/safet-kalic-izrucen-njemackoj\/\",\"url\":\"https:\/\/sandzakpress.net\/arhiva\/safet-kalic-izrucen-njemackoj\/\",\"name\":\"Safet Kali\u0107 izru\u010den Njema\u010dkoj\",\"isPartOf\":{\"@id\":\"https:\/\/sandzakpress.net\/arhiva\/#website\"},\"primaryImageOfPage\":{\"@id\":\"https:\/\/sandzakpress.net\/arhiva\/safet-kalic-izrucen-njemackoj\/#primaryimage\"},\"image\":{\"@id\":\"https:\/\/sandzakpress.net\/arhiva\/safet-kalic-izrucen-njemackoj\/#primaryimage\"},\"thumbnailUrl\":\"https:\/\/sandzakpress.net\/arhiva\/wp-content\/uploads\/2015\/02\/Safet-Kalic-2-620x400-300x2201.jpg\",\"datePublished\":\"2015-02-04T18:32:58+00:00\",\"dateModified\":\"2015-02-04T21:28:39+00:00\",\"breadcrumb\":{\"@id\":\"https:\/\/sandzakpress.net\/arhiva\/safet-kalic-izrucen-njemackoj\/#breadcrumb\"},\"inLanguage\":\"bs-BA\",\"potentialAction\":[{\"@type\":\"ReadAction\",\"target\":[\"https:\/\/sandzakpress.net\/arhiva\/safet-kalic-izrucen-njemackoj\/\"]}]},{\"@type\":\"ImageObject\",\"inLanguage\":\"bs-BA\",\"@id\":\"https:\/\/sandzakpress.net\/arhiva\/safet-kalic-izrucen-njemackoj\/#primaryimage\",\"url\":\"https:\/\/sandzakpress.net\/arhiva\/wp-content\/uploads\/2015\/02\/Safet-Kalic-2-620x400-300x2201.jpg\",\"contentUrl\":\"https:\/\/sandzakpress.net\/arhiva\/wp-content\/uploads\/2015\/02\/Safet-Kalic-2-620x400-300x2201.jpg\",\"width\":300,\"height\":220},{\"@type\":\"BreadcrumbList\",\"@id\":\"https:\/\/sandzakpress.net\/arhiva\/safet-kalic-izrucen-njemackoj\/#breadcrumb\",\"itemListElement\":[{\"@type\":\"ListItem\",\"position\":1,\"name\":\"Home\",\"item\":\"https:\/\/sandzakpress.net\/arhiva\/\"},{\"@type\":\"ListItem\",\"position\":2,\"name\":\"Safet Kali\u0107 izru\u010den Njema\u010dkoj\"}]},{\"@type\":\"WebSite\",\"@id\":\"https:\/\/sandzakpress.net\/arhiva\/#website\",\"url\":\"https:\/\/sandzakpress.net\/arhiva\/\",\"name\":\"Sand\u017eak PRESS\",\"description\":\"Prve elektronske novine u Sand\u017eaku\",\"publisher\":{\"@id\":\"https:\/\/sandzakpress.net\/arhiva\/#\/schema\/person\/6e72b67d6e51910a1117b3b483ba20bd\"},\"potentialAction\":[{\"@type\":\"SearchAction\",\"target\":{\"@type\":\"EntryPoint\",\"urlTemplate\":\"https:\/\/sandzakpress.net\/arhiva\/?s={search_term_string}\"},\"query-input\":{\"@type\":\"PropertyValueSpecification\",\"valueRequired\":true,\"valueName\":\"search_term_string\"}}],\"inLanguage\":\"bs-BA\"},{\"@type\":[\"Person\",\"Organization\"],\"@id\":\"https:\/\/sandzakpress.net\/arhiva\/#\/schema\/person\/6e72b67d6e51910a1117b3b483ba20bd\",\"name\":\"Kul\",\"image\":{\"@type\":\"ImageObject\",\"inLanguage\":\"bs-BA\",\"@id\":\"https:\/\/sandzakpress.net\/arhiva\/#\/schema\/person\/image\/\",\"url\":\"https:\/\/secure.gravatar.com\/avatar\/42263f39aa27ac04c43cab85c280eb2e?s=96&d=mm&r=pg\",\"contentUrl\":\"https:\/\/secure.gravatar.com\/avatar\/42263f39aa27ac04c43cab85c280eb2e?s=96&d=mm&r=pg\",\"caption\":\"Kul\"},\"logo\":{\"@id\":\"https:\/\/sandzakpress.net\/arhiva\/#\/schema\/person\/image\/\"}},{\"@type\":\"Person\",\"@id\":\"https:\/\/sandzakpress.net\/arhiva\/#\/schema\/person\/cb59d7e3ab91ab90dd680ad0305a6185\",\"name\":\"Agencija\",\"image\":{\"@type\":\"ImageObject\",\"inLanguage\":\"bs-BA\",\"@id\":\"https:\/\/sandzakpress.net\/arhiva\/#\/schema\/person\/image\/\",\"url\":\"https:\/\/secure.gravatar.com\/avatar\/4b7fafa80a22f0c2afe23966b3961fe0?s=96&d=mm&r=pg\",\"contentUrl\":\"https:\/\/secure.gravatar.com\/avatar\/4b7fafa80a22f0c2afe23966b3961fe0?s=96&d=mm&r=pg\",\"caption\":\"Agencija\"},\"url\":\"https:\/\/sandzakpress.net\/arhiva\/author\/agencija\/\"}]}<\/script>\n<!-- \/ Yoast SEO Premium plugin. -->","yoast_head_json":{"title":"Safet Kali\u0107 izru\u010den Njema\u010dkoj","robots":{"index":"index","follow":"follow","max-snippet":"max-snippet:-1","max-image-preview":"max-image-preview:large","max-video-preview":"max-video-preview:-1"},"canonical":"https:\/\/sandzakpress.net\/arhiva\/safet-kalic-izrucen-njemackoj\/","og_locale":"bs_BA","og_type":"article","og_title":"Safet Kali\u0107 izru\u010den Njema\u010dkoj","og_description":"&nbsp; Njema\u010dka, Ro\u017eaje &#8211; Ro\u017eajac Safet Sajo Kali\u0107 (45) izru\u010den je krajem pro\u0161le sedmice iz Be\u010da vlastima u Njema\u010dkoj, koje su ga godinama tra\u017eile zbog djela vezanih za trgovinu drogom. Ekstradicija je obavljena jer je Austrija odlu\u010dila na osnovu Evropske konvencije o ekstradiciji i doma\u0107ih propisa odlu\u010dila da sjevernim kom\u0161ijama prvo izru\u010de Kali\u0107a, a ne [&hellip;]","og_url":"https:\/\/sandzakpress.net\/arhiva\/safet-kalic-izrucen-njemackoj\/","og_site_name":"Sand\u017eak PRESS","article_published_time":"2015-02-04T18:32:58+00:00","article_modified_time":"2015-02-04T21:28:39+00:00","og_image":[{"width":300,"height":220,"url":"https:\/\/sandzakpress.net\/arhiva\/wp-content\/uploads\/2015\/02\/Safet-Kalic-2-620x400-300x2201.jpg","type":"image\/jpeg"}],"author":"Agencija","twitter_card":"summary_large_image","twitter_misc":{"Written by":"Agencija","Est. reading time":"2 minute"},"schema":{"@context":"https:\/\/schema.org","@graph":[{"@type":"Article","@id":"https:\/\/sandzakpress.net\/arhiva\/safet-kalic-izrucen-njemackoj\/#article","isPartOf":{"@id":"https:\/\/sandzakpress.net\/arhiva\/safet-kalic-izrucen-njemackoj\/"},"author":{"name":"Agencija","@id":"https:\/\/sandzakpress.net\/arhiva\/#\/schema\/person\/cb59d7e3ab91ab90dd680ad0305a6185"},"headline":"Safet Kali\u0107 izru\u010den Njema\u010dkoj","datePublished":"2015-02-04T18:32:58+00:00","dateModified":"2015-02-04T21:28:39+00:00","mainEntityOfPage":{"@id":"https:\/\/sandzakpress.net\/arhiva\/safet-kalic-izrucen-njemackoj\/"},"wordCount":353,"commentCount":2,"publisher":{"@id":"https:\/\/sandzakpress.net\/arhiva\/#\/schema\/person\/6e72b67d6e51910a1117b3b483ba20bd"},"image":{"@id":"https:\/\/sandzakpress.net\/arhiva\/safet-kalic-izrucen-njemackoj\/#primaryimage"},"thumbnailUrl":"https:\/\/sandzakpress.net\/arhiva\/wp-content\/uploads\/2015\/02\/Safet-Kalic-2-620x400-300x2201.jpg","articleSection":["Ro\u017eaje","Njema\u010dka","Hronika","VIJESTI DANA","NAJNOVIJE"],"inLanguage":"bs-BA","potentialAction":[{"@type":"CommentAction","name":"Comment","target":["https:\/\/sandzakpress.net\/arhiva\/safet-kalic-izrucen-njemackoj\/#respond"]}]},{"@type":"WebPage","@id":"https:\/\/sandzakpress.net\/arhiva\/safet-kalic-izrucen-njemackoj\/","url":"https:\/\/sandzakpress.net\/arhiva\/safet-kalic-izrucen-njemackoj\/","name":"Safet Kali\u0107 izru\u010den Njema\u010dkoj","isPartOf":{"@id":"https:\/\/sandzakpress.net\/arhiva\/#website"},"primaryImageOfPage":{"@id":"https:\/\/sandzakpress.net\/arhiva\/safet-kalic-izrucen-njemackoj\/#primaryimage"},"image":{"@id":"https:\/\/sandzakpress.net\/arhiva\/safet-kalic-izrucen-njemackoj\/#primaryimage"},"thumbnailUrl":"https:\/\/sandzakpress.net\/arhiva\/wp-content\/uploads\/2015\/02\/Safet-Kalic-2-620x400-300x2201.jpg","datePublished":"2015-02-04T18:32:58+00:00","dateModified":"2015-02-04T21:28:39+00:00","breadcrumb":{"@id":"https:\/\/sandzakpress.net\/arhiva\/safet-kalic-izrucen-njemackoj\/#breadcrumb"},"inLanguage":"bs-BA","potentialAction":[{"@type":"ReadAction","target":["https:\/\/sandzakpress.net\/arhiva\/safet-kalic-izrucen-njemackoj\/"]}]},{"@type":"ImageObject","inLanguage":"bs-BA","@id":"https:\/\/sandzakpress.net\/arhiva\/safet-kalic-izrucen-njemackoj\/#primaryimage","url":"https:\/\/sandzakpress.net\/arhiva\/wp-content\/uploads\/2015\/02\/Safet-Kalic-2-620x400-300x2201.jpg","contentUrl":"https:\/\/sandzakpress.net\/arhiva\/wp-content\/uploads\/2015\/02\/Safet-Kalic-2-620x400-300x2201.jpg","width":300,"height":220},{"@type":"BreadcrumbList","@id":"https:\/\/sandzakpress.net\/arhiva\/safet-kalic-izrucen-njemackoj\/#breadcrumb","itemListElement":[{"@type":"ListItem","position":1,"name":"Home","item":"https:\/\/sandzakpress.net\/arhiva\/"},{"@type":"ListItem","position":2,"name":"Safet Kali\u0107 izru\u010den Njema\u010dkoj"}]},{"@type":"WebSite","@id":"https:\/\/sandzakpress.net\/arhiva\/#website","url":"https:\/\/sandzakpress.net\/arhiva\/","name":"Sand\u017eak PRESS","description":"Prve elektronske novine u Sand\u017eaku","publisher":{"@id":"https:\/\/sandzakpress.net\/arhiva\/#\/schema\/person\/6e72b67d6e51910a1117b3b483ba20bd"},"potentialAction":[{"@type":"SearchAction","target":{"@type":"EntryPoint","urlTemplate":"https:\/\/sandzakpress.net\/arhiva\/?s={search_term_string}"},"query-input":{"@type":"PropertyValueSpecification","valueRequired":true,"valueName":"search_term_string"}}],"inLanguage":"bs-BA"},{"@type":["Person","Organization"],"@id":"https:\/\/sandzakpress.net\/arhiva\/#\/schema\/person\/6e72b67d6e51910a1117b3b483ba20bd","name":"Kul","image":{"@type":"ImageObject","inLanguage":"bs-BA","@id":"https:\/\/sandzakpress.net\/arhiva\/#\/schema\/person\/image\/","url":"https:\/\/secure.gravatar.com\/avatar\/42263f39aa27ac04c43cab85c280eb2e?s=96&d=mm&r=pg","contentUrl":"https:\/\/secure.gravatar.com\/avatar\/42263f39aa27ac04c43cab85c280eb2e?s=96&d=mm&r=pg","caption":"Kul"},"logo":{"@id":"https:\/\/sandzakpress.net\/arhiva\/#\/schema\/person\/image\/"}},{"@type":"Person","@id":"https:\/\/sandzakpress.net\/arhiva\/#\/schema\/person\/cb59d7e3ab91ab90dd680ad0305a6185","name":"Agencija","image":{"@type":"ImageObject","inLanguage":"bs-BA","@id":"https:\/\/sandzakpress.net\/arhiva\/#\/schema\/person\/image\/","url":"https:\/\/secure.gravatar.com\/avatar\/4b7fafa80a22f0c2afe23966b3961fe0?s=96&d=mm&r=pg","contentUrl":"https:\/\/secure.gravatar.com\/avatar\/4b7fafa80a22f0c2afe23966b3961fe0?s=96&d=mm&r=pg","caption":"Agencija"},"url":"https:\/\/sandzakpress.net\/arhiva\/author\/agencija\/"}]}},"_links":{"self":[{"href":"https:\/\/sandzakpress.net\/arhiva\/wp-json\/wp\/v2\/posts\/121479"}],"collection":[{"href":"https:\/\/sandzakpress.net\/arhiva\/wp-json\/wp\/v2\/posts"}],"about":[{"href":"https:\/\/sandzakpress.net\/arhiva\/wp-json\/wp\/v2\/types\/post"}],"author":[{"embeddable":true,"href":"https:\/\/sandzakpress.net\/arhiva\/wp-json\/wp\/v2\/users\/509"}],"replies":[{"embeddable":true,"href":"https:\/\/sandzakpress.net\/arhiva\/wp-json\/wp\/v2\/comments?post=121479"}],"version-history":[{"count":0,"href":"https:\/\/sandzakpress.net\/arhiva\/wp-json\/wp\/v2\/posts\/121479\/revisions"}],"wp:featuredmedia":[{"embeddable":true,"href":"https:\/\/sandzakpress.net\/arhiva\/wp-json\/wp\/v2\/media\/121483"}],"wp:attachment":[{"href":"https:\/\/sandzakpress.net\/arhiva\/wp-json\/wp\/v2\/media?parent=121479"}],"wp:term":[{"taxonomy":"category","embeddable":true,"href":"https:\/\/sandzakpress.net\/arhiva\/wp-json\/wp\/v2\/categories?post=121479"},{"taxonomy":"post_tag","embeddable":true,"href":"https:\/\/sandzakpress.net\/arhiva\/wp-json\/wp\/v2\/tags?post=121479"}],"curies":[{"name":"wp","href":"https:\/\/api.w.org\/{rel}","templated":true}]}}