{"id":121414,"date":"2015-02-04T11:10:58","date_gmt":"2015-02-04T10:10:58","guid":{"rendered":"https:\/\/sandzakpress.net\/arhiva\/?p=121414"},"modified":"2015-02-04T11:18:57","modified_gmt":"2015-02-04T10:18:57","slug":"dr-ceric-nijedan-sud-ne-moze-osloboditi-srbiju-krivice-jer-ljudi-pamte","status":"publish","type":"post","link":"https:\/\/sandzakpress.net\/arhiva\/dr-ceric-nijedan-sud-ne-moze-osloboditi-srbiju-krivice-jer-ljudi-pamte\/","title":{"rendered":"Dr. Ceri\u0107: \u2018Nijedan sud ne mo\u017ee osloboditi Srbiju krivice, jer ljudi pamte\u2019"},"content":{"rendered":"<p><img decoding=\"async\" src=\"http:\/\/bosniapress.net\/wp-content\/uploads\/2015\/02\/mc.jpg\" alt=\"mc\" \/><\/p>\n<p><strong>BiH &#8211; \u201ePresuda Me\u0111unarodnog suda pravde (ICJ) u Hagu, da Srbija nije odgovorna za genocid u Hrvatskoj nije me ostavila ravnodu\u0161nim. Naprotiv, ova presuda me je jako zabrinula, ne zato \u0161to se to nije o\u010dekivalo, ve\u0107 zbog obrazlo\u017eenja, da se dr\u017eavu koja pod tim imenom nije zvani\u010dno postojala do 1992. godine ne mo\u017ee smatrati odgovornom za te\u0161ke zlo\u010dine\u201c, izjavio je dr. Mustafa Ceri\u0107, reisu-l-ulema emeritus i predsjednik Svjetskog bo\u0161nja\u010dkog kongresa nakon izricanja presude u slu\u010daju me\u0111usobnih tu\u017ebi Hrvatske i Srbije za genocid.<\/strong><\/p>\n<p>Naime, Srbija je u pisanom odgovoru na tu\u017ebu navela da zvani\u010dno postoji od 27. aprila 1992., te Sud smatra da prije tog datuma Srbiju nije obavezivala Konvencija o sprje\u010davanju i ka\u017enjavanju zlo\u010dina genocida.<\/p>\n<p>\u201eOvo obrazlo\u017eenje Me\u0111unarodnog suda pravde na temelju ove pravne logike treba zabrinuti \u010dovje\u010danstvo, posebno nas na Balkanu, jer ko mo\u017ee garantirati da Srbija ili neka druga balkanska dr\u017eava ne\u0107e uraditi isto ono \u0161to je Srbija ve\u0107 uradila \u2013 prvo rasturi\u0161 postoje\u0107u dr\u017eavu, zatim po\u010dini\u0161 zlo\u010dine protiv \u010dovje\u010dnosti u drugim, novonastalim dr\u017eavama, potom promijeni\u0161 ime svojoj dr\u017eavi i onda pred Me\u0111unarodnim sudom pravde besramno pravda\u0161 zlo\u010dine tvrdnjom da je nova dr\u017eava nastala nakon tih zlo\u010dina, te da nije bila potpisnik Konvencije o sprje\u010davanju i ka\u017enjavanju zlo\u010dina genocida, pa je Sud ne\u0107e kazniti, premda cijeli svijet zna da je po\u010dinila zlo\u010dine protiv nevinih ljudi\u201c, naglasio je dr. Ceri\u0107 te dodao:<\/p>\n<p>\u201eOvo je stra\u0161no i zastra\u0161uju\u0107e. Ovo je velika sramota za me\u0111unarodno pravo. Ovakva pravna i moralna logika je sumrak savjesti \u010dovje\u010danstva. Zato sam zabrinut i pitam se kamo ide \u010dovje\u010danstvo? Kamo ide me\u0111unarodno pravo?\u201c.<\/p>\n<p>\u201eSiguran sam da se danas njema\u010dki filozof Georg Wilhelm Friedrich Hegel veseli u svom grobu zato \u0161to je danas potvr\u0111ena njegova ideja o nu\u017enosti i opravdanosti nasilja radi uspostave i o\u010duvanja dr\u017eave, dok se njegov kolega Immanuel Kant pak prevr\u0107e u svom grobu zato \u0161to je me\u0111unarodno pravo, kao moralni imperativ za uspostavu mira i sigurnosti u svijetu, izgubilo svoj smisao i svoj pravni i moralni ugled\u201c, rekao je dr. Ceri\u0107.<\/p>\n<p>No, smatra on, Hrvatska mo\u017ee ipak biti zadovoljna da je svojom tu\u017ebom, ba\u0161 kao i Bosna i Hercegovina 2006. godine, stavila svjetsku savjest na ku\u0161nju i jo\u0161 jednom pokazala moralnu krizu \u010dovje\u010danstva danas.<\/p>\n<p>\u201eNa drugoj strani, Srbija nema razloga za zadovoljstvo, jer nikakv sud, pa ni ovaj i ovakav Me\u0111unarodni sud pravde u Hagu, je ne mo\u017ee osloboditi krivice, jer postoje \u017eivi ljudi koji pamte, koji nikad ne\u0107e pristati na zaborav. \u017div \u010dovjek mo\u017ee oprostiti, ali zaboraviti nikad,\u201c istaknuo je dr. Ceri\u0107.<\/p>\n<p>(Bosniapress)<\/p>\n","protected":false},"excerpt":{"rendered":"<p>BiH &#8211; \u201ePresuda Me\u0111unarodnog suda pravde (ICJ) u Hagu, da Srbija nije odgovorna za genocid u Hrvatskoj nije me ostavila ravnodu\u0161nim. Naprotiv, ova presuda me je jako zabrinula, ne zato \u0161to se to nije o\u010dekivalo, ve\u0107 zbog obrazlo\u017eenja, da se dr\u017eavu koja pod tim imenom nije zvani\u010dno postojala do 1992. godine ne mo\u017ee smatrati odgovornom [&hellip;]<\/p>\n","protected":false},"author":83,"featured_media":121415,"comment_status":"open","ping_status":"open","sticky":false,"template":"","format":"standard","meta":{"footnotes":""},"categories":[2860,800,8957,798],"tags":[],"class_list":{"0":"post-121414","1":"post","2":"type-post","3":"status-publish","4":"format-standard","5":"has-post-thumbnail","7":"category-bosna-i-hercegovina-gradovi","8":"category-nacija","9":"category-vijesti-dana","10":"category-teme"},"yoast_head":"<!-- This site is optimized with the Yoast SEO Premium plugin v23.1 (Yoast SEO v24.9) - https:\/\/yoast.com\/wordpress\/plugins\/seo\/ -->\n<title>Dr. Ceri\u0107: \u2018Nijedan sud ne mo\u017ee osloboditi Srbiju krivice, jer ljudi pamte\u2019<\/title>\n<meta name=\"robots\" content=\"index, follow, max-snippet:-1, max-image-preview:large, max-video-preview:-1\" \/>\n<link rel=\"canonical\" href=\"https:\/\/sandzakpress.net\/arhiva\/dr-ceric-nijedan-sud-ne-moze-osloboditi-srbiju-krivice-jer-ljudi-pamte\/\" \/>\n<meta property=\"og:locale\" content=\"bs_BA\" \/>\n<meta property=\"og:type\" content=\"article\" \/>\n<meta property=\"og:title\" content=\"Dr. Ceri\u0107: \u2018Nijedan sud ne mo\u017ee osloboditi Srbiju krivice, jer ljudi pamte\u2019\" \/>\n<meta property=\"og:description\" content=\"BiH &#8211; \u201ePresuda Me\u0111unarodnog suda pravde (ICJ) u Hagu, da Srbija nije odgovorna za genocid u Hrvatskoj nije me ostavila ravnodu\u0161nim. Naprotiv, ova presuda me je jako zabrinula, ne zato \u0161to se to nije o\u010dekivalo, ve\u0107 zbog obrazlo\u017eenja, da se dr\u017eavu koja pod tim imenom nije zvani\u010dno postojala do 1992. godine ne mo\u017ee smatrati odgovornom [&hellip;]\" \/>\n<meta property=\"og:url\" content=\"https:\/\/sandzakpress.net\/arhiva\/dr-ceric-nijedan-sud-ne-moze-osloboditi-srbiju-krivice-jer-ljudi-pamte\/\" \/>\n<meta property=\"og:site_name\" content=\"Sand\u017eak PRESS\" \/>\n<meta property=\"article:published_time\" content=\"2015-02-04T10:10:58+00:00\" \/>\n<meta property=\"article:modified_time\" content=\"2015-02-04T10:18:57+00:00\" \/>\n<meta property=\"og:image\" content=\"https:\/\/sandzakpress.net\/arhiva\/wp-content\/uploads\/2015\/02\/mc.jpg\" \/>\n\t<meta property=\"og:image:width\" content=\"600\" \/>\n\t<meta property=\"og:image:height\" content=\"400\" \/>\n\t<meta property=\"og:image:type\" content=\"image\/jpeg\" \/>\n<meta name=\"author\" content=\"bosniak\" \/>\n<meta name=\"twitter:card\" content=\"summary_large_image\" \/>\n<meta name=\"twitter:label1\" content=\"Written by\" \/>\n\t<meta name=\"twitter:data1\" content=\"bosniak\" \/>\n\t<meta name=\"twitter:label2\" content=\"Est. reading time\" \/>\n\t<meta name=\"twitter:data2\" content=\"2 minute\" \/>\n<script type=\"application\/ld+json\" class=\"yoast-schema-graph\">{\"@context\":\"https:\/\/schema.org\",\"@graph\":[{\"@type\":\"Article\",\"@id\":\"https:\/\/sandzakpress.net\/arhiva\/dr-ceric-nijedan-sud-ne-moze-osloboditi-srbiju-krivice-jer-ljudi-pamte\/#article\",\"isPartOf\":{\"@id\":\"https:\/\/sandzakpress.net\/arhiva\/dr-ceric-nijedan-sud-ne-moze-osloboditi-srbiju-krivice-jer-ljudi-pamte\/\"},\"author\":{\"name\":\"bosniak\",\"@id\":\"https:\/\/sandzakpress.net\/arhiva\/#\/schema\/person\/c8baee722073534b583ea7bdb2e36c02\"},\"headline\":\"Dr. Ceri\u0107: \u2018Nijedan sud ne mo\u017ee osloboditi Srbiju krivice, jer ljudi pamte\u2019\",\"datePublished\":\"2015-02-04T10:10:58+00:00\",\"dateModified\":\"2015-02-04T10:18:57+00:00\",\"mainEntityOfPage\":{\"@id\":\"https:\/\/sandzakpress.net\/arhiva\/dr-ceric-nijedan-sud-ne-moze-osloboditi-srbiju-krivice-jer-ljudi-pamte\/\"},\"wordCount\":483,\"commentCount\":77,\"publisher\":{\"@id\":\"https:\/\/sandzakpress.net\/arhiva\/#\/schema\/person\/6e72b67d6e51910a1117b3b483ba20bd\"},\"image\":{\"@id\":\"https:\/\/sandzakpress.net\/arhiva\/dr-ceric-nijedan-sud-ne-moze-osloboditi-srbiju-krivice-jer-ljudi-pamte\/#primaryimage\"},\"thumbnailUrl\":\"https:\/\/sandzakpress.net\/arhiva\/wp-content\/uploads\/2015\/02\/mc.jpg\",\"articleSection\":[\"Bosna i Hercegovina\",\"Nacija\",\"VIJESTI DANA\",\"NAJNOVIJE\"],\"inLanguage\":\"bs-BA\",\"potentialAction\":[{\"@type\":\"CommentAction\",\"name\":\"Comment\",\"target\":[\"https:\/\/sandzakpress.net\/arhiva\/dr-ceric-nijedan-sud-ne-moze-osloboditi-srbiju-krivice-jer-ljudi-pamte\/#respond\"]}]},{\"@type\":\"WebPage\",\"@id\":\"https:\/\/sandzakpress.net\/arhiva\/dr-ceric-nijedan-sud-ne-moze-osloboditi-srbiju-krivice-jer-ljudi-pamte\/\",\"url\":\"https:\/\/sandzakpress.net\/arhiva\/dr-ceric-nijedan-sud-ne-moze-osloboditi-srbiju-krivice-jer-ljudi-pamte\/\",\"name\":\"Dr. Ceri\u0107: \u2018Nijedan sud ne mo\u017ee osloboditi Srbiju krivice, jer ljudi pamte\u2019\",\"isPartOf\":{\"@id\":\"https:\/\/sandzakpress.net\/arhiva\/#website\"},\"primaryImageOfPage\":{\"@id\":\"https:\/\/sandzakpress.net\/arhiva\/dr-ceric-nijedan-sud-ne-moze-osloboditi-srbiju-krivice-jer-ljudi-pamte\/#primaryimage\"},\"image\":{\"@id\":\"https:\/\/sandzakpress.net\/arhiva\/dr-ceric-nijedan-sud-ne-moze-osloboditi-srbiju-krivice-jer-ljudi-pamte\/#primaryimage\"},\"thumbnailUrl\":\"https:\/\/sandzakpress.net\/arhiva\/wp-content\/uploads\/2015\/02\/mc.jpg\",\"datePublished\":\"2015-02-04T10:10:58+00:00\",\"dateModified\":\"2015-02-04T10:18:57+00:00\",\"breadcrumb\":{\"@id\":\"https:\/\/sandzakpress.net\/arhiva\/dr-ceric-nijedan-sud-ne-moze-osloboditi-srbiju-krivice-jer-ljudi-pamte\/#breadcrumb\"},\"inLanguage\":\"bs-BA\",\"potentialAction\":[{\"@type\":\"ReadAction\",\"target\":[\"https:\/\/sandzakpress.net\/arhiva\/dr-ceric-nijedan-sud-ne-moze-osloboditi-srbiju-krivice-jer-ljudi-pamte\/\"]}]},{\"@type\":\"ImageObject\",\"inLanguage\":\"bs-BA\",\"@id\":\"https:\/\/sandzakpress.net\/arhiva\/dr-ceric-nijedan-sud-ne-moze-osloboditi-srbiju-krivice-jer-ljudi-pamte\/#primaryimage\",\"url\":\"https:\/\/sandzakpress.net\/arhiva\/wp-content\/uploads\/2015\/02\/mc.jpg\",\"contentUrl\":\"https:\/\/sandzakpress.net\/arhiva\/wp-content\/uploads\/2015\/02\/mc.jpg\",\"width\":600,\"height\":400},{\"@type\":\"BreadcrumbList\",\"@id\":\"https:\/\/sandzakpress.net\/arhiva\/dr-ceric-nijedan-sud-ne-moze-osloboditi-srbiju-krivice-jer-ljudi-pamte\/#breadcrumb\",\"itemListElement\":[{\"@type\":\"ListItem\",\"position\":1,\"name\":\"Home\",\"item\":\"https:\/\/sandzakpress.net\/arhiva\/\"},{\"@type\":\"ListItem\",\"position\":2,\"name\":\"Dr. Ceri\u0107: \u2018Nijedan sud ne mo\u017ee osloboditi Srbiju krivice, jer ljudi pamte\u2019\"}]},{\"@type\":\"WebSite\",\"@id\":\"https:\/\/sandzakpress.net\/arhiva\/#website\",\"url\":\"https:\/\/sandzakpress.net\/arhiva\/\",\"name\":\"Sand\u017eak PRESS\",\"description\":\"Prve elektronske novine u Sand\u017eaku\",\"publisher\":{\"@id\":\"https:\/\/sandzakpress.net\/arhiva\/#\/schema\/person\/6e72b67d6e51910a1117b3b483ba20bd\"},\"potentialAction\":[{\"@type\":\"SearchAction\",\"target\":{\"@type\":\"EntryPoint\",\"urlTemplate\":\"https:\/\/sandzakpress.net\/arhiva\/?s={search_term_string}\"},\"query-input\":{\"@type\":\"PropertyValueSpecification\",\"valueRequired\":true,\"valueName\":\"search_term_string\"}}],\"inLanguage\":\"bs-BA\"},{\"@type\":[\"Person\",\"Organization\"],\"@id\":\"https:\/\/sandzakpress.net\/arhiva\/#\/schema\/person\/6e72b67d6e51910a1117b3b483ba20bd\",\"name\":\"Kul\",\"image\":{\"@type\":\"ImageObject\",\"inLanguage\":\"bs-BA\",\"@id\":\"https:\/\/sandzakpress.net\/arhiva\/#\/schema\/person\/image\/\",\"url\":\"https:\/\/secure.gravatar.com\/avatar\/42263f39aa27ac04c43cab85c280eb2e?s=96&d=mm&r=pg\",\"contentUrl\":\"https:\/\/secure.gravatar.com\/avatar\/42263f39aa27ac04c43cab85c280eb2e?s=96&d=mm&r=pg\",\"caption\":\"Kul\"},\"logo\":{\"@id\":\"https:\/\/sandzakpress.net\/arhiva\/#\/schema\/person\/image\/\"}},{\"@type\":\"Person\",\"@id\":\"https:\/\/sandzakpress.net\/arhiva\/#\/schema\/person\/c8baee722073534b583ea7bdb2e36c02\",\"name\":\"bosniak\",\"image\":{\"@type\":\"ImageObject\",\"inLanguage\":\"bs-BA\",\"@id\":\"https:\/\/sandzakpress.net\/arhiva\/#\/schema\/person\/image\/\",\"url\":\"https:\/\/secure.gravatar.com\/avatar\/a04fd330bfe3a36a72a0ad4a6d89fca7?s=96&d=mm&r=pg\",\"contentUrl\":\"https:\/\/secure.gravatar.com\/avatar\/a04fd330bfe3a36a72a0ad4a6d89fca7?s=96&d=mm&r=pg\",\"caption\":\"bosniak\"},\"url\":\"https:\/\/sandzakpress.net\/arhiva\/author\/bosniak\/\"}]}<\/script>\n<!-- \/ Yoast SEO Premium plugin. -->","yoast_head_json":{"title":"Dr. Ceri\u0107: \u2018Nijedan sud ne mo\u017ee osloboditi Srbiju krivice, jer ljudi pamte\u2019","robots":{"index":"index","follow":"follow","max-snippet":"max-snippet:-1","max-image-preview":"max-image-preview:large","max-video-preview":"max-video-preview:-1"},"canonical":"https:\/\/sandzakpress.net\/arhiva\/dr-ceric-nijedan-sud-ne-moze-osloboditi-srbiju-krivice-jer-ljudi-pamte\/","og_locale":"bs_BA","og_type":"article","og_title":"Dr. Ceri\u0107: \u2018Nijedan sud ne mo\u017ee osloboditi Srbiju krivice, jer ljudi pamte\u2019","og_description":"BiH &#8211; \u201ePresuda Me\u0111unarodnog suda pravde (ICJ) u Hagu, da Srbija nije odgovorna za genocid u Hrvatskoj nije me ostavila ravnodu\u0161nim. Naprotiv, ova presuda me je jako zabrinula, ne zato \u0161to se to nije o\u010dekivalo, ve\u0107 zbog obrazlo\u017eenja, da se dr\u017eavu koja pod tim imenom nije zvani\u010dno postojala do 1992. godine ne mo\u017ee smatrati odgovornom [&hellip;]","og_url":"https:\/\/sandzakpress.net\/arhiva\/dr-ceric-nijedan-sud-ne-moze-osloboditi-srbiju-krivice-jer-ljudi-pamte\/","og_site_name":"Sand\u017eak PRESS","article_published_time":"2015-02-04T10:10:58+00:00","article_modified_time":"2015-02-04T10:18:57+00:00","og_image":[{"width":600,"height":400,"url":"https:\/\/sandzakpress.net\/arhiva\/wp-content\/uploads\/2015\/02\/mc.jpg","type":"image\/jpeg"}],"author":"bosniak","twitter_card":"summary_large_image","twitter_misc":{"Written by":"bosniak","Est. reading time":"2 minute"},"schema":{"@context":"https:\/\/schema.org","@graph":[{"@type":"Article","@id":"https:\/\/sandzakpress.net\/arhiva\/dr-ceric-nijedan-sud-ne-moze-osloboditi-srbiju-krivice-jer-ljudi-pamte\/#article","isPartOf":{"@id":"https:\/\/sandzakpress.net\/arhiva\/dr-ceric-nijedan-sud-ne-moze-osloboditi-srbiju-krivice-jer-ljudi-pamte\/"},"author":{"name":"bosniak","@id":"https:\/\/sandzakpress.net\/arhiva\/#\/schema\/person\/c8baee722073534b583ea7bdb2e36c02"},"headline":"Dr. Ceri\u0107: \u2018Nijedan sud ne mo\u017ee osloboditi Srbiju krivice, jer ljudi pamte\u2019","datePublished":"2015-02-04T10:10:58+00:00","dateModified":"2015-02-04T10:18:57+00:00","mainEntityOfPage":{"@id":"https:\/\/sandzakpress.net\/arhiva\/dr-ceric-nijedan-sud-ne-moze-osloboditi-srbiju-krivice-jer-ljudi-pamte\/"},"wordCount":483,"commentCount":77,"publisher":{"@id":"https:\/\/sandzakpress.net\/arhiva\/#\/schema\/person\/6e72b67d6e51910a1117b3b483ba20bd"},"image":{"@id":"https:\/\/sandzakpress.net\/arhiva\/dr-ceric-nijedan-sud-ne-moze-osloboditi-srbiju-krivice-jer-ljudi-pamte\/#primaryimage"},"thumbnailUrl":"https:\/\/sandzakpress.net\/arhiva\/wp-content\/uploads\/2015\/02\/mc.jpg","articleSection":["Bosna i Hercegovina","Nacija","VIJESTI DANA","NAJNOVIJE"],"inLanguage":"bs-BA","potentialAction":[{"@type":"CommentAction","name":"Comment","target":["https:\/\/sandzakpress.net\/arhiva\/dr-ceric-nijedan-sud-ne-moze-osloboditi-srbiju-krivice-jer-ljudi-pamte\/#respond"]}]},{"@type":"WebPage","@id":"https:\/\/sandzakpress.net\/arhiva\/dr-ceric-nijedan-sud-ne-moze-osloboditi-srbiju-krivice-jer-ljudi-pamte\/","url":"https:\/\/sandzakpress.net\/arhiva\/dr-ceric-nijedan-sud-ne-moze-osloboditi-srbiju-krivice-jer-ljudi-pamte\/","name":"Dr. Ceri\u0107: \u2018Nijedan sud ne mo\u017ee osloboditi Srbiju krivice, jer ljudi pamte\u2019","isPartOf":{"@id":"https:\/\/sandzakpress.net\/arhiva\/#website"},"primaryImageOfPage":{"@id":"https:\/\/sandzakpress.net\/arhiva\/dr-ceric-nijedan-sud-ne-moze-osloboditi-srbiju-krivice-jer-ljudi-pamte\/#primaryimage"},"image":{"@id":"https:\/\/sandzakpress.net\/arhiva\/dr-ceric-nijedan-sud-ne-moze-osloboditi-srbiju-krivice-jer-ljudi-pamte\/#primaryimage"},"thumbnailUrl":"https:\/\/sandzakpress.net\/arhiva\/wp-content\/uploads\/2015\/02\/mc.jpg","datePublished":"2015-02-04T10:10:58+00:00","dateModified":"2015-02-04T10:18:57+00:00","breadcrumb":{"@id":"https:\/\/sandzakpress.net\/arhiva\/dr-ceric-nijedan-sud-ne-moze-osloboditi-srbiju-krivice-jer-ljudi-pamte\/#breadcrumb"},"inLanguage":"bs-BA","potentialAction":[{"@type":"ReadAction","target":["https:\/\/sandzakpress.net\/arhiva\/dr-ceric-nijedan-sud-ne-moze-osloboditi-srbiju-krivice-jer-ljudi-pamte\/"]}]},{"@type":"ImageObject","inLanguage":"bs-BA","@id":"https:\/\/sandzakpress.net\/arhiva\/dr-ceric-nijedan-sud-ne-moze-osloboditi-srbiju-krivice-jer-ljudi-pamte\/#primaryimage","url":"https:\/\/sandzakpress.net\/arhiva\/wp-content\/uploads\/2015\/02\/mc.jpg","contentUrl":"https:\/\/sandzakpress.net\/arhiva\/wp-content\/uploads\/2015\/02\/mc.jpg","width":600,"height":400},{"@type":"BreadcrumbList","@id":"https:\/\/sandzakpress.net\/arhiva\/dr-ceric-nijedan-sud-ne-moze-osloboditi-srbiju-krivice-jer-ljudi-pamte\/#breadcrumb","itemListElement":[{"@type":"ListItem","position":1,"name":"Home","item":"https:\/\/sandzakpress.net\/arhiva\/"},{"@type":"ListItem","position":2,"name":"Dr. Ceri\u0107: \u2018Nijedan sud ne mo\u017ee osloboditi Srbiju krivice, jer ljudi pamte\u2019"}]},{"@type":"WebSite","@id":"https:\/\/sandzakpress.net\/arhiva\/#website","url":"https:\/\/sandzakpress.net\/arhiva\/","name":"Sand\u017eak PRESS","description":"Prve elektronske novine u Sand\u017eaku","publisher":{"@id":"https:\/\/sandzakpress.net\/arhiva\/#\/schema\/person\/6e72b67d6e51910a1117b3b483ba20bd"},"potentialAction":[{"@type":"SearchAction","target":{"@type":"EntryPoint","urlTemplate":"https:\/\/sandzakpress.net\/arhiva\/?s={search_term_string}"},"query-input":{"@type":"PropertyValueSpecification","valueRequired":true,"valueName":"search_term_string"}}],"inLanguage":"bs-BA"},{"@type":["Person","Organization"],"@id":"https:\/\/sandzakpress.net\/arhiva\/#\/schema\/person\/6e72b67d6e51910a1117b3b483ba20bd","name":"Kul","image":{"@type":"ImageObject","inLanguage":"bs-BA","@id":"https:\/\/sandzakpress.net\/arhiva\/#\/schema\/person\/image\/","url":"https:\/\/secure.gravatar.com\/avatar\/42263f39aa27ac04c43cab85c280eb2e?s=96&d=mm&r=pg","contentUrl":"https:\/\/secure.gravatar.com\/avatar\/42263f39aa27ac04c43cab85c280eb2e?s=96&d=mm&r=pg","caption":"Kul"},"logo":{"@id":"https:\/\/sandzakpress.net\/arhiva\/#\/schema\/person\/image\/"}},{"@type":"Person","@id":"https:\/\/sandzakpress.net\/arhiva\/#\/schema\/person\/c8baee722073534b583ea7bdb2e36c02","name":"bosniak","image":{"@type":"ImageObject","inLanguage":"bs-BA","@id":"https:\/\/sandzakpress.net\/arhiva\/#\/schema\/person\/image\/","url":"https:\/\/secure.gravatar.com\/avatar\/a04fd330bfe3a36a72a0ad4a6d89fca7?s=96&d=mm&r=pg","contentUrl":"https:\/\/secure.gravatar.com\/avatar\/a04fd330bfe3a36a72a0ad4a6d89fca7?s=96&d=mm&r=pg","caption":"bosniak"},"url":"https:\/\/sandzakpress.net\/arhiva\/author\/bosniak\/"}]}},"_links":{"self":[{"href":"https:\/\/sandzakpress.net\/arhiva\/wp-json\/wp\/v2\/posts\/121414"}],"collection":[{"href":"https:\/\/sandzakpress.net\/arhiva\/wp-json\/wp\/v2\/posts"}],"about":[{"href":"https:\/\/sandzakpress.net\/arhiva\/wp-json\/wp\/v2\/types\/post"}],"author":[{"embeddable":true,"href":"https:\/\/sandzakpress.net\/arhiva\/wp-json\/wp\/v2\/users\/83"}],"replies":[{"embeddable":true,"href":"https:\/\/sandzakpress.net\/arhiva\/wp-json\/wp\/v2\/comments?post=121414"}],"version-history":[{"count":0,"href":"https:\/\/sandzakpress.net\/arhiva\/wp-json\/wp\/v2\/posts\/121414\/revisions"}],"wp:featuredmedia":[{"embeddable":true,"href":"https:\/\/sandzakpress.net\/arhiva\/wp-json\/wp\/v2\/media\/121415"}],"wp:attachment":[{"href":"https:\/\/sandzakpress.net\/arhiva\/wp-json\/wp\/v2\/media?parent=121414"}],"wp:term":[{"taxonomy":"category","embeddable":true,"href":"https:\/\/sandzakpress.net\/arhiva\/wp-json\/wp\/v2\/categories?post=121414"},{"taxonomy":"post_tag","embeddable":true,"href":"https:\/\/sandzakpress.net\/arhiva\/wp-json\/wp\/v2\/tags?post=121414"}],"curies":[{"name":"wp","href":"https:\/\/api.w.org\/{rel}","templated":true}]}}