{"id":121363,"date":"2015-02-03T20:15:22","date_gmt":"2015-02-03T19:15:22","guid":{"rendered":"https:\/\/sandzakpress.net\/arhiva\/?p=121363"},"modified":"2015-02-03T20:15:22","modified_gmt":"2015-02-03T19:15:22","slug":"demba-ba-pozvao-navijace-na-sabah-namaz-u-sultan-ahmetovu-dzamiju-da-obiljeze-titulu","status":"publish","type":"post","link":"https:\/\/sandzakpress.net\/arhiva\/demba-ba-pozvao-navijace-na-sabah-namaz-u-sultan-ahmetovu-dzamiju-da-obiljeze-titulu\/","title":{"rendered":"Demba Ba pozvao navija\u010de na sabah namaz u Sultan Ahmetovu d\u017eamiju da obilje\u017ee titulu"},"content":{"rendered":"<p><img decoding=\"async\" class=\" aligncenter\" src=\"http:\/\/saff.ba\/wp-content\/uploads\/2015\/02\/demba-ba-pozvao-navijae-namazom-u-sultan-ahme_trt-bosanski-37725.jpg\" alt=\"Demba Ba pozvao navija\u010de na sabah namaz u Sultan Ahmetovu d\u017eamiju da obilje\u017ee titulu\" \/><\/p>\n<p><strong>Turska &#8211; Demba Ba je dao intervju za februarski broj \u010dasopisa FourFourTwo i tom prilikom govorio o njegovim ciljevima u Be\u0161ikta\u0161u. Demba Ba je pozvao navija\u010de na sabah-namaz u Sultan Ahmetovu d\u017eamiju kako bi obilje\u017eili osvajanje \u0161ampionske titule. \u201cAko postanemo \u0161ampioni, o\u010dekujem sve navija\u010de na sabah-namazu u Sultan Ahmetovoj (Plavoj) d\u017eamiji. Ali ba\u0161 na sabah-namazu. Ako se mi mo\u017eemo toliko truditi i postati \u0161ampion, mogu i oni jedno jutro ustati ranije\u201d, rekao je Demba Ba.<\/strong><\/p>\n<p>Nakon napomene da su navija\u010di biv\u0161eg igra\u010da crno-bijelih Pascal Noumi pozivali da ih odvede u disko, senegalski fudbaler je izjavio da on navija\u010de vodi na Allahov put i da je to puno ljep\u0161e. Demba Ba je kazao da se posve\u0107uje navija\u010dima kad ima vremena i da je i sam sretan ako njih usre\u0107i.<\/p>\n<p>Zavolio sam Bili\u0107a i Be\u0161ikta\u0161<\/p>\n<p>Iskusni fudbaler je ocijenio da su kvalitet tima i igra\u010da omogu\u0107uje prednost za Be\u0161ikta\u0161 u njegovoj borbi za titulu prvaka. Demba Ba je kazao da je trener Be\u0161ikta\u0161a Slaven Bili\u0107 najbolji trener u turskoj ligi, dodaju\u0107i:<\/p>\n<p>\u201cZavolio sam i njega i Be\u0161ikta\u0161. Svjestan sam da na\u0161i navija\u010di o\u010dekuju titulu prvaka. Ove sezone smo odradili dobar posao, naredne sezone bi\u0107emo jo\u0161 bolji. Niko osim navija\u010da Be\u0161ikta\u0161a ne vjeruje da \u0107emo postati \u0161ampioni. Mislim da nas ne cijene dovoljno. Galatasaray i Fenerbahce dobijaju ve\u0107e pohvale za postignute rezultate. Kada uzmemo u obzir ono \u0161to pro\u017eivljavamo u vezi stadiona, mislim da zaslu\u017eujemo vi\u0161e. Nije trebalo biti ovako\u201d.<\/p>\n<p>Senegalski fudbaler je istakao da fudbal u Spor Toto Super Ligi nije lo\u0161 kao \u0161to mnogi misle i podsjetio da je kada je tek do\u0161ao u Be\u0161ikta\u0161 od Ondera Ozena tra\u017eio video snimke igra\u010da odbrane drugih timova. Odlu\u010dnost i \u010dvrstina odbrambenih igra\u010da puno ote\u017eava posao napada\u010dima. Kada sam gledao te snimke, mislio sam da ozbiljan broj golova mogu postignuti jedino ukoliko odr\u017eim formu koju sam imao u Engleskoj. Pro\u0161lo je pola sezone i nisam se susreo sa druga\u010dijom situacijom\u201d.<\/p>\n<p>Demba Ba je skrenuo pa\u017enju da jo\u0161 uvijek ne igra stopostotnim kapacitetom, te da je trenutno na 70 posto.<\/p>\n<p>Demba Ba je komentirao i raniji poraz Be\u0161ikta\u0161a rezultatom od 8:0 od strane Liverpoola, jednog od protivnika Be\u0161ikta\u0161a u UEFA Evropskoj ligi, pri tom rekav\u0161i: \u201cKada sam posljednji put igrao protiv Liverpoola moj tim je pobijedio sa 2:0. Igra\u010dki kadar Be\u0161ikta\u0161a koji je tada izgubio od Liverpoola se skroz promijenio. I ja sam se promijenio, vi\u0161e nisam igra\u010d Chelsea-e. To nam je jedini izvor motivacije\u201d.<\/p>\n<p>Senegalski fudbaler je komentirao i stav simpatizera Be\u0161ikta\u0161a i istakao da i on ima ne\u0161to za re\u0107i u vezi toga. \u201cRodi\u0161 se kao navija\u010d Be\u0161ikta\u0161a i umrije\u0107e\u0161 kao takav. Toliko\u201d, zaklju\u010dio je Demba Ba.<\/p>\n<p>(saff)<\/p>\n","protected":false},"excerpt":{"rendered":"<p>Turska &#8211; Demba Ba je dao intervju za februarski broj \u010dasopisa FourFourTwo i tom prilikom govorio o njegovim ciljevima u Be\u0161ikta\u0161u. Demba Ba je pozvao navija\u010de na sabah-namaz u Sultan Ahmetovu d\u017eamiju kako bi obilje\u017eili osvajanje \u0161ampionske titule. \u201cAko postanemo \u0161ampioni, o\u010dekujem sve navija\u010de na sabah-namazu u Sultan Ahmetovoj (Plavoj) d\u017eamiji. Ali ba\u0161 na sabah-namazu. [&hellip;]<\/p>\n","protected":false},"author":509,"featured_media":121364,"comment_status":"open","ping_status":"open","sticky":false,"template":"","format":"standard","meta":{"footnotes":""},"categories":[9,798,2692],"tags":[],"class_list":{"0":"post-121363","1":"post","2":"type-post","3":"status-publish","4":"format-standard","5":"has-post-thumbnail","7":"category-svijet","8":"category-teme","9":"category-turska-gradovi"},"yoast_head":"<!-- This site is optimized with the Yoast SEO Premium plugin v23.1 (Yoast SEO v24.9) - https:\/\/yoast.com\/wordpress\/plugins\/seo\/ -->\n<title>Demba Ba pozvao navija\u010de na sabah namaz u Sultan Ahmetovu d\u017eamiju da obilje\u017ee titulu<\/title>\n<meta name=\"robots\" content=\"index, follow, max-snippet:-1, max-image-preview:large, max-video-preview:-1\" \/>\n<link rel=\"canonical\" href=\"https:\/\/sandzakpress.net\/arhiva\/demba-ba-pozvao-navijace-na-sabah-namaz-u-sultan-ahmetovu-dzamiju-da-obiljeze-titulu\/\" \/>\n<meta property=\"og:locale\" content=\"bs_BA\" \/>\n<meta property=\"og:type\" content=\"article\" \/>\n<meta property=\"og:title\" content=\"Demba Ba pozvao navija\u010de na sabah namaz u Sultan Ahmetovu d\u017eamiju da obilje\u017ee titulu\" \/>\n<meta property=\"og:description\" content=\"Turska &#8211; Demba Ba je dao intervju za februarski broj \u010dasopisa FourFourTwo i tom prilikom govorio o njegovim ciljevima u Be\u0161ikta\u0161u. Demba Ba je pozvao navija\u010de na sabah-namaz u Sultan Ahmetovu d\u017eamiju kako bi obilje\u017eili osvajanje \u0161ampionske titule. \u201cAko postanemo \u0161ampioni, o\u010dekujem sve navija\u010de na sabah-namazu u Sultan Ahmetovoj (Plavoj) d\u017eamiji. Ali ba\u0161 na sabah-namazu. [&hellip;]\" \/>\n<meta property=\"og:url\" content=\"https:\/\/sandzakpress.net\/arhiva\/demba-ba-pozvao-navijace-na-sabah-namaz-u-sultan-ahmetovu-dzamiju-da-obiljeze-titulu\/\" \/>\n<meta property=\"og:site_name\" content=\"Sand\u017eak PRESS\" \/>\n<meta property=\"article:published_time\" content=\"2015-02-03T19:15:22+00:00\" \/>\n<meta property=\"og:image\" content=\"https:\/\/sandzakpress.net\/arhiva\/wp-content\/uploads\/2015\/02\/demba-ba-pozvao-navijae-namazom-u-sultan-ahme_trt-bosanski-37725.jpg\" \/>\n\t<meta property=\"og:image:width\" content=\"600\" \/>\n\t<meta property=\"og:image:height\" content=\"363\" \/>\n\t<meta property=\"og:image:type\" content=\"image\/jpeg\" \/>\n<meta name=\"author\" content=\"Agencija\" \/>\n<meta name=\"twitter:card\" content=\"summary_large_image\" \/>\n<meta name=\"twitter:label1\" content=\"Written by\" \/>\n\t<meta name=\"twitter:data1\" content=\"Agencija\" \/>\n\t<meta name=\"twitter:label2\" content=\"Est. reading time\" \/>\n\t<meta name=\"twitter:data2\" content=\"2 minute\" \/>\n<script type=\"application\/ld+json\" class=\"yoast-schema-graph\">{\"@context\":\"https:\/\/schema.org\",\"@graph\":[{\"@type\":\"Article\",\"@id\":\"https:\/\/sandzakpress.net\/arhiva\/demba-ba-pozvao-navijace-na-sabah-namaz-u-sultan-ahmetovu-dzamiju-da-obiljeze-titulu\/#article\",\"isPartOf\":{\"@id\":\"https:\/\/sandzakpress.net\/arhiva\/demba-ba-pozvao-navijace-na-sabah-namaz-u-sultan-ahmetovu-dzamiju-da-obiljeze-titulu\/\"},\"author\":{\"name\":\"Agencija\",\"@id\":\"https:\/\/sandzakpress.net\/arhiva\/#\/schema\/person\/cb59d7e3ab91ab90dd680ad0305a6185\"},\"headline\":\"Demba Ba pozvao navija\u010de na sabah namaz u Sultan Ahmetovu d\u017eamiju da obilje\u017ee titulu\",\"datePublished\":\"2015-02-03T19:15:22+00:00\",\"mainEntityOfPage\":{\"@id\":\"https:\/\/sandzakpress.net\/arhiva\/demba-ba-pozvao-navijace-na-sabah-namaz-u-sultan-ahmetovu-dzamiju-da-obiljeze-titulu\/\"},\"wordCount\":515,\"commentCount\":0,\"publisher\":{\"@id\":\"https:\/\/sandzakpress.net\/arhiva\/#\/schema\/person\/6e72b67d6e51910a1117b3b483ba20bd\"},\"image\":{\"@id\":\"https:\/\/sandzakpress.net\/arhiva\/demba-ba-pozvao-navijace-na-sabah-namaz-u-sultan-ahmetovu-dzamiju-da-obiljeze-titulu\/#primaryimage\"},\"thumbnailUrl\":\"https:\/\/sandzakpress.net\/arhiva\/wp-content\/uploads\/2015\/02\/demba-ba-pozvao-navijae-namazom-u-sultan-ahme_trt-bosanski-37725.jpg\",\"articleSection\":[\"Svijet\",\"NAJNOVIJE\",\"Turska\"],\"inLanguage\":\"bs-BA\",\"potentialAction\":[{\"@type\":\"CommentAction\",\"name\":\"Comment\",\"target\":[\"https:\/\/sandzakpress.net\/arhiva\/demba-ba-pozvao-navijace-na-sabah-namaz-u-sultan-ahmetovu-dzamiju-da-obiljeze-titulu\/#respond\"]}]},{\"@type\":\"WebPage\",\"@id\":\"https:\/\/sandzakpress.net\/arhiva\/demba-ba-pozvao-navijace-na-sabah-namaz-u-sultan-ahmetovu-dzamiju-da-obiljeze-titulu\/\",\"url\":\"https:\/\/sandzakpress.net\/arhiva\/demba-ba-pozvao-navijace-na-sabah-namaz-u-sultan-ahmetovu-dzamiju-da-obiljeze-titulu\/\",\"name\":\"Demba Ba pozvao navija\u010de na sabah namaz u Sultan Ahmetovu d\u017eamiju da obilje\u017ee titulu\",\"isPartOf\":{\"@id\":\"https:\/\/sandzakpress.net\/arhiva\/#website\"},\"primaryImageOfPage\":{\"@id\":\"https:\/\/sandzakpress.net\/arhiva\/demba-ba-pozvao-navijace-na-sabah-namaz-u-sultan-ahmetovu-dzamiju-da-obiljeze-titulu\/#primaryimage\"},\"image\":{\"@id\":\"https:\/\/sandzakpress.net\/arhiva\/demba-ba-pozvao-navijace-na-sabah-namaz-u-sultan-ahmetovu-dzamiju-da-obiljeze-titulu\/#primaryimage\"},\"thumbnailUrl\":\"https:\/\/sandzakpress.net\/arhiva\/wp-content\/uploads\/2015\/02\/demba-ba-pozvao-navijae-namazom-u-sultan-ahme_trt-bosanski-37725.jpg\",\"datePublished\":\"2015-02-03T19:15:22+00:00\",\"breadcrumb\":{\"@id\":\"https:\/\/sandzakpress.net\/arhiva\/demba-ba-pozvao-navijace-na-sabah-namaz-u-sultan-ahmetovu-dzamiju-da-obiljeze-titulu\/#breadcrumb\"},\"inLanguage\":\"bs-BA\",\"potentialAction\":[{\"@type\":\"ReadAction\",\"target\":[\"https:\/\/sandzakpress.net\/arhiva\/demba-ba-pozvao-navijace-na-sabah-namaz-u-sultan-ahmetovu-dzamiju-da-obiljeze-titulu\/\"]}]},{\"@type\":\"ImageObject\",\"inLanguage\":\"bs-BA\",\"@id\":\"https:\/\/sandzakpress.net\/arhiva\/demba-ba-pozvao-navijace-na-sabah-namaz-u-sultan-ahmetovu-dzamiju-da-obiljeze-titulu\/#primaryimage\",\"url\":\"https:\/\/sandzakpress.net\/arhiva\/wp-content\/uploads\/2015\/02\/demba-ba-pozvao-navijae-namazom-u-sultan-ahme_trt-bosanski-37725.jpg\",\"contentUrl\":\"https:\/\/sandzakpress.net\/arhiva\/wp-content\/uploads\/2015\/02\/demba-ba-pozvao-navijae-namazom-u-sultan-ahme_trt-bosanski-37725.jpg\",\"width\":600,\"height\":363},{\"@type\":\"BreadcrumbList\",\"@id\":\"https:\/\/sandzakpress.net\/arhiva\/demba-ba-pozvao-navijace-na-sabah-namaz-u-sultan-ahmetovu-dzamiju-da-obiljeze-titulu\/#breadcrumb\",\"itemListElement\":[{\"@type\":\"ListItem\",\"position\":1,\"name\":\"Home\",\"item\":\"https:\/\/sandzakpress.net\/arhiva\/\"},{\"@type\":\"ListItem\",\"position\":2,\"name\":\"Demba Ba pozvao navija\u010de na sabah namaz u Sultan Ahmetovu d\u017eamiju da obilje\u017ee titulu\"}]},{\"@type\":\"WebSite\",\"@id\":\"https:\/\/sandzakpress.net\/arhiva\/#website\",\"url\":\"https:\/\/sandzakpress.net\/arhiva\/\",\"name\":\"Sand\u017eak PRESS\",\"description\":\"Prve elektronske novine u Sand\u017eaku\",\"publisher\":{\"@id\":\"https:\/\/sandzakpress.net\/arhiva\/#\/schema\/person\/6e72b67d6e51910a1117b3b483ba20bd\"},\"potentialAction\":[{\"@type\":\"SearchAction\",\"target\":{\"@type\":\"EntryPoint\",\"urlTemplate\":\"https:\/\/sandzakpress.net\/arhiva\/?s={search_term_string}\"},\"query-input\":{\"@type\":\"PropertyValueSpecification\",\"valueRequired\":true,\"valueName\":\"search_term_string\"}}],\"inLanguage\":\"bs-BA\"},{\"@type\":[\"Person\",\"Organization\"],\"@id\":\"https:\/\/sandzakpress.net\/arhiva\/#\/schema\/person\/6e72b67d6e51910a1117b3b483ba20bd\",\"name\":\"Kul\",\"image\":{\"@type\":\"ImageObject\",\"inLanguage\":\"bs-BA\",\"@id\":\"https:\/\/sandzakpress.net\/arhiva\/#\/schema\/person\/image\/\",\"url\":\"https:\/\/secure.gravatar.com\/avatar\/42263f39aa27ac04c43cab85c280eb2e?s=96&d=mm&r=pg\",\"contentUrl\":\"https:\/\/secure.gravatar.com\/avatar\/42263f39aa27ac04c43cab85c280eb2e?s=96&d=mm&r=pg\",\"caption\":\"Kul\"},\"logo\":{\"@id\":\"https:\/\/sandzakpress.net\/arhiva\/#\/schema\/person\/image\/\"}},{\"@type\":\"Person\",\"@id\":\"https:\/\/sandzakpress.net\/arhiva\/#\/schema\/person\/cb59d7e3ab91ab90dd680ad0305a6185\",\"name\":\"Agencija\",\"image\":{\"@type\":\"ImageObject\",\"inLanguage\":\"bs-BA\",\"@id\":\"https:\/\/sandzakpress.net\/arhiva\/#\/schema\/person\/image\/\",\"url\":\"https:\/\/secure.gravatar.com\/avatar\/4b7fafa80a22f0c2afe23966b3961fe0?s=96&d=mm&r=pg\",\"contentUrl\":\"https:\/\/secure.gravatar.com\/avatar\/4b7fafa80a22f0c2afe23966b3961fe0?s=96&d=mm&r=pg\",\"caption\":\"Agencija\"},\"url\":\"https:\/\/sandzakpress.net\/arhiva\/author\/agencija\/\"}]}<\/script>\n<!-- \/ Yoast SEO Premium plugin. -->","yoast_head_json":{"title":"Demba Ba pozvao navija\u010de na sabah namaz u Sultan Ahmetovu d\u017eamiju da obilje\u017ee titulu","robots":{"index":"index","follow":"follow","max-snippet":"max-snippet:-1","max-image-preview":"max-image-preview:large","max-video-preview":"max-video-preview:-1"},"canonical":"https:\/\/sandzakpress.net\/arhiva\/demba-ba-pozvao-navijace-na-sabah-namaz-u-sultan-ahmetovu-dzamiju-da-obiljeze-titulu\/","og_locale":"bs_BA","og_type":"article","og_title":"Demba Ba pozvao navija\u010de na sabah namaz u Sultan Ahmetovu d\u017eamiju da obilje\u017ee titulu","og_description":"Turska &#8211; Demba Ba je dao intervju za februarski broj \u010dasopisa FourFourTwo i tom prilikom govorio o njegovim ciljevima u Be\u0161ikta\u0161u. Demba Ba je pozvao navija\u010de na sabah-namaz u Sultan Ahmetovu d\u017eamiju kako bi obilje\u017eili osvajanje \u0161ampionske titule. \u201cAko postanemo \u0161ampioni, o\u010dekujem sve navija\u010de na sabah-namazu u Sultan Ahmetovoj (Plavoj) d\u017eamiji. Ali ba\u0161 na sabah-namazu. [&hellip;]","og_url":"https:\/\/sandzakpress.net\/arhiva\/demba-ba-pozvao-navijace-na-sabah-namaz-u-sultan-ahmetovu-dzamiju-da-obiljeze-titulu\/","og_site_name":"Sand\u017eak PRESS","article_published_time":"2015-02-03T19:15:22+00:00","og_image":[{"width":600,"height":363,"url":"https:\/\/sandzakpress.net\/arhiva\/wp-content\/uploads\/2015\/02\/demba-ba-pozvao-navijae-namazom-u-sultan-ahme_trt-bosanski-37725.jpg","type":"image\/jpeg"}],"author":"Agencija","twitter_card":"summary_large_image","twitter_misc":{"Written by":"Agencija","Est. reading time":"2 minute"},"schema":{"@context":"https:\/\/schema.org","@graph":[{"@type":"Article","@id":"https:\/\/sandzakpress.net\/arhiva\/demba-ba-pozvao-navijace-na-sabah-namaz-u-sultan-ahmetovu-dzamiju-da-obiljeze-titulu\/#article","isPartOf":{"@id":"https:\/\/sandzakpress.net\/arhiva\/demba-ba-pozvao-navijace-na-sabah-namaz-u-sultan-ahmetovu-dzamiju-da-obiljeze-titulu\/"},"author":{"name":"Agencija","@id":"https:\/\/sandzakpress.net\/arhiva\/#\/schema\/person\/cb59d7e3ab91ab90dd680ad0305a6185"},"headline":"Demba Ba pozvao navija\u010de na sabah namaz u Sultan Ahmetovu d\u017eamiju da obilje\u017ee titulu","datePublished":"2015-02-03T19:15:22+00:00","mainEntityOfPage":{"@id":"https:\/\/sandzakpress.net\/arhiva\/demba-ba-pozvao-navijace-na-sabah-namaz-u-sultan-ahmetovu-dzamiju-da-obiljeze-titulu\/"},"wordCount":515,"commentCount":0,"publisher":{"@id":"https:\/\/sandzakpress.net\/arhiva\/#\/schema\/person\/6e72b67d6e51910a1117b3b483ba20bd"},"image":{"@id":"https:\/\/sandzakpress.net\/arhiva\/demba-ba-pozvao-navijace-na-sabah-namaz-u-sultan-ahmetovu-dzamiju-da-obiljeze-titulu\/#primaryimage"},"thumbnailUrl":"https:\/\/sandzakpress.net\/arhiva\/wp-content\/uploads\/2015\/02\/demba-ba-pozvao-navijae-namazom-u-sultan-ahme_trt-bosanski-37725.jpg","articleSection":["Svijet","NAJNOVIJE","Turska"],"inLanguage":"bs-BA","potentialAction":[{"@type":"CommentAction","name":"Comment","target":["https:\/\/sandzakpress.net\/arhiva\/demba-ba-pozvao-navijace-na-sabah-namaz-u-sultan-ahmetovu-dzamiju-da-obiljeze-titulu\/#respond"]}]},{"@type":"WebPage","@id":"https:\/\/sandzakpress.net\/arhiva\/demba-ba-pozvao-navijace-na-sabah-namaz-u-sultan-ahmetovu-dzamiju-da-obiljeze-titulu\/","url":"https:\/\/sandzakpress.net\/arhiva\/demba-ba-pozvao-navijace-na-sabah-namaz-u-sultan-ahmetovu-dzamiju-da-obiljeze-titulu\/","name":"Demba Ba pozvao navija\u010de na sabah namaz u Sultan Ahmetovu d\u017eamiju da obilje\u017ee titulu","isPartOf":{"@id":"https:\/\/sandzakpress.net\/arhiva\/#website"},"primaryImageOfPage":{"@id":"https:\/\/sandzakpress.net\/arhiva\/demba-ba-pozvao-navijace-na-sabah-namaz-u-sultan-ahmetovu-dzamiju-da-obiljeze-titulu\/#primaryimage"},"image":{"@id":"https:\/\/sandzakpress.net\/arhiva\/demba-ba-pozvao-navijace-na-sabah-namaz-u-sultan-ahmetovu-dzamiju-da-obiljeze-titulu\/#primaryimage"},"thumbnailUrl":"https:\/\/sandzakpress.net\/arhiva\/wp-content\/uploads\/2015\/02\/demba-ba-pozvao-navijae-namazom-u-sultan-ahme_trt-bosanski-37725.jpg","datePublished":"2015-02-03T19:15:22+00:00","breadcrumb":{"@id":"https:\/\/sandzakpress.net\/arhiva\/demba-ba-pozvao-navijace-na-sabah-namaz-u-sultan-ahmetovu-dzamiju-da-obiljeze-titulu\/#breadcrumb"},"inLanguage":"bs-BA","potentialAction":[{"@type":"ReadAction","target":["https:\/\/sandzakpress.net\/arhiva\/demba-ba-pozvao-navijace-na-sabah-namaz-u-sultan-ahmetovu-dzamiju-da-obiljeze-titulu\/"]}]},{"@type":"ImageObject","inLanguage":"bs-BA","@id":"https:\/\/sandzakpress.net\/arhiva\/demba-ba-pozvao-navijace-na-sabah-namaz-u-sultan-ahmetovu-dzamiju-da-obiljeze-titulu\/#primaryimage","url":"https:\/\/sandzakpress.net\/arhiva\/wp-content\/uploads\/2015\/02\/demba-ba-pozvao-navijae-namazom-u-sultan-ahme_trt-bosanski-37725.jpg","contentUrl":"https:\/\/sandzakpress.net\/arhiva\/wp-content\/uploads\/2015\/02\/demba-ba-pozvao-navijae-namazom-u-sultan-ahme_trt-bosanski-37725.jpg","width":600,"height":363},{"@type":"BreadcrumbList","@id":"https:\/\/sandzakpress.net\/arhiva\/demba-ba-pozvao-navijace-na-sabah-namaz-u-sultan-ahmetovu-dzamiju-da-obiljeze-titulu\/#breadcrumb","itemListElement":[{"@type":"ListItem","position":1,"name":"Home","item":"https:\/\/sandzakpress.net\/arhiva\/"},{"@type":"ListItem","position":2,"name":"Demba Ba pozvao navija\u010de na sabah namaz u Sultan Ahmetovu d\u017eamiju da obilje\u017ee titulu"}]},{"@type":"WebSite","@id":"https:\/\/sandzakpress.net\/arhiva\/#website","url":"https:\/\/sandzakpress.net\/arhiva\/","name":"Sand\u017eak PRESS","description":"Prve elektronske novine u Sand\u017eaku","publisher":{"@id":"https:\/\/sandzakpress.net\/arhiva\/#\/schema\/person\/6e72b67d6e51910a1117b3b483ba20bd"},"potentialAction":[{"@type":"SearchAction","target":{"@type":"EntryPoint","urlTemplate":"https:\/\/sandzakpress.net\/arhiva\/?s={search_term_string}"},"query-input":{"@type":"PropertyValueSpecification","valueRequired":true,"valueName":"search_term_string"}}],"inLanguage":"bs-BA"},{"@type":["Person","Organization"],"@id":"https:\/\/sandzakpress.net\/arhiva\/#\/schema\/person\/6e72b67d6e51910a1117b3b483ba20bd","name":"Kul","image":{"@type":"ImageObject","inLanguage":"bs-BA","@id":"https:\/\/sandzakpress.net\/arhiva\/#\/schema\/person\/image\/","url":"https:\/\/secure.gravatar.com\/avatar\/42263f39aa27ac04c43cab85c280eb2e?s=96&d=mm&r=pg","contentUrl":"https:\/\/secure.gravatar.com\/avatar\/42263f39aa27ac04c43cab85c280eb2e?s=96&d=mm&r=pg","caption":"Kul"},"logo":{"@id":"https:\/\/sandzakpress.net\/arhiva\/#\/schema\/person\/image\/"}},{"@type":"Person","@id":"https:\/\/sandzakpress.net\/arhiva\/#\/schema\/person\/cb59d7e3ab91ab90dd680ad0305a6185","name":"Agencija","image":{"@type":"ImageObject","inLanguage":"bs-BA","@id":"https:\/\/sandzakpress.net\/arhiva\/#\/schema\/person\/image\/","url":"https:\/\/secure.gravatar.com\/avatar\/4b7fafa80a22f0c2afe23966b3961fe0?s=96&d=mm&r=pg","contentUrl":"https:\/\/secure.gravatar.com\/avatar\/4b7fafa80a22f0c2afe23966b3961fe0?s=96&d=mm&r=pg","caption":"Agencija"},"url":"https:\/\/sandzakpress.net\/arhiva\/author\/agencija\/"}]}},"_links":{"self":[{"href":"https:\/\/sandzakpress.net\/arhiva\/wp-json\/wp\/v2\/posts\/121363"}],"collection":[{"href":"https:\/\/sandzakpress.net\/arhiva\/wp-json\/wp\/v2\/posts"}],"about":[{"href":"https:\/\/sandzakpress.net\/arhiva\/wp-json\/wp\/v2\/types\/post"}],"author":[{"embeddable":true,"href":"https:\/\/sandzakpress.net\/arhiva\/wp-json\/wp\/v2\/users\/509"}],"replies":[{"embeddable":true,"href":"https:\/\/sandzakpress.net\/arhiva\/wp-json\/wp\/v2\/comments?post=121363"}],"version-history":[{"count":0,"href":"https:\/\/sandzakpress.net\/arhiva\/wp-json\/wp\/v2\/posts\/121363\/revisions"}],"wp:featuredmedia":[{"embeddable":true,"href":"https:\/\/sandzakpress.net\/arhiva\/wp-json\/wp\/v2\/media\/121364"}],"wp:attachment":[{"href":"https:\/\/sandzakpress.net\/arhiva\/wp-json\/wp\/v2\/media?parent=121363"}],"wp:term":[{"taxonomy":"category","embeddable":true,"href":"https:\/\/sandzakpress.net\/arhiva\/wp-json\/wp\/v2\/categories?post=121363"},{"taxonomy":"post_tag","embeddable":true,"href":"https:\/\/sandzakpress.net\/arhiva\/wp-json\/wp\/v2\/tags?post=121363"}],"curies":[{"name":"wp","href":"https:\/\/api.w.org\/{rel}","templated":true}]}}