{"id":121331,"date":"2015-02-03T18:23:58","date_gmt":"2015-02-03T17:23:58","guid":{"rendered":"https:\/\/sandzakpress.net\/arhiva\/?p=121331"},"modified":"2015-02-03T18:23:58","modified_gmt":"2015-02-03T17:23:58","slug":"dopremijer-arinc-turska-je-spremna-sjesti-za-pregovaracki-stol","status":"publish","type":"post","link":"https:\/\/sandzakpress.net\/arhiva\/dopremijer-arinc-turska-je-spremna-sjesti-za-pregovaracki-stol\/","title":{"rendered":"Dopremijer Arin\u010d: Turska je spremna sjesti za pregovara\u010dki stol"},"content":{"rendered":"<p><img decoding=\"async\" class=\" aligncenter\" src=\"http:\/\/www.trt.net.tr\/bosanski\/fotograf\/haberler\/detay\/dopremijer-arin-turska-je-spremna-sjesti-za-p_trt-bosanski-37786.jpg\" alt=\"dopremijer-arin-turska-je-spremna-sjesti-za-p\" \/><\/p>\n<p><strong>Turska &#8211; Zamjenik premijer Republike Turske, Bulent Arin\u010d, izjavio je da je Turska odlu\u010dna u nastojanjima da postigne rezultat u pregovorima o rije\u0161avanju kiparskog pitanja.<\/strong><\/p>\n<p>Na upit za komentar o izjavama gr\u010dkog premijera Alexis Tsiprasa o turskom istra\u017eiva\u010dkom brodu Barbaros Hayrettin Pasha u Isto\u010dnom Mediteranu, Arin\u010d je odgovorio:&#8221; Nema potrebe za takvim komentarima ili kritikama, koje se odnose na doma\u0107u politiku. &#8221;<\/p>\n<p>Gr\u010dki premijer Tsipras je prilikom posjete administraciji kiparskih Grka u ponedjeljak izjavio da bi aktivnosti broda Barbaros Hayrettin Pasha morale biti odmah obustavljene, kako bi se gr\u010dka strana vratila za pregovara\u010dki stol. Tsiprasov je stav razo\u010darao politi\u010dke krugove koji su o\u010dekivali druk\u010diji pristup novoizabrane gr\u010dke vlade prema kiparskom pitanju.<\/p>\n<p>Tsipras se tako\u0111e sastao sa predstavnicima turskih i gr\u010dkih nevladinih organizacija na Kipru.<\/p>\n<p>Ministar vanjskih poslova Turske Republike Sjeverni Kipar, \u00d6zdil Nami, izjavio je kako uspostava mira nije mogu\u0107a bez prisustva obje strane za pregovara\u010dkim stolom.<\/p>\n<p>(trt)<\/p>\n","protected":false},"excerpt":{"rendered":"<p>Turska &#8211; Zamjenik premijer Republike Turske, Bulent Arin\u010d, izjavio je da je Turska odlu\u010dna u nastojanjima da postigne rezultat u pregovorima o rije\u0161avanju kiparskog pitanja. Na upit za komentar o izjavama gr\u010dkog premijera Alexis Tsiprasa o turskom istra\u017eiva\u010dkom brodu Barbaros Hayrettin Pasha u Isto\u010dnom Mediteranu, Arin\u010d je odgovorio:&#8221; Nema potrebe za takvim komentarima ili kritikama, [&hellip;]<\/p>\n","protected":false},"author":509,"featured_media":121332,"comment_status":"open","ping_status":"open","sticky":false,"template":"","format":"standard","meta":{"footnotes":""},"categories":[9,798,2692],"tags":[],"class_list":{"0":"post-121331","1":"post","2":"type-post","3":"status-publish","4":"format-standard","5":"has-post-thumbnail","7":"category-svijet","8":"category-teme","9":"category-turska-gradovi"},"yoast_head":"<!-- This site is optimized with the Yoast SEO Premium plugin v23.1 (Yoast SEO v24.9) - https:\/\/yoast.com\/wordpress\/plugins\/seo\/ -->\n<title>Dopremijer Arin\u010d: Turska je spremna sjesti za pregovara\u010dki stol<\/title>\n<meta name=\"robots\" content=\"index, follow, max-snippet:-1, max-image-preview:large, max-video-preview:-1\" \/>\n<link rel=\"canonical\" href=\"https:\/\/sandzakpress.net\/arhiva\/dopremijer-arinc-turska-je-spremna-sjesti-za-pregovaracki-stol\/\" \/>\n<meta property=\"og:locale\" content=\"bs_BA\" \/>\n<meta property=\"og:type\" content=\"article\" \/>\n<meta property=\"og:title\" content=\"Dopremijer Arin\u010d: Turska je spremna sjesti za pregovara\u010dki stol\" \/>\n<meta property=\"og:description\" content=\"Turska &#8211; Zamjenik premijer Republike Turske, Bulent Arin\u010d, izjavio je da je Turska odlu\u010dna u nastojanjima da postigne rezultat u pregovorima o rije\u0161avanju kiparskog pitanja. Na upit za komentar o izjavama gr\u010dkog premijera Alexis Tsiprasa o turskom istra\u017eiva\u010dkom brodu Barbaros Hayrettin Pasha u Isto\u010dnom Mediteranu, Arin\u010d je odgovorio:&#8221; Nema potrebe za takvim komentarima ili kritikama, [&hellip;]\" \/>\n<meta property=\"og:url\" content=\"https:\/\/sandzakpress.net\/arhiva\/dopremijer-arinc-turska-je-spremna-sjesti-za-pregovaracki-stol\/\" \/>\n<meta property=\"og:site_name\" content=\"Sand\u017eak PRESS\" \/>\n<meta property=\"article:published_time\" content=\"2015-02-03T17:23:58+00:00\" \/>\n<meta property=\"og:image\" content=\"https:\/\/sandzakpress.net\/arhiva\/wp-content\/uploads\/2015\/02\/dopremijer-arin-turska-je-spremna-sjesti-za-p_trt-bosanski-37786.jpg\" \/>\n\t<meta property=\"og:image:width\" content=\"511\" \/>\n\t<meta property=\"og:image:height\" content=\"363\" \/>\n\t<meta property=\"og:image:type\" content=\"image\/jpeg\" \/>\n<meta name=\"author\" content=\"Agencija\" \/>\n<meta name=\"twitter:card\" content=\"summary_large_image\" \/>\n<meta name=\"twitter:label1\" content=\"Written by\" \/>\n\t<meta name=\"twitter:data1\" content=\"Agencija\" \/>\n\t<meta name=\"twitter:label2\" content=\"Est. reading time\" \/>\n\t<meta name=\"twitter:data2\" content=\"1 minuta\" \/>\n<script type=\"application\/ld+json\" class=\"yoast-schema-graph\">{\"@context\":\"https:\/\/schema.org\",\"@graph\":[{\"@type\":\"Article\",\"@id\":\"https:\/\/sandzakpress.net\/arhiva\/dopremijer-arinc-turska-je-spremna-sjesti-za-pregovaracki-stol\/#article\",\"isPartOf\":{\"@id\":\"https:\/\/sandzakpress.net\/arhiva\/dopremijer-arinc-turska-je-spremna-sjesti-za-pregovaracki-stol\/\"},\"author\":{\"name\":\"Agencija\",\"@id\":\"https:\/\/sandzakpress.net\/arhiva\/#\/schema\/person\/cb59d7e3ab91ab90dd680ad0305a6185\"},\"headline\":\"Dopremijer Arin\u010d: Turska je spremna sjesti za pregovara\u010dki stol\",\"datePublished\":\"2015-02-03T17:23:58+00:00\",\"mainEntityOfPage\":{\"@id\":\"https:\/\/sandzakpress.net\/arhiva\/dopremijer-arinc-turska-je-spremna-sjesti-za-pregovaracki-stol\/\"},\"wordCount\":176,\"commentCount\":0,\"publisher\":{\"@id\":\"https:\/\/sandzakpress.net\/arhiva\/#\/schema\/person\/6e72b67d6e51910a1117b3b483ba20bd\"},\"image\":{\"@id\":\"https:\/\/sandzakpress.net\/arhiva\/dopremijer-arinc-turska-je-spremna-sjesti-za-pregovaracki-stol\/#primaryimage\"},\"thumbnailUrl\":\"https:\/\/sandzakpress.net\/arhiva\/wp-content\/uploads\/2015\/02\/dopremijer-arin-turska-je-spremna-sjesti-za-p_trt-bosanski-37786.jpg\",\"articleSection\":[\"Svijet\",\"NAJNOVIJE\",\"Turska\"],\"inLanguage\":\"bs-BA\",\"potentialAction\":[{\"@type\":\"CommentAction\",\"name\":\"Comment\",\"target\":[\"https:\/\/sandzakpress.net\/arhiva\/dopremijer-arinc-turska-je-spremna-sjesti-za-pregovaracki-stol\/#respond\"]}]},{\"@type\":\"WebPage\",\"@id\":\"https:\/\/sandzakpress.net\/arhiva\/dopremijer-arinc-turska-je-spremna-sjesti-za-pregovaracki-stol\/\",\"url\":\"https:\/\/sandzakpress.net\/arhiva\/dopremijer-arinc-turska-je-spremna-sjesti-za-pregovaracki-stol\/\",\"name\":\"Dopremijer Arin\u010d: Turska je spremna sjesti za pregovara\u010dki stol\",\"isPartOf\":{\"@id\":\"https:\/\/sandzakpress.net\/arhiva\/#website\"},\"primaryImageOfPage\":{\"@id\":\"https:\/\/sandzakpress.net\/arhiva\/dopremijer-arinc-turska-je-spremna-sjesti-za-pregovaracki-stol\/#primaryimage\"},\"image\":{\"@id\":\"https:\/\/sandzakpress.net\/arhiva\/dopremijer-arinc-turska-je-spremna-sjesti-za-pregovaracki-stol\/#primaryimage\"},\"thumbnailUrl\":\"https:\/\/sandzakpress.net\/arhiva\/wp-content\/uploads\/2015\/02\/dopremijer-arin-turska-je-spremna-sjesti-za-p_trt-bosanski-37786.jpg\",\"datePublished\":\"2015-02-03T17:23:58+00:00\",\"breadcrumb\":{\"@id\":\"https:\/\/sandzakpress.net\/arhiva\/dopremijer-arinc-turska-je-spremna-sjesti-za-pregovaracki-stol\/#breadcrumb\"},\"inLanguage\":\"bs-BA\",\"potentialAction\":[{\"@type\":\"ReadAction\",\"target\":[\"https:\/\/sandzakpress.net\/arhiva\/dopremijer-arinc-turska-je-spremna-sjesti-za-pregovaracki-stol\/\"]}]},{\"@type\":\"ImageObject\",\"inLanguage\":\"bs-BA\",\"@id\":\"https:\/\/sandzakpress.net\/arhiva\/dopremijer-arinc-turska-je-spremna-sjesti-za-pregovaracki-stol\/#primaryimage\",\"url\":\"https:\/\/sandzakpress.net\/arhiva\/wp-content\/uploads\/2015\/02\/dopremijer-arin-turska-je-spremna-sjesti-za-p_trt-bosanski-37786.jpg\",\"contentUrl\":\"https:\/\/sandzakpress.net\/arhiva\/wp-content\/uploads\/2015\/02\/dopremijer-arin-turska-je-spremna-sjesti-za-p_trt-bosanski-37786.jpg\",\"width\":511,\"height\":363},{\"@type\":\"BreadcrumbList\",\"@id\":\"https:\/\/sandzakpress.net\/arhiva\/dopremijer-arinc-turska-je-spremna-sjesti-za-pregovaracki-stol\/#breadcrumb\",\"itemListElement\":[{\"@type\":\"ListItem\",\"position\":1,\"name\":\"Home\",\"item\":\"https:\/\/sandzakpress.net\/arhiva\/\"},{\"@type\":\"ListItem\",\"position\":2,\"name\":\"Dopremijer Arin\u010d: Turska je spremna sjesti za pregovara\u010dki stol\"}]},{\"@type\":\"WebSite\",\"@id\":\"https:\/\/sandzakpress.net\/arhiva\/#website\",\"url\":\"https:\/\/sandzakpress.net\/arhiva\/\",\"name\":\"Sand\u017eak PRESS\",\"description\":\"Prve elektronske novine u Sand\u017eaku\",\"publisher\":{\"@id\":\"https:\/\/sandzakpress.net\/arhiva\/#\/schema\/person\/6e72b67d6e51910a1117b3b483ba20bd\"},\"potentialAction\":[{\"@type\":\"SearchAction\",\"target\":{\"@type\":\"EntryPoint\",\"urlTemplate\":\"https:\/\/sandzakpress.net\/arhiva\/?s={search_term_string}\"},\"query-input\":{\"@type\":\"PropertyValueSpecification\",\"valueRequired\":true,\"valueName\":\"search_term_string\"}}],\"inLanguage\":\"bs-BA\"},{\"@type\":[\"Person\",\"Organization\"],\"@id\":\"https:\/\/sandzakpress.net\/arhiva\/#\/schema\/person\/6e72b67d6e51910a1117b3b483ba20bd\",\"name\":\"Kul\",\"image\":{\"@type\":\"ImageObject\",\"inLanguage\":\"bs-BA\",\"@id\":\"https:\/\/sandzakpress.net\/arhiva\/#\/schema\/person\/image\/\",\"url\":\"https:\/\/secure.gravatar.com\/avatar\/42263f39aa27ac04c43cab85c280eb2e?s=96&d=mm&r=pg\",\"contentUrl\":\"https:\/\/secure.gravatar.com\/avatar\/42263f39aa27ac04c43cab85c280eb2e?s=96&d=mm&r=pg\",\"caption\":\"Kul\"},\"logo\":{\"@id\":\"https:\/\/sandzakpress.net\/arhiva\/#\/schema\/person\/image\/\"}},{\"@type\":\"Person\",\"@id\":\"https:\/\/sandzakpress.net\/arhiva\/#\/schema\/person\/cb59d7e3ab91ab90dd680ad0305a6185\",\"name\":\"Agencija\",\"image\":{\"@type\":\"ImageObject\",\"inLanguage\":\"bs-BA\",\"@id\":\"https:\/\/sandzakpress.net\/arhiva\/#\/schema\/person\/image\/\",\"url\":\"https:\/\/secure.gravatar.com\/avatar\/4b7fafa80a22f0c2afe23966b3961fe0?s=96&d=mm&r=pg\",\"contentUrl\":\"https:\/\/secure.gravatar.com\/avatar\/4b7fafa80a22f0c2afe23966b3961fe0?s=96&d=mm&r=pg\",\"caption\":\"Agencija\"},\"url\":\"https:\/\/sandzakpress.net\/arhiva\/author\/agencija\/\"}]}<\/script>\n<!-- \/ Yoast SEO Premium plugin. -->","yoast_head_json":{"title":"Dopremijer Arin\u010d: Turska je spremna sjesti za pregovara\u010dki stol","robots":{"index":"index","follow":"follow","max-snippet":"max-snippet:-1","max-image-preview":"max-image-preview:large","max-video-preview":"max-video-preview:-1"},"canonical":"https:\/\/sandzakpress.net\/arhiva\/dopremijer-arinc-turska-je-spremna-sjesti-za-pregovaracki-stol\/","og_locale":"bs_BA","og_type":"article","og_title":"Dopremijer Arin\u010d: Turska je spremna sjesti za pregovara\u010dki stol","og_description":"Turska &#8211; Zamjenik premijer Republike Turske, Bulent Arin\u010d, izjavio je da je Turska odlu\u010dna u nastojanjima da postigne rezultat u pregovorima o rije\u0161avanju kiparskog pitanja. Na upit za komentar o izjavama gr\u010dkog premijera Alexis Tsiprasa o turskom istra\u017eiva\u010dkom brodu Barbaros Hayrettin Pasha u Isto\u010dnom Mediteranu, Arin\u010d je odgovorio:&#8221; Nema potrebe za takvim komentarima ili kritikama, [&hellip;]","og_url":"https:\/\/sandzakpress.net\/arhiva\/dopremijer-arinc-turska-je-spremna-sjesti-za-pregovaracki-stol\/","og_site_name":"Sand\u017eak PRESS","article_published_time":"2015-02-03T17:23:58+00:00","og_image":[{"width":511,"height":363,"url":"https:\/\/sandzakpress.net\/arhiva\/wp-content\/uploads\/2015\/02\/dopremijer-arin-turska-je-spremna-sjesti-za-p_trt-bosanski-37786.jpg","type":"image\/jpeg"}],"author":"Agencija","twitter_card":"summary_large_image","twitter_misc":{"Written by":"Agencija","Est. reading time":"1 minuta"},"schema":{"@context":"https:\/\/schema.org","@graph":[{"@type":"Article","@id":"https:\/\/sandzakpress.net\/arhiva\/dopremijer-arinc-turska-je-spremna-sjesti-za-pregovaracki-stol\/#article","isPartOf":{"@id":"https:\/\/sandzakpress.net\/arhiva\/dopremijer-arinc-turska-je-spremna-sjesti-za-pregovaracki-stol\/"},"author":{"name":"Agencija","@id":"https:\/\/sandzakpress.net\/arhiva\/#\/schema\/person\/cb59d7e3ab91ab90dd680ad0305a6185"},"headline":"Dopremijer Arin\u010d: Turska je spremna sjesti za pregovara\u010dki stol","datePublished":"2015-02-03T17:23:58+00:00","mainEntityOfPage":{"@id":"https:\/\/sandzakpress.net\/arhiva\/dopremijer-arinc-turska-je-spremna-sjesti-za-pregovaracki-stol\/"},"wordCount":176,"commentCount":0,"publisher":{"@id":"https:\/\/sandzakpress.net\/arhiva\/#\/schema\/person\/6e72b67d6e51910a1117b3b483ba20bd"},"image":{"@id":"https:\/\/sandzakpress.net\/arhiva\/dopremijer-arinc-turska-je-spremna-sjesti-za-pregovaracki-stol\/#primaryimage"},"thumbnailUrl":"https:\/\/sandzakpress.net\/arhiva\/wp-content\/uploads\/2015\/02\/dopremijer-arin-turska-je-spremna-sjesti-za-p_trt-bosanski-37786.jpg","articleSection":["Svijet","NAJNOVIJE","Turska"],"inLanguage":"bs-BA","potentialAction":[{"@type":"CommentAction","name":"Comment","target":["https:\/\/sandzakpress.net\/arhiva\/dopremijer-arinc-turska-je-spremna-sjesti-za-pregovaracki-stol\/#respond"]}]},{"@type":"WebPage","@id":"https:\/\/sandzakpress.net\/arhiva\/dopremijer-arinc-turska-je-spremna-sjesti-za-pregovaracki-stol\/","url":"https:\/\/sandzakpress.net\/arhiva\/dopremijer-arinc-turska-je-spremna-sjesti-za-pregovaracki-stol\/","name":"Dopremijer Arin\u010d: Turska je spremna sjesti za pregovara\u010dki stol","isPartOf":{"@id":"https:\/\/sandzakpress.net\/arhiva\/#website"},"primaryImageOfPage":{"@id":"https:\/\/sandzakpress.net\/arhiva\/dopremijer-arinc-turska-je-spremna-sjesti-za-pregovaracki-stol\/#primaryimage"},"image":{"@id":"https:\/\/sandzakpress.net\/arhiva\/dopremijer-arinc-turska-je-spremna-sjesti-za-pregovaracki-stol\/#primaryimage"},"thumbnailUrl":"https:\/\/sandzakpress.net\/arhiva\/wp-content\/uploads\/2015\/02\/dopremijer-arin-turska-je-spremna-sjesti-za-p_trt-bosanski-37786.jpg","datePublished":"2015-02-03T17:23:58+00:00","breadcrumb":{"@id":"https:\/\/sandzakpress.net\/arhiva\/dopremijer-arinc-turska-je-spremna-sjesti-za-pregovaracki-stol\/#breadcrumb"},"inLanguage":"bs-BA","potentialAction":[{"@type":"ReadAction","target":["https:\/\/sandzakpress.net\/arhiva\/dopremijer-arinc-turska-je-spremna-sjesti-za-pregovaracki-stol\/"]}]},{"@type":"ImageObject","inLanguage":"bs-BA","@id":"https:\/\/sandzakpress.net\/arhiva\/dopremijer-arinc-turska-je-spremna-sjesti-za-pregovaracki-stol\/#primaryimage","url":"https:\/\/sandzakpress.net\/arhiva\/wp-content\/uploads\/2015\/02\/dopremijer-arin-turska-je-spremna-sjesti-za-p_trt-bosanski-37786.jpg","contentUrl":"https:\/\/sandzakpress.net\/arhiva\/wp-content\/uploads\/2015\/02\/dopremijer-arin-turska-je-spremna-sjesti-za-p_trt-bosanski-37786.jpg","width":511,"height":363},{"@type":"BreadcrumbList","@id":"https:\/\/sandzakpress.net\/arhiva\/dopremijer-arinc-turska-je-spremna-sjesti-za-pregovaracki-stol\/#breadcrumb","itemListElement":[{"@type":"ListItem","position":1,"name":"Home","item":"https:\/\/sandzakpress.net\/arhiva\/"},{"@type":"ListItem","position":2,"name":"Dopremijer Arin\u010d: Turska je spremna sjesti za pregovara\u010dki stol"}]},{"@type":"WebSite","@id":"https:\/\/sandzakpress.net\/arhiva\/#website","url":"https:\/\/sandzakpress.net\/arhiva\/","name":"Sand\u017eak PRESS","description":"Prve elektronske novine u Sand\u017eaku","publisher":{"@id":"https:\/\/sandzakpress.net\/arhiva\/#\/schema\/person\/6e72b67d6e51910a1117b3b483ba20bd"},"potentialAction":[{"@type":"SearchAction","target":{"@type":"EntryPoint","urlTemplate":"https:\/\/sandzakpress.net\/arhiva\/?s={search_term_string}"},"query-input":{"@type":"PropertyValueSpecification","valueRequired":true,"valueName":"search_term_string"}}],"inLanguage":"bs-BA"},{"@type":["Person","Organization"],"@id":"https:\/\/sandzakpress.net\/arhiva\/#\/schema\/person\/6e72b67d6e51910a1117b3b483ba20bd","name":"Kul","image":{"@type":"ImageObject","inLanguage":"bs-BA","@id":"https:\/\/sandzakpress.net\/arhiva\/#\/schema\/person\/image\/","url":"https:\/\/secure.gravatar.com\/avatar\/42263f39aa27ac04c43cab85c280eb2e?s=96&d=mm&r=pg","contentUrl":"https:\/\/secure.gravatar.com\/avatar\/42263f39aa27ac04c43cab85c280eb2e?s=96&d=mm&r=pg","caption":"Kul"},"logo":{"@id":"https:\/\/sandzakpress.net\/arhiva\/#\/schema\/person\/image\/"}},{"@type":"Person","@id":"https:\/\/sandzakpress.net\/arhiva\/#\/schema\/person\/cb59d7e3ab91ab90dd680ad0305a6185","name":"Agencija","image":{"@type":"ImageObject","inLanguage":"bs-BA","@id":"https:\/\/sandzakpress.net\/arhiva\/#\/schema\/person\/image\/","url":"https:\/\/secure.gravatar.com\/avatar\/4b7fafa80a22f0c2afe23966b3961fe0?s=96&d=mm&r=pg","contentUrl":"https:\/\/secure.gravatar.com\/avatar\/4b7fafa80a22f0c2afe23966b3961fe0?s=96&d=mm&r=pg","caption":"Agencija"},"url":"https:\/\/sandzakpress.net\/arhiva\/author\/agencija\/"}]}},"_links":{"self":[{"href":"https:\/\/sandzakpress.net\/arhiva\/wp-json\/wp\/v2\/posts\/121331"}],"collection":[{"href":"https:\/\/sandzakpress.net\/arhiva\/wp-json\/wp\/v2\/posts"}],"about":[{"href":"https:\/\/sandzakpress.net\/arhiva\/wp-json\/wp\/v2\/types\/post"}],"author":[{"embeddable":true,"href":"https:\/\/sandzakpress.net\/arhiva\/wp-json\/wp\/v2\/users\/509"}],"replies":[{"embeddable":true,"href":"https:\/\/sandzakpress.net\/arhiva\/wp-json\/wp\/v2\/comments?post=121331"}],"version-history":[{"count":0,"href":"https:\/\/sandzakpress.net\/arhiva\/wp-json\/wp\/v2\/posts\/121331\/revisions"}],"wp:featuredmedia":[{"embeddable":true,"href":"https:\/\/sandzakpress.net\/arhiva\/wp-json\/wp\/v2\/media\/121332"}],"wp:attachment":[{"href":"https:\/\/sandzakpress.net\/arhiva\/wp-json\/wp\/v2\/media?parent=121331"}],"wp:term":[{"taxonomy":"category","embeddable":true,"href":"https:\/\/sandzakpress.net\/arhiva\/wp-json\/wp\/v2\/categories?post=121331"},{"taxonomy":"post_tag","embeddable":true,"href":"https:\/\/sandzakpress.net\/arhiva\/wp-json\/wp\/v2\/tags?post=121331"}],"curies":[{"name":"wp","href":"https:\/\/api.w.org\/{rel}","templated":true}]}}