{"id":121253,"date":"2015-02-03T10:01:07","date_gmt":"2015-02-03T09:01:07","guid":{"rendered":"https:\/\/sandzakpress.net\/arhiva\/?p=121253"},"modified":"2015-02-03T10:01:07","modified_gmt":"2015-02-03T09:01:07","slug":"sprijecen-mars-pegida-e-u-becu","status":"publish","type":"post","link":"https:\/\/sandzakpress.net\/arhiva\/sprijecen-mars-pegida-e-u-becu\/","title":{"rendered":"Sprije\u010den mar\u0161 PEGIDA-e u Be\u010du"},"content":{"rendered":"<p><strong><img loading=\"lazy\" decoding=\"async\" class=\"aligncenter size-full wp-image-121254\" src=\"https:\/\/sandzakpress.net\/arhiva\/wp-content\/uploads\/2015\/02\/anti-pegida-bec-skup-reuters-main.jpg\" alt=\"anti-pegida-bec-skup-reuters-main\" width=\"600\" height=\"400\" \/>Austrija &#8211; Ljevi\u010dari si sprije\u010dili odr\u017eavanje prvog skupa i protestnog mar\u0161a PEGIDA-e u Be\u010du.<br \/>\n<\/strong><\/p>\n<p>Prve demonstracije pokreta Patriotski Evropljani protiv islamizacije Evrope (PEGIDA) u Be\u010du, ve\u010deras su okon\u010dane bez planiranog mar\u0161a kroz centar grada, po\u0161to je vi\u0161e stotina ljevi\u010dara blokiralo put kojim su trebali da pro\u0111u.<\/p>\n<p>Pred sam po\u010detak demonstracija PEGIDA-e, i pored zna\u010dajnog prisustva policije, ve\u0107i broj ljevi\u010dara uspio je da blokira ulicu kojom je trebalo da se kre\u0107e povorka, prenosi Tanjug.<\/p>\n<p>Oni su stali nasred puta, djelomi\u010dno maskiranih lica, uzvikuju\u0107i parole protiv desnice.<\/p>\n<p>Uo\u010di skupa PEGIDA-e, &#8220;Ofanziva protiv desnice&#8221; odr\u017eala je svoj protest sa mar\u0161om kroz centar grada, na kojem je, prema rije\u010dima glasnogovornika be\u010dke policije Romana Haslingera, u\u010destvovalo blizu 5.000 ljudi.<\/p>\n<p>Dio u\u010desnika ovog mar\u0161a priklju\u010dio se protivnicima desnice u blokadi puta okupljenima na skupu PEGIDA-e.<\/p>\n<p>Policija nije \u017eeljela da razbija tu &#8220;ljudsku barikadu&#8221;, \u010diji je cilj bio da sprije\u010de mar\u0161iranje gotovo 600 okupljenih simpatizera PEGIDE-e, koja u Njema\u010dkoj od oktobra odr\u017eava svakog ponedjeljka proteste protiv islamizacije zemlje i Evrope.<\/p>\n<p>U toj &#8220;pat poziciji&#8221;, koja je trajala sat i po, policija je odlu\u010dila da oba skupa proglasi zavr\u0161enim ne\u0161to poslije 20:30 sati.<\/p>\n<p>Uz pomo\u0107 ozvu\u010denja policija je poru\u010dila okupljenima da se razi\u0111u, ili \u0107e ih u suprotnom privoditi radi utvr\u0111ivanja identiteta i podno\u0161enja prijava.<\/p>\n<p><strong>Politi\u010dari na skupu<br \/>\n<\/strong><br \/>\nMe\u0111u u\u010desnicima prvih demonstracija PEGIDA-e u Be\u010du bio je i raniji tre\u0107i predsjednik austrijskog parlamenta Martin Graf iz Slobodarske partije Austrije.<\/p>\n<p>Me\u0111u vi\u0161e stotina pristalica pokreta bila je i grupa mladih Srba koji \u017eive u Be\u010du, a sa sobom su nosili srpsku zastavu.<\/p>\n<p>Jedan od njih je izjavio Tanjugu da je do\u0161ao da podr\u017ei PEGIDA-u, jer je to jedina organizacija koja se bori protiv islamizacije Evrope.<\/p>\n<p>On tvrdi da se radi o pokretu gra\u0111ana, a ne desnice, kako to neki \u017eele da prika\u017eu.<\/p>\n<p>Me\u0111utim, me\u0111u u\u010desnicima bilo je i onih koji su nacisti\u010dkim pozdravom poku\u0161avali da iziritiraju policiju i ljevi\u010dare.<\/p>\n<p>U jednom trenutku, grupa maskiranih u\u010desnika protesta PEGIDA-e, dospjela je do ljevi\u010darske barikade i do\u0161lo je do kra\u0107eg obra\u010duna pesnicama, nakon \u010dega je policija poja\u010dala kordon koji je razdvajao dva tabora.<\/p>\n<p>U\u010desnici protesta PEGIDA-e uzvikivali su &#8220;Mi smo narod&#8221;, &#8220;Dosta multi-kulti&#8221;, dok su ljevi\u010dari uzvra\u0107ali &#8220;Mar\u0161 nacisti&#8221;, &#8220;Dole PEGIDA&#8221;.<\/p>\n<p>Glasnogovornik be\u010dke policije Haslinger naglasio je da je policija uspjela da dr\u017ei situaciju pod kontrolom i da su demonstracije protiv desnice protekle mirno, sa 5.000 u\u010desnika.<\/p>\n<p>Prema njegovim rije\u010dima, policija je razgovora sa u\u010desnicima na obje strane, i tako sprije\u010dila sukob, pa izuzev malih ko\u0161kanja, nije bilo ve\u0107ih incidenata.<\/p>\n<p>Haslinger je kazao da za sada nije bilo hap\u0161enja, ve\u0107 samo &#8220;utvr\u0111ivanje indentiteta&#8221; pojedinih u\u010desnika.<\/p>\n<p>(Agencije)<\/p>\n","protected":false},"excerpt":{"rendered":"<p>Austrija &#8211; Ljevi\u010dari si sprije\u010dili odr\u017eavanje prvog skupa i protestnog mar\u0161a PEGIDA-e u Be\u010du. Prve demonstracije pokreta Patriotski Evropljani protiv islamizacije Evrope (PEGIDA) u Be\u010du, ve\u010deras su okon\u010dane bez planiranog mar\u0161a kroz centar grada, po\u0161to je vi\u0161e stotina ljevi\u010dara blokiralo put kojim su trebali da pro\u0111u. Pred sam po\u010detak demonstracija PEGIDA-e, i pored zna\u010dajnog prisustva [&hellip;]<\/p>\n","protected":false},"author":83,"featured_media":121254,"comment_status":"open","ping_status":"open","sticky":false,"template":"","format":"standard","meta":{"footnotes":""},"categories":[9539,9,798],"tags":[],"class_list":{"0":"post-121253","1":"post","2":"type-post","3":"status-publish","4":"format-standard","5":"has-post-thumbnail","7":"category-austrija-dijaspora-gradovi-vase-vijesti","8":"category-svijet","9":"category-teme"},"yoast_head":"<!-- This site is optimized with the Yoast SEO Premium plugin v23.1 (Yoast SEO v24.9) - https:\/\/yoast.com\/wordpress\/plugins\/seo\/ -->\n<title>Sprije\u010den mar\u0161 PEGIDA-e u Be\u010du<\/title>\n<meta name=\"robots\" content=\"index, follow, max-snippet:-1, max-image-preview:large, max-video-preview:-1\" \/>\n<link rel=\"canonical\" href=\"https:\/\/sandzakpress.net\/arhiva\/sprijecen-mars-pegida-e-u-becu\/\" \/>\n<meta property=\"og:locale\" content=\"bs_BA\" \/>\n<meta property=\"og:type\" content=\"article\" \/>\n<meta property=\"og:title\" content=\"Sprije\u010den mar\u0161 PEGIDA-e u Be\u010du\" \/>\n<meta property=\"og:description\" content=\"Austrija &#8211; Ljevi\u010dari si sprije\u010dili odr\u017eavanje prvog skupa i protestnog mar\u0161a PEGIDA-e u Be\u010du. Prve demonstracije pokreta Patriotski Evropljani protiv islamizacije Evrope (PEGIDA) u Be\u010du, ve\u010deras su okon\u010dane bez planiranog mar\u0161a kroz centar grada, po\u0161to je vi\u0161e stotina ljevi\u010dara blokiralo put kojim su trebali da pro\u0111u. Pred sam po\u010detak demonstracija PEGIDA-e, i pored zna\u010dajnog prisustva [&hellip;]\" \/>\n<meta property=\"og:url\" content=\"https:\/\/sandzakpress.net\/arhiva\/sprijecen-mars-pegida-e-u-becu\/\" \/>\n<meta property=\"og:site_name\" content=\"Sand\u017eak PRESS\" \/>\n<meta property=\"article:published_time\" content=\"2015-02-03T09:01:07+00:00\" \/>\n<meta property=\"og:image\" content=\"https:\/\/sandzakpress.net\/arhiva\/wp-content\/uploads\/2015\/02\/anti-pegida-bec-skup-reuters-main.jpg\" \/>\n\t<meta property=\"og:image:width\" content=\"600\" \/>\n\t<meta property=\"og:image:height\" content=\"400\" \/>\n\t<meta property=\"og:image:type\" content=\"image\/jpeg\" \/>\n<meta name=\"author\" content=\"bosniak\" \/>\n<meta name=\"twitter:card\" content=\"summary_large_image\" \/>\n<meta name=\"twitter:label1\" content=\"Written by\" \/>\n\t<meta name=\"twitter:data1\" content=\"bosniak\" \/>\n\t<meta name=\"twitter:label2\" content=\"Est. reading time\" \/>\n\t<meta name=\"twitter:data2\" content=\"2 minute\" \/>\n<script type=\"application\/ld+json\" class=\"yoast-schema-graph\">{\"@context\":\"https:\/\/schema.org\",\"@graph\":[{\"@type\":\"Article\",\"@id\":\"https:\/\/sandzakpress.net\/arhiva\/sprijecen-mars-pegida-e-u-becu\/#article\",\"isPartOf\":{\"@id\":\"https:\/\/sandzakpress.net\/arhiva\/sprijecen-mars-pegida-e-u-becu\/\"},\"author\":{\"name\":\"bosniak\",\"@id\":\"https:\/\/sandzakpress.net\/arhiva\/#\/schema\/person\/c8baee722073534b583ea7bdb2e36c02\"},\"headline\":\"Sprije\u010den mar\u0161 PEGIDA-e u Be\u010du\",\"datePublished\":\"2015-02-03T09:01:07+00:00\",\"mainEntityOfPage\":{\"@id\":\"https:\/\/sandzakpress.net\/arhiva\/sprijecen-mars-pegida-e-u-becu\/\"},\"wordCount\":506,\"commentCount\":0,\"publisher\":{\"@id\":\"https:\/\/sandzakpress.net\/arhiva\/#\/schema\/person\/6e72b67d6e51910a1117b3b483ba20bd\"},\"image\":{\"@id\":\"https:\/\/sandzakpress.net\/arhiva\/sprijecen-mars-pegida-e-u-becu\/#primaryimage\"},\"thumbnailUrl\":\"https:\/\/sandzakpress.net\/arhiva\/wp-content\/uploads\/2015\/02\/anti-pegida-bec-skup-reuters-main.jpg\",\"articleSection\":[\"Austrija\",\"Svijet\",\"NAJNOVIJE\"],\"inLanguage\":\"bs-BA\",\"potentialAction\":[{\"@type\":\"CommentAction\",\"name\":\"Comment\",\"target\":[\"https:\/\/sandzakpress.net\/arhiva\/sprijecen-mars-pegida-e-u-becu\/#respond\"]}]},{\"@type\":\"WebPage\",\"@id\":\"https:\/\/sandzakpress.net\/arhiva\/sprijecen-mars-pegida-e-u-becu\/\",\"url\":\"https:\/\/sandzakpress.net\/arhiva\/sprijecen-mars-pegida-e-u-becu\/\",\"name\":\"Sprije\u010den mar\u0161 PEGIDA-e u Be\u010du\",\"isPartOf\":{\"@id\":\"https:\/\/sandzakpress.net\/arhiva\/#website\"},\"primaryImageOfPage\":{\"@id\":\"https:\/\/sandzakpress.net\/arhiva\/sprijecen-mars-pegida-e-u-becu\/#primaryimage\"},\"image\":{\"@id\":\"https:\/\/sandzakpress.net\/arhiva\/sprijecen-mars-pegida-e-u-becu\/#primaryimage\"},\"thumbnailUrl\":\"https:\/\/sandzakpress.net\/arhiva\/wp-content\/uploads\/2015\/02\/anti-pegida-bec-skup-reuters-main.jpg\",\"datePublished\":\"2015-02-03T09:01:07+00:00\",\"breadcrumb\":{\"@id\":\"https:\/\/sandzakpress.net\/arhiva\/sprijecen-mars-pegida-e-u-becu\/#breadcrumb\"},\"inLanguage\":\"bs-BA\",\"potentialAction\":[{\"@type\":\"ReadAction\",\"target\":[\"https:\/\/sandzakpress.net\/arhiva\/sprijecen-mars-pegida-e-u-becu\/\"]}]},{\"@type\":\"ImageObject\",\"inLanguage\":\"bs-BA\",\"@id\":\"https:\/\/sandzakpress.net\/arhiva\/sprijecen-mars-pegida-e-u-becu\/#primaryimage\",\"url\":\"https:\/\/sandzakpress.net\/arhiva\/wp-content\/uploads\/2015\/02\/anti-pegida-bec-skup-reuters-main.jpg\",\"contentUrl\":\"https:\/\/sandzakpress.net\/arhiva\/wp-content\/uploads\/2015\/02\/anti-pegida-bec-skup-reuters-main.jpg\",\"width\":600,\"height\":400},{\"@type\":\"BreadcrumbList\",\"@id\":\"https:\/\/sandzakpress.net\/arhiva\/sprijecen-mars-pegida-e-u-becu\/#breadcrumb\",\"itemListElement\":[{\"@type\":\"ListItem\",\"position\":1,\"name\":\"Home\",\"item\":\"https:\/\/sandzakpress.net\/arhiva\/\"},{\"@type\":\"ListItem\",\"position\":2,\"name\":\"Sprije\u010den mar\u0161 PEGIDA-e u Be\u010du\"}]},{\"@type\":\"WebSite\",\"@id\":\"https:\/\/sandzakpress.net\/arhiva\/#website\",\"url\":\"https:\/\/sandzakpress.net\/arhiva\/\",\"name\":\"Sand\u017eak PRESS\",\"description\":\"Prve elektronske novine u Sand\u017eaku\",\"publisher\":{\"@id\":\"https:\/\/sandzakpress.net\/arhiva\/#\/schema\/person\/6e72b67d6e51910a1117b3b483ba20bd\"},\"potentialAction\":[{\"@type\":\"SearchAction\",\"target\":{\"@type\":\"EntryPoint\",\"urlTemplate\":\"https:\/\/sandzakpress.net\/arhiva\/?s={search_term_string}\"},\"query-input\":{\"@type\":\"PropertyValueSpecification\",\"valueRequired\":true,\"valueName\":\"search_term_string\"}}],\"inLanguage\":\"bs-BA\"},{\"@type\":[\"Person\",\"Organization\"],\"@id\":\"https:\/\/sandzakpress.net\/arhiva\/#\/schema\/person\/6e72b67d6e51910a1117b3b483ba20bd\",\"name\":\"Kul\",\"image\":{\"@type\":\"ImageObject\",\"inLanguage\":\"bs-BA\",\"@id\":\"https:\/\/sandzakpress.net\/arhiva\/#\/schema\/person\/image\/\",\"url\":\"https:\/\/secure.gravatar.com\/avatar\/42263f39aa27ac04c43cab85c280eb2e?s=96&d=mm&r=pg\",\"contentUrl\":\"https:\/\/secure.gravatar.com\/avatar\/42263f39aa27ac04c43cab85c280eb2e?s=96&d=mm&r=pg\",\"caption\":\"Kul\"},\"logo\":{\"@id\":\"https:\/\/sandzakpress.net\/arhiva\/#\/schema\/person\/image\/\"}},{\"@type\":\"Person\",\"@id\":\"https:\/\/sandzakpress.net\/arhiva\/#\/schema\/person\/c8baee722073534b583ea7bdb2e36c02\",\"name\":\"bosniak\",\"image\":{\"@type\":\"ImageObject\",\"inLanguage\":\"bs-BA\",\"@id\":\"https:\/\/sandzakpress.net\/arhiva\/#\/schema\/person\/image\/\",\"url\":\"https:\/\/secure.gravatar.com\/avatar\/a04fd330bfe3a36a72a0ad4a6d89fca7?s=96&d=mm&r=pg\",\"contentUrl\":\"https:\/\/secure.gravatar.com\/avatar\/a04fd330bfe3a36a72a0ad4a6d89fca7?s=96&d=mm&r=pg\",\"caption\":\"bosniak\"},\"url\":\"https:\/\/sandzakpress.net\/arhiva\/author\/bosniak\/\"}]}<\/script>\n<!-- \/ Yoast SEO Premium plugin. -->","yoast_head_json":{"title":"Sprije\u010den mar\u0161 PEGIDA-e u Be\u010du","robots":{"index":"index","follow":"follow","max-snippet":"max-snippet:-1","max-image-preview":"max-image-preview:large","max-video-preview":"max-video-preview:-1"},"canonical":"https:\/\/sandzakpress.net\/arhiva\/sprijecen-mars-pegida-e-u-becu\/","og_locale":"bs_BA","og_type":"article","og_title":"Sprije\u010den mar\u0161 PEGIDA-e u Be\u010du","og_description":"Austrija &#8211; Ljevi\u010dari si sprije\u010dili odr\u017eavanje prvog skupa i protestnog mar\u0161a PEGIDA-e u Be\u010du. Prve demonstracije pokreta Patriotski Evropljani protiv islamizacije Evrope (PEGIDA) u Be\u010du, ve\u010deras su okon\u010dane bez planiranog mar\u0161a kroz centar grada, po\u0161to je vi\u0161e stotina ljevi\u010dara blokiralo put kojim su trebali da pro\u0111u. Pred sam po\u010detak demonstracija PEGIDA-e, i pored zna\u010dajnog prisustva [&hellip;]","og_url":"https:\/\/sandzakpress.net\/arhiva\/sprijecen-mars-pegida-e-u-becu\/","og_site_name":"Sand\u017eak PRESS","article_published_time":"2015-02-03T09:01:07+00:00","og_image":[{"width":600,"height":400,"url":"https:\/\/sandzakpress.net\/arhiva\/wp-content\/uploads\/2015\/02\/anti-pegida-bec-skup-reuters-main.jpg","type":"image\/jpeg"}],"author":"bosniak","twitter_card":"summary_large_image","twitter_misc":{"Written by":"bosniak","Est. reading time":"2 minute"},"schema":{"@context":"https:\/\/schema.org","@graph":[{"@type":"Article","@id":"https:\/\/sandzakpress.net\/arhiva\/sprijecen-mars-pegida-e-u-becu\/#article","isPartOf":{"@id":"https:\/\/sandzakpress.net\/arhiva\/sprijecen-mars-pegida-e-u-becu\/"},"author":{"name":"bosniak","@id":"https:\/\/sandzakpress.net\/arhiva\/#\/schema\/person\/c8baee722073534b583ea7bdb2e36c02"},"headline":"Sprije\u010den mar\u0161 PEGIDA-e u Be\u010du","datePublished":"2015-02-03T09:01:07+00:00","mainEntityOfPage":{"@id":"https:\/\/sandzakpress.net\/arhiva\/sprijecen-mars-pegida-e-u-becu\/"},"wordCount":506,"commentCount":0,"publisher":{"@id":"https:\/\/sandzakpress.net\/arhiva\/#\/schema\/person\/6e72b67d6e51910a1117b3b483ba20bd"},"image":{"@id":"https:\/\/sandzakpress.net\/arhiva\/sprijecen-mars-pegida-e-u-becu\/#primaryimage"},"thumbnailUrl":"https:\/\/sandzakpress.net\/arhiva\/wp-content\/uploads\/2015\/02\/anti-pegida-bec-skup-reuters-main.jpg","articleSection":["Austrija","Svijet","NAJNOVIJE"],"inLanguage":"bs-BA","potentialAction":[{"@type":"CommentAction","name":"Comment","target":["https:\/\/sandzakpress.net\/arhiva\/sprijecen-mars-pegida-e-u-becu\/#respond"]}]},{"@type":"WebPage","@id":"https:\/\/sandzakpress.net\/arhiva\/sprijecen-mars-pegida-e-u-becu\/","url":"https:\/\/sandzakpress.net\/arhiva\/sprijecen-mars-pegida-e-u-becu\/","name":"Sprije\u010den mar\u0161 PEGIDA-e u Be\u010du","isPartOf":{"@id":"https:\/\/sandzakpress.net\/arhiva\/#website"},"primaryImageOfPage":{"@id":"https:\/\/sandzakpress.net\/arhiva\/sprijecen-mars-pegida-e-u-becu\/#primaryimage"},"image":{"@id":"https:\/\/sandzakpress.net\/arhiva\/sprijecen-mars-pegida-e-u-becu\/#primaryimage"},"thumbnailUrl":"https:\/\/sandzakpress.net\/arhiva\/wp-content\/uploads\/2015\/02\/anti-pegida-bec-skup-reuters-main.jpg","datePublished":"2015-02-03T09:01:07+00:00","breadcrumb":{"@id":"https:\/\/sandzakpress.net\/arhiva\/sprijecen-mars-pegida-e-u-becu\/#breadcrumb"},"inLanguage":"bs-BA","potentialAction":[{"@type":"ReadAction","target":["https:\/\/sandzakpress.net\/arhiva\/sprijecen-mars-pegida-e-u-becu\/"]}]},{"@type":"ImageObject","inLanguage":"bs-BA","@id":"https:\/\/sandzakpress.net\/arhiva\/sprijecen-mars-pegida-e-u-becu\/#primaryimage","url":"https:\/\/sandzakpress.net\/arhiva\/wp-content\/uploads\/2015\/02\/anti-pegida-bec-skup-reuters-main.jpg","contentUrl":"https:\/\/sandzakpress.net\/arhiva\/wp-content\/uploads\/2015\/02\/anti-pegida-bec-skup-reuters-main.jpg","width":600,"height":400},{"@type":"BreadcrumbList","@id":"https:\/\/sandzakpress.net\/arhiva\/sprijecen-mars-pegida-e-u-becu\/#breadcrumb","itemListElement":[{"@type":"ListItem","position":1,"name":"Home","item":"https:\/\/sandzakpress.net\/arhiva\/"},{"@type":"ListItem","position":2,"name":"Sprije\u010den mar\u0161 PEGIDA-e u Be\u010du"}]},{"@type":"WebSite","@id":"https:\/\/sandzakpress.net\/arhiva\/#website","url":"https:\/\/sandzakpress.net\/arhiva\/","name":"Sand\u017eak PRESS","description":"Prve elektronske novine u Sand\u017eaku","publisher":{"@id":"https:\/\/sandzakpress.net\/arhiva\/#\/schema\/person\/6e72b67d6e51910a1117b3b483ba20bd"},"potentialAction":[{"@type":"SearchAction","target":{"@type":"EntryPoint","urlTemplate":"https:\/\/sandzakpress.net\/arhiva\/?s={search_term_string}"},"query-input":{"@type":"PropertyValueSpecification","valueRequired":true,"valueName":"search_term_string"}}],"inLanguage":"bs-BA"},{"@type":["Person","Organization"],"@id":"https:\/\/sandzakpress.net\/arhiva\/#\/schema\/person\/6e72b67d6e51910a1117b3b483ba20bd","name":"Kul","image":{"@type":"ImageObject","inLanguage":"bs-BA","@id":"https:\/\/sandzakpress.net\/arhiva\/#\/schema\/person\/image\/","url":"https:\/\/secure.gravatar.com\/avatar\/42263f39aa27ac04c43cab85c280eb2e?s=96&d=mm&r=pg","contentUrl":"https:\/\/secure.gravatar.com\/avatar\/42263f39aa27ac04c43cab85c280eb2e?s=96&d=mm&r=pg","caption":"Kul"},"logo":{"@id":"https:\/\/sandzakpress.net\/arhiva\/#\/schema\/person\/image\/"}},{"@type":"Person","@id":"https:\/\/sandzakpress.net\/arhiva\/#\/schema\/person\/c8baee722073534b583ea7bdb2e36c02","name":"bosniak","image":{"@type":"ImageObject","inLanguage":"bs-BA","@id":"https:\/\/sandzakpress.net\/arhiva\/#\/schema\/person\/image\/","url":"https:\/\/secure.gravatar.com\/avatar\/a04fd330bfe3a36a72a0ad4a6d89fca7?s=96&d=mm&r=pg","contentUrl":"https:\/\/secure.gravatar.com\/avatar\/a04fd330bfe3a36a72a0ad4a6d89fca7?s=96&d=mm&r=pg","caption":"bosniak"},"url":"https:\/\/sandzakpress.net\/arhiva\/author\/bosniak\/"}]}},"_links":{"self":[{"href":"https:\/\/sandzakpress.net\/arhiva\/wp-json\/wp\/v2\/posts\/121253"}],"collection":[{"href":"https:\/\/sandzakpress.net\/arhiva\/wp-json\/wp\/v2\/posts"}],"about":[{"href":"https:\/\/sandzakpress.net\/arhiva\/wp-json\/wp\/v2\/types\/post"}],"author":[{"embeddable":true,"href":"https:\/\/sandzakpress.net\/arhiva\/wp-json\/wp\/v2\/users\/83"}],"replies":[{"embeddable":true,"href":"https:\/\/sandzakpress.net\/arhiva\/wp-json\/wp\/v2\/comments?post=121253"}],"version-history":[{"count":0,"href":"https:\/\/sandzakpress.net\/arhiva\/wp-json\/wp\/v2\/posts\/121253\/revisions"}],"wp:featuredmedia":[{"embeddable":true,"href":"https:\/\/sandzakpress.net\/arhiva\/wp-json\/wp\/v2\/media\/121254"}],"wp:attachment":[{"href":"https:\/\/sandzakpress.net\/arhiva\/wp-json\/wp\/v2\/media?parent=121253"}],"wp:term":[{"taxonomy":"category","embeddable":true,"href":"https:\/\/sandzakpress.net\/arhiva\/wp-json\/wp\/v2\/categories?post=121253"},{"taxonomy":"post_tag","embeddable":true,"href":"https:\/\/sandzakpress.net\/arhiva\/wp-json\/wp\/v2\/tags?post=121253"}],"curies":[{"name":"wp","href":"https:\/\/api.w.org\/{rel}","templated":true}]}}