{"id":12112,"date":"2011-02-04T07:59:03","date_gmt":"2011-02-04T06:59:03","guid":{"rendered":"https:\/\/sandzakpress.net\/arhiva\/?p=12112"},"modified":"2011-02-04T07:59:03","modified_gmt":"2011-02-04T06:59:03","slug":"bnv-je-izabran","status":"publish","type":"post","link":"https:\/\/sandzakpress.net\/arhiva\/bnv-je-izabran\/","title":{"rendered":"BNV je izabran"},"content":{"rendered":"<figure id=\"attachment_12113\" aria-describedby=\"caption-attachment-12113\" style=\"width: 156px\" class=\"wp-caption alignleft\"><a href=\"https:\/\/sandzakpress.net\/arhiva\/wp-content\/uploads\/2011\/02\/hajdarevic-ldp_thumb_medium156_122.jpg\"><img loading=\"lazy\" decoding=\"async\" class=\"size-full wp-image-12113\" title=\"hajdarevic-ldp_thumb_medium156_122\" src=\"https:\/\/sandzakpress.net\/arhiva\/wp-content\/uploads\/2011\/02\/hajdarevic-ldp_thumb_medium156_122.jpg\" alt=\"\" width=\"156\" height=\"122\" \/><\/a><figcaption id=\"caption-attachment-12113\" class=\"wp-caption-text\">Kenan Hajdarevi\u0107, narodni poslanik<\/figcaption><\/figure>\n<p><strong>U\u0161li smo u predizbornu godinu i sutra\u0161nji miting SNS i NS dio je predizbornih aktivnosti i politikanstva, rekao je u intervju za Sand\u017eak Danas narodni poslanik LDP iz Priboja Kenan Hajdarevi\u0107.<\/strong><\/p>\n<p>On smatra da je re\u010d o populizmu i poku\u0161aju naprednjaka da sakriju o\u010diglednu \u010dinjenicu da su u klju\u010dnim politi\u010dkim i ekonomskim odlukama koje su dovele do toga da se danas u Srbiji ovako \u017eivi, oni bili najvjerniji saveznici sada\u0161nje i prethodne vlasti. &#8220;Zajedno su glasali za prodaju NIS, energetski sporazum, Ustav, podr\u017eavljenje preduze\u0107a&#8230;&#8221;, podsje\u0107a Hajdarevi\u0107.<\/p>\n<p><strong>U ovako te\u0161koj ekonomskoj situaciji u kojoj je Srbija, posebno op\u0161tine jugozapadne Srbije, dodatnu zabrinutost gra\u0111ana Sand\u017eaka, posebno Srba, izazivaju \u010desto zapaljive izjave muftije Zukorli\u0107a, koji ne propu\u0161ta priliku da najavi autonomiju. Da li LDP i vi podr\u017eavate ovakav stav muftije Zukorli\u0107a?<\/strong><\/p>\n<p>&#8211; Stav LDP o problemima Sand\u017eaka je isti godinama i krajnje principijelan. Lista BKZ, koju je vodio Muftija Zukorli\u0107, dobila je podr\u0161ku LDP, prijevashodno jer je jasno artikulisala probleme Bo\u0161njaka i ukazala da devastiranje ovog podru\u010dija dolazi kako od vlada u Beogradu, tako i od bo\u0161nja\u010dkih nacionalnih partija, koje zarad participiranja u vlasti zanemaruju ovaj kraj i probleme. Na izborima za nacionalni savjet ta lista je osvojila najvi\u0161e glasova i pobijedila i to je dokaz da smo bili u pravu. Retorika muftije je bila isprovocirana od re\u017eima, a onda medijski i politi\u010dki zloupotrebljena od istih onih koji danas ponovo u prvi plan isturaju izjave usmjerene prema Bo\u0161njacima i njihovim nacionalnim osje\u0107anjima, kojima se poigravaju i SDA i Sulejman Ugljanin. Ne znam kakve \u0107e koristi Bo\u0161njaci i Srbi, a najmanje Sand\u017eak imati od ministra bez portfelja koje izmi\u0161lja da \u0107e turski avioprevoznik kupiti JAT? LDP je integrativna snaga u Sand\u017eaku u svakom smislu i i krajnje ozbiljno smo pristupili analizi strahova i problema srpske i bo\u0161nja\u010dke zajednice. Razvoj demokratije i gra\u0111anskog dru\u0161tva, \u0161to je osnov delovanja LDP, jedino je re\u0161enje za ovakve vi\u0161enacionalne sredine. Smatramo da \u0107e se sveobuhvatnim programom revitalizacije ovog kraja, uspostavljanjem jedinstvene Islamske zajednice u Srbiji, omogu\u0107iti sprovo\u0111enje onoga \u0161to smo govorili &#8220;popovi u crkve, a hod\u017ee u d\u017eamiju&#8221;.<\/p>\n<p><strong>Da li mislite da su Bo\u0161njaci u Sand\u017eaku i u Priboju ugro\u017eeni ?<\/strong><\/p>\n<p>&#8211; Raznim pogre\u0161nim i \u010desto protivzakonitim potezima dr\u017eava je dugo u kontinuitetu kr\u0161ila odre\u0111ena prava Bo\u0161njaka, od konstituisanja paralelne i fantomske Islamske zajednice Srbije, preko neuvo\u0111enja bosanskog jezika u slu\u017ebenu upotrebu, neodobravanja akreditacije Internacionalnog univerziteta do sramotnih odluka i krivi\u010dnih dijela koja su predmet sudskih postupaka u vrijeme i nakon izbora za Nacionalno savjet Bo\u0161njaka. Mora se biti realan i re\u0107i da kr\u0161enja elementarnih prava zagarantovanih zakonima i Ustavom, ima za posljedicu da ni ve\u0107inski narod na ovom prostoru nema prosperitet.<\/p>\n<p><strong>U aprilu su izbor za nacionalni savjet Bo\u0161njaka. Ostaje li LDP pri stavu da \u0107e zajedno sa pojedinim bo\u0161nja\u010dkim institucijama pozvati Bo\u0161njake na bojkot?<\/strong><\/p>\n<p>&#8211; \u0160to se nas ti\u010de Nacionalno savjet Bo\u0161njaka je izabran na prethodnim izborima i formiran. Ne mo\u017eemo podr\u017eati da nove izbore organizuju Ministarstvo i ljudi koji su zbog svojih, dokazano nezakonitih, radnji i propusta na prethodnim predmet interesovanja nezavisnih regulatornih tijela u Srbiji, kao i tu\u017eila\u0161tva. Sva muljanja i atmosferu koju su ministar \u010cipli\u0107 i njegovo Ministarstvo, uz pomo\u0107 SDP i SDA, stvorili za prethodne izbore ne garantuju ni minimum regularnosti niti uvjeravaju da bi ovi izbori bili i\u0161ta drugo do obi\u010dna farsa i izvrgavanje ruglu dr\u017eave Srbije i njenih zakona.<\/p>\n<p><strong>Prema posljednjim decembarskim statisti\u010dkim pokazateljima Priboj je na za\u010delju tabele po primanjima. Koliko kao narodni poslanik mo\u017eete da pomognete Priboju i kakvu saradnju imate sa lokalnom vla\u0161\u0107u?<\/strong><\/p>\n<p>&#8211; Da bi bila saradnja sa lokalnom vla\u0161\u0107u, neophodno je da postoji \u017eelja obe strane. Kao narodni poslanik sam, kao \u0161to su to mediji ve\u0107 prenijeli, postavio najvi\u0161e poslani\u010dkih pitanja u Skup\u0161tini i ve\u0107ina se odnosila na Priboj i ovaj kraj. Na to sam veoma ponosan, ali i potpuno svjestan da je to malo obzirom na situaciju. LDP-a Priboja i ja kao narodni poslanik smo u januaru donijeli akcioni plan djelovanja stranke koji sve na\u0161e \u010dlanove, prijatelje i simpatizere obavezuje da se fokusiraju na pokretanje i re\u0161enje svakodnevnih problema na\u0161ih sugra\u0111ana, mladih, polo\u017eaja \u017eena, obrazovanja i kulture, tako da o\u010dekujemo da se gra\u0111ani bez obzira na vjeru, pol ili naciju uklju\u010de u ove aktivnosti kako bi Priboju i ovom dijelu Srbije vratili sve atribute koje su nekada imali.<\/p>\n<p><strong>U Priboju i Novom Pazaru imate i kancelariju narodnog poslanika. Da li vam se obra\u0107aju gra\u0111ani za pomo\u0107 i za \u0161ta naj\u010de\u0161\u0107e?<\/strong><\/p>\n<p>&#8211; Veliki je broj gra\u0111ana koji se obra\u0107a i kancelarija je vi\u0161e nego opravdala svoju svrhu postojanja. Zadovoljni gra\u0111ani su najbolji pokazatelj njenog rada i mog odnosa prema tim problemima. Pozivam sve gra\u0111ane da do\u0111u zbog bilo kog problema u kancelariju i uvjere se da kroz na\u0161u interakciju mo\u017eemo da postignemo i re\u0161enje nekih problema. Re\u0161enje nekih na \u017ealost mo\u017eemo samo pokrenuti, ali mislim da je i to jedan od osnovnih postulata demokratije, da zajedno prepoznamo i pokrenemo re\u0161enje problema u gradu pa da ih onda poku\u0161amo i rije\u0161iti na obostrano zadovoljstvo.<\/p>\n<p>Izvor: <strong>SandzakLive.rs<\/strong><\/p>\n","protected":false},"excerpt":{"rendered":"<p>U\u0161li smo u predizbornu godinu i sutra\u0161nji miting SNS i NS dio je predizbornih aktivnosti i politikanstva, rekao je u intervju za Sand\u017eak Danas narodni poslanik LDP iz Priboja Kenan Hajdarevi\u0107. On smatra da je re\u010d o populizmu i poku\u0161aju naprednjaka da sakriju o\u010diglednu \u010dinjenicu da su u klju\u010dnim politi\u010dkim i ekonomskim odlukama koje su [&hellip;]<\/p>\n","protected":false},"author":83,"featured_media":12113,"comment_status":"open","ping_status":"open","sticky":false,"template":"","format":"standard","meta":{"footnotes":""},"categories":[393],"tags":[],"class_list":{"0":"post-12112","1":"post","2":"type-post","3":"status-publish","4":"format-standard","5":"has-post-thumbnail","7":"category-priboj"},"yoast_head":"<!-- This site is optimized with the Yoast SEO Premium plugin v23.1 (Yoast SEO v24.9) - https:\/\/yoast.com\/wordpress\/plugins\/seo\/ -->\n<title>BNV je izabran<\/title>\n<meta name=\"robots\" content=\"index, follow, max-snippet:-1, max-image-preview:large, max-video-preview:-1\" \/>\n<link rel=\"canonical\" href=\"https:\/\/sandzakpress.net\/arhiva\/bnv-je-izabran\/\" \/>\n<meta property=\"og:locale\" content=\"bs_BA\" \/>\n<meta property=\"og:type\" content=\"article\" \/>\n<meta property=\"og:title\" content=\"BNV je izabran\" \/>\n<meta property=\"og:description\" content=\"U\u0161li smo u predizbornu godinu i sutra\u0161nji miting SNS i NS dio je predizbornih aktivnosti i politikanstva, rekao je u intervju za Sand\u017eak Danas narodni poslanik LDP iz Priboja Kenan Hajdarevi\u0107. On smatra da je re\u010d o populizmu i poku\u0161aju naprednjaka da sakriju o\u010diglednu \u010dinjenicu da su u klju\u010dnim politi\u010dkim i ekonomskim odlukama koje su [&hellip;]\" \/>\n<meta property=\"og:url\" content=\"https:\/\/sandzakpress.net\/arhiva\/bnv-je-izabran\/\" \/>\n<meta property=\"og:site_name\" content=\"Sand\u017eak PRESS\" \/>\n<meta property=\"article:published_time\" content=\"2011-02-04T06:59:03+00:00\" \/>\n<meta property=\"og:image\" content=\"https:\/\/sandzakpress.net\/arhiva\/wp-content\/uploads\/2011\/02\/hajdarevic-ldp_thumb_medium156_122.jpg\" \/>\n\t<meta property=\"og:image:width\" content=\"156\" \/>\n\t<meta property=\"og:image:height\" content=\"122\" \/>\n\t<meta property=\"og:image:type\" content=\"image\/jpeg\" \/>\n<meta name=\"author\" content=\"bosniak\" \/>\n<meta name=\"twitter:card\" content=\"summary_large_image\" \/>\n<meta name=\"twitter:label1\" content=\"Written by\" \/>\n\t<meta name=\"twitter:data1\" content=\"bosniak\" \/>\n\t<meta name=\"twitter:label2\" content=\"Est. reading time\" \/>\n\t<meta name=\"twitter:data2\" content=\"5 minuta\" \/>\n<script type=\"application\/ld+json\" class=\"yoast-schema-graph\">{\"@context\":\"https:\/\/schema.org\",\"@graph\":[{\"@type\":\"Article\",\"@id\":\"https:\/\/sandzakpress.net\/arhiva\/bnv-je-izabran\/#article\",\"isPartOf\":{\"@id\":\"https:\/\/sandzakpress.net\/arhiva\/bnv-je-izabran\/\"},\"author\":{\"name\":\"bosniak\",\"@id\":\"https:\/\/sandzakpress.net\/arhiva\/#\/schema\/person\/c8baee722073534b583ea7bdb2e36c02\"},\"headline\":\"BNV je izabran\",\"datePublished\":\"2011-02-04T06:59:03+00:00\",\"mainEntityOfPage\":{\"@id\":\"https:\/\/sandzakpress.net\/arhiva\/bnv-je-izabran\/\"},\"wordCount\":941,\"commentCount\":0,\"publisher\":{\"@id\":\"https:\/\/sandzakpress.net\/arhiva\/#\/schema\/person\/6e72b67d6e51910a1117b3b483ba20bd\"},\"image\":{\"@id\":\"https:\/\/sandzakpress.net\/arhiva\/bnv-je-izabran\/#primaryimage\"},\"thumbnailUrl\":\"https:\/\/sandzakpress.net\/arhiva\/wp-content\/uploads\/2011\/02\/hajdarevic-ldp_thumb_medium156_122.jpg\",\"articleSection\":[\"Priboj\"],\"inLanguage\":\"bs-BA\",\"potentialAction\":[{\"@type\":\"CommentAction\",\"name\":\"Comment\",\"target\":[\"https:\/\/sandzakpress.net\/arhiva\/bnv-je-izabran\/#respond\"]}]},{\"@type\":\"WebPage\",\"@id\":\"https:\/\/sandzakpress.net\/arhiva\/bnv-je-izabran\/\",\"url\":\"https:\/\/sandzakpress.net\/arhiva\/bnv-je-izabran\/\",\"name\":\"BNV je izabran\",\"isPartOf\":{\"@id\":\"https:\/\/sandzakpress.net\/arhiva\/#website\"},\"primaryImageOfPage\":{\"@id\":\"https:\/\/sandzakpress.net\/arhiva\/bnv-je-izabran\/#primaryimage\"},\"image\":{\"@id\":\"https:\/\/sandzakpress.net\/arhiva\/bnv-je-izabran\/#primaryimage\"},\"thumbnailUrl\":\"https:\/\/sandzakpress.net\/arhiva\/wp-content\/uploads\/2011\/02\/hajdarevic-ldp_thumb_medium156_122.jpg\",\"datePublished\":\"2011-02-04T06:59:03+00:00\",\"breadcrumb\":{\"@id\":\"https:\/\/sandzakpress.net\/arhiva\/bnv-je-izabran\/#breadcrumb\"},\"inLanguage\":\"bs-BA\",\"potentialAction\":[{\"@type\":\"ReadAction\",\"target\":[\"https:\/\/sandzakpress.net\/arhiva\/bnv-je-izabran\/\"]}]},{\"@type\":\"ImageObject\",\"inLanguage\":\"bs-BA\",\"@id\":\"https:\/\/sandzakpress.net\/arhiva\/bnv-je-izabran\/#primaryimage\",\"url\":\"https:\/\/sandzakpress.net\/arhiva\/wp-content\/uploads\/2011\/02\/hajdarevic-ldp_thumb_medium156_122.jpg\",\"contentUrl\":\"https:\/\/sandzakpress.net\/arhiva\/wp-content\/uploads\/2011\/02\/hajdarevic-ldp_thumb_medium156_122.jpg\",\"width\":156,\"height\":122},{\"@type\":\"BreadcrumbList\",\"@id\":\"https:\/\/sandzakpress.net\/arhiva\/bnv-je-izabran\/#breadcrumb\",\"itemListElement\":[{\"@type\":\"ListItem\",\"position\":1,\"name\":\"Home\",\"item\":\"https:\/\/sandzakpress.net\/arhiva\/\"},{\"@type\":\"ListItem\",\"position\":2,\"name\":\"BNV je izabran\"}]},{\"@type\":\"WebSite\",\"@id\":\"https:\/\/sandzakpress.net\/arhiva\/#website\",\"url\":\"https:\/\/sandzakpress.net\/arhiva\/\",\"name\":\"Sand\u017eak PRESS\",\"description\":\"Prve elektronske novine u Sand\u017eaku\",\"publisher\":{\"@id\":\"https:\/\/sandzakpress.net\/arhiva\/#\/schema\/person\/6e72b67d6e51910a1117b3b483ba20bd\"},\"potentialAction\":[{\"@type\":\"SearchAction\",\"target\":{\"@type\":\"EntryPoint\",\"urlTemplate\":\"https:\/\/sandzakpress.net\/arhiva\/?s={search_term_string}\"},\"query-input\":{\"@type\":\"PropertyValueSpecification\",\"valueRequired\":true,\"valueName\":\"search_term_string\"}}],\"inLanguage\":\"bs-BA\"},{\"@type\":[\"Person\",\"Organization\"],\"@id\":\"https:\/\/sandzakpress.net\/arhiva\/#\/schema\/person\/6e72b67d6e51910a1117b3b483ba20bd\",\"name\":\"Kul\",\"image\":{\"@type\":\"ImageObject\",\"inLanguage\":\"bs-BA\",\"@id\":\"https:\/\/sandzakpress.net\/arhiva\/#\/schema\/person\/image\/\",\"url\":\"https:\/\/secure.gravatar.com\/avatar\/42263f39aa27ac04c43cab85c280eb2e?s=96&d=mm&r=pg\",\"contentUrl\":\"https:\/\/secure.gravatar.com\/avatar\/42263f39aa27ac04c43cab85c280eb2e?s=96&d=mm&r=pg\",\"caption\":\"Kul\"},\"logo\":{\"@id\":\"https:\/\/sandzakpress.net\/arhiva\/#\/schema\/person\/image\/\"}},{\"@type\":\"Person\",\"@id\":\"https:\/\/sandzakpress.net\/arhiva\/#\/schema\/person\/c8baee722073534b583ea7bdb2e36c02\",\"name\":\"bosniak\",\"image\":{\"@type\":\"ImageObject\",\"inLanguage\":\"bs-BA\",\"@id\":\"https:\/\/sandzakpress.net\/arhiva\/#\/schema\/person\/image\/\",\"url\":\"https:\/\/secure.gravatar.com\/avatar\/a04fd330bfe3a36a72a0ad4a6d89fca7?s=96&d=mm&r=pg\",\"contentUrl\":\"https:\/\/secure.gravatar.com\/avatar\/a04fd330bfe3a36a72a0ad4a6d89fca7?s=96&d=mm&r=pg\",\"caption\":\"bosniak\"},\"url\":\"https:\/\/sandzakpress.net\/arhiva\/author\/bosniak\/\"}]}<\/script>\n<!-- \/ Yoast SEO Premium plugin. -->","yoast_head_json":{"title":"BNV je izabran","robots":{"index":"index","follow":"follow","max-snippet":"max-snippet:-1","max-image-preview":"max-image-preview:large","max-video-preview":"max-video-preview:-1"},"canonical":"https:\/\/sandzakpress.net\/arhiva\/bnv-je-izabran\/","og_locale":"bs_BA","og_type":"article","og_title":"BNV je izabran","og_description":"U\u0161li smo u predizbornu godinu i sutra\u0161nji miting SNS i NS dio je predizbornih aktivnosti i politikanstva, rekao je u intervju za Sand\u017eak Danas narodni poslanik LDP iz Priboja Kenan Hajdarevi\u0107. On smatra da je re\u010d o populizmu i poku\u0161aju naprednjaka da sakriju o\u010diglednu \u010dinjenicu da su u klju\u010dnim politi\u010dkim i ekonomskim odlukama koje su [&hellip;]","og_url":"https:\/\/sandzakpress.net\/arhiva\/bnv-je-izabran\/","og_site_name":"Sand\u017eak PRESS","article_published_time":"2011-02-04T06:59:03+00:00","og_image":[{"width":156,"height":122,"url":"https:\/\/sandzakpress.net\/arhiva\/wp-content\/uploads\/2011\/02\/hajdarevic-ldp_thumb_medium156_122.jpg","type":"image\/jpeg"}],"author":"bosniak","twitter_card":"summary_large_image","twitter_misc":{"Written by":"bosniak","Est. reading time":"5 minuta"},"schema":{"@context":"https:\/\/schema.org","@graph":[{"@type":"Article","@id":"https:\/\/sandzakpress.net\/arhiva\/bnv-je-izabran\/#article","isPartOf":{"@id":"https:\/\/sandzakpress.net\/arhiva\/bnv-je-izabran\/"},"author":{"name":"bosniak","@id":"https:\/\/sandzakpress.net\/arhiva\/#\/schema\/person\/c8baee722073534b583ea7bdb2e36c02"},"headline":"BNV je izabran","datePublished":"2011-02-04T06:59:03+00:00","mainEntityOfPage":{"@id":"https:\/\/sandzakpress.net\/arhiva\/bnv-je-izabran\/"},"wordCount":941,"commentCount":0,"publisher":{"@id":"https:\/\/sandzakpress.net\/arhiva\/#\/schema\/person\/6e72b67d6e51910a1117b3b483ba20bd"},"image":{"@id":"https:\/\/sandzakpress.net\/arhiva\/bnv-je-izabran\/#primaryimage"},"thumbnailUrl":"https:\/\/sandzakpress.net\/arhiva\/wp-content\/uploads\/2011\/02\/hajdarevic-ldp_thumb_medium156_122.jpg","articleSection":["Priboj"],"inLanguage":"bs-BA","potentialAction":[{"@type":"CommentAction","name":"Comment","target":["https:\/\/sandzakpress.net\/arhiva\/bnv-je-izabran\/#respond"]}]},{"@type":"WebPage","@id":"https:\/\/sandzakpress.net\/arhiva\/bnv-je-izabran\/","url":"https:\/\/sandzakpress.net\/arhiva\/bnv-je-izabran\/","name":"BNV je izabran","isPartOf":{"@id":"https:\/\/sandzakpress.net\/arhiva\/#website"},"primaryImageOfPage":{"@id":"https:\/\/sandzakpress.net\/arhiva\/bnv-je-izabran\/#primaryimage"},"image":{"@id":"https:\/\/sandzakpress.net\/arhiva\/bnv-je-izabran\/#primaryimage"},"thumbnailUrl":"https:\/\/sandzakpress.net\/arhiva\/wp-content\/uploads\/2011\/02\/hajdarevic-ldp_thumb_medium156_122.jpg","datePublished":"2011-02-04T06:59:03+00:00","breadcrumb":{"@id":"https:\/\/sandzakpress.net\/arhiva\/bnv-je-izabran\/#breadcrumb"},"inLanguage":"bs-BA","potentialAction":[{"@type":"ReadAction","target":["https:\/\/sandzakpress.net\/arhiva\/bnv-je-izabran\/"]}]},{"@type":"ImageObject","inLanguage":"bs-BA","@id":"https:\/\/sandzakpress.net\/arhiva\/bnv-je-izabran\/#primaryimage","url":"https:\/\/sandzakpress.net\/arhiva\/wp-content\/uploads\/2011\/02\/hajdarevic-ldp_thumb_medium156_122.jpg","contentUrl":"https:\/\/sandzakpress.net\/arhiva\/wp-content\/uploads\/2011\/02\/hajdarevic-ldp_thumb_medium156_122.jpg","width":156,"height":122},{"@type":"BreadcrumbList","@id":"https:\/\/sandzakpress.net\/arhiva\/bnv-je-izabran\/#breadcrumb","itemListElement":[{"@type":"ListItem","position":1,"name":"Home","item":"https:\/\/sandzakpress.net\/arhiva\/"},{"@type":"ListItem","position":2,"name":"BNV je izabran"}]},{"@type":"WebSite","@id":"https:\/\/sandzakpress.net\/arhiva\/#website","url":"https:\/\/sandzakpress.net\/arhiva\/","name":"Sand\u017eak PRESS","description":"Prve elektronske novine u Sand\u017eaku","publisher":{"@id":"https:\/\/sandzakpress.net\/arhiva\/#\/schema\/person\/6e72b67d6e51910a1117b3b483ba20bd"},"potentialAction":[{"@type":"SearchAction","target":{"@type":"EntryPoint","urlTemplate":"https:\/\/sandzakpress.net\/arhiva\/?s={search_term_string}"},"query-input":{"@type":"PropertyValueSpecification","valueRequired":true,"valueName":"search_term_string"}}],"inLanguage":"bs-BA"},{"@type":["Person","Organization"],"@id":"https:\/\/sandzakpress.net\/arhiva\/#\/schema\/person\/6e72b67d6e51910a1117b3b483ba20bd","name":"Kul","image":{"@type":"ImageObject","inLanguage":"bs-BA","@id":"https:\/\/sandzakpress.net\/arhiva\/#\/schema\/person\/image\/","url":"https:\/\/secure.gravatar.com\/avatar\/42263f39aa27ac04c43cab85c280eb2e?s=96&d=mm&r=pg","contentUrl":"https:\/\/secure.gravatar.com\/avatar\/42263f39aa27ac04c43cab85c280eb2e?s=96&d=mm&r=pg","caption":"Kul"},"logo":{"@id":"https:\/\/sandzakpress.net\/arhiva\/#\/schema\/person\/image\/"}},{"@type":"Person","@id":"https:\/\/sandzakpress.net\/arhiva\/#\/schema\/person\/c8baee722073534b583ea7bdb2e36c02","name":"bosniak","image":{"@type":"ImageObject","inLanguage":"bs-BA","@id":"https:\/\/sandzakpress.net\/arhiva\/#\/schema\/person\/image\/","url":"https:\/\/secure.gravatar.com\/avatar\/a04fd330bfe3a36a72a0ad4a6d89fca7?s=96&d=mm&r=pg","contentUrl":"https:\/\/secure.gravatar.com\/avatar\/a04fd330bfe3a36a72a0ad4a6d89fca7?s=96&d=mm&r=pg","caption":"bosniak"},"url":"https:\/\/sandzakpress.net\/arhiva\/author\/bosniak\/"}]}},"_links":{"self":[{"href":"https:\/\/sandzakpress.net\/arhiva\/wp-json\/wp\/v2\/posts\/12112"}],"collection":[{"href":"https:\/\/sandzakpress.net\/arhiva\/wp-json\/wp\/v2\/posts"}],"about":[{"href":"https:\/\/sandzakpress.net\/arhiva\/wp-json\/wp\/v2\/types\/post"}],"author":[{"embeddable":true,"href":"https:\/\/sandzakpress.net\/arhiva\/wp-json\/wp\/v2\/users\/83"}],"replies":[{"embeddable":true,"href":"https:\/\/sandzakpress.net\/arhiva\/wp-json\/wp\/v2\/comments?post=12112"}],"version-history":[{"count":0,"href":"https:\/\/sandzakpress.net\/arhiva\/wp-json\/wp\/v2\/posts\/12112\/revisions"}],"wp:featuredmedia":[{"embeddable":true,"href":"https:\/\/sandzakpress.net\/arhiva\/wp-json\/wp\/v2\/media\/12113"}],"wp:attachment":[{"href":"https:\/\/sandzakpress.net\/arhiva\/wp-json\/wp\/v2\/media?parent=12112"}],"wp:term":[{"taxonomy":"category","embeddable":true,"href":"https:\/\/sandzakpress.net\/arhiva\/wp-json\/wp\/v2\/categories?post=12112"},{"taxonomy":"post_tag","embeddable":true,"href":"https:\/\/sandzakpress.net\/arhiva\/wp-json\/wp\/v2\/tags?post=12112"}],"curies":[{"name":"wp","href":"https:\/\/api.w.org\/{rel}","templated":true}]}}