{"id":121080,"date":"2015-02-01T14:59:46","date_gmt":"2015-02-01T13:59:46","guid":{"rendered":"https:\/\/sandzakpress.net\/arhiva\/?p=121080"},"modified":"2015-02-01T15:08:27","modified_gmt":"2015-02-01T14:08:27","slug":"kuran-je-probudio-moju-kcerkicu-iz-kome","status":"publish","type":"post","link":"https:\/\/sandzakpress.net\/arhiva\/kuran-je-probudio-moju-kcerkicu-iz-kome\/","title":{"rendered":"Kur\u2019an je probudio moju k\u0107erkicu iz kome"},"content":{"rendered":"<p><img loading=\"lazy\" decoding=\"async\" class=\"aligncenter size-full wp-image-121081\" src=\"https:\/\/sandzakpress.net\/arhiva\/wp-content\/uploads\/2015\/02\/11.jpg\" alt=\"11\" width=\"500\" height=\"343\" \/><\/p>\n<p>Te\u0161ka, komplikovana trudno\u0107a. Doktorica koja je pratila moju trudno\u0107u nije o\u010dekivala da \u0107u je uop\u0107e \u201ciznijeti\u201d do kraja, i jo\u0161 u ranoj trudno\u0107i zabranila mi je bilo kakve aktivnosti jer se bojala preranog poro\u0111aja. Na\u0161 Gospodar primio je na\u0161e dove i rodila se, elhamdulillah, na vrijeme na\u0161a malena \u201cmrvica\u201d. Naravno, na\u0161oj sre\u0107i nije bilo kraja, pogotovo nakon devet mjeseci provedenih pod nekim pritiskom. Tre\u0107i dan nakon ro\u0111enja, primijetila sam ne\u0161to \u010dudno kod k\u0107erkice.<\/p>\n<p>Cijelo je popodne prespavala i uop\u0107e se nije pomjerala, ali, reko\u0161e mi da je to sasvim normalno za novoro\u0111en\u010de. Me\u0111utim, mene to nije smirilo, valjda mi maj\u010dinski instinkt nije dao mira, pa sam poku\u0161avala da je probudim kako bih je barem nahranila, ali bezuspje\u0161no. Malena \u201cmrvica\u201d nije se htjela probuditi niti je mogla jesti, a usnice je stiskala i gr\u010dila malene vilice svaki put kada sam poku\u0161ala da je nahranim.<\/p>\n<p>Vi\u0161e me ni\u0161ta nije moglo ubijediti da je sve uredu. Mu\u017e ju je odmah odveo u hitnu. I oni su prvo mislili da je beba sasvim dobro, me\u0111utim, nakon pregleda, ustanovili su da te\u0161ko di\u0161e i da je nije mogu\u0107e probuditi, te su je hitno poslali u kantonalnu bolnicu. Moj mu\u017e, njen dragi babo, cijelim putem \u010duvao ju je u naru\u010dju i davao joj kisik. Kako je to bilo te\u0161ko i bolno iskustvo za njega! \u010cuva\u0161 svoje dijete, dio tebe na svome toplom krilu, a zna\u0161 da joj to mogu biti zadnji trenuci na ovome svijetu. Tada sam na njegovom licu prvi i jedini put vidjela suze. Nije se mogao vi\u0161e ni on suzdr\u017eati, jer dijete je to, plod tvoga srca.<\/p>\n<p>Ujutro, kada smo nazvali bolnicu da upitamo da li ja kao majka mogu biti uz svoje dijete, do\u010dekao nas je jo\u0161 ve\u0107i \u0161ok. Na\u0161a princeza bila je preba\u010dena za Sarajevo, jer je stanje jako te\u0161ko. Isti dan i ja dobila sam komplikacije nakon poro\u0111aja, i da nije bilo Allahove milosti, ne bih ovo sada pisala.<\/p>\n<p>Isku\u0161enje\u2026 jo\u0161 jedno isku\u0161enje. Ali, hvala Milostivom koji je insanu dao da spozna da se bez Njegove odredbe ni\u0161ta ne mo\u017ee desiti i da je to samo jo\u0161 jedan ispit za nas, i, hvala Milostivom, kada nas je isku\u0161ao ne\u010dim \u0161to mo\u017eemo podnijeti.<\/p>\n<p>Na\u0161a je beba sad bila smje\u0161tena u inkubator, na odjelu intenzivne njege. Nije reagovala ni na ubode inekcija, niti na bilo \u0161ta. Bila je u komi, doktori nam ni\u0161ta nisu konkretno mogli re\u0107i, ni \u0161ta je uzrok tome, niti ho\u0107e li se na\u0161a bebica ikada vi\u0161e probuditi. Bili su bespomo\u0107ni, iako su \u010dinili sve da otkriju \u0161ta je uzrok i kako da joj pomognu.<\/p>\n<p>Taj bol, kada gleda\u0161 svoje dijete u takvom stanju zaista se ni sa \u010dim, sa \u010dime sam bila isku\u0161ana, ne mo\u017ee porediti. Ima\u0161 osje\u0107aj da ti ne\u0161to du\u0161u kida. Kada smo uvidjeli da su doktori kao izgubljeni u njenom slu\u010daju, po\u010deli smo sumnjati da nije ne\u0161to drugo u pitanju. Posumnjali smo na urok, pa se mu\u017e obratio jednom daiji koji mu je rekao \u0161ta da u\u010dini. U\u010dio je on njoj i ranije pored njenog inkubatora, a ovaj put je u\u010dio Kur\u2019an iznad jedne \u010da\u0161e, jer su pravila na intenzivnoj bila stroga, i to je u\u010dinio u tajnosti, te cijelo dijete umio tom vodom.<\/p>\n<p>Istinu je rekao Uzvi\u0161eni Allah: \u201cMi objavljujemo u Kur\u2019anu ono \u0161to je lijek i milost vjernicima\u2026\u201d (El-Isra, 82) A na\u0161e je dove Gospodar primio i ubrzo smo dobili predivnu vijest da je na\u0161e dijete proplakalo i probudilo se. Allahu ekber! Sje\u0107am se, kada me moja porodica pitala kakav ja osje\u0107aj kao majka imam \u2013 da li \u0107e sve biti uredu ili sam pesimisti\u010dna, ja sam sa sigurno\u0161\u0107u mogla re\u0107i da \u0107e sve biti uredu i da mi je, i pored mog bola, Allah dao neku smirenost u srcu i znak da \u0107e sve biti uredu.<\/p>\n<p>Nakon toga i meni su dozvolili da budem uz nju. Poslije samo jednog provedenog dana uz nju, nakon \u0161to je osjetila prisustvo majke i u\u010denje Kur\u2019ana na njeno maleno uho, doktori nisu mogli da vjeruju koliki je napredak dijete postiglo za samo 24 sata. Bili su jako iznena\u0111eni. Ja sam i dalje nastavljala sa svojim na\u010dinom \u201cterapije\u201d, a ona je svakim danom postajala \u201c\u017eivlja\u201d.<\/p>\n<p>Prilikom izlaska iz bolnice, glavna doktorica mi je ponovo potvrdila da oni nisu uop\u0107e sigurni, iako je hospitalizirana u jednoj od kod nas najsavremenijih bolnica za djecu i nakon svih mogu\u0107ih pregleda \u2013 \u0161ta je to moglo izazvati njeno stanje, niti su mogli znati \u0161ta je razlog njenog bu\u0111enja iz kome i bojali su se da zbog toga ne bude imala mentalne poreme\u0107aje, ili da, ne dao Allah, ne bude nepokretna, pa smo jo\u0161 neko vrijeme morali raditi snimke mozga, ali, elhamdulillah, sve je uvijek bilo uredu.<\/p>\n<p>Njima je ostalo i dalje pitanje kako i za\u0161to to sve, a nama dokaz i istinitost Allahovih rije\u010di da je u \u010dasnom Kur\u2019anu lijek i da su dova i oslonac na Allaha izlaz iz svake situacije, pa i ako nam Allah ne usli\u0161a dovu onako kako smo mi dovili, trebamo znati da On bolje od nas zna \u0161ta bi bilo i da je sve \u0161to nam se desi samo isku\u0161enje i milost za vjernike. Elhamdulillah na svakom isku\u0161enju koje nas \u010disti i pribli\u017eava Svevi\u0161njem!<\/p>\n<p>Ummu Sara \u017du\u017ei\u0107<\/p>\n","protected":false},"excerpt":{"rendered":"<p>Ummu Sara \u017du\u017ei\u0107<\/p>\n","protected":false},"author":83,"featured_media":121081,"comment_status":"open","ping_status":"open","sticky":false,"template":"","format":"standard","meta":{"footnotes":""},"categories":[10196],"tags":[],"class_list":{"0":"post-121080","1":"post","2":"type-post","3":"status-publish","4":"format-standard","5":"has-post-thumbnail","7":"category-iz-pera-nasih-autora"},"yoast_head":"<!-- This site is optimized with the Yoast SEO Premium plugin v23.1 (Yoast SEO v24.9) - https:\/\/yoast.com\/wordpress\/plugins\/seo\/ -->\n<title>Kur\u2019an je probudio moju k\u0107erkicu iz kome<\/title>\n<meta name=\"robots\" content=\"index, follow, max-snippet:-1, max-image-preview:large, max-video-preview:-1\" \/>\n<link rel=\"canonical\" href=\"https:\/\/sandzakpress.net\/arhiva\/kuran-je-probudio-moju-kcerkicu-iz-kome\/\" \/>\n<meta property=\"og:locale\" content=\"bs_BA\" \/>\n<meta property=\"og:type\" content=\"article\" \/>\n<meta property=\"og:title\" content=\"Kur\u2019an je probudio moju k\u0107erkicu iz kome\" \/>\n<meta property=\"og:description\" content=\"Ummu Sara \u017du\u017ei\u0107\" \/>\n<meta property=\"og:url\" content=\"https:\/\/sandzakpress.net\/arhiva\/kuran-je-probudio-moju-kcerkicu-iz-kome\/\" \/>\n<meta property=\"og:site_name\" content=\"Sand\u017eak PRESS\" \/>\n<meta property=\"article:published_time\" content=\"2015-02-01T13:59:46+00:00\" \/>\n<meta property=\"article:modified_time\" content=\"2015-02-01T14:08:27+00:00\" \/>\n<meta property=\"og:image\" content=\"https:\/\/sandzakpress.net\/arhiva\/wp-content\/uploads\/2015\/02\/11.jpg\" \/>\n\t<meta property=\"og:image:width\" content=\"500\" \/>\n\t<meta property=\"og:image:height\" content=\"343\" \/>\n\t<meta property=\"og:image:type\" content=\"image\/jpeg\" \/>\n<meta name=\"author\" content=\"bosniak\" \/>\n<meta name=\"twitter:card\" content=\"summary_large_image\" \/>\n<meta name=\"twitter:label1\" content=\"Written by\" \/>\n\t<meta name=\"twitter:data1\" content=\"bosniak\" \/>\n\t<meta name=\"twitter:label2\" content=\"Est. reading time\" \/>\n\t<meta name=\"twitter:data2\" content=\"5 minuta\" \/>\n<script type=\"application\/ld+json\" class=\"yoast-schema-graph\">{\"@context\":\"https:\/\/schema.org\",\"@graph\":[{\"@type\":\"Article\",\"@id\":\"https:\/\/sandzakpress.net\/arhiva\/kuran-je-probudio-moju-kcerkicu-iz-kome\/#article\",\"isPartOf\":{\"@id\":\"https:\/\/sandzakpress.net\/arhiva\/kuran-je-probudio-moju-kcerkicu-iz-kome\/\"},\"author\":{\"name\":\"bosniak\",\"@id\":\"https:\/\/sandzakpress.net\/arhiva\/#\/schema\/person\/c8baee722073534b583ea7bdb2e36c02\"},\"headline\":\"Kur\u2019an je probudio moju k\u0107erkicu iz kome\",\"datePublished\":\"2015-02-01T13:59:46+00:00\",\"dateModified\":\"2015-02-01T14:08:27+00:00\",\"mainEntityOfPage\":{\"@id\":\"https:\/\/sandzakpress.net\/arhiva\/kuran-je-probudio-moju-kcerkicu-iz-kome\/\"},\"wordCount\":963,\"commentCount\":2,\"publisher\":{\"@id\":\"https:\/\/sandzakpress.net\/arhiva\/#\/schema\/person\/6e72b67d6e51910a1117b3b483ba20bd\"},\"image\":{\"@id\":\"https:\/\/sandzakpress.net\/arhiva\/kuran-je-probudio-moju-kcerkicu-iz-kome\/#primaryimage\"},\"thumbnailUrl\":\"https:\/\/sandzakpress.net\/arhiva\/wp-content\/uploads\/2015\/02\/11.jpg\",\"articleSection\":[\"Iz pera na\u0161ih autora\"],\"inLanguage\":\"bs-BA\",\"potentialAction\":[{\"@type\":\"CommentAction\",\"name\":\"Comment\",\"target\":[\"https:\/\/sandzakpress.net\/arhiva\/kuran-je-probudio-moju-kcerkicu-iz-kome\/#respond\"]}]},{\"@type\":\"WebPage\",\"@id\":\"https:\/\/sandzakpress.net\/arhiva\/kuran-je-probudio-moju-kcerkicu-iz-kome\/\",\"url\":\"https:\/\/sandzakpress.net\/arhiva\/kuran-je-probudio-moju-kcerkicu-iz-kome\/\",\"name\":\"Kur\u2019an je probudio moju k\u0107erkicu iz kome\",\"isPartOf\":{\"@id\":\"https:\/\/sandzakpress.net\/arhiva\/#website\"},\"primaryImageOfPage\":{\"@id\":\"https:\/\/sandzakpress.net\/arhiva\/kuran-je-probudio-moju-kcerkicu-iz-kome\/#primaryimage\"},\"image\":{\"@id\":\"https:\/\/sandzakpress.net\/arhiva\/kuran-je-probudio-moju-kcerkicu-iz-kome\/#primaryimage\"},\"thumbnailUrl\":\"https:\/\/sandzakpress.net\/arhiva\/wp-content\/uploads\/2015\/02\/11.jpg\",\"datePublished\":\"2015-02-01T13:59:46+00:00\",\"dateModified\":\"2015-02-01T14:08:27+00:00\",\"breadcrumb\":{\"@id\":\"https:\/\/sandzakpress.net\/arhiva\/kuran-je-probudio-moju-kcerkicu-iz-kome\/#breadcrumb\"},\"inLanguage\":\"bs-BA\",\"potentialAction\":[{\"@type\":\"ReadAction\",\"target\":[\"https:\/\/sandzakpress.net\/arhiva\/kuran-je-probudio-moju-kcerkicu-iz-kome\/\"]}]},{\"@type\":\"ImageObject\",\"inLanguage\":\"bs-BA\",\"@id\":\"https:\/\/sandzakpress.net\/arhiva\/kuran-je-probudio-moju-kcerkicu-iz-kome\/#primaryimage\",\"url\":\"https:\/\/sandzakpress.net\/arhiva\/wp-content\/uploads\/2015\/02\/11.jpg\",\"contentUrl\":\"https:\/\/sandzakpress.net\/arhiva\/wp-content\/uploads\/2015\/02\/11.jpg\",\"width\":500,\"height\":343},{\"@type\":\"BreadcrumbList\",\"@id\":\"https:\/\/sandzakpress.net\/arhiva\/kuran-je-probudio-moju-kcerkicu-iz-kome\/#breadcrumb\",\"itemListElement\":[{\"@type\":\"ListItem\",\"position\":1,\"name\":\"Home\",\"item\":\"https:\/\/sandzakpress.net\/arhiva\/\"},{\"@type\":\"ListItem\",\"position\":2,\"name\":\"Kur\u2019an je probudio moju k\u0107erkicu iz kome\"}]},{\"@type\":\"WebSite\",\"@id\":\"https:\/\/sandzakpress.net\/arhiva\/#website\",\"url\":\"https:\/\/sandzakpress.net\/arhiva\/\",\"name\":\"Sand\u017eak PRESS\",\"description\":\"Prve elektronske novine u Sand\u017eaku\",\"publisher\":{\"@id\":\"https:\/\/sandzakpress.net\/arhiva\/#\/schema\/person\/6e72b67d6e51910a1117b3b483ba20bd\"},\"potentialAction\":[{\"@type\":\"SearchAction\",\"target\":{\"@type\":\"EntryPoint\",\"urlTemplate\":\"https:\/\/sandzakpress.net\/arhiva\/?s={search_term_string}\"},\"query-input\":{\"@type\":\"PropertyValueSpecification\",\"valueRequired\":true,\"valueName\":\"search_term_string\"}}],\"inLanguage\":\"bs-BA\"},{\"@type\":[\"Person\",\"Organization\"],\"@id\":\"https:\/\/sandzakpress.net\/arhiva\/#\/schema\/person\/6e72b67d6e51910a1117b3b483ba20bd\",\"name\":\"Kul\",\"image\":{\"@type\":\"ImageObject\",\"inLanguage\":\"bs-BA\",\"@id\":\"https:\/\/sandzakpress.net\/arhiva\/#\/schema\/person\/image\/\",\"url\":\"https:\/\/secure.gravatar.com\/avatar\/42263f39aa27ac04c43cab85c280eb2e?s=96&d=mm&r=pg\",\"contentUrl\":\"https:\/\/secure.gravatar.com\/avatar\/42263f39aa27ac04c43cab85c280eb2e?s=96&d=mm&r=pg\",\"caption\":\"Kul\"},\"logo\":{\"@id\":\"https:\/\/sandzakpress.net\/arhiva\/#\/schema\/person\/image\/\"}},{\"@type\":\"Person\",\"@id\":\"https:\/\/sandzakpress.net\/arhiva\/#\/schema\/person\/c8baee722073534b583ea7bdb2e36c02\",\"name\":\"bosniak\",\"image\":{\"@type\":\"ImageObject\",\"inLanguage\":\"bs-BA\",\"@id\":\"https:\/\/sandzakpress.net\/arhiva\/#\/schema\/person\/image\/\",\"url\":\"https:\/\/secure.gravatar.com\/avatar\/a04fd330bfe3a36a72a0ad4a6d89fca7?s=96&d=mm&r=pg\",\"contentUrl\":\"https:\/\/secure.gravatar.com\/avatar\/a04fd330bfe3a36a72a0ad4a6d89fca7?s=96&d=mm&r=pg\",\"caption\":\"bosniak\"},\"url\":\"https:\/\/sandzakpress.net\/arhiva\/author\/bosniak\/\"}]}<\/script>\n<!-- \/ Yoast SEO Premium plugin. -->","yoast_head_json":{"title":"Kur\u2019an je probudio moju k\u0107erkicu iz kome","robots":{"index":"index","follow":"follow","max-snippet":"max-snippet:-1","max-image-preview":"max-image-preview:large","max-video-preview":"max-video-preview:-1"},"canonical":"https:\/\/sandzakpress.net\/arhiva\/kuran-je-probudio-moju-kcerkicu-iz-kome\/","og_locale":"bs_BA","og_type":"article","og_title":"Kur\u2019an je probudio moju k\u0107erkicu iz kome","og_description":"Ummu Sara \u017du\u017ei\u0107","og_url":"https:\/\/sandzakpress.net\/arhiva\/kuran-je-probudio-moju-kcerkicu-iz-kome\/","og_site_name":"Sand\u017eak PRESS","article_published_time":"2015-02-01T13:59:46+00:00","article_modified_time":"2015-02-01T14:08:27+00:00","og_image":[{"width":500,"height":343,"url":"https:\/\/sandzakpress.net\/arhiva\/wp-content\/uploads\/2015\/02\/11.jpg","type":"image\/jpeg"}],"author":"bosniak","twitter_card":"summary_large_image","twitter_misc":{"Written by":"bosniak","Est. reading time":"5 minuta"},"schema":{"@context":"https:\/\/schema.org","@graph":[{"@type":"Article","@id":"https:\/\/sandzakpress.net\/arhiva\/kuran-je-probudio-moju-kcerkicu-iz-kome\/#article","isPartOf":{"@id":"https:\/\/sandzakpress.net\/arhiva\/kuran-je-probudio-moju-kcerkicu-iz-kome\/"},"author":{"name":"bosniak","@id":"https:\/\/sandzakpress.net\/arhiva\/#\/schema\/person\/c8baee722073534b583ea7bdb2e36c02"},"headline":"Kur\u2019an je probudio moju k\u0107erkicu iz kome","datePublished":"2015-02-01T13:59:46+00:00","dateModified":"2015-02-01T14:08:27+00:00","mainEntityOfPage":{"@id":"https:\/\/sandzakpress.net\/arhiva\/kuran-je-probudio-moju-kcerkicu-iz-kome\/"},"wordCount":963,"commentCount":2,"publisher":{"@id":"https:\/\/sandzakpress.net\/arhiva\/#\/schema\/person\/6e72b67d6e51910a1117b3b483ba20bd"},"image":{"@id":"https:\/\/sandzakpress.net\/arhiva\/kuran-je-probudio-moju-kcerkicu-iz-kome\/#primaryimage"},"thumbnailUrl":"https:\/\/sandzakpress.net\/arhiva\/wp-content\/uploads\/2015\/02\/11.jpg","articleSection":["Iz pera na\u0161ih autora"],"inLanguage":"bs-BA","potentialAction":[{"@type":"CommentAction","name":"Comment","target":["https:\/\/sandzakpress.net\/arhiva\/kuran-je-probudio-moju-kcerkicu-iz-kome\/#respond"]}]},{"@type":"WebPage","@id":"https:\/\/sandzakpress.net\/arhiva\/kuran-je-probudio-moju-kcerkicu-iz-kome\/","url":"https:\/\/sandzakpress.net\/arhiva\/kuran-je-probudio-moju-kcerkicu-iz-kome\/","name":"Kur\u2019an je probudio moju k\u0107erkicu iz kome","isPartOf":{"@id":"https:\/\/sandzakpress.net\/arhiva\/#website"},"primaryImageOfPage":{"@id":"https:\/\/sandzakpress.net\/arhiva\/kuran-je-probudio-moju-kcerkicu-iz-kome\/#primaryimage"},"image":{"@id":"https:\/\/sandzakpress.net\/arhiva\/kuran-je-probudio-moju-kcerkicu-iz-kome\/#primaryimage"},"thumbnailUrl":"https:\/\/sandzakpress.net\/arhiva\/wp-content\/uploads\/2015\/02\/11.jpg","datePublished":"2015-02-01T13:59:46+00:00","dateModified":"2015-02-01T14:08:27+00:00","breadcrumb":{"@id":"https:\/\/sandzakpress.net\/arhiva\/kuran-je-probudio-moju-kcerkicu-iz-kome\/#breadcrumb"},"inLanguage":"bs-BA","potentialAction":[{"@type":"ReadAction","target":["https:\/\/sandzakpress.net\/arhiva\/kuran-je-probudio-moju-kcerkicu-iz-kome\/"]}]},{"@type":"ImageObject","inLanguage":"bs-BA","@id":"https:\/\/sandzakpress.net\/arhiva\/kuran-je-probudio-moju-kcerkicu-iz-kome\/#primaryimage","url":"https:\/\/sandzakpress.net\/arhiva\/wp-content\/uploads\/2015\/02\/11.jpg","contentUrl":"https:\/\/sandzakpress.net\/arhiva\/wp-content\/uploads\/2015\/02\/11.jpg","width":500,"height":343},{"@type":"BreadcrumbList","@id":"https:\/\/sandzakpress.net\/arhiva\/kuran-je-probudio-moju-kcerkicu-iz-kome\/#breadcrumb","itemListElement":[{"@type":"ListItem","position":1,"name":"Home","item":"https:\/\/sandzakpress.net\/arhiva\/"},{"@type":"ListItem","position":2,"name":"Kur\u2019an je probudio moju k\u0107erkicu iz kome"}]},{"@type":"WebSite","@id":"https:\/\/sandzakpress.net\/arhiva\/#website","url":"https:\/\/sandzakpress.net\/arhiva\/","name":"Sand\u017eak PRESS","description":"Prve elektronske novine u Sand\u017eaku","publisher":{"@id":"https:\/\/sandzakpress.net\/arhiva\/#\/schema\/person\/6e72b67d6e51910a1117b3b483ba20bd"},"potentialAction":[{"@type":"SearchAction","target":{"@type":"EntryPoint","urlTemplate":"https:\/\/sandzakpress.net\/arhiva\/?s={search_term_string}"},"query-input":{"@type":"PropertyValueSpecification","valueRequired":true,"valueName":"search_term_string"}}],"inLanguage":"bs-BA"},{"@type":["Person","Organization"],"@id":"https:\/\/sandzakpress.net\/arhiva\/#\/schema\/person\/6e72b67d6e51910a1117b3b483ba20bd","name":"Kul","image":{"@type":"ImageObject","inLanguage":"bs-BA","@id":"https:\/\/sandzakpress.net\/arhiva\/#\/schema\/person\/image\/","url":"https:\/\/secure.gravatar.com\/avatar\/42263f39aa27ac04c43cab85c280eb2e?s=96&d=mm&r=pg","contentUrl":"https:\/\/secure.gravatar.com\/avatar\/42263f39aa27ac04c43cab85c280eb2e?s=96&d=mm&r=pg","caption":"Kul"},"logo":{"@id":"https:\/\/sandzakpress.net\/arhiva\/#\/schema\/person\/image\/"}},{"@type":"Person","@id":"https:\/\/sandzakpress.net\/arhiva\/#\/schema\/person\/c8baee722073534b583ea7bdb2e36c02","name":"bosniak","image":{"@type":"ImageObject","inLanguage":"bs-BA","@id":"https:\/\/sandzakpress.net\/arhiva\/#\/schema\/person\/image\/","url":"https:\/\/secure.gravatar.com\/avatar\/a04fd330bfe3a36a72a0ad4a6d89fca7?s=96&d=mm&r=pg","contentUrl":"https:\/\/secure.gravatar.com\/avatar\/a04fd330bfe3a36a72a0ad4a6d89fca7?s=96&d=mm&r=pg","caption":"bosniak"},"url":"https:\/\/sandzakpress.net\/arhiva\/author\/bosniak\/"}]}},"_links":{"self":[{"href":"https:\/\/sandzakpress.net\/arhiva\/wp-json\/wp\/v2\/posts\/121080"}],"collection":[{"href":"https:\/\/sandzakpress.net\/arhiva\/wp-json\/wp\/v2\/posts"}],"about":[{"href":"https:\/\/sandzakpress.net\/arhiva\/wp-json\/wp\/v2\/types\/post"}],"author":[{"embeddable":true,"href":"https:\/\/sandzakpress.net\/arhiva\/wp-json\/wp\/v2\/users\/83"}],"replies":[{"embeddable":true,"href":"https:\/\/sandzakpress.net\/arhiva\/wp-json\/wp\/v2\/comments?post=121080"}],"version-history":[{"count":0,"href":"https:\/\/sandzakpress.net\/arhiva\/wp-json\/wp\/v2\/posts\/121080\/revisions"}],"wp:featuredmedia":[{"embeddable":true,"href":"https:\/\/sandzakpress.net\/arhiva\/wp-json\/wp\/v2\/media\/121081"}],"wp:attachment":[{"href":"https:\/\/sandzakpress.net\/arhiva\/wp-json\/wp\/v2\/media?parent=121080"}],"wp:term":[{"taxonomy":"category","embeddable":true,"href":"https:\/\/sandzakpress.net\/arhiva\/wp-json\/wp\/v2\/categories?post=121080"},{"taxonomy":"post_tag","embeddable":true,"href":"https:\/\/sandzakpress.net\/arhiva\/wp-json\/wp\/v2\/tags?post=121080"}],"curies":[{"name":"wp","href":"https:\/\/api.w.org\/{rel}","templated":true}]}}