{"id":120993,"date":"2015-01-31T13:00:03","date_gmt":"2015-01-31T12:00:03","guid":{"rendered":"https:\/\/sandzakpress.net\/arhiva\/?p=120993"},"modified":"2015-01-31T13:27:46","modified_gmt":"2015-01-31T12:27:46","slug":"evo-ja-dzavid-volim-isusa-hrista-hajde-da-cujem-da-neko-od-pravoslavaca-kaze-ja-volim-muhameda","status":"publish","type":"post","link":"https:\/\/sandzakpress.net\/arhiva\/evo-ja-dzavid-volim-isusa-hrista-hajde-da-cujem-da-neko-od-pravoslavaca-kaze-ja-volim-muhameda\/","title":{"rendered":"Evo ja D\u017eavid volim Isusa Hrista, hajde da \u010dujem da neko od pravoslavaca ka\u017ee \u201eja volim Muhameda\u201c"},"content":{"rendered":"<p><img loading=\"lazy\" decoding=\"async\" class=\"aligncenter size-full wp-image-120994\" src=\"https:\/\/sandzakpress.net\/arhiva\/wp-content\/uploads\/2015\/01\/Screenshot_153.jpg\" alt=\"Screenshot_153\" width=\"600\" height=\"324\" \/><strong>Ro\u017eaje &#8211; Poslanik Socijaldemokratske partije D\u017eavid \u0160abovi\u0107 kazao je u izjavi za portal Analitika da se on ne libi da ka\u017ee da voli Isusa Hrista ali da \u0107e pro\u0107i mnogo vremena kad \u0107e neko od \u201epravoslavaca re\u0107i da voli Muhameda\u201c.<br \/>\n<\/strong><br \/>\nGovore\u0107i o skupu \u201cProtest za poslanika Muhameda\u201d u Ro\u017eajama, zbog nedavnih de\u0161avanja u Parizu, \u0160abovi\u0107 je rekao da se pripadnici razli\u010ditih vjera u Crnoj Gori me\u0111u sobom dobro ne poznaju i da hvali me\u0111ureligijskih kontakata da bi smo jedni o drugima znali vi\u0161e.<\/p>\n<p>\u201cMo\u017eda \u0107u zaprepastiti i moje sunarodnike koji vjeruju u istog Boga kao ja, ovim \u0161to \u0107u re\u0107i a kamo li druge. Evo ja D\u017eavid \u0160abovi\u0107 volim Isusa Hrista. Hajde da \u010dujem da mi neko od pravoslavaca ka\u017ee \u201eja Branko, Marko, Stanko volim Muhameda\u201c. Pro\u0107i \u0107e puno vode Limom kada budemo u prilici da to \u010dujem. Za\u0161to je to tako? Zato \u0161to se ne poznajemo dovoljno dobro. Da se poznajemo shvatili bi istinu \u2013 a to je da je Bog jedan\u201d.<\/p>\n<p>(analitika)<\/p>\n","protected":false},"excerpt":{"rendered":"<p>Ro\u017eaje &#8211; Poslanik Socijaldemokratske partije D\u017eavid \u0160abovi\u0107 kazao je u izjavi za portal Analitika da se on ne libi da ka\u017ee da voli Isusa Hrista ali da \u0107e pro\u0107i mnogo vremena kad \u0107e neko od \u201epravoslavaca re\u0107i da voli Muhameda\u201c. Govore\u0107i o skupu \u201cProtest za poslanika Muhameda\u201d u Ro\u017eajama, zbog nedavnih de\u0161avanja u Parizu, \u0160abovi\u0107 [&hellip;]<\/p>\n","protected":false},"author":83,"featured_media":120994,"comment_status":"open","ping_status":"open","sticky":false,"template":"","format":"standard","meta":{"footnotes":""},"categories":[398,1,8957,798],"tags":[],"class_list":{"0":"post-120993","1":"post","2":"type-post","3":"status-publish","4":"format-standard","5":"has-post-thumbnail","7":"category-rozaje","8":"category-politika","9":"category-vijesti-dana","10":"category-teme"},"yoast_head":"<!-- This site is optimized with the Yoast SEO Premium plugin v23.1 (Yoast SEO v24.9) - https:\/\/yoast.com\/wordpress\/plugins\/seo\/ -->\n<title>Evo ja D\u017eavid volim Isusa Hrista, hajde da \u010dujem da neko od pravoslavaca ka\u017ee \u201eja volim Muhameda\u201c<\/title>\n<meta name=\"robots\" content=\"index, follow, max-snippet:-1, max-image-preview:large, max-video-preview:-1\" \/>\n<link rel=\"canonical\" href=\"https:\/\/sandzakpress.net\/arhiva\/evo-ja-dzavid-volim-isusa-hrista-hajde-da-cujem-da-neko-od-pravoslavaca-kaze-ja-volim-muhameda\/\" \/>\n<meta property=\"og:locale\" content=\"bs_BA\" \/>\n<meta property=\"og:type\" content=\"article\" \/>\n<meta property=\"og:title\" content=\"Evo ja D\u017eavid volim Isusa Hrista, hajde da \u010dujem da neko od pravoslavaca ka\u017ee \u201eja volim Muhameda\u201c\" \/>\n<meta property=\"og:description\" content=\"Ro\u017eaje &#8211; Poslanik Socijaldemokratske partije D\u017eavid \u0160abovi\u0107 kazao je u izjavi za portal Analitika da se on ne libi da ka\u017ee da voli Isusa Hrista ali da \u0107e pro\u0107i mnogo vremena kad \u0107e neko od \u201epravoslavaca re\u0107i da voli Muhameda\u201c. Govore\u0107i o skupu \u201cProtest za poslanika Muhameda\u201d u Ro\u017eajama, zbog nedavnih de\u0161avanja u Parizu, \u0160abovi\u0107 [&hellip;]\" \/>\n<meta property=\"og:url\" content=\"https:\/\/sandzakpress.net\/arhiva\/evo-ja-dzavid-volim-isusa-hrista-hajde-da-cujem-da-neko-od-pravoslavaca-kaze-ja-volim-muhameda\/\" \/>\n<meta property=\"og:site_name\" content=\"Sand\u017eak PRESS\" \/>\n<meta property=\"article:published_time\" content=\"2015-01-31T12:00:03+00:00\" \/>\n<meta property=\"article:modified_time\" content=\"2015-01-31T12:27:46+00:00\" \/>\n<meta property=\"og:image\" content=\"https:\/\/sandzakpress.net\/arhiva\/wp-content\/uploads\/2015\/01\/Screenshot_153.jpg\" \/>\n\t<meta property=\"og:image:width\" content=\"600\" \/>\n\t<meta property=\"og:image:height\" content=\"324\" \/>\n\t<meta property=\"og:image:type\" content=\"image\/jpeg\" \/>\n<meta name=\"author\" content=\"bosniak\" \/>\n<meta name=\"twitter:card\" content=\"summary_large_image\" \/>\n<meta name=\"twitter:label1\" content=\"Written by\" \/>\n\t<meta name=\"twitter:data1\" content=\"bosniak\" \/>\n\t<meta name=\"twitter:label2\" content=\"Est. reading time\" \/>\n\t<meta name=\"twitter:data2\" content=\"1 minuta\" \/>\n<script type=\"application\/ld+json\" class=\"yoast-schema-graph\">{\"@context\":\"https:\/\/schema.org\",\"@graph\":[{\"@type\":\"Article\",\"@id\":\"https:\/\/sandzakpress.net\/arhiva\/evo-ja-dzavid-volim-isusa-hrista-hajde-da-cujem-da-neko-od-pravoslavaca-kaze-ja-volim-muhameda\/#article\",\"isPartOf\":{\"@id\":\"https:\/\/sandzakpress.net\/arhiva\/evo-ja-dzavid-volim-isusa-hrista-hajde-da-cujem-da-neko-od-pravoslavaca-kaze-ja-volim-muhameda\/\"},\"author\":{\"name\":\"bosniak\",\"@id\":\"https:\/\/sandzakpress.net\/arhiva\/#\/schema\/person\/c8baee722073534b583ea7bdb2e36c02\"},\"headline\":\"Evo ja D\u017eavid volim Isusa Hrista, hajde da \u010dujem da neko od pravoslavaca ka\u017ee \u201eja volim Muhameda\u201c\",\"datePublished\":\"2015-01-31T12:00:03+00:00\",\"dateModified\":\"2015-01-31T12:27:46+00:00\",\"mainEntityOfPage\":{\"@id\":\"https:\/\/sandzakpress.net\/arhiva\/evo-ja-dzavid-volim-isusa-hrista-hajde-da-cujem-da-neko-od-pravoslavaca-kaze-ja-volim-muhameda\/\"},\"wordCount\":200,\"commentCount\":145,\"publisher\":{\"@id\":\"https:\/\/sandzakpress.net\/arhiva\/#\/schema\/person\/6e72b67d6e51910a1117b3b483ba20bd\"},\"image\":{\"@id\":\"https:\/\/sandzakpress.net\/arhiva\/evo-ja-dzavid-volim-isusa-hrista-hajde-da-cujem-da-neko-od-pravoslavaca-kaze-ja-volim-muhameda\/#primaryimage\"},\"thumbnailUrl\":\"https:\/\/sandzakpress.net\/arhiva\/wp-content\/uploads\/2015\/01\/Screenshot_153.jpg\",\"articleSection\":[\"Ro\u017eaje\",\"Politika\",\"VIJESTI DANA\",\"NAJNOVIJE\"],\"inLanguage\":\"bs-BA\",\"potentialAction\":[{\"@type\":\"CommentAction\",\"name\":\"Comment\",\"target\":[\"https:\/\/sandzakpress.net\/arhiva\/evo-ja-dzavid-volim-isusa-hrista-hajde-da-cujem-da-neko-od-pravoslavaca-kaze-ja-volim-muhameda\/#respond\"]}]},{\"@type\":\"WebPage\",\"@id\":\"https:\/\/sandzakpress.net\/arhiva\/evo-ja-dzavid-volim-isusa-hrista-hajde-da-cujem-da-neko-od-pravoslavaca-kaze-ja-volim-muhameda\/\",\"url\":\"https:\/\/sandzakpress.net\/arhiva\/evo-ja-dzavid-volim-isusa-hrista-hajde-da-cujem-da-neko-od-pravoslavaca-kaze-ja-volim-muhameda\/\",\"name\":\"Evo ja D\u017eavid volim Isusa Hrista, hajde da \u010dujem da neko od pravoslavaca ka\u017ee \u201eja volim Muhameda\u201c\",\"isPartOf\":{\"@id\":\"https:\/\/sandzakpress.net\/arhiva\/#website\"},\"primaryImageOfPage\":{\"@id\":\"https:\/\/sandzakpress.net\/arhiva\/evo-ja-dzavid-volim-isusa-hrista-hajde-da-cujem-da-neko-od-pravoslavaca-kaze-ja-volim-muhameda\/#primaryimage\"},\"image\":{\"@id\":\"https:\/\/sandzakpress.net\/arhiva\/evo-ja-dzavid-volim-isusa-hrista-hajde-da-cujem-da-neko-od-pravoslavaca-kaze-ja-volim-muhameda\/#primaryimage\"},\"thumbnailUrl\":\"https:\/\/sandzakpress.net\/arhiva\/wp-content\/uploads\/2015\/01\/Screenshot_153.jpg\",\"datePublished\":\"2015-01-31T12:00:03+00:00\",\"dateModified\":\"2015-01-31T12:27:46+00:00\",\"breadcrumb\":{\"@id\":\"https:\/\/sandzakpress.net\/arhiva\/evo-ja-dzavid-volim-isusa-hrista-hajde-da-cujem-da-neko-od-pravoslavaca-kaze-ja-volim-muhameda\/#breadcrumb\"},\"inLanguage\":\"bs-BA\",\"potentialAction\":[{\"@type\":\"ReadAction\",\"target\":[\"https:\/\/sandzakpress.net\/arhiva\/evo-ja-dzavid-volim-isusa-hrista-hajde-da-cujem-da-neko-od-pravoslavaca-kaze-ja-volim-muhameda\/\"]}]},{\"@type\":\"ImageObject\",\"inLanguage\":\"bs-BA\",\"@id\":\"https:\/\/sandzakpress.net\/arhiva\/evo-ja-dzavid-volim-isusa-hrista-hajde-da-cujem-da-neko-od-pravoslavaca-kaze-ja-volim-muhameda\/#primaryimage\",\"url\":\"https:\/\/sandzakpress.net\/arhiva\/wp-content\/uploads\/2015\/01\/Screenshot_153.jpg\",\"contentUrl\":\"https:\/\/sandzakpress.net\/arhiva\/wp-content\/uploads\/2015\/01\/Screenshot_153.jpg\",\"width\":600,\"height\":324},{\"@type\":\"BreadcrumbList\",\"@id\":\"https:\/\/sandzakpress.net\/arhiva\/evo-ja-dzavid-volim-isusa-hrista-hajde-da-cujem-da-neko-od-pravoslavaca-kaze-ja-volim-muhameda\/#breadcrumb\",\"itemListElement\":[{\"@type\":\"ListItem\",\"position\":1,\"name\":\"Home\",\"item\":\"https:\/\/sandzakpress.net\/arhiva\/\"},{\"@type\":\"ListItem\",\"position\":2,\"name\":\"Evo ja D\u017eavid volim Isusa Hrista, hajde da \u010dujem da neko od pravoslavaca ka\u017ee \u201eja volim Muhameda\u201c\"}]},{\"@type\":\"WebSite\",\"@id\":\"https:\/\/sandzakpress.net\/arhiva\/#website\",\"url\":\"https:\/\/sandzakpress.net\/arhiva\/\",\"name\":\"Sand\u017eak PRESS\",\"description\":\"Prve elektronske novine u Sand\u017eaku\",\"publisher\":{\"@id\":\"https:\/\/sandzakpress.net\/arhiva\/#\/schema\/person\/6e72b67d6e51910a1117b3b483ba20bd\"},\"potentialAction\":[{\"@type\":\"SearchAction\",\"target\":{\"@type\":\"EntryPoint\",\"urlTemplate\":\"https:\/\/sandzakpress.net\/arhiva\/?s={search_term_string}\"},\"query-input\":{\"@type\":\"PropertyValueSpecification\",\"valueRequired\":true,\"valueName\":\"search_term_string\"}}],\"inLanguage\":\"bs-BA\"},{\"@type\":[\"Person\",\"Organization\"],\"@id\":\"https:\/\/sandzakpress.net\/arhiva\/#\/schema\/person\/6e72b67d6e51910a1117b3b483ba20bd\",\"name\":\"Kul\",\"image\":{\"@type\":\"ImageObject\",\"inLanguage\":\"bs-BA\",\"@id\":\"https:\/\/sandzakpress.net\/arhiva\/#\/schema\/person\/image\/\",\"url\":\"https:\/\/secure.gravatar.com\/avatar\/42263f39aa27ac04c43cab85c280eb2e?s=96&d=mm&r=pg\",\"contentUrl\":\"https:\/\/secure.gravatar.com\/avatar\/42263f39aa27ac04c43cab85c280eb2e?s=96&d=mm&r=pg\",\"caption\":\"Kul\"},\"logo\":{\"@id\":\"https:\/\/sandzakpress.net\/arhiva\/#\/schema\/person\/image\/\"}},{\"@type\":\"Person\",\"@id\":\"https:\/\/sandzakpress.net\/arhiva\/#\/schema\/person\/c8baee722073534b583ea7bdb2e36c02\",\"name\":\"bosniak\",\"image\":{\"@type\":\"ImageObject\",\"inLanguage\":\"bs-BA\",\"@id\":\"https:\/\/sandzakpress.net\/arhiva\/#\/schema\/person\/image\/\",\"url\":\"https:\/\/secure.gravatar.com\/avatar\/a04fd330bfe3a36a72a0ad4a6d89fca7?s=96&d=mm&r=pg\",\"contentUrl\":\"https:\/\/secure.gravatar.com\/avatar\/a04fd330bfe3a36a72a0ad4a6d89fca7?s=96&d=mm&r=pg\",\"caption\":\"bosniak\"},\"url\":\"https:\/\/sandzakpress.net\/arhiva\/author\/bosniak\/\"}]}<\/script>\n<!-- \/ Yoast SEO Premium plugin. -->","yoast_head_json":{"title":"Evo ja D\u017eavid volim Isusa Hrista, hajde da \u010dujem da neko od pravoslavaca ka\u017ee \u201eja volim Muhameda\u201c","robots":{"index":"index","follow":"follow","max-snippet":"max-snippet:-1","max-image-preview":"max-image-preview:large","max-video-preview":"max-video-preview:-1"},"canonical":"https:\/\/sandzakpress.net\/arhiva\/evo-ja-dzavid-volim-isusa-hrista-hajde-da-cujem-da-neko-od-pravoslavaca-kaze-ja-volim-muhameda\/","og_locale":"bs_BA","og_type":"article","og_title":"Evo ja D\u017eavid volim Isusa Hrista, hajde da \u010dujem da neko od pravoslavaca ka\u017ee \u201eja volim Muhameda\u201c","og_description":"Ro\u017eaje &#8211; Poslanik Socijaldemokratske partije D\u017eavid \u0160abovi\u0107 kazao je u izjavi za portal Analitika da se on ne libi da ka\u017ee da voli Isusa Hrista ali da \u0107e pro\u0107i mnogo vremena kad \u0107e neko od \u201epravoslavaca re\u0107i da voli Muhameda\u201c. Govore\u0107i o skupu \u201cProtest za poslanika Muhameda\u201d u Ro\u017eajama, zbog nedavnih de\u0161avanja u Parizu, \u0160abovi\u0107 [&hellip;]","og_url":"https:\/\/sandzakpress.net\/arhiva\/evo-ja-dzavid-volim-isusa-hrista-hajde-da-cujem-da-neko-od-pravoslavaca-kaze-ja-volim-muhameda\/","og_site_name":"Sand\u017eak PRESS","article_published_time":"2015-01-31T12:00:03+00:00","article_modified_time":"2015-01-31T12:27:46+00:00","og_image":[{"width":600,"height":324,"url":"https:\/\/sandzakpress.net\/arhiva\/wp-content\/uploads\/2015\/01\/Screenshot_153.jpg","type":"image\/jpeg"}],"author":"bosniak","twitter_card":"summary_large_image","twitter_misc":{"Written by":"bosniak","Est. reading time":"1 minuta"},"schema":{"@context":"https:\/\/schema.org","@graph":[{"@type":"Article","@id":"https:\/\/sandzakpress.net\/arhiva\/evo-ja-dzavid-volim-isusa-hrista-hajde-da-cujem-da-neko-od-pravoslavaca-kaze-ja-volim-muhameda\/#article","isPartOf":{"@id":"https:\/\/sandzakpress.net\/arhiva\/evo-ja-dzavid-volim-isusa-hrista-hajde-da-cujem-da-neko-od-pravoslavaca-kaze-ja-volim-muhameda\/"},"author":{"name":"bosniak","@id":"https:\/\/sandzakpress.net\/arhiva\/#\/schema\/person\/c8baee722073534b583ea7bdb2e36c02"},"headline":"Evo ja D\u017eavid volim Isusa Hrista, hajde da \u010dujem da neko od pravoslavaca ka\u017ee \u201eja volim Muhameda\u201c","datePublished":"2015-01-31T12:00:03+00:00","dateModified":"2015-01-31T12:27:46+00:00","mainEntityOfPage":{"@id":"https:\/\/sandzakpress.net\/arhiva\/evo-ja-dzavid-volim-isusa-hrista-hajde-da-cujem-da-neko-od-pravoslavaca-kaze-ja-volim-muhameda\/"},"wordCount":200,"commentCount":145,"publisher":{"@id":"https:\/\/sandzakpress.net\/arhiva\/#\/schema\/person\/6e72b67d6e51910a1117b3b483ba20bd"},"image":{"@id":"https:\/\/sandzakpress.net\/arhiva\/evo-ja-dzavid-volim-isusa-hrista-hajde-da-cujem-da-neko-od-pravoslavaca-kaze-ja-volim-muhameda\/#primaryimage"},"thumbnailUrl":"https:\/\/sandzakpress.net\/arhiva\/wp-content\/uploads\/2015\/01\/Screenshot_153.jpg","articleSection":["Ro\u017eaje","Politika","VIJESTI DANA","NAJNOVIJE"],"inLanguage":"bs-BA","potentialAction":[{"@type":"CommentAction","name":"Comment","target":["https:\/\/sandzakpress.net\/arhiva\/evo-ja-dzavid-volim-isusa-hrista-hajde-da-cujem-da-neko-od-pravoslavaca-kaze-ja-volim-muhameda\/#respond"]}]},{"@type":"WebPage","@id":"https:\/\/sandzakpress.net\/arhiva\/evo-ja-dzavid-volim-isusa-hrista-hajde-da-cujem-da-neko-od-pravoslavaca-kaze-ja-volim-muhameda\/","url":"https:\/\/sandzakpress.net\/arhiva\/evo-ja-dzavid-volim-isusa-hrista-hajde-da-cujem-da-neko-od-pravoslavaca-kaze-ja-volim-muhameda\/","name":"Evo ja D\u017eavid volim Isusa Hrista, hajde da \u010dujem da neko od pravoslavaca ka\u017ee \u201eja volim Muhameda\u201c","isPartOf":{"@id":"https:\/\/sandzakpress.net\/arhiva\/#website"},"primaryImageOfPage":{"@id":"https:\/\/sandzakpress.net\/arhiva\/evo-ja-dzavid-volim-isusa-hrista-hajde-da-cujem-da-neko-od-pravoslavaca-kaze-ja-volim-muhameda\/#primaryimage"},"image":{"@id":"https:\/\/sandzakpress.net\/arhiva\/evo-ja-dzavid-volim-isusa-hrista-hajde-da-cujem-da-neko-od-pravoslavaca-kaze-ja-volim-muhameda\/#primaryimage"},"thumbnailUrl":"https:\/\/sandzakpress.net\/arhiva\/wp-content\/uploads\/2015\/01\/Screenshot_153.jpg","datePublished":"2015-01-31T12:00:03+00:00","dateModified":"2015-01-31T12:27:46+00:00","breadcrumb":{"@id":"https:\/\/sandzakpress.net\/arhiva\/evo-ja-dzavid-volim-isusa-hrista-hajde-da-cujem-da-neko-od-pravoslavaca-kaze-ja-volim-muhameda\/#breadcrumb"},"inLanguage":"bs-BA","potentialAction":[{"@type":"ReadAction","target":["https:\/\/sandzakpress.net\/arhiva\/evo-ja-dzavid-volim-isusa-hrista-hajde-da-cujem-da-neko-od-pravoslavaca-kaze-ja-volim-muhameda\/"]}]},{"@type":"ImageObject","inLanguage":"bs-BA","@id":"https:\/\/sandzakpress.net\/arhiva\/evo-ja-dzavid-volim-isusa-hrista-hajde-da-cujem-da-neko-od-pravoslavaca-kaze-ja-volim-muhameda\/#primaryimage","url":"https:\/\/sandzakpress.net\/arhiva\/wp-content\/uploads\/2015\/01\/Screenshot_153.jpg","contentUrl":"https:\/\/sandzakpress.net\/arhiva\/wp-content\/uploads\/2015\/01\/Screenshot_153.jpg","width":600,"height":324},{"@type":"BreadcrumbList","@id":"https:\/\/sandzakpress.net\/arhiva\/evo-ja-dzavid-volim-isusa-hrista-hajde-da-cujem-da-neko-od-pravoslavaca-kaze-ja-volim-muhameda\/#breadcrumb","itemListElement":[{"@type":"ListItem","position":1,"name":"Home","item":"https:\/\/sandzakpress.net\/arhiva\/"},{"@type":"ListItem","position":2,"name":"Evo ja D\u017eavid volim Isusa Hrista, hajde da \u010dujem da neko od pravoslavaca ka\u017ee \u201eja volim Muhameda\u201c"}]},{"@type":"WebSite","@id":"https:\/\/sandzakpress.net\/arhiva\/#website","url":"https:\/\/sandzakpress.net\/arhiva\/","name":"Sand\u017eak PRESS","description":"Prve elektronske novine u Sand\u017eaku","publisher":{"@id":"https:\/\/sandzakpress.net\/arhiva\/#\/schema\/person\/6e72b67d6e51910a1117b3b483ba20bd"},"potentialAction":[{"@type":"SearchAction","target":{"@type":"EntryPoint","urlTemplate":"https:\/\/sandzakpress.net\/arhiva\/?s={search_term_string}"},"query-input":{"@type":"PropertyValueSpecification","valueRequired":true,"valueName":"search_term_string"}}],"inLanguage":"bs-BA"},{"@type":["Person","Organization"],"@id":"https:\/\/sandzakpress.net\/arhiva\/#\/schema\/person\/6e72b67d6e51910a1117b3b483ba20bd","name":"Kul","image":{"@type":"ImageObject","inLanguage":"bs-BA","@id":"https:\/\/sandzakpress.net\/arhiva\/#\/schema\/person\/image\/","url":"https:\/\/secure.gravatar.com\/avatar\/42263f39aa27ac04c43cab85c280eb2e?s=96&d=mm&r=pg","contentUrl":"https:\/\/secure.gravatar.com\/avatar\/42263f39aa27ac04c43cab85c280eb2e?s=96&d=mm&r=pg","caption":"Kul"},"logo":{"@id":"https:\/\/sandzakpress.net\/arhiva\/#\/schema\/person\/image\/"}},{"@type":"Person","@id":"https:\/\/sandzakpress.net\/arhiva\/#\/schema\/person\/c8baee722073534b583ea7bdb2e36c02","name":"bosniak","image":{"@type":"ImageObject","inLanguage":"bs-BA","@id":"https:\/\/sandzakpress.net\/arhiva\/#\/schema\/person\/image\/","url":"https:\/\/secure.gravatar.com\/avatar\/a04fd330bfe3a36a72a0ad4a6d89fca7?s=96&d=mm&r=pg","contentUrl":"https:\/\/secure.gravatar.com\/avatar\/a04fd330bfe3a36a72a0ad4a6d89fca7?s=96&d=mm&r=pg","caption":"bosniak"},"url":"https:\/\/sandzakpress.net\/arhiva\/author\/bosniak\/"}]}},"_links":{"self":[{"href":"https:\/\/sandzakpress.net\/arhiva\/wp-json\/wp\/v2\/posts\/120993"}],"collection":[{"href":"https:\/\/sandzakpress.net\/arhiva\/wp-json\/wp\/v2\/posts"}],"about":[{"href":"https:\/\/sandzakpress.net\/arhiva\/wp-json\/wp\/v2\/types\/post"}],"author":[{"embeddable":true,"href":"https:\/\/sandzakpress.net\/arhiva\/wp-json\/wp\/v2\/users\/83"}],"replies":[{"embeddable":true,"href":"https:\/\/sandzakpress.net\/arhiva\/wp-json\/wp\/v2\/comments?post=120993"}],"version-history":[{"count":0,"href":"https:\/\/sandzakpress.net\/arhiva\/wp-json\/wp\/v2\/posts\/120993\/revisions"}],"wp:featuredmedia":[{"embeddable":true,"href":"https:\/\/sandzakpress.net\/arhiva\/wp-json\/wp\/v2\/media\/120994"}],"wp:attachment":[{"href":"https:\/\/sandzakpress.net\/arhiva\/wp-json\/wp\/v2\/media?parent=120993"}],"wp:term":[{"taxonomy":"category","embeddable":true,"href":"https:\/\/sandzakpress.net\/arhiva\/wp-json\/wp\/v2\/categories?post=120993"},{"taxonomy":"post_tag","embeddable":true,"href":"https:\/\/sandzakpress.net\/arhiva\/wp-json\/wp\/v2\/tags?post=120993"}],"curies":[{"name":"wp","href":"https:\/\/api.w.org\/{rel}","templated":true}]}}