{"id":120957,"date":"2015-01-31T09:39:17","date_gmt":"2015-01-31T08:39:17","guid":{"rendered":"https:\/\/sandzakpress.net\/arhiva\/?p=120957"},"modified":"2015-01-31T09:48:23","modified_gmt":"2015-01-31T08:48:23","slug":"u-priboju-ispisan-grafit-ratko-mladic","status":"publish","type":"post","link":"https:\/\/sandzakpress.net\/arhiva\/Novi+grafit+u+Priboju+kojim+se+veli%C4%8Da+ratni+zlo%C4%8Dinac+Ratko+Mladi%C4%87","title":{"rendered":"Novi grafit u Priboju kojim se veli\u010da ratni zlo\u010dinac Ratko Mladi\u0107"},"content":{"rendered":"<p><img loading=\"lazy\" decoding=\"async\" class=\"aligncenter size-full wp-image-120958\" src=\"https:\/\/sandzakpress.net\/arhiva\/wp-content\/uploads\/2015\/01\/10893589_10205149995823109_260311926_n.jpg\" alt=\"10893589_10205149995823109_260311926_n\" width=\"600\" height=\"450\" \/><br \/>\n<strong>Priboj &#8211; Grafit na kojem je ispisano ime Ratka Mladi\u0107a, ha\u0161kog optu\u017eenika kojeg se tereti za genocid i stradanje hiljada nedu\u017enihBo\u0161njaka, osvanuo je na fasadi zgrade u Priboju. Ovakvim grafitom Bo\u0161njacima Priboja \u00a0se \u0161alje poruka da bi moglo da im se\u00a0desi ono sto se desilo Bo\u0161njacima Srebrenice.<br \/>\n<\/strong><br \/>\nPrema posljednjim informacijama grafiti jo\u0161 uvijek nije uklonjen, a spekuli\u0161e se ko bi mogao biti autor.<\/p>\n<p>U svakom slu\u010daju, grafitu sa imenom i prezimenom Ratka Mladi\u0107a nije mjesto, ne samo u multietni\u010dkom Priboju, nego ni u drugim gradovima bez obzira na to da li tamo ima ili nema Bo\u0161njaka.<\/p>\n<p><strong>Ina\u010de, u proteklih nekoliko mjeseci na raznim lokacijama u Priboju ispisivani su grafiti mr\u017enje, u kojima je pozivano na ubijanje muslimana.<\/strong><\/p>\n<p><img decoding=\"async\" src=\"https:\/\/sandzakpress.net\/arhiva\/wp-content\/uploads\/2015\/01\/priboj1.jpg\" alt=\"\" \/><\/p>\n<p>Ovaj grafit na kome je pisalo &#8220;Ko \u045b\u0435 \u0431\u0440\u0436\u0435, \u043a\u043e \u045b\u0435 \u043f\u0440\u0438\u0458\u0435 \u0442\u0443\u0440\u0441\u043a\u0435 \u043a\u0440\u0432\u0438 \u0434\u0430 \u043f\u0440\u043e\u043b\u0438\u0458\u0435&#8221; aktivisti Kancelarije za mlade Priboj prefarbali su u apstraktne konture planine Bi\u0107 iznad Priboja. Ali su vandali posle samo par dana opet ispisali nacionalisti\u010dke poruke podr\u0161ke zlo\u010dincu Ratku Mladi\u0107u.<\/p>\n<p>Na njemu pored natpisa \u201c\u0413\u0420\u041e\u0411\u0410\u0420\u0418 \u041f\u0420\u0418\u0411\u041e\u0408\u201d, stoji i datum \u201c11.7.\u201995.\u201d ispod koga pi\u0161e \u201c\u0425\u0412\u0410\u041b\u0410 \u0402\u0415\u041d\u0415\u0420\u0410\u041b\u0415\u201d, \u010dime se v\u0458erovatno aludira na\u00a0genocid\u00a0u Srebrenici i datum kada su ovo mjesto zauzele jedinice Vojske Republike Srpske pod komandom zlo\u010dinca Ratka Mladi\u0107a.<\/p>\n<p><img decoding=\"async\" src=\"http:\/\/i0.wp.com\/www.priboj033.com\/wp-content\/uploads\/2015\/01\/Novi-grafit-mr%C5%BEnje.jpg?resize=550%2C413\" alt=\"Novi grafit mr\u017enje\" \/><\/p>\n<p>Na potezu su oni koji u \u0161to skorije vrijeme moraju ukloniti uvredljive i provokativne grafite, te istra\u017eni organi koji bi morali povesti ra\u010duna o tome ko, gdje i \u0161ta piskara po gradskim fasadama, potpornim zidovima i drugim mjestima.<\/p>\n<p>SANA &#8211; R.Z<\/p>\n","protected":false},"excerpt":{"rendered":"<p>Priboj &#8211; Grafit na kojem je ispisano ime Ratka Mladi\u0107a, ha\u0161kog optu\u017eenika kojeg se tereti za genocid i stradanje hiljada nedu\u017enihBo\u0161njaka, osvanuo je na fasadi zgrade u Priboju. Ovakvim grafitom Bo\u0161njacima Priboja \u00a0se \u0161alje poruka da bi moglo da im se\u00a0desi ono sto se desilo Bo\u0161njacima Srebrenice. Prema posljednjim informacijama grafiti jo\u0161 uvijek nije uklonjen, [&hellip;]<\/p>\n","protected":false},"author":83,"featured_media":120958,"comment_status":"open","ping_status":"open","sticky":false,"template":"","format":"standard","meta":{"footnotes":""},"categories":[800,393,8957,798],"tags":[],"class_list":{"0":"post-120957","1":"post","2":"type-post","3":"status-publish","4":"format-standard","5":"has-post-thumbnail","7":"category-nacija","8":"category-priboj","9":"category-vijesti-dana","10":"category-teme"},"yoast_head":"<!-- This site is optimized with the Yoast SEO Premium plugin v23.1 (Yoast SEO v24.9) - https:\/\/yoast.com\/wordpress\/plugins\/seo\/ -->\n<title>Novi grafit u Priboju kojim se veli\u010da ratni zlo\u010dinac Ratko Mladi\u0107<\/title>\n<meta name=\"robots\" content=\"index, follow, max-snippet:-1, max-image-preview:large, max-video-preview:-1\" \/>\n<link rel=\"canonical\" href=\"https:\/\/sandzakpress.net\/arhiva\/Novi%20grafit%20u%20Priboju%20kojim%20se%20veli\u010da%20ratni%20zlo\u010dinac%20Ratko%20Mladi\u0107\/\" \/>\n<meta property=\"og:locale\" content=\"bs_BA\" \/>\n<meta property=\"og:type\" content=\"article\" \/>\n<meta property=\"og:title\" content=\"Novi grafit u Priboju kojim se veli\u010da ratni zlo\u010dinac Ratko Mladi\u0107\" \/>\n<meta property=\"og:description\" content=\"Priboj &#8211; Grafit na kojem je ispisano ime Ratka Mladi\u0107a, ha\u0161kog optu\u017eenika kojeg se tereti za genocid i stradanje hiljada nedu\u017enihBo\u0161njaka, osvanuo je na fasadi zgrade u Priboju. Ovakvim grafitom Bo\u0161njacima Priboja \u00a0se \u0161alje poruka da bi moglo da im se\u00a0desi ono sto se desilo Bo\u0161njacima Srebrenice. Prema posljednjim informacijama grafiti jo\u0161 uvijek nije uklonjen, [&hellip;]\" \/>\n<meta property=\"og:url\" content=\"https:\/\/sandzakpress.net\/arhiva\/Novi grafit u Priboju kojim se veli\u010da ratni zlo\u010dinac Ratko Mladi\u0107\/\" \/>\n<meta property=\"og:site_name\" content=\"Sand\u017eak PRESS\" \/>\n<meta property=\"article:published_time\" content=\"2015-01-31T08:39:17+00:00\" \/>\n<meta property=\"article:modified_time\" content=\"2015-01-31T08:48:23+00:00\" \/>\n<meta property=\"og:image\" content=\"https:\/\/sandzakpress.net\/arhiva\/wp-content\/uploads\/2015\/01\/10893589_10205149995823109_260311926_n.jpg\" \/>\n\t<meta property=\"og:image:width\" content=\"600\" \/>\n\t<meta property=\"og:image:height\" content=\"450\" \/>\n\t<meta property=\"og:image:type\" content=\"image\/jpeg\" \/>\n<meta name=\"author\" content=\"bosniak\" \/>\n<meta name=\"twitter:card\" content=\"summary_large_image\" \/>\n<meta name=\"twitter:label1\" content=\"Written by\" \/>\n\t<meta name=\"twitter:data1\" content=\"bosniak\" \/>\n\t<meta name=\"twitter:label2\" content=\"Est. reading time\" \/>\n\t<meta name=\"twitter:data2\" content=\"1 minuta\" \/>\n<script type=\"application\/ld+json\" class=\"yoast-schema-graph\">{\"@context\":\"https:\/\/schema.org\",\"@graph\":[{\"@type\":\"Article\",\"@id\":\"https:\/\/sandzakpress.net\/arhiva\/Novi+grafit+u+Priboju+kojim+se+veli%C4%8Da+ratni+zlo%C4%8Dinac+Ratko+Mladi%C4%87\/#article\",\"isPartOf\":{\"@id\":\"https:\/\/sandzakpress.net\/arhiva\/Novi+grafit+u+Priboju+kojim+se+veli%C4%8Da+ratni+zlo%C4%8Dinac+Ratko+Mladi%C4%87\/\"},\"author\":{\"name\":\"bosniak\",\"@id\":\"https:\/\/sandzakpress.net\/arhiva\/#\/schema\/person\/c8baee722073534b583ea7bdb2e36c02\"},\"headline\":\"Novi grafit u Priboju kojim se veli\u010da ratni zlo\u010dinac Ratko Mladi\u0107\",\"datePublished\":\"2015-01-31T08:39:17+00:00\",\"dateModified\":\"2015-01-31T08:48:23+00:00\",\"mainEntityOfPage\":{\"@id\":\"https:\/\/sandzakpress.net\/arhiva\/Novi+grafit+u+Priboju+kojim+se+veli%C4%8Da+ratni+zlo%C4%8Dinac+Ratko+Mladi%C4%87\/\"},\"wordCount\":281,\"commentCount\":12,\"publisher\":{\"@id\":\"https:\/\/sandzakpress.net\/arhiva\/#\/schema\/person\/6e72b67d6e51910a1117b3b483ba20bd\"},\"image\":{\"@id\":\"https:\/\/sandzakpress.net\/arhiva\/Novi+grafit+u+Priboju+kojim+se+veli%C4%8Da+ratni+zlo%C4%8Dinac+Ratko+Mladi%C4%87\/#primaryimage\"},\"thumbnailUrl\":\"https:\/\/sandzakpress.net\/arhiva\/wp-content\/uploads\/2015\/01\/10893589_10205149995823109_260311926_n.jpg\",\"articleSection\":[\"Nacija\",\"Priboj\",\"VIJESTI DANA\",\"NAJNOVIJE\"],\"inLanguage\":\"bs-BA\",\"potentialAction\":[{\"@type\":\"CommentAction\",\"name\":\"Comment\",\"target\":[\"https:\/\/sandzakpress.net\/arhiva\/Novi+grafit+u+Priboju+kojim+se+veli%C4%8Da+ratni+zlo%C4%8Dinac+Ratko+Mladi%C4%87\/#respond\"]}]},{\"@type\":\"WebPage\",\"@id\":\"https:\/\/sandzakpress.net\/arhiva\/Novi+grafit+u+Priboju+kojim+se+veli%C4%8Da+ratni+zlo%C4%8Dinac+Ratko+Mladi%C4%87\/\",\"url\":\"https:\/\/sandzakpress.net\/arhiva\/Novi+grafit+u+Priboju+kojim+se+veli%C4%8Da+ratni+zlo%C4%8Dinac+Ratko+Mladi%C4%87\/\",\"name\":\"Novi grafit u Priboju kojim se veli\u010da ratni zlo\u010dinac Ratko Mladi\u0107\",\"isPartOf\":{\"@id\":\"https:\/\/sandzakpress.net\/arhiva\/#website\"},\"primaryImageOfPage\":{\"@id\":\"https:\/\/sandzakpress.net\/arhiva\/Novi+grafit+u+Priboju+kojim+se+veli%C4%8Da+ratni+zlo%C4%8Dinac+Ratko+Mladi%C4%87\/#primaryimage\"},\"image\":{\"@id\":\"https:\/\/sandzakpress.net\/arhiva\/Novi+grafit+u+Priboju+kojim+se+veli%C4%8Da+ratni+zlo%C4%8Dinac+Ratko+Mladi%C4%87\/#primaryimage\"},\"thumbnailUrl\":\"https:\/\/sandzakpress.net\/arhiva\/wp-content\/uploads\/2015\/01\/10893589_10205149995823109_260311926_n.jpg\",\"datePublished\":\"2015-01-31T08:39:17+00:00\",\"dateModified\":\"2015-01-31T08:48:23+00:00\",\"breadcrumb\":{\"@id\":\"https:\/\/sandzakpress.net\/arhiva\/Novi+grafit+u+Priboju+kojim+se+veli%C4%8Da+ratni+zlo%C4%8Dinac+Ratko+Mladi%C4%87\/#breadcrumb\"},\"inLanguage\":\"bs-BA\",\"potentialAction\":[{\"@type\":\"ReadAction\",\"target\":[\"https:\/\/sandzakpress.net\/arhiva\/Novi+grafit+u+Priboju+kojim+se+veli%C4%8Da+ratni+zlo%C4%8Dinac+Ratko+Mladi%C4%87\/\"]}]},{\"@type\":\"ImageObject\",\"inLanguage\":\"bs-BA\",\"@id\":\"https:\/\/sandzakpress.net\/arhiva\/Novi+grafit+u+Priboju+kojim+se+veli%C4%8Da+ratni+zlo%C4%8Dinac+Ratko+Mladi%C4%87\/#primaryimage\",\"url\":\"https:\/\/sandzakpress.net\/arhiva\/wp-content\/uploads\/2015\/01\/10893589_10205149995823109_260311926_n.jpg\",\"contentUrl\":\"https:\/\/sandzakpress.net\/arhiva\/wp-content\/uploads\/2015\/01\/10893589_10205149995823109_260311926_n.jpg\",\"width\":600,\"height\":450},{\"@type\":\"BreadcrumbList\",\"@id\":\"https:\/\/sandzakpress.net\/arhiva\/Novi+grafit+u+Priboju+kojim+se+veli%C4%8Da+ratni+zlo%C4%8Dinac+Ratko+Mladi%C4%87\/#breadcrumb\",\"itemListElement\":[{\"@type\":\"ListItem\",\"position\":1,\"name\":\"Home\",\"item\":\"https:\/\/sandzakpress.net\/arhiva\/\"},{\"@type\":\"ListItem\",\"position\":2,\"name\":\"Novi grafit u Priboju kojim se veli\u010da ratni zlo\u010dinac Ratko Mladi\u0107\"}]},{\"@type\":\"WebSite\",\"@id\":\"https:\/\/sandzakpress.net\/arhiva\/#website\",\"url\":\"https:\/\/sandzakpress.net\/arhiva\/\",\"name\":\"Sand\u017eak PRESS\",\"description\":\"Prve elektronske novine u Sand\u017eaku\",\"publisher\":{\"@id\":\"https:\/\/sandzakpress.net\/arhiva\/#\/schema\/person\/6e72b67d6e51910a1117b3b483ba20bd\"},\"potentialAction\":[{\"@type\":\"SearchAction\",\"target\":{\"@type\":\"EntryPoint\",\"urlTemplate\":\"https:\/\/sandzakpress.net\/arhiva\/?s={search_term_string}\"},\"query-input\":{\"@type\":\"PropertyValueSpecification\",\"valueRequired\":true,\"valueName\":\"search_term_string\"}}],\"inLanguage\":\"bs-BA\"},{\"@type\":[\"Person\",\"Organization\"],\"@id\":\"https:\/\/sandzakpress.net\/arhiva\/#\/schema\/person\/6e72b67d6e51910a1117b3b483ba20bd\",\"name\":\"Kul\",\"image\":{\"@type\":\"ImageObject\",\"inLanguage\":\"bs-BA\",\"@id\":\"https:\/\/sandzakpress.net\/arhiva\/#\/schema\/person\/image\/\",\"url\":\"https:\/\/secure.gravatar.com\/avatar\/42263f39aa27ac04c43cab85c280eb2e?s=96&d=mm&r=pg\",\"contentUrl\":\"https:\/\/secure.gravatar.com\/avatar\/42263f39aa27ac04c43cab85c280eb2e?s=96&d=mm&r=pg\",\"caption\":\"Kul\"},\"logo\":{\"@id\":\"https:\/\/sandzakpress.net\/arhiva\/#\/schema\/person\/image\/\"}},{\"@type\":\"Person\",\"@id\":\"https:\/\/sandzakpress.net\/arhiva\/#\/schema\/person\/c8baee722073534b583ea7bdb2e36c02\",\"name\":\"bosniak\",\"image\":{\"@type\":\"ImageObject\",\"inLanguage\":\"bs-BA\",\"@id\":\"https:\/\/sandzakpress.net\/arhiva\/#\/schema\/person\/image\/\",\"url\":\"https:\/\/secure.gravatar.com\/avatar\/a04fd330bfe3a36a72a0ad4a6d89fca7?s=96&d=mm&r=pg\",\"contentUrl\":\"https:\/\/secure.gravatar.com\/avatar\/a04fd330bfe3a36a72a0ad4a6d89fca7?s=96&d=mm&r=pg\",\"caption\":\"bosniak\"},\"url\":\"https:\/\/sandzakpress.net\/arhiva\/author\/bosniak\/\"}]}<\/script>\n<!-- \/ Yoast SEO Premium plugin. -->","yoast_head_json":{"title":"Novi grafit u Priboju kojim se veli\u010da ratni zlo\u010dinac Ratko Mladi\u0107","robots":{"index":"index","follow":"follow","max-snippet":"max-snippet:-1","max-image-preview":"max-image-preview:large","max-video-preview":"max-video-preview:-1"},"canonical":"https:\/\/sandzakpress.net\/arhiva\/Novi grafit u Priboju kojim se veli\u010da ratni zlo\u010dinac Ratko Mladi\u0107\/","og_locale":"bs_BA","og_type":"article","og_title":"Novi grafit u Priboju kojim se veli\u010da ratni zlo\u010dinac Ratko Mladi\u0107","og_description":"Priboj &#8211; Grafit na kojem je ispisano ime Ratka Mladi\u0107a, ha\u0161kog optu\u017eenika kojeg se tereti za genocid i stradanje hiljada nedu\u017enihBo\u0161njaka, osvanuo je na fasadi zgrade u Priboju. Ovakvim grafitom Bo\u0161njacima Priboja \u00a0se \u0161alje poruka da bi moglo da im se\u00a0desi ono sto se desilo Bo\u0161njacima Srebrenice. Prema posljednjim informacijama grafiti jo\u0161 uvijek nije uklonjen, [&hellip;]","og_url":"https:\/\/sandzakpress.net\/arhiva\/Novi grafit u Priboju kojim se veli\u010da ratni zlo\u010dinac Ratko Mladi\u0107\/","og_site_name":"Sand\u017eak PRESS","article_published_time":"2015-01-31T08:39:17+00:00","article_modified_time":"2015-01-31T08:48:23+00:00","og_image":[{"width":600,"height":450,"url":"https:\/\/sandzakpress.net\/arhiva\/wp-content\/uploads\/2015\/01\/10893589_10205149995823109_260311926_n.jpg","type":"image\/jpeg"}],"author":"bosniak","twitter_card":"summary_large_image","twitter_misc":{"Written by":"bosniak","Est. reading time":"1 minuta"},"schema":{"@context":"https:\/\/schema.org","@graph":[{"@type":"Article","@id":"https:\/\/sandzakpress.net\/arhiva\/Novi+grafit+u+Priboju+kojim+se+veli%C4%8Da+ratni+zlo%C4%8Dinac+Ratko+Mladi%C4%87\/#article","isPartOf":{"@id":"https:\/\/sandzakpress.net\/arhiva\/Novi+grafit+u+Priboju+kojim+se+veli%C4%8Da+ratni+zlo%C4%8Dinac+Ratko+Mladi%C4%87\/"},"author":{"name":"bosniak","@id":"https:\/\/sandzakpress.net\/arhiva\/#\/schema\/person\/c8baee722073534b583ea7bdb2e36c02"},"headline":"Novi grafit u Priboju kojim se veli\u010da ratni zlo\u010dinac Ratko Mladi\u0107","datePublished":"2015-01-31T08:39:17+00:00","dateModified":"2015-01-31T08:48:23+00:00","mainEntityOfPage":{"@id":"https:\/\/sandzakpress.net\/arhiva\/Novi+grafit+u+Priboju+kojim+se+veli%C4%8Da+ratni+zlo%C4%8Dinac+Ratko+Mladi%C4%87\/"},"wordCount":281,"commentCount":12,"publisher":{"@id":"https:\/\/sandzakpress.net\/arhiva\/#\/schema\/person\/6e72b67d6e51910a1117b3b483ba20bd"},"image":{"@id":"https:\/\/sandzakpress.net\/arhiva\/Novi+grafit+u+Priboju+kojim+se+veli%C4%8Da+ratni+zlo%C4%8Dinac+Ratko+Mladi%C4%87\/#primaryimage"},"thumbnailUrl":"https:\/\/sandzakpress.net\/arhiva\/wp-content\/uploads\/2015\/01\/10893589_10205149995823109_260311926_n.jpg","articleSection":["Nacija","Priboj","VIJESTI DANA","NAJNOVIJE"],"inLanguage":"bs-BA","potentialAction":[{"@type":"CommentAction","name":"Comment","target":["https:\/\/sandzakpress.net\/arhiva\/Novi+grafit+u+Priboju+kojim+se+veli%C4%8Da+ratni+zlo%C4%8Dinac+Ratko+Mladi%C4%87\/#respond"]}]},{"@type":"WebPage","@id":"https:\/\/sandzakpress.net\/arhiva\/Novi+grafit+u+Priboju+kojim+se+veli%C4%8Da+ratni+zlo%C4%8Dinac+Ratko+Mladi%C4%87\/","url":"https:\/\/sandzakpress.net\/arhiva\/Novi+grafit+u+Priboju+kojim+se+veli%C4%8Da+ratni+zlo%C4%8Dinac+Ratko+Mladi%C4%87\/","name":"Novi grafit u Priboju kojim se veli\u010da ratni zlo\u010dinac Ratko Mladi\u0107","isPartOf":{"@id":"https:\/\/sandzakpress.net\/arhiva\/#website"},"primaryImageOfPage":{"@id":"https:\/\/sandzakpress.net\/arhiva\/Novi+grafit+u+Priboju+kojim+se+veli%C4%8Da+ratni+zlo%C4%8Dinac+Ratko+Mladi%C4%87\/#primaryimage"},"image":{"@id":"https:\/\/sandzakpress.net\/arhiva\/Novi+grafit+u+Priboju+kojim+se+veli%C4%8Da+ratni+zlo%C4%8Dinac+Ratko+Mladi%C4%87\/#primaryimage"},"thumbnailUrl":"https:\/\/sandzakpress.net\/arhiva\/wp-content\/uploads\/2015\/01\/10893589_10205149995823109_260311926_n.jpg","datePublished":"2015-01-31T08:39:17+00:00","dateModified":"2015-01-31T08:48:23+00:00","breadcrumb":{"@id":"https:\/\/sandzakpress.net\/arhiva\/Novi+grafit+u+Priboju+kojim+se+veli%C4%8Da+ratni+zlo%C4%8Dinac+Ratko+Mladi%C4%87\/#breadcrumb"},"inLanguage":"bs-BA","potentialAction":[{"@type":"ReadAction","target":["https:\/\/sandzakpress.net\/arhiva\/Novi+grafit+u+Priboju+kojim+se+veli%C4%8Da+ratni+zlo%C4%8Dinac+Ratko+Mladi%C4%87\/"]}]},{"@type":"ImageObject","inLanguage":"bs-BA","@id":"https:\/\/sandzakpress.net\/arhiva\/Novi+grafit+u+Priboju+kojim+se+veli%C4%8Da+ratni+zlo%C4%8Dinac+Ratko+Mladi%C4%87\/#primaryimage","url":"https:\/\/sandzakpress.net\/arhiva\/wp-content\/uploads\/2015\/01\/10893589_10205149995823109_260311926_n.jpg","contentUrl":"https:\/\/sandzakpress.net\/arhiva\/wp-content\/uploads\/2015\/01\/10893589_10205149995823109_260311926_n.jpg","width":600,"height":450},{"@type":"BreadcrumbList","@id":"https:\/\/sandzakpress.net\/arhiva\/Novi+grafit+u+Priboju+kojim+se+veli%C4%8Da+ratni+zlo%C4%8Dinac+Ratko+Mladi%C4%87\/#breadcrumb","itemListElement":[{"@type":"ListItem","position":1,"name":"Home","item":"https:\/\/sandzakpress.net\/arhiva\/"},{"@type":"ListItem","position":2,"name":"Novi grafit u Priboju kojim se veli\u010da ratni zlo\u010dinac Ratko Mladi\u0107"}]},{"@type":"WebSite","@id":"https:\/\/sandzakpress.net\/arhiva\/#website","url":"https:\/\/sandzakpress.net\/arhiva\/","name":"Sand\u017eak PRESS","description":"Prve elektronske novine u Sand\u017eaku","publisher":{"@id":"https:\/\/sandzakpress.net\/arhiva\/#\/schema\/person\/6e72b67d6e51910a1117b3b483ba20bd"},"potentialAction":[{"@type":"SearchAction","target":{"@type":"EntryPoint","urlTemplate":"https:\/\/sandzakpress.net\/arhiva\/?s={search_term_string}"},"query-input":{"@type":"PropertyValueSpecification","valueRequired":true,"valueName":"search_term_string"}}],"inLanguage":"bs-BA"},{"@type":["Person","Organization"],"@id":"https:\/\/sandzakpress.net\/arhiva\/#\/schema\/person\/6e72b67d6e51910a1117b3b483ba20bd","name":"Kul","image":{"@type":"ImageObject","inLanguage":"bs-BA","@id":"https:\/\/sandzakpress.net\/arhiva\/#\/schema\/person\/image\/","url":"https:\/\/secure.gravatar.com\/avatar\/42263f39aa27ac04c43cab85c280eb2e?s=96&d=mm&r=pg","contentUrl":"https:\/\/secure.gravatar.com\/avatar\/42263f39aa27ac04c43cab85c280eb2e?s=96&d=mm&r=pg","caption":"Kul"},"logo":{"@id":"https:\/\/sandzakpress.net\/arhiva\/#\/schema\/person\/image\/"}},{"@type":"Person","@id":"https:\/\/sandzakpress.net\/arhiva\/#\/schema\/person\/c8baee722073534b583ea7bdb2e36c02","name":"bosniak","image":{"@type":"ImageObject","inLanguage":"bs-BA","@id":"https:\/\/sandzakpress.net\/arhiva\/#\/schema\/person\/image\/","url":"https:\/\/secure.gravatar.com\/avatar\/a04fd330bfe3a36a72a0ad4a6d89fca7?s=96&d=mm&r=pg","contentUrl":"https:\/\/secure.gravatar.com\/avatar\/a04fd330bfe3a36a72a0ad4a6d89fca7?s=96&d=mm&r=pg","caption":"bosniak"},"url":"https:\/\/sandzakpress.net\/arhiva\/author\/bosniak\/"}]}},"_links":{"self":[{"href":"https:\/\/sandzakpress.net\/arhiva\/wp-json\/wp\/v2\/posts\/120957"}],"collection":[{"href":"https:\/\/sandzakpress.net\/arhiva\/wp-json\/wp\/v2\/posts"}],"about":[{"href":"https:\/\/sandzakpress.net\/arhiva\/wp-json\/wp\/v2\/types\/post"}],"author":[{"embeddable":true,"href":"https:\/\/sandzakpress.net\/arhiva\/wp-json\/wp\/v2\/users\/83"}],"replies":[{"embeddable":true,"href":"https:\/\/sandzakpress.net\/arhiva\/wp-json\/wp\/v2\/comments?post=120957"}],"version-history":[{"count":0,"href":"https:\/\/sandzakpress.net\/arhiva\/wp-json\/wp\/v2\/posts\/120957\/revisions"}],"wp:featuredmedia":[{"embeddable":true,"href":"https:\/\/sandzakpress.net\/arhiva\/wp-json\/wp\/v2\/media\/120958"}],"wp:attachment":[{"href":"https:\/\/sandzakpress.net\/arhiva\/wp-json\/wp\/v2\/media?parent=120957"}],"wp:term":[{"taxonomy":"category","embeddable":true,"href":"https:\/\/sandzakpress.net\/arhiva\/wp-json\/wp\/v2\/categories?post=120957"},{"taxonomy":"post_tag","embeddable":true,"href":"https:\/\/sandzakpress.net\/arhiva\/wp-json\/wp\/v2\/tags?post=120957"}],"curies":[{"name":"wp","href":"https:\/\/api.w.org\/{rel}","templated":true}]}}