{"id":120904,"date":"2015-01-30T10:51:41","date_gmt":"2015-01-30T09:51:41","guid":{"rendered":"https:\/\/sandzakpress.net\/arhiva\/?p=120904"},"modified":"2015-01-30T10:51:41","modified_gmt":"2015-01-30T09:51:41","slug":"hafiz-je-ponos-sandzaka","status":"publish","type":"post","link":"https:\/\/sandzakpress.net\/arhiva\/hafiz-je-ponos-sandzaka\/","title":{"rendered":"Hafiz je ponos Sand\u017eaka!"},"content":{"rendered":"<p><img decoding=\"async\" src=\"http:\/\/c6.nrostatic.com\/sites\/default\/files\/uploaded\/pic_giant_052013_A-Big-Chill-on-Free-Speech.jpg\" alt=\"\" \/><\/p>\n<p>Da Crna Gora mo\u017ee biti i kara crna uvjerili smo se ovih dana kad je svoje gra\u0111ane koji su u d\u017eamiji uzviknuli: ,,Hafiz je ponos Sand\u017eaka!&#8221; kaznila nov\u010danom kaznom od 800 eura i kaznom zatvora od dva mjeseca, tj. uslovnom kaznom zatvora od godinu dana. Mislili smo da se, nakon javne osude njene nedavne sramne presude \u017ertvi torture Ibrahimu \u010ciki\u0107u, Crna Gora zadugo ne\u0107e usuditi da se izlo\u017ei stubu srama eventualnim novim sramnim presudama, a ona ne sastavi ni dva mjeseca za objavljivanje nove sramote pred civiliziranim svijetom.<\/p>\n<p>Gra\u0111ani se sad u strahu pitaju i ra\u010dunaju, ako uzvik da je neko ne\u010diji ponos ko\u0161ta 800 eura, a to je afirmativna tvrdnja, koliko bi onda ko\u0161tala neka negativna tvrdnja, mrki pogled i drugi negativni gest neverbalne ili verbalne komunikacije. Izbezumljeni gra\u0111ani sra\u010dunavaju kolika bi, na primjer, bila kazna za psovku nekog od \u0110ukanovi\u0107evih miljenika, dok u isto vrijeme, oni koje \u0110ukanovi\u0107 &#8216;hrani iz ruke&#8217;, mogu vrije\u0111ati koga ho\u0107e, jer su, do daljnjeg, privilegovani. Mogu, na primjer, za najuglednije vjerske, nacionalne ili politi\u010dke li\u010dnosti u regionu govoriti da su fa\u0161iste, klevetati ih i ljagati, izbacivati najutjecajnije alime iz zajednice, svakodnevno prijetiti njihovim u\u010denicima, zatim, u\u010destvovati u la\u017eiranju i montiranju sudskih presuda, i ,pritom, osje\u0107ati se sigurno pod &#8216;gazdin skut&#8217;. Ali, nek se ne raduju dugo ovi lukavi i prepredeni licemjeri, jer njihovom zadnjom sramnom presudom otvorili su &#8216;Pandorinu kutiju&#8217; svih dosad la\u017eiranih sramnih presuda i montiranih procesa koji \u0107e ih kona\u010dno cijelom civiliziranom svijetu predstaviti u njihovom pravom obes\u010da\u0161\u0107enom liku.<\/p>\n<p><strong> Sloboda mi\u0161ljenja i govora je zagarantirana me\u0111unarodnim pravnim aktima<br \/>\n<\/strong><br \/>\nSloboda govora je u Evropi odavno osigurana evropskim konvencijama, deklaracijama i drugim pravnim aktima. U me\u0111unarodnim standardima po \u010clanu 10. Evropske konvencije o ljudskim pravima: ,,Pravo na slobodu izra\u017eavanja je pravo zagarantirano svakoj osobi koja je pod jurisdikcijom dr\u017eave i mora biti za\u0161ti\u0107ena i u praksi.&#8221; U istom se \u010dlanu nadalje, izme\u0111u ostalog, veli: ,,Svako ima pravo na slobodu izra\u017eavanja. Ovo pravo uklju\u010duje i slobodu mi\u0161ljenja i slobodu primanja i preno\u0161enja informacija i ideja, bez mije\u0161anja javne vlasti i bez obzira na granice.&#8221;<\/p>\n<p>Po \u010clanu 10. Evropske konvencije: ,,Pravo na slobodu izra\u017eavanja predstavlja jedan od temelja demokratskog dru\u0161tva, posebno kada se radi o pitanjima od politi\u010dkog i javnog interesa.&#8221;<br \/>\nPo Evropskoj konvenciji o ljudskim pravima zabranjeno je ka\u017enjavati \u010dak i izra\u017eavanje ekstremnih religijskih ideja, ako u javnim demokratskim debatama ne pozivaju na nasilje. U primjerima iz prakse Evropskog suda nalazi se, na primjer, presuda iz oblasti religije (G\u00fcnd\u00fcz vs. Turska) u kojoj stoji: ,,Ka\u017enjavanje izra\u017eavanja ekstremnih religijskih ideja u javnoj demokratskoj debati koja se ticala pitanja od velikog interesa za javnost, a kojim se ne poziva na nasilje predstavlja kr\u0161enje \u010clana 10. Evropske konvencije.&#8221; Kako bi onda pro\u0161la Crna Gora na Evropskom sudu kad bi sud razmatrao slu\u010daj uzvikivanja posve afirmativne re\u010denice u d\u017eamiji: ,,Hafiz je ponos Sand\u017eaka!&#8221;<\/p>\n<p>U Rezoluciji Komiteta Ministara Vije\u0107a Evrope u vezi sa provo\u0111enjem Okvirne konvencije za za\u0161titu nacionalnih manjina za sve relevantne faktore realizacije za\u0161tite stoji preporuka: ,,Poduzeti treba odlu\u010dnije korake u suprotstavljanju svim oblicima diskriminacije na osnovu etni\u010dke, nacionalne ili vjerske pripadnosti.&#8221; U slu\u010daju &#8221;Lingens protiv Austrije&#8221; Evropski sud zaklju\u010duje: ,,Uop\u0161te, sloboda politi\u010dke rasprave predstavlja samu sr\u017e demokratskog dru\u0161tva, i protkana je kroz cijelu Konvenciju.&#8221;<\/p>\n<p><strong> Evropski sud \u0161titi prava opozicije<br \/>\n<\/strong><br \/>\nEvropski sud \u0161titi prava svake opozicije, pogotovo one koja ima \u010dlana parlamenta. U predmetu u kojem je, na primjer, \u0161panski senator, osu\u0111en za jako kritikovanje vlade, Evropski sud je istakao va\u017enost za\u0161tite slobode izra\u017eavanja izabranih predstavnika od strane naroda, pa navodi: ,,Premda je sloboda izra\u017eavanja va\u017ena svima, ona je naro\u010dito va\u017ena za izabranog predstavnika naroda. On predstavlja svoje bira\u010dko telo, skre\u0107e pa\u017enju na ono \u0161to im je va\u017eno i brani njihove interese. Shodno tome, mije\u0161anje u slobodu izra\u017eavanja opozicionog \u010dlana parlamenta, kakav je podnosilac predstavke, zahtjeva detaljno preispitivanje pred Sudom.&#8221; Bezbroj je primjera u praksi Evropskog suda kojima se mo\u017ee potkrijepiti pravo na slobodno izra\u017eavanje predstavnika naroda, kao \u0161to je to \u010duveni autoritet hafiz Kujevi\u0107 i njegovi sljedbenici, ali i bezbroj drugih koji autokratu Djukanovi\u0107a i njegovih pijuna Fejzi\u0107a i ostalih vode na stub srama na\u0161eg civiliziranog dru\u0161tva.<\/p>\n<p>Kako Crna Gora, zemlja u kojoj Bo\u0161njake &#8216;sunce jo\u0161 uvijek nije ogrijalo&#8217;, mo\u017ee postati \u010dlanica Evropske unije kad na ovakav na\u010din gu\u0161i, zakonom zagarantiranu, slobodu mi\u0161ljenja i govora svojih gra\u0111ana? Za\u0161to se Crna Gora vra\u0107a u vrijeme Bulatovi\u0107a kad je uveliko montirala i la\u017eirala sudske presude i vr\u0161ila teror nad uglednim Bo\u0161njacima?<\/p>\n<p>Kako Crna Gora misli ugu\u0161iti glas slobode naroda uz pomo\u0107 nekoliko bo\u0161nja\u010dkih pijuna na vlasti, kad to nikada nikome u kona\u010dnici nije uspjelo tokom povijesti? &#8216;Freedom of speech&#8217; \u2013 slobodu govora, tu narodnu svetinju, nije mogao ugu\u0161iti ni &#8216;Goli otok&#8217; prema kojem su neki dana\u0161nji pre\u017eivjeli komunisti\u010dki &#8216;mozgovi&#8217; toliko nostalgi\u010dni, niti ikakve druge tamnice i kazne. Uostalom, Crna Gora i nema toliko zatvora za, o\u010dito, sve ve\u0107i broj pobornika istinske ljudske slobode.<\/p>\n<p>Pi\u0161e: Mersada Nuruddina Agovi\u0107<\/p>\n","protected":false},"excerpt":{"rendered":"<p>Mersada Nuruddina Agovi\u0107<\/p>\n","protected":false},"author":83,"featured_media":120905,"comment_status":"open","ping_status":"open","sticky":false,"template":"","format":"standard","meta":{"footnotes":""},"categories":[10196],"tags":[],"class_list":{"0":"post-120904","1":"post","2":"type-post","3":"status-publish","4":"format-standard","5":"has-post-thumbnail","7":"category-iz-pera-nasih-autora"},"yoast_head":"<!-- This site is optimized with the Yoast SEO Premium plugin v23.1 (Yoast SEO v24.9) - https:\/\/yoast.com\/wordpress\/plugins\/seo\/ -->\n<title>Hafiz je ponos Sand\u017eaka!<\/title>\n<meta name=\"robots\" content=\"index, follow, max-snippet:-1, max-image-preview:large, max-video-preview:-1\" \/>\n<link rel=\"canonical\" href=\"https:\/\/sandzakpress.net\/arhiva\/hafiz-je-ponos-sandzaka\/\" \/>\n<meta property=\"og:locale\" content=\"bs_BA\" \/>\n<meta property=\"og:type\" content=\"article\" \/>\n<meta property=\"og:title\" content=\"Hafiz je ponos Sand\u017eaka!\" \/>\n<meta property=\"og:description\" content=\"Mersada Nuruddina Agovi\u0107\" \/>\n<meta property=\"og:url\" content=\"https:\/\/sandzakpress.net\/arhiva\/hafiz-je-ponos-sandzaka\/\" \/>\n<meta property=\"og:site_name\" content=\"Sand\u017eak PRESS\" \/>\n<meta property=\"article:published_time\" content=\"2015-01-30T09:51:41+00:00\" \/>\n<meta property=\"og:image\" content=\"https:\/\/sandzakpress.net\/arhiva\/wp-content\/uploads\/2015\/01\/pic_giant_052013_A-Big-Chill-on-Free-Speech.jpg\" \/>\n\t<meta property=\"og:image:width\" content=\"600\" \/>\n\t<meta property=\"og:image:height\" content=\"350\" \/>\n\t<meta property=\"og:image:type\" content=\"image\/jpeg\" \/>\n<meta name=\"author\" content=\"bosniak\" \/>\n<meta name=\"twitter:card\" content=\"summary_large_image\" \/>\n<meta name=\"twitter:label1\" content=\"Written by\" \/>\n\t<meta name=\"twitter:data1\" content=\"bosniak\" \/>\n\t<meta name=\"twitter:label2\" content=\"Est. reading time\" \/>\n\t<meta name=\"twitter:data2\" content=\"5 minuta\" \/>\n<script type=\"application\/ld+json\" class=\"yoast-schema-graph\">{\"@context\":\"https:\/\/schema.org\",\"@graph\":[{\"@type\":\"Article\",\"@id\":\"https:\/\/sandzakpress.net\/arhiva\/hafiz-je-ponos-sandzaka\/#article\",\"isPartOf\":{\"@id\":\"https:\/\/sandzakpress.net\/arhiva\/hafiz-je-ponos-sandzaka\/\"},\"author\":{\"name\":\"bosniak\",\"@id\":\"https:\/\/sandzakpress.net\/arhiva\/#\/schema\/person\/c8baee722073534b583ea7bdb2e36c02\"},\"headline\":\"Hafiz je ponos Sand\u017eaka!\",\"datePublished\":\"2015-01-30T09:51:41+00:00\",\"mainEntityOfPage\":{\"@id\":\"https:\/\/sandzakpress.net\/arhiva\/hafiz-je-ponos-sandzaka\/\"},\"wordCount\":910,\"commentCount\":2,\"publisher\":{\"@id\":\"https:\/\/sandzakpress.net\/arhiva\/#\/schema\/person\/6e72b67d6e51910a1117b3b483ba20bd\"},\"image\":{\"@id\":\"https:\/\/sandzakpress.net\/arhiva\/hafiz-je-ponos-sandzaka\/#primaryimage\"},\"thumbnailUrl\":\"https:\/\/sandzakpress.net\/arhiva\/wp-content\/uploads\/2015\/01\/pic_giant_052013_A-Big-Chill-on-Free-Speech.jpg\",\"articleSection\":[\"Iz pera na\u0161ih autora\"],\"inLanguage\":\"bs-BA\",\"potentialAction\":[{\"@type\":\"CommentAction\",\"name\":\"Comment\",\"target\":[\"https:\/\/sandzakpress.net\/arhiva\/hafiz-je-ponos-sandzaka\/#respond\"]}]},{\"@type\":\"WebPage\",\"@id\":\"https:\/\/sandzakpress.net\/arhiva\/hafiz-je-ponos-sandzaka\/\",\"url\":\"https:\/\/sandzakpress.net\/arhiva\/hafiz-je-ponos-sandzaka\/\",\"name\":\"Hafiz je ponos Sand\u017eaka!\",\"isPartOf\":{\"@id\":\"https:\/\/sandzakpress.net\/arhiva\/#website\"},\"primaryImageOfPage\":{\"@id\":\"https:\/\/sandzakpress.net\/arhiva\/hafiz-je-ponos-sandzaka\/#primaryimage\"},\"image\":{\"@id\":\"https:\/\/sandzakpress.net\/arhiva\/hafiz-je-ponos-sandzaka\/#primaryimage\"},\"thumbnailUrl\":\"https:\/\/sandzakpress.net\/arhiva\/wp-content\/uploads\/2015\/01\/pic_giant_052013_A-Big-Chill-on-Free-Speech.jpg\",\"datePublished\":\"2015-01-30T09:51:41+00:00\",\"breadcrumb\":{\"@id\":\"https:\/\/sandzakpress.net\/arhiva\/hafiz-je-ponos-sandzaka\/#breadcrumb\"},\"inLanguage\":\"bs-BA\",\"potentialAction\":[{\"@type\":\"ReadAction\",\"target\":[\"https:\/\/sandzakpress.net\/arhiva\/hafiz-je-ponos-sandzaka\/\"]}]},{\"@type\":\"ImageObject\",\"inLanguage\":\"bs-BA\",\"@id\":\"https:\/\/sandzakpress.net\/arhiva\/hafiz-je-ponos-sandzaka\/#primaryimage\",\"url\":\"https:\/\/sandzakpress.net\/arhiva\/wp-content\/uploads\/2015\/01\/pic_giant_052013_A-Big-Chill-on-Free-Speech.jpg\",\"contentUrl\":\"https:\/\/sandzakpress.net\/arhiva\/wp-content\/uploads\/2015\/01\/pic_giant_052013_A-Big-Chill-on-Free-Speech.jpg\",\"width\":600,\"height\":350},{\"@type\":\"BreadcrumbList\",\"@id\":\"https:\/\/sandzakpress.net\/arhiva\/hafiz-je-ponos-sandzaka\/#breadcrumb\",\"itemListElement\":[{\"@type\":\"ListItem\",\"position\":1,\"name\":\"Home\",\"item\":\"https:\/\/sandzakpress.net\/arhiva\/\"},{\"@type\":\"ListItem\",\"position\":2,\"name\":\"Hafiz je ponos Sand\u017eaka!\"}]},{\"@type\":\"WebSite\",\"@id\":\"https:\/\/sandzakpress.net\/arhiva\/#website\",\"url\":\"https:\/\/sandzakpress.net\/arhiva\/\",\"name\":\"Sand\u017eak PRESS\",\"description\":\"Prve elektronske novine u Sand\u017eaku\",\"publisher\":{\"@id\":\"https:\/\/sandzakpress.net\/arhiva\/#\/schema\/person\/6e72b67d6e51910a1117b3b483ba20bd\"},\"potentialAction\":[{\"@type\":\"SearchAction\",\"target\":{\"@type\":\"EntryPoint\",\"urlTemplate\":\"https:\/\/sandzakpress.net\/arhiva\/?s={search_term_string}\"},\"query-input\":{\"@type\":\"PropertyValueSpecification\",\"valueRequired\":true,\"valueName\":\"search_term_string\"}}],\"inLanguage\":\"bs-BA\"},{\"@type\":[\"Person\",\"Organization\"],\"@id\":\"https:\/\/sandzakpress.net\/arhiva\/#\/schema\/person\/6e72b67d6e51910a1117b3b483ba20bd\",\"name\":\"Kul\",\"image\":{\"@type\":\"ImageObject\",\"inLanguage\":\"bs-BA\",\"@id\":\"https:\/\/sandzakpress.net\/arhiva\/#\/schema\/person\/image\/\",\"url\":\"https:\/\/secure.gravatar.com\/avatar\/42263f39aa27ac04c43cab85c280eb2e?s=96&d=mm&r=pg\",\"contentUrl\":\"https:\/\/secure.gravatar.com\/avatar\/42263f39aa27ac04c43cab85c280eb2e?s=96&d=mm&r=pg\",\"caption\":\"Kul\"},\"logo\":{\"@id\":\"https:\/\/sandzakpress.net\/arhiva\/#\/schema\/person\/image\/\"}},{\"@type\":\"Person\",\"@id\":\"https:\/\/sandzakpress.net\/arhiva\/#\/schema\/person\/c8baee722073534b583ea7bdb2e36c02\",\"name\":\"bosniak\",\"image\":{\"@type\":\"ImageObject\",\"inLanguage\":\"bs-BA\",\"@id\":\"https:\/\/sandzakpress.net\/arhiva\/#\/schema\/person\/image\/\",\"url\":\"https:\/\/secure.gravatar.com\/avatar\/a04fd330bfe3a36a72a0ad4a6d89fca7?s=96&d=mm&r=pg\",\"contentUrl\":\"https:\/\/secure.gravatar.com\/avatar\/a04fd330bfe3a36a72a0ad4a6d89fca7?s=96&d=mm&r=pg\",\"caption\":\"bosniak\"},\"url\":\"https:\/\/sandzakpress.net\/arhiva\/author\/bosniak\/\"}]}<\/script>\n<!-- \/ Yoast SEO Premium plugin. -->","yoast_head_json":{"title":"Hafiz je ponos Sand\u017eaka!","robots":{"index":"index","follow":"follow","max-snippet":"max-snippet:-1","max-image-preview":"max-image-preview:large","max-video-preview":"max-video-preview:-1"},"canonical":"https:\/\/sandzakpress.net\/arhiva\/hafiz-je-ponos-sandzaka\/","og_locale":"bs_BA","og_type":"article","og_title":"Hafiz je ponos Sand\u017eaka!","og_description":"Mersada Nuruddina Agovi\u0107","og_url":"https:\/\/sandzakpress.net\/arhiva\/hafiz-je-ponos-sandzaka\/","og_site_name":"Sand\u017eak PRESS","article_published_time":"2015-01-30T09:51:41+00:00","og_image":[{"width":600,"height":350,"url":"https:\/\/sandzakpress.net\/arhiva\/wp-content\/uploads\/2015\/01\/pic_giant_052013_A-Big-Chill-on-Free-Speech.jpg","type":"image\/jpeg"}],"author":"bosniak","twitter_card":"summary_large_image","twitter_misc":{"Written by":"bosniak","Est. reading time":"5 minuta"},"schema":{"@context":"https:\/\/schema.org","@graph":[{"@type":"Article","@id":"https:\/\/sandzakpress.net\/arhiva\/hafiz-je-ponos-sandzaka\/#article","isPartOf":{"@id":"https:\/\/sandzakpress.net\/arhiva\/hafiz-je-ponos-sandzaka\/"},"author":{"name":"bosniak","@id":"https:\/\/sandzakpress.net\/arhiva\/#\/schema\/person\/c8baee722073534b583ea7bdb2e36c02"},"headline":"Hafiz je ponos Sand\u017eaka!","datePublished":"2015-01-30T09:51:41+00:00","mainEntityOfPage":{"@id":"https:\/\/sandzakpress.net\/arhiva\/hafiz-je-ponos-sandzaka\/"},"wordCount":910,"commentCount":2,"publisher":{"@id":"https:\/\/sandzakpress.net\/arhiva\/#\/schema\/person\/6e72b67d6e51910a1117b3b483ba20bd"},"image":{"@id":"https:\/\/sandzakpress.net\/arhiva\/hafiz-je-ponos-sandzaka\/#primaryimage"},"thumbnailUrl":"https:\/\/sandzakpress.net\/arhiva\/wp-content\/uploads\/2015\/01\/pic_giant_052013_A-Big-Chill-on-Free-Speech.jpg","articleSection":["Iz pera na\u0161ih autora"],"inLanguage":"bs-BA","potentialAction":[{"@type":"CommentAction","name":"Comment","target":["https:\/\/sandzakpress.net\/arhiva\/hafiz-je-ponos-sandzaka\/#respond"]}]},{"@type":"WebPage","@id":"https:\/\/sandzakpress.net\/arhiva\/hafiz-je-ponos-sandzaka\/","url":"https:\/\/sandzakpress.net\/arhiva\/hafiz-je-ponos-sandzaka\/","name":"Hafiz je ponos Sand\u017eaka!","isPartOf":{"@id":"https:\/\/sandzakpress.net\/arhiva\/#website"},"primaryImageOfPage":{"@id":"https:\/\/sandzakpress.net\/arhiva\/hafiz-je-ponos-sandzaka\/#primaryimage"},"image":{"@id":"https:\/\/sandzakpress.net\/arhiva\/hafiz-je-ponos-sandzaka\/#primaryimage"},"thumbnailUrl":"https:\/\/sandzakpress.net\/arhiva\/wp-content\/uploads\/2015\/01\/pic_giant_052013_A-Big-Chill-on-Free-Speech.jpg","datePublished":"2015-01-30T09:51:41+00:00","breadcrumb":{"@id":"https:\/\/sandzakpress.net\/arhiva\/hafiz-je-ponos-sandzaka\/#breadcrumb"},"inLanguage":"bs-BA","potentialAction":[{"@type":"ReadAction","target":["https:\/\/sandzakpress.net\/arhiva\/hafiz-je-ponos-sandzaka\/"]}]},{"@type":"ImageObject","inLanguage":"bs-BA","@id":"https:\/\/sandzakpress.net\/arhiva\/hafiz-je-ponos-sandzaka\/#primaryimage","url":"https:\/\/sandzakpress.net\/arhiva\/wp-content\/uploads\/2015\/01\/pic_giant_052013_A-Big-Chill-on-Free-Speech.jpg","contentUrl":"https:\/\/sandzakpress.net\/arhiva\/wp-content\/uploads\/2015\/01\/pic_giant_052013_A-Big-Chill-on-Free-Speech.jpg","width":600,"height":350},{"@type":"BreadcrumbList","@id":"https:\/\/sandzakpress.net\/arhiva\/hafiz-je-ponos-sandzaka\/#breadcrumb","itemListElement":[{"@type":"ListItem","position":1,"name":"Home","item":"https:\/\/sandzakpress.net\/arhiva\/"},{"@type":"ListItem","position":2,"name":"Hafiz je ponos Sand\u017eaka!"}]},{"@type":"WebSite","@id":"https:\/\/sandzakpress.net\/arhiva\/#website","url":"https:\/\/sandzakpress.net\/arhiva\/","name":"Sand\u017eak PRESS","description":"Prve elektronske novine u Sand\u017eaku","publisher":{"@id":"https:\/\/sandzakpress.net\/arhiva\/#\/schema\/person\/6e72b67d6e51910a1117b3b483ba20bd"},"potentialAction":[{"@type":"SearchAction","target":{"@type":"EntryPoint","urlTemplate":"https:\/\/sandzakpress.net\/arhiva\/?s={search_term_string}"},"query-input":{"@type":"PropertyValueSpecification","valueRequired":true,"valueName":"search_term_string"}}],"inLanguage":"bs-BA"},{"@type":["Person","Organization"],"@id":"https:\/\/sandzakpress.net\/arhiva\/#\/schema\/person\/6e72b67d6e51910a1117b3b483ba20bd","name":"Kul","image":{"@type":"ImageObject","inLanguage":"bs-BA","@id":"https:\/\/sandzakpress.net\/arhiva\/#\/schema\/person\/image\/","url":"https:\/\/secure.gravatar.com\/avatar\/42263f39aa27ac04c43cab85c280eb2e?s=96&d=mm&r=pg","contentUrl":"https:\/\/secure.gravatar.com\/avatar\/42263f39aa27ac04c43cab85c280eb2e?s=96&d=mm&r=pg","caption":"Kul"},"logo":{"@id":"https:\/\/sandzakpress.net\/arhiva\/#\/schema\/person\/image\/"}},{"@type":"Person","@id":"https:\/\/sandzakpress.net\/arhiva\/#\/schema\/person\/c8baee722073534b583ea7bdb2e36c02","name":"bosniak","image":{"@type":"ImageObject","inLanguage":"bs-BA","@id":"https:\/\/sandzakpress.net\/arhiva\/#\/schema\/person\/image\/","url":"https:\/\/secure.gravatar.com\/avatar\/a04fd330bfe3a36a72a0ad4a6d89fca7?s=96&d=mm&r=pg","contentUrl":"https:\/\/secure.gravatar.com\/avatar\/a04fd330bfe3a36a72a0ad4a6d89fca7?s=96&d=mm&r=pg","caption":"bosniak"},"url":"https:\/\/sandzakpress.net\/arhiva\/author\/bosniak\/"}]}},"_links":{"self":[{"href":"https:\/\/sandzakpress.net\/arhiva\/wp-json\/wp\/v2\/posts\/120904"}],"collection":[{"href":"https:\/\/sandzakpress.net\/arhiva\/wp-json\/wp\/v2\/posts"}],"about":[{"href":"https:\/\/sandzakpress.net\/arhiva\/wp-json\/wp\/v2\/types\/post"}],"author":[{"embeddable":true,"href":"https:\/\/sandzakpress.net\/arhiva\/wp-json\/wp\/v2\/users\/83"}],"replies":[{"embeddable":true,"href":"https:\/\/sandzakpress.net\/arhiva\/wp-json\/wp\/v2\/comments?post=120904"}],"version-history":[{"count":0,"href":"https:\/\/sandzakpress.net\/arhiva\/wp-json\/wp\/v2\/posts\/120904\/revisions"}],"wp:featuredmedia":[{"embeddable":true,"href":"https:\/\/sandzakpress.net\/arhiva\/wp-json\/wp\/v2\/media\/120905"}],"wp:attachment":[{"href":"https:\/\/sandzakpress.net\/arhiva\/wp-json\/wp\/v2\/media?parent=120904"}],"wp:term":[{"taxonomy":"category","embeddable":true,"href":"https:\/\/sandzakpress.net\/arhiva\/wp-json\/wp\/v2\/categories?post=120904"},{"taxonomy":"post_tag","embeddable":true,"href":"https:\/\/sandzakpress.net\/arhiva\/wp-json\/wp\/v2\/tags?post=120904"}],"curies":[{"name":"wp","href":"https:\/\/api.w.org\/{rel}","templated":true}]}}