{"id":1209,"date":"2010-01-11T16:51:48","date_gmt":"2010-01-11T15:51:48","guid":{"rendered":"https:\/\/sandzakpress.net\/arhiva\/?p=1209"},"modified":"2010-01-11T16:51:48","modified_gmt":"2010-01-11T15:51:48","slug":"deseti-knjizevni-susreti-%e2%80%9emuhamed-abdagic%e2%80%9c","status":"publish","type":"post","link":"https:\/\/sandzakpress.net\/arhiva\/deseti-knjizevni-susreti-%e2%80%9emuhamed-abdagic%e2%80%9c\/","title":{"rendered":"Deseti knji\u017eevni susreti \u201eMuhamed Abdagi\u0107\u201c"},"content":{"rendered":"<p><strong><a href=\"https:\/\/sandzakpress.net\/arhiva\/wp-content\/uploads\/2010\/01\/knizevnonn5.jpg\"><img loading=\"lazy\" decoding=\"async\" class=\"alignleft size-medium wp-image-1210\" title=\"knizevnonn5\" src=\"https:\/\/sandzakpress.net\/arhiva\/wp-content\/uploads\/2010\/01\/knizevnonn5-300x225.jpg\" alt=\"\" width=\"300\" height=\"225\" \/><\/a>Sjenica &#8211; &#8211; U Sjenici su ovih dana, odr\u017eani Deseti knji\u017eevni susreti \u201eMuhamed Abdagi\u0107\u201c, koje je, u cilju revitalizacije imena i djela nepravedno proganjanog sjeni\u010dkog knji\u017eevnika, ali i u cilju promocije modernog knji\u017eevnog stvarala\u0161tva i ideje interkulturalnosti, pre vi\u0161e od deceniju osnovala Kulturno-prosvjetna zajednica Sjenice.<\/strong><\/p>\n<p>Uz prisustvo vrsnih autora iz raznih podneblja, \u010dlanova porodice Abdagi\u0107, i sve ve\u0107eg broja ljubitelja pisane rije\u010di, jubilej je potvrdio istrajnost osniva\u010dkih ideja ove za Sjenicu veoma zna\u010dajne kulturne manifestacije. Suorganizator Desetih knji\u017eevnih susreta, bila ja NVO \u201eFlores\u201c, a pokrovitelji, po drugi put, holandska Nevladina organizacija IKV Pax Christie, i nakon devet godina, op\u0161tina Sjenica ponovo u ulozi pokrovitelja.<\/p>\n<p>Odlomkom iz knjige \u201ePakao golog otoka\u2019\u201c, koji se odnosi na najve\u0107eg sjeni\u010dkog knji\u017eevnog stvaraoca 20-og veka Muhameda Abdagi\u0107a, \u010dija bogata knji\u017eevna ostav\u0161tina jo\u0161 uvek \u010deka da bude objavljena, susrete je otvorio sjeni\u010dki glumac Edo Ma\u0161ovi\u0107. Pozdravljaju\u0107i prisutne, u ime organizatora Sedat Vrci\u0107 je rekao da se, po\u0161to su susreti jubilarni, logi\u010dno name\u0107e potreba sumiranja rezultate. \u201eRekao bih, da nakon svih ovih godina, mo\u017eemo biti ponosni. Multikulturalnost, kao ideja vodilja i osnovni ciljevi ove manifestacije se uspje\u0161no ostvaruju. Dijelimo utisak da sada, gotovo i nema ljudi koji ne znaju ko je bio Muhamed Abdagi\u0107, i koji nisu upoznati sa njegovim stvarala\u0161tvom. Ali, po\u0161to ciljevi nikada nisu u potpunosti ostvareni, treba nastaviti stremiti ka njima\u201c, poru\u010dio je Vrci\u0107.<\/p>\n<p>Jubilarni Deseti knji\u017eevni susreti u Sjenici, koji sve vi\u0161e dobijaju formu me\u0111udr\u017eavnih, okupili su dvanaest knji\u017eevnih stvaralaca iz razli\u010ditih krajeva. Oni su, na zadovoljstvo prisutnih kulturnih poslenika Sjenice, svojom poetskom mi\u0161lju odali po\u010dast Muhamedu Abdagi\u0107u. \u010cast da svojim stvarala\u0161tvom otvori jubilej, pripala je jednom od autora, koji su dali najve\u0107i doprinos manifestaciji Rasimu \u0106elahmetovi\u0107u iz Priboja. U izjavi za medije te ve\u010deri, on je rekao da se u ovih deset godina u mnogo \u010demu uspjelo. \u201eIpak, ovaj jubilej do\u010dekujem i sa tugom, jer, me\u0111u nama koji smo to po\u010deli, vi\u0161e nema Asima Vrci\u0107a, vi\u0161e nema Mome Dimi\u0107a i jo\u0161 nekih drugih. Sa druge strane, istovremeno me i raduje \u0161to sam ve\u010deras vidio neka nova lica, neke nove pjesnike. To nas uvjerava da je kultura neome\u0111en prostor, da ona kao voda migolji i razbija sve mogu\u0107e granice\u201c, poetski je zaklju\u010dio miljenik sjeni\u010dke publike Rasim \u0106elahmetovi\u0107. Osim \u0106elahmetovi\u0107a, segmentima iz svog stvarala\u0161tva, sjeni\u010dkoj publici su se predstavili: crnogorski autori: Braho Adrovi\u0107 i Rebeka \u010cilovi\u0107, Elvedin Nezirovi\u0107 i Adnan \u017detica iz Mostara, Biljana Dikovi\u0107 i Miladin Savi\u010di\u0107 Rudinski iz U\u017eica, \u0160aban \u0160arenkapi\u0107 i Enes Halilovi\u0107 iz Novog Pazara, Milunika Mitrovi\u0107 iz Kosijeri\u0107a, Rade Babi\u0107 iz Prijepolja i sjeni\u010dki autor Velibor Veli\u010dkovi\u0107.<\/p>\n<p>U okviru Desetih knji\u017eevnih susreta \u201eMuhamed Abdagi\u0107\u201c, odr\u017ean je i okrugli sto o temi \u201eKnji\u017eevnost &#8211; blokada ili sredstvo za dijalog\u201c. Uvodni\u010darke ove teme bile su Sadeta Vrci\u0107, profesorka istorije i mr Elma Halilovi\u0107. Iako mo\u017ee da bude blokada, knji\u017eevnost bi, u svakom slu\u010daju, trebalo da bude sredstvo za dijalog. Tom prilkom, kroz dijalog u\u010desnika, na prijedlog novopazarskog knji\u017eevnika \u0160abana \u0160arenkapi\u0107a, do\u0161lo se i do zaklju\u010dka, da bi u narednom periodu, posredstvom Sjenice, trebalo organizovati kulturnu razmjenu izme\u0111u Novog Pazara i U\u017eica, sa radnim nazivom \u201eNovi Pazar U\u017eicu &#8211; U\u017eice Novom Pazaru\u201c.<\/p>\n<p>Izvor: <strong>Danas.rs\/Dodaci\/Sandzak<\/strong><\/p>\n","protected":false},"excerpt":{"rendered":"<p>Sjenica &#8211; &#8211; U Sjenici su ovih dana, odr\u017eani Deseti knji\u017eevni susreti \u201eMuhamed Abdagi\u0107\u201c, koje je, u cilju revitalizacije imena i djela nepravedno proganjanog sjeni\u010dkog knji\u017eevnika, ali i u cilju promocije modernog knji\u017eevnog stvarala\u0161tva i ideje interkulturalnosti, pre vi\u0161e od deceniju osnovala Kulturno-prosvjetna zajednica Sjenice. Uz prisustvo vrsnih autora iz raznih podneblja, \u010dlanova porodice Abdagi\u0107, [&hellip;]<\/p>\n","protected":false},"author":83,"featured_media":1210,"comment_status":"open","ping_status":"open","sticky":false,"template":"","format":"standard","meta":{"footnotes":""},"categories":[16],"tags":[],"class_list":{"0":"post-1209","1":"post","2":"type-post","3":"status-publish","4":"format-standard","5":"has-post-thumbnail","7":"category-novine"},"yoast_head":"<!-- This site is optimized with the Yoast SEO Premium plugin v23.1 (Yoast SEO v24.9) - https:\/\/yoast.com\/wordpress\/plugins\/seo\/ -->\n<title>Deseti knji\u017eevni susreti \u201eMuhamed Abdagi\u0107\u201c<\/title>\n<meta name=\"robots\" content=\"index, follow, max-snippet:-1, max-image-preview:large, max-video-preview:-1\" \/>\n<link rel=\"canonical\" href=\"https:\/\/sandzakpress.net\/arhiva\/deseti-knjizevni-susreti-\u201emuhamed-abdagic\u201c\/\" \/>\n<meta property=\"og:locale\" content=\"bs_BA\" \/>\n<meta property=\"og:type\" content=\"article\" \/>\n<meta property=\"og:title\" content=\"Deseti knji\u017eevni susreti \u201eMuhamed Abdagi\u0107\u201c\" \/>\n<meta property=\"og:description\" content=\"Sjenica &#8211; &#8211; U Sjenici su ovih dana, odr\u017eani Deseti knji\u017eevni susreti \u201eMuhamed Abdagi\u0107\u201c, koje je, u cilju revitalizacije imena i djela nepravedno proganjanog sjeni\u010dkog knji\u017eevnika, ali i u cilju promocije modernog knji\u017eevnog stvarala\u0161tva i ideje interkulturalnosti, pre vi\u0161e od deceniju osnovala Kulturno-prosvjetna zajednica Sjenice. Uz prisustvo vrsnih autora iz raznih podneblja, \u010dlanova porodice Abdagi\u0107, [&hellip;]\" \/>\n<meta property=\"og:url\" content=\"https:\/\/sandzakpress.net\/arhiva\/deseti-knjizevni-susreti-\u201emuhamed-abdagic\u201c\/\" \/>\n<meta property=\"og:site_name\" content=\"Sand\u017eak PRESS\" \/>\n<meta property=\"article:published_time\" content=\"2010-01-11T15:51:48+00:00\" \/>\n<meta property=\"og:image\" content=\"https:\/\/sandzakpress.net\/arhiva\/wp-content\/uploads\/2010\/01\/knizevnonn5.jpg\" \/>\n\t<meta property=\"og:image:width\" content=\"616\" \/>\n\t<meta property=\"og:image:height\" content=\"462\" \/>\n\t<meta property=\"og:image:type\" content=\"image\/jpeg\" \/>\n<meta name=\"author\" content=\"bosniak\" \/>\n<meta name=\"twitter:card\" content=\"summary_large_image\" \/>\n<meta name=\"twitter:label1\" content=\"Written by\" \/>\n\t<meta name=\"twitter:data1\" content=\"bosniak\" \/>\n\t<meta name=\"twitter:label2\" content=\"Est. reading time\" \/>\n\t<meta name=\"twitter:data2\" content=\"3 minute\" \/>\n<script type=\"application\/ld+json\" class=\"yoast-schema-graph\">{\"@context\":\"https:\/\/schema.org\",\"@graph\":[{\"@type\":\"Article\",\"@id\":\"https:\/\/sandzakpress.net\/arhiva\/deseti-knjizevni-susreti-%e2%80%9emuhamed-abdagic%e2%80%9c\/#article\",\"isPartOf\":{\"@id\":\"https:\/\/sandzakpress.net\/arhiva\/deseti-knjizevni-susreti-%e2%80%9emuhamed-abdagic%e2%80%9c\/\"},\"author\":{\"name\":\"bosniak\",\"@id\":\"https:\/\/sandzakpress.net\/arhiva\/#\/schema\/person\/c8baee722073534b583ea7bdb2e36c02\"},\"headline\":\"Deseti knji\u017eevni susreti \u201eMuhamed Abdagi\u0107\u201c\",\"datePublished\":\"2010-01-11T15:51:48+00:00\",\"mainEntityOfPage\":{\"@id\":\"https:\/\/sandzakpress.net\/arhiva\/deseti-knjizevni-susreti-%e2%80%9emuhamed-abdagic%e2%80%9c\/\"},\"wordCount\":600,\"commentCount\":0,\"publisher\":{\"@id\":\"https:\/\/sandzakpress.net\/arhiva\/#\/schema\/person\/6e72b67d6e51910a1117b3b483ba20bd\"},\"image\":{\"@id\":\"https:\/\/sandzakpress.net\/arhiva\/deseti-knjizevni-susreti-%e2%80%9emuhamed-abdagic%e2%80%9c\/#primaryimage\"},\"thumbnailUrl\":\"https:\/\/sandzakpress.net\/arhiva\/wp-content\/uploads\/2010\/01\/knizevnonn5.jpg\",\"articleSection\":[\"Novine\"],\"inLanguage\":\"bs-BA\",\"potentialAction\":[{\"@type\":\"CommentAction\",\"name\":\"Comment\",\"target\":[\"https:\/\/sandzakpress.net\/arhiva\/deseti-knjizevni-susreti-%e2%80%9emuhamed-abdagic%e2%80%9c\/#respond\"]}]},{\"@type\":\"WebPage\",\"@id\":\"https:\/\/sandzakpress.net\/arhiva\/deseti-knjizevni-susreti-%e2%80%9emuhamed-abdagic%e2%80%9c\/\",\"url\":\"https:\/\/sandzakpress.net\/arhiva\/deseti-knjizevni-susreti-%e2%80%9emuhamed-abdagic%e2%80%9c\/\",\"name\":\"Deseti knji\u017eevni susreti \u201eMuhamed Abdagi\u0107\u201c\",\"isPartOf\":{\"@id\":\"https:\/\/sandzakpress.net\/arhiva\/#website\"},\"primaryImageOfPage\":{\"@id\":\"https:\/\/sandzakpress.net\/arhiva\/deseti-knjizevni-susreti-%e2%80%9emuhamed-abdagic%e2%80%9c\/#primaryimage\"},\"image\":{\"@id\":\"https:\/\/sandzakpress.net\/arhiva\/deseti-knjizevni-susreti-%e2%80%9emuhamed-abdagic%e2%80%9c\/#primaryimage\"},\"thumbnailUrl\":\"https:\/\/sandzakpress.net\/arhiva\/wp-content\/uploads\/2010\/01\/knizevnonn5.jpg\",\"datePublished\":\"2010-01-11T15:51:48+00:00\",\"breadcrumb\":{\"@id\":\"https:\/\/sandzakpress.net\/arhiva\/deseti-knjizevni-susreti-%e2%80%9emuhamed-abdagic%e2%80%9c\/#breadcrumb\"},\"inLanguage\":\"bs-BA\",\"potentialAction\":[{\"@type\":\"ReadAction\",\"target\":[\"https:\/\/sandzakpress.net\/arhiva\/deseti-knjizevni-susreti-%e2%80%9emuhamed-abdagic%e2%80%9c\/\"]}]},{\"@type\":\"ImageObject\",\"inLanguage\":\"bs-BA\",\"@id\":\"https:\/\/sandzakpress.net\/arhiva\/deseti-knjizevni-susreti-%e2%80%9emuhamed-abdagic%e2%80%9c\/#primaryimage\",\"url\":\"https:\/\/sandzakpress.net\/arhiva\/wp-content\/uploads\/2010\/01\/knizevnonn5.jpg\",\"contentUrl\":\"https:\/\/sandzakpress.net\/arhiva\/wp-content\/uploads\/2010\/01\/knizevnonn5.jpg\",\"width\":616,\"height\":462},{\"@type\":\"BreadcrumbList\",\"@id\":\"https:\/\/sandzakpress.net\/arhiva\/deseti-knjizevni-susreti-%e2%80%9emuhamed-abdagic%e2%80%9c\/#breadcrumb\",\"itemListElement\":[{\"@type\":\"ListItem\",\"position\":1,\"name\":\"Home\",\"item\":\"https:\/\/sandzakpress.net\/arhiva\/\"},{\"@type\":\"ListItem\",\"position\":2,\"name\":\"Deseti knji\u017eevni susreti \u201eMuhamed Abdagi\u0107\u201c\"}]},{\"@type\":\"WebSite\",\"@id\":\"https:\/\/sandzakpress.net\/arhiva\/#website\",\"url\":\"https:\/\/sandzakpress.net\/arhiva\/\",\"name\":\"Sand\u017eak PRESS\",\"description\":\"Prve elektronske novine u Sand\u017eaku\",\"publisher\":{\"@id\":\"https:\/\/sandzakpress.net\/arhiva\/#\/schema\/person\/6e72b67d6e51910a1117b3b483ba20bd\"},\"potentialAction\":[{\"@type\":\"SearchAction\",\"target\":{\"@type\":\"EntryPoint\",\"urlTemplate\":\"https:\/\/sandzakpress.net\/arhiva\/?s={search_term_string}\"},\"query-input\":{\"@type\":\"PropertyValueSpecification\",\"valueRequired\":true,\"valueName\":\"search_term_string\"}}],\"inLanguage\":\"bs-BA\"},{\"@type\":[\"Person\",\"Organization\"],\"@id\":\"https:\/\/sandzakpress.net\/arhiva\/#\/schema\/person\/6e72b67d6e51910a1117b3b483ba20bd\",\"name\":\"Kul\",\"image\":{\"@type\":\"ImageObject\",\"inLanguage\":\"bs-BA\",\"@id\":\"https:\/\/sandzakpress.net\/arhiva\/#\/schema\/person\/image\/\",\"url\":\"https:\/\/secure.gravatar.com\/avatar\/42263f39aa27ac04c43cab85c280eb2e?s=96&d=mm&r=pg\",\"contentUrl\":\"https:\/\/secure.gravatar.com\/avatar\/42263f39aa27ac04c43cab85c280eb2e?s=96&d=mm&r=pg\",\"caption\":\"Kul\"},\"logo\":{\"@id\":\"https:\/\/sandzakpress.net\/arhiva\/#\/schema\/person\/image\/\"}},{\"@type\":\"Person\",\"@id\":\"https:\/\/sandzakpress.net\/arhiva\/#\/schema\/person\/c8baee722073534b583ea7bdb2e36c02\",\"name\":\"bosniak\",\"image\":{\"@type\":\"ImageObject\",\"inLanguage\":\"bs-BA\",\"@id\":\"https:\/\/sandzakpress.net\/arhiva\/#\/schema\/person\/image\/\",\"url\":\"https:\/\/secure.gravatar.com\/avatar\/a04fd330bfe3a36a72a0ad4a6d89fca7?s=96&d=mm&r=pg\",\"contentUrl\":\"https:\/\/secure.gravatar.com\/avatar\/a04fd330bfe3a36a72a0ad4a6d89fca7?s=96&d=mm&r=pg\",\"caption\":\"bosniak\"},\"url\":\"https:\/\/sandzakpress.net\/arhiva\/author\/bosniak\/\"}]}<\/script>\n<!-- \/ Yoast SEO Premium plugin. -->","yoast_head_json":{"title":"Deseti knji\u017eevni susreti \u201eMuhamed Abdagi\u0107\u201c","robots":{"index":"index","follow":"follow","max-snippet":"max-snippet:-1","max-image-preview":"max-image-preview:large","max-video-preview":"max-video-preview:-1"},"canonical":"https:\/\/sandzakpress.net\/arhiva\/deseti-knjizevni-susreti-\u201emuhamed-abdagic\u201c\/","og_locale":"bs_BA","og_type":"article","og_title":"Deseti knji\u017eevni susreti \u201eMuhamed Abdagi\u0107\u201c","og_description":"Sjenica &#8211; &#8211; U Sjenici su ovih dana, odr\u017eani Deseti knji\u017eevni susreti \u201eMuhamed Abdagi\u0107\u201c, koje je, u cilju revitalizacije imena i djela nepravedno proganjanog sjeni\u010dkog knji\u017eevnika, ali i u cilju promocije modernog knji\u017eevnog stvarala\u0161tva i ideje interkulturalnosti, pre vi\u0161e od deceniju osnovala Kulturno-prosvjetna zajednica Sjenice. Uz prisustvo vrsnih autora iz raznih podneblja, \u010dlanova porodice Abdagi\u0107, [&hellip;]","og_url":"https:\/\/sandzakpress.net\/arhiva\/deseti-knjizevni-susreti-\u201emuhamed-abdagic\u201c\/","og_site_name":"Sand\u017eak PRESS","article_published_time":"2010-01-11T15:51:48+00:00","og_image":[{"width":616,"height":462,"url":"https:\/\/sandzakpress.net\/arhiva\/wp-content\/uploads\/2010\/01\/knizevnonn5.jpg","type":"image\/jpeg"}],"author":"bosniak","twitter_card":"summary_large_image","twitter_misc":{"Written by":"bosniak","Est. reading time":"3 minute"},"schema":{"@context":"https:\/\/schema.org","@graph":[{"@type":"Article","@id":"https:\/\/sandzakpress.net\/arhiva\/deseti-knjizevni-susreti-%e2%80%9emuhamed-abdagic%e2%80%9c\/#article","isPartOf":{"@id":"https:\/\/sandzakpress.net\/arhiva\/deseti-knjizevni-susreti-%e2%80%9emuhamed-abdagic%e2%80%9c\/"},"author":{"name":"bosniak","@id":"https:\/\/sandzakpress.net\/arhiva\/#\/schema\/person\/c8baee722073534b583ea7bdb2e36c02"},"headline":"Deseti knji\u017eevni susreti \u201eMuhamed Abdagi\u0107\u201c","datePublished":"2010-01-11T15:51:48+00:00","mainEntityOfPage":{"@id":"https:\/\/sandzakpress.net\/arhiva\/deseti-knjizevni-susreti-%e2%80%9emuhamed-abdagic%e2%80%9c\/"},"wordCount":600,"commentCount":0,"publisher":{"@id":"https:\/\/sandzakpress.net\/arhiva\/#\/schema\/person\/6e72b67d6e51910a1117b3b483ba20bd"},"image":{"@id":"https:\/\/sandzakpress.net\/arhiva\/deseti-knjizevni-susreti-%e2%80%9emuhamed-abdagic%e2%80%9c\/#primaryimage"},"thumbnailUrl":"https:\/\/sandzakpress.net\/arhiva\/wp-content\/uploads\/2010\/01\/knizevnonn5.jpg","articleSection":["Novine"],"inLanguage":"bs-BA","potentialAction":[{"@type":"CommentAction","name":"Comment","target":["https:\/\/sandzakpress.net\/arhiva\/deseti-knjizevni-susreti-%e2%80%9emuhamed-abdagic%e2%80%9c\/#respond"]}]},{"@type":"WebPage","@id":"https:\/\/sandzakpress.net\/arhiva\/deseti-knjizevni-susreti-%e2%80%9emuhamed-abdagic%e2%80%9c\/","url":"https:\/\/sandzakpress.net\/arhiva\/deseti-knjizevni-susreti-%e2%80%9emuhamed-abdagic%e2%80%9c\/","name":"Deseti knji\u017eevni susreti \u201eMuhamed Abdagi\u0107\u201c","isPartOf":{"@id":"https:\/\/sandzakpress.net\/arhiva\/#website"},"primaryImageOfPage":{"@id":"https:\/\/sandzakpress.net\/arhiva\/deseti-knjizevni-susreti-%e2%80%9emuhamed-abdagic%e2%80%9c\/#primaryimage"},"image":{"@id":"https:\/\/sandzakpress.net\/arhiva\/deseti-knjizevni-susreti-%e2%80%9emuhamed-abdagic%e2%80%9c\/#primaryimage"},"thumbnailUrl":"https:\/\/sandzakpress.net\/arhiva\/wp-content\/uploads\/2010\/01\/knizevnonn5.jpg","datePublished":"2010-01-11T15:51:48+00:00","breadcrumb":{"@id":"https:\/\/sandzakpress.net\/arhiva\/deseti-knjizevni-susreti-%e2%80%9emuhamed-abdagic%e2%80%9c\/#breadcrumb"},"inLanguage":"bs-BA","potentialAction":[{"@type":"ReadAction","target":["https:\/\/sandzakpress.net\/arhiva\/deseti-knjizevni-susreti-%e2%80%9emuhamed-abdagic%e2%80%9c\/"]}]},{"@type":"ImageObject","inLanguage":"bs-BA","@id":"https:\/\/sandzakpress.net\/arhiva\/deseti-knjizevni-susreti-%e2%80%9emuhamed-abdagic%e2%80%9c\/#primaryimage","url":"https:\/\/sandzakpress.net\/arhiva\/wp-content\/uploads\/2010\/01\/knizevnonn5.jpg","contentUrl":"https:\/\/sandzakpress.net\/arhiva\/wp-content\/uploads\/2010\/01\/knizevnonn5.jpg","width":616,"height":462},{"@type":"BreadcrumbList","@id":"https:\/\/sandzakpress.net\/arhiva\/deseti-knjizevni-susreti-%e2%80%9emuhamed-abdagic%e2%80%9c\/#breadcrumb","itemListElement":[{"@type":"ListItem","position":1,"name":"Home","item":"https:\/\/sandzakpress.net\/arhiva\/"},{"@type":"ListItem","position":2,"name":"Deseti knji\u017eevni susreti \u201eMuhamed Abdagi\u0107\u201c"}]},{"@type":"WebSite","@id":"https:\/\/sandzakpress.net\/arhiva\/#website","url":"https:\/\/sandzakpress.net\/arhiva\/","name":"Sand\u017eak PRESS","description":"Prve elektronske novine u Sand\u017eaku","publisher":{"@id":"https:\/\/sandzakpress.net\/arhiva\/#\/schema\/person\/6e72b67d6e51910a1117b3b483ba20bd"},"potentialAction":[{"@type":"SearchAction","target":{"@type":"EntryPoint","urlTemplate":"https:\/\/sandzakpress.net\/arhiva\/?s={search_term_string}"},"query-input":{"@type":"PropertyValueSpecification","valueRequired":true,"valueName":"search_term_string"}}],"inLanguage":"bs-BA"},{"@type":["Person","Organization"],"@id":"https:\/\/sandzakpress.net\/arhiva\/#\/schema\/person\/6e72b67d6e51910a1117b3b483ba20bd","name":"Kul","image":{"@type":"ImageObject","inLanguage":"bs-BA","@id":"https:\/\/sandzakpress.net\/arhiva\/#\/schema\/person\/image\/","url":"https:\/\/secure.gravatar.com\/avatar\/42263f39aa27ac04c43cab85c280eb2e?s=96&d=mm&r=pg","contentUrl":"https:\/\/secure.gravatar.com\/avatar\/42263f39aa27ac04c43cab85c280eb2e?s=96&d=mm&r=pg","caption":"Kul"},"logo":{"@id":"https:\/\/sandzakpress.net\/arhiva\/#\/schema\/person\/image\/"}},{"@type":"Person","@id":"https:\/\/sandzakpress.net\/arhiva\/#\/schema\/person\/c8baee722073534b583ea7bdb2e36c02","name":"bosniak","image":{"@type":"ImageObject","inLanguage":"bs-BA","@id":"https:\/\/sandzakpress.net\/arhiva\/#\/schema\/person\/image\/","url":"https:\/\/secure.gravatar.com\/avatar\/a04fd330bfe3a36a72a0ad4a6d89fca7?s=96&d=mm&r=pg","contentUrl":"https:\/\/secure.gravatar.com\/avatar\/a04fd330bfe3a36a72a0ad4a6d89fca7?s=96&d=mm&r=pg","caption":"bosniak"},"url":"https:\/\/sandzakpress.net\/arhiva\/author\/bosniak\/"}]}},"_links":{"self":[{"href":"https:\/\/sandzakpress.net\/arhiva\/wp-json\/wp\/v2\/posts\/1209"}],"collection":[{"href":"https:\/\/sandzakpress.net\/arhiva\/wp-json\/wp\/v2\/posts"}],"about":[{"href":"https:\/\/sandzakpress.net\/arhiva\/wp-json\/wp\/v2\/types\/post"}],"author":[{"embeddable":true,"href":"https:\/\/sandzakpress.net\/arhiva\/wp-json\/wp\/v2\/users\/83"}],"replies":[{"embeddable":true,"href":"https:\/\/sandzakpress.net\/arhiva\/wp-json\/wp\/v2\/comments?post=1209"}],"version-history":[{"count":0,"href":"https:\/\/sandzakpress.net\/arhiva\/wp-json\/wp\/v2\/posts\/1209\/revisions"}],"wp:featuredmedia":[{"embeddable":true,"href":"https:\/\/sandzakpress.net\/arhiva\/wp-json\/wp\/v2\/media\/1210"}],"wp:attachment":[{"href":"https:\/\/sandzakpress.net\/arhiva\/wp-json\/wp\/v2\/media?parent=1209"}],"wp:term":[{"taxonomy":"category","embeddable":true,"href":"https:\/\/sandzakpress.net\/arhiva\/wp-json\/wp\/v2\/categories?post=1209"},{"taxonomy":"post_tag","embeddable":true,"href":"https:\/\/sandzakpress.net\/arhiva\/wp-json\/wp\/v2\/tags?post=1209"}],"curies":[{"name":"wp","href":"https:\/\/api.w.org\/{rel}","templated":true}]}}