{"id":120886,"date":"2015-01-30T09:19:37","date_gmt":"2015-01-30T08:19:37","guid":{"rendered":"https:\/\/sandzakpress.net\/arhiva\/?p=120886"},"modified":"2015-01-30T10:23:54","modified_gmt":"2015-01-30T09:23:54","slug":"dzudzo-sa-turskim-ambasadorom-uskoro-velike-turske-kompanije-u-sandzaku","status":"publish","type":"post","link":"https:\/\/sandzakpress.net\/arhiva\/dzudzo-sa-turskim-ambasadorom-uskoro-velike-turske-kompanije-u-sandzaku\/","title":{"rendered":"D\u017eud\u017eo sa turskim ambasadorom &#8211; Uskoro velike turske kompanije u Sand\u017eaku"},"content":{"rendered":"<p><strong><img loading=\"lazy\" decoding=\"async\" class=\"aligncenter size-full wp-image-120887\" src=\"https:\/\/sandzakpress.net\/arhiva\/wp-content\/uploads\/2015\/01\/Esko-i-Bozay-januar-2015-620x400.jpg\" alt=\"Esko-i-Bozay-januar-2015-620x400\" width=\"600\" height=\"387\" \/>Sand\u017eak\u00a0&#8211; Direktor Centra za bo\u0161nja\u010dke studije (CBS) Esad D\u017eud\u017eo susreo se ju\u010de u Ambasadi Republike Turske u Beogradu sa ambasadorom Mehmet Kemal Bozayem i razgovarao o unaprije\u0111enju saradnje Srbije i Turske.<\/strong><\/p>\n<p>Ovom prilikom turski ambasador Mehmet Kemal Bozay upoznao je D\u017eud\u017ea o skorom dolasku velikih turskih komapanija koje su zainteresovane za ulaganja u Sand\u017eaku.<\/p>\n<p>Sagovornici su se tokom razgovora slo\u017eili da je ekonomski razvoj, a prije svega razvoj infrastrukture i zapo\u0161ljavanje, bitan preduslov za unaprije\u0111enje prava Bo\u0161njaka u Sand\u017eaku.<\/p>\n<p>Posebno je bilo rije\u010di o podr\u0161ci unaprije\u0111enju nastave na bosanskome jeziku za u\u010denike bo\u0161nja\u010dke nacionalnosti u Sand\u017eaku.<\/p>\n<p>D\u017eud\u017eo je upoznao ambasadora Bozaya o zainteresovanosti u\u010denika osnovnih i srednjih \u0161kola u Sand\u017eaku za izu\u010davanje turskog jezika i knji\u017eevnosti.<\/p>\n<p>Direktor CBS-a se tokom dana susreo i sa predstavnicima izdava\u010dke ku\u0107e \u201cNovi Logos\u201d kojom prilikom je razgovarano o mogu\u0107oj zajedni\u010dkoj saradnji CBS-a i ove ugledne beogradske izdava\u010dke ku\u0107e na izradi i \u0161tampanju ud\u017ebenika koji \u0107e biti kori\u0161\u0107eni u nastavi na bosanskome jeziku u obrazovno-odgojnim ustanovama u Sand\u017eaku.<\/p>\n<p>(sandzacke)<\/p>\n","protected":false},"excerpt":{"rendered":"<p>Sand\u017eak\u00a0&#8211; Direktor Centra za bo\u0161nja\u010dke studije (CBS) Esad D\u017eud\u017eo susreo se ju\u010de u Ambasadi Republike Turske u Beogradu sa ambasadorom Mehmet Kemal Bozayem i razgovarao o unaprije\u0111enju saradnje Srbije i Turske. Ovom prilikom turski ambasador Mehmet Kemal Bozay upoznao je D\u017eud\u017ea o skorom dolasku velikih turskih komapanija koje su zainteresovane za ulaganja u Sand\u017eaku. Sagovornici [&hellip;]<\/p>\n","protected":false},"author":83,"featured_media":120887,"comment_status":"open","ping_status":"open","sticky":false,"template":"","format":"standard","meta":{"footnotes":""},"categories":[72,1,52,327,8957,798],"tags":[10426],"class_list":{"0":"post-120886","1":"post","2":"type-post","3":"status-publish","4":"format-standard","5":"has-post-thumbnail","7":"category-novi-pazar","8":"category-politika","9":"category-sjenica","10":"category-tutin","11":"category-vijesti-dana","12":"category-teme","13":"tag-obecanja-politicara"},"yoast_head":"<!-- This site is optimized with the Yoast SEO Premium plugin v23.1 (Yoast SEO v24.9) - https:\/\/yoast.com\/wordpress\/plugins\/seo\/ -->\n<title>D\u017eud\u017eo sa turskim ambasadorom - Uskoro velike turske kompanije u Sand\u017eaku<\/title>\n<meta name=\"robots\" content=\"index, follow, max-snippet:-1, max-image-preview:large, max-video-preview:-1\" \/>\n<link rel=\"canonical\" href=\"https:\/\/sandzakpress.net\/arhiva\/dzudzo-sa-turskim-ambasadorom-uskoro-velike-turske-kompanije-u-sandzaku\/\" \/>\n<meta property=\"og:locale\" content=\"bs_BA\" \/>\n<meta property=\"og:type\" content=\"article\" \/>\n<meta property=\"og:title\" content=\"D\u017eud\u017eo sa turskim ambasadorom - Uskoro velike turske kompanije u Sand\u017eaku\" \/>\n<meta property=\"og:description\" content=\"Sand\u017eak\u00a0&#8211; Direktor Centra za bo\u0161nja\u010dke studije (CBS) Esad D\u017eud\u017eo susreo se ju\u010de u Ambasadi Republike Turske u Beogradu sa ambasadorom Mehmet Kemal Bozayem i razgovarao o unaprije\u0111enju saradnje Srbije i Turske. Ovom prilikom turski ambasador Mehmet Kemal Bozay upoznao je D\u017eud\u017ea o skorom dolasku velikih turskih komapanija koje su zainteresovane za ulaganja u Sand\u017eaku. Sagovornici [&hellip;]\" \/>\n<meta property=\"og:url\" content=\"https:\/\/sandzakpress.net\/arhiva\/dzudzo-sa-turskim-ambasadorom-uskoro-velike-turske-kompanije-u-sandzaku\/\" \/>\n<meta property=\"og:site_name\" content=\"Sand\u017eak PRESS\" \/>\n<meta property=\"article:published_time\" content=\"2015-01-30T08:19:37+00:00\" \/>\n<meta property=\"article:modified_time\" content=\"2015-01-30T09:23:54+00:00\" \/>\n<meta property=\"og:image\" content=\"https:\/\/sandzakpress.net\/arhiva\/wp-content\/uploads\/2015\/01\/Esko-i-Bozay-januar-2015-620x400.jpg\" \/>\n\t<meta property=\"og:image:width\" content=\"600\" \/>\n\t<meta property=\"og:image:height\" content=\"387\" \/>\n\t<meta property=\"og:image:type\" content=\"image\/jpeg\" \/>\n<meta name=\"author\" content=\"bosniak\" \/>\n<meta name=\"twitter:card\" content=\"summary_large_image\" \/>\n<meta name=\"twitter:label1\" content=\"Written by\" \/>\n\t<meta name=\"twitter:data1\" content=\"bosniak\" \/>\n\t<meta name=\"twitter:label2\" content=\"Est. reading time\" \/>\n\t<meta name=\"twitter:data2\" content=\"1 minuta\" \/>\n<script type=\"application\/ld+json\" class=\"yoast-schema-graph\">{\"@context\":\"https:\/\/schema.org\",\"@graph\":[{\"@type\":\"Article\",\"@id\":\"https:\/\/sandzakpress.net\/arhiva\/dzudzo-sa-turskim-ambasadorom-uskoro-velike-turske-kompanije-u-sandzaku\/#article\",\"isPartOf\":{\"@id\":\"https:\/\/sandzakpress.net\/arhiva\/dzudzo-sa-turskim-ambasadorom-uskoro-velike-turske-kompanije-u-sandzaku\/\"},\"author\":{\"name\":\"bosniak\",\"@id\":\"https:\/\/sandzakpress.net\/arhiva\/#\/schema\/person\/c8baee722073534b583ea7bdb2e36c02\"},\"headline\":\"D\u017eud\u017eo sa turskim ambasadorom &#8211; Uskoro velike turske kompanije u Sand\u017eaku\",\"datePublished\":\"2015-01-30T08:19:37+00:00\",\"dateModified\":\"2015-01-30T09:23:54+00:00\",\"mainEntityOfPage\":{\"@id\":\"https:\/\/sandzakpress.net\/arhiva\/dzudzo-sa-turskim-ambasadorom-uskoro-velike-turske-kompanije-u-sandzaku\/\"},\"wordCount\":216,\"commentCount\":9,\"publisher\":{\"@id\":\"https:\/\/sandzakpress.net\/arhiva\/#\/schema\/person\/6e72b67d6e51910a1117b3b483ba20bd\"},\"image\":{\"@id\":\"https:\/\/sandzakpress.net\/arhiva\/dzudzo-sa-turskim-ambasadorom-uskoro-velike-turske-kompanije-u-sandzaku\/#primaryimage\"},\"thumbnailUrl\":\"https:\/\/sandzakpress.net\/arhiva\/wp-content\/uploads\/2015\/01\/Esko-i-Bozay-januar-2015-620x400.jpg\",\"keywords\":[\"obe\u0107anja politi\u010dara\"],\"articleSection\":[\"Novi Pazar\",\"Politika\",\"Sjenica\",\"Tutin\",\"VIJESTI DANA\",\"NAJNOVIJE\"],\"inLanguage\":\"bs-BA\",\"potentialAction\":[{\"@type\":\"CommentAction\",\"name\":\"Comment\",\"target\":[\"https:\/\/sandzakpress.net\/arhiva\/dzudzo-sa-turskim-ambasadorom-uskoro-velike-turske-kompanije-u-sandzaku\/#respond\"]}]},{\"@type\":\"WebPage\",\"@id\":\"https:\/\/sandzakpress.net\/arhiva\/dzudzo-sa-turskim-ambasadorom-uskoro-velike-turske-kompanije-u-sandzaku\/\",\"url\":\"https:\/\/sandzakpress.net\/arhiva\/dzudzo-sa-turskim-ambasadorom-uskoro-velike-turske-kompanije-u-sandzaku\/\",\"name\":\"D\u017eud\u017eo sa turskim ambasadorom - Uskoro velike turske kompanije u Sand\u017eaku\",\"isPartOf\":{\"@id\":\"https:\/\/sandzakpress.net\/arhiva\/#website\"},\"primaryImageOfPage\":{\"@id\":\"https:\/\/sandzakpress.net\/arhiva\/dzudzo-sa-turskim-ambasadorom-uskoro-velike-turske-kompanije-u-sandzaku\/#primaryimage\"},\"image\":{\"@id\":\"https:\/\/sandzakpress.net\/arhiva\/dzudzo-sa-turskim-ambasadorom-uskoro-velike-turske-kompanije-u-sandzaku\/#primaryimage\"},\"thumbnailUrl\":\"https:\/\/sandzakpress.net\/arhiva\/wp-content\/uploads\/2015\/01\/Esko-i-Bozay-januar-2015-620x400.jpg\",\"datePublished\":\"2015-01-30T08:19:37+00:00\",\"dateModified\":\"2015-01-30T09:23:54+00:00\",\"breadcrumb\":{\"@id\":\"https:\/\/sandzakpress.net\/arhiva\/dzudzo-sa-turskim-ambasadorom-uskoro-velike-turske-kompanije-u-sandzaku\/#breadcrumb\"},\"inLanguage\":\"bs-BA\",\"potentialAction\":[{\"@type\":\"ReadAction\",\"target\":[\"https:\/\/sandzakpress.net\/arhiva\/dzudzo-sa-turskim-ambasadorom-uskoro-velike-turske-kompanije-u-sandzaku\/\"]}]},{\"@type\":\"ImageObject\",\"inLanguage\":\"bs-BA\",\"@id\":\"https:\/\/sandzakpress.net\/arhiva\/dzudzo-sa-turskim-ambasadorom-uskoro-velike-turske-kompanije-u-sandzaku\/#primaryimage\",\"url\":\"https:\/\/sandzakpress.net\/arhiva\/wp-content\/uploads\/2015\/01\/Esko-i-Bozay-januar-2015-620x400.jpg\",\"contentUrl\":\"https:\/\/sandzakpress.net\/arhiva\/wp-content\/uploads\/2015\/01\/Esko-i-Bozay-januar-2015-620x400.jpg\",\"width\":600,\"height\":387},{\"@type\":\"BreadcrumbList\",\"@id\":\"https:\/\/sandzakpress.net\/arhiva\/dzudzo-sa-turskim-ambasadorom-uskoro-velike-turske-kompanije-u-sandzaku\/#breadcrumb\",\"itemListElement\":[{\"@type\":\"ListItem\",\"position\":1,\"name\":\"Home\",\"item\":\"https:\/\/sandzakpress.net\/arhiva\/\"},{\"@type\":\"ListItem\",\"position\":2,\"name\":\"D\u017eud\u017eo sa turskim ambasadorom &#8211; Uskoro velike turske kompanije u Sand\u017eaku\"}]},{\"@type\":\"WebSite\",\"@id\":\"https:\/\/sandzakpress.net\/arhiva\/#website\",\"url\":\"https:\/\/sandzakpress.net\/arhiva\/\",\"name\":\"Sand\u017eak PRESS\",\"description\":\"Prve elektronske novine u Sand\u017eaku\",\"publisher\":{\"@id\":\"https:\/\/sandzakpress.net\/arhiva\/#\/schema\/person\/6e72b67d6e51910a1117b3b483ba20bd\"},\"potentialAction\":[{\"@type\":\"SearchAction\",\"target\":{\"@type\":\"EntryPoint\",\"urlTemplate\":\"https:\/\/sandzakpress.net\/arhiva\/?s={search_term_string}\"},\"query-input\":{\"@type\":\"PropertyValueSpecification\",\"valueRequired\":true,\"valueName\":\"search_term_string\"}}],\"inLanguage\":\"bs-BA\"},{\"@type\":[\"Person\",\"Organization\"],\"@id\":\"https:\/\/sandzakpress.net\/arhiva\/#\/schema\/person\/6e72b67d6e51910a1117b3b483ba20bd\",\"name\":\"Kul\",\"image\":{\"@type\":\"ImageObject\",\"inLanguage\":\"bs-BA\",\"@id\":\"https:\/\/sandzakpress.net\/arhiva\/#\/schema\/person\/image\/\",\"url\":\"https:\/\/secure.gravatar.com\/avatar\/42263f39aa27ac04c43cab85c280eb2e?s=96&d=mm&r=pg\",\"contentUrl\":\"https:\/\/secure.gravatar.com\/avatar\/42263f39aa27ac04c43cab85c280eb2e?s=96&d=mm&r=pg\",\"caption\":\"Kul\"},\"logo\":{\"@id\":\"https:\/\/sandzakpress.net\/arhiva\/#\/schema\/person\/image\/\"}},{\"@type\":\"Person\",\"@id\":\"https:\/\/sandzakpress.net\/arhiva\/#\/schema\/person\/c8baee722073534b583ea7bdb2e36c02\",\"name\":\"bosniak\",\"image\":{\"@type\":\"ImageObject\",\"inLanguage\":\"bs-BA\",\"@id\":\"https:\/\/sandzakpress.net\/arhiva\/#\/schema\/person\/image\/\",\"url\":\"https:\/\/secure.gravatar.com\/avatar\/a04fd330bfe3a36a72a0ad4a6d89fca7?s=96&d=mm&r=pg\",\"contentUrl\":\"https:\/\/secure.gravatar.com\/avatar\/a04fd330bfe3a36a72a0ad4a6d89fca7?s=96&d=mm&r=pg\",\"caption\":\"bosniak\"},\"url\":\"https:\/\/sandzakpress.net\/arhiva\/author\/bosniak\/\"}]}<\/script>\n<!-- \/ Yoast SEO Premium plugin. -->","yoast_head_json":{"title":"D\u017eud\u017eo sa turskim ambasadorom - Uskoro velike turske kompanije u Sand\u017eaku","robots":{"index":"index","follow":"follow","max-snippet":"max-snippet:-1","max-image-preview":"max-image-preview:large","max-video-preview":"max-video-preview:-1"},"canonical":"https:\/\/sandzakpress.net\/arhiva\/dzudzo-sa-turskim-ambasadorom-uskoro-velike-turske-kompanije-u-sandzaku\/","og_locale":"bs_BA","og_type":"article","og_title":"D\u017eud\u017eo sa turskim ambasadorom - Uskoro velike turske kompanije u Sand\u017eaku","og_description":"Sand\u017eak\u00a0&#8211; Direktor Centra za bo\u0161nja\u010dke studije (CBS) Esad D\u017eud\u017eo susreo se ju\u010de u Ambasadi Republike Turske u Beogradu sa ambasadorom Mehmet Kemal Bozayem i razgovarao o unaprije\u0111enju saradnje Srbije i Turske. Ovom prilikom turski ambasador Mehmet Kemal Bozay upoznao je D\u017eud\u017ea o skorom dolasku velikih turskih komapanija koje su zainteresovane za ulaganja u Sand\u017eaku. Sagovornici [&hellip;]","og_url":"https:\/\/sandzakpress.net\/arhiva\/dzudzo-sa-turskim-ambasadorom-uskoro-velike-turske-kompanije-u-sandzaku\/","og_site_name":"Sand\u017eak PRESS","article_published_time":"2015-01-30T08:19:37+00:00","article_modified_time":"2015-01-30T09:23:54+00:00","og_image":[{"width":600,"height":387,"url":"https:\/\/sandzakpress.net\/arhiva\/wp-content\/uploads\/2015\/01\/Esko-i-Bozay-januar-2015-620x400.jpg","type":"image\/jpeg"}],"author":"bosniak","twitter_card":"summary_large_image","twitter_misc":{"Written by":"bosniak","Est. reading time":"1 minuta"},"schema":{"@context":"https:\/\/schema.org","@graph":[{"@type":"Article","@id":"https:\/\/sandzakpress.net\/arhiva\/dzudzo-sa-turskim-ambasadorom-uskoro-velike-turske-kompanije-u-sandzaku\/#article","isPartOf":{"@id":"https:\/\/sandzakpress.net\/arhiva\/dzudzo-sa-turskim-ambasadorom-uskoro-velike-turske-kompanije-u-sandzaku\/"},"author":{"name":"bosniak","@id":"https:\/\/sandzakpress.net\/arhiva\/#\/schema\/person\/c8baee722073534b583ea7bdb2e36c02"},"headline":"D\u017eud\u017eo sa turskim ambasadorom &#8211; Uskoro velike turske kompanije u Sand\u017eaku","datePublished":"2015-01-30T08:19:37+00:00","dateModified":"2015-01-30T09:23:54+00:00","mainEntityOfPage":{"@id":"https:\/\/sandzakpress.net\/arhiva\/dzudzo-sa-turskim-ambasadorom-uskoro-velike-turske-kompanije-u-sandzaku\/"},"wordCount":216,"commentCount":9,"publisher":{"@id":"https:\/\/sandzakpress.net\/arhiva\/#\/schema\/person\/6e72b67d6e51910a1117b3b483ba20bd"},"image":{"@id":"https:\/\/sandzakpress.net\/arhiva\/dzudzo-sa-turskim-ambasadorom-uskoro-velike-turske-kompanije-u-sandzaku\/#primaryimage"},"thumbnailUrl":"https:\/\/sandzakpress.net\/arhiva\/wp-content\/uploads\/2015\/01\/Esko-i-Bozay-januar-2015-620x400.jpg","keywords":["obe\u0107anja politi\u010dara"],"articleSection":["Novi Pazar","Politika","Sjenica","Tutin","VIJESTI DANA","NAJNOVIJE"],"inLanguage":"bs-BA","potentialAction":[{"@type":"CommentAction","name":"Comment","target":["https:\/\/sandzakpress.net\/arhiva\/dzudzo-sa-turskim-ambasadorom-uskoro-velike-turske-kompanije-u-sandzaku\/#respond"]}]},{"@type":"WebPage","@id":"https:\/\/sandzakpress.net\/arhiva\/dzudzo-sa-turskim-ambasadorom-uskoro-velike-turske-kompanije-u-sandzaku\/","url":"https:\/\/sandzakpress.net\/arhiva\/dzudzo-sa-turskim-ambasadorom-uskoro-velike-turske-kompanije-u-sandzaku\/","name":"D\u017eud\u017eo sa turskim ambasadorom - Uskoro velike turske kompanije u Sand\u017eaku","isPartOf":{"@id":"https:\/\/sandzakpress.net\/arhiva\/#website"},"primaryImageOfPage":{"@id":"https:\/\/sandzakpress.net\/arhiva\/dzudzo-sa-turskim-ambasadorom-uskoro-velike-turske-kompanije-u-sandzaku\/#primaryimage"},"image":{"@id":"https:\/\/sandzakpress.net\/arhiva\/dzudzo-sa-turskim-ambasadorom-uskoro-velike-turske-kompanije-u-sandzaku\/#primaryimage"},"thumbnailUrl":"https:\/\/sandzakpress.net\/arhiva\/wp-content\/uploads\/2015\/01\/Esko-i-Bozay-januar-2015-620x400.jpg","datePublished":"2015-01-30T08:19:37+00:00","dateModified":"2015-01-30T09:23:54+00:00","breadcrumb":{"@id":"https:\/\/sandzakpress.net\/arhiva\/dzudzo-sa-turskim-ambasadorom-uskoro-velike-turske-kompanije-u-sandzaku\/#breadcrumb"},"inLanguage":"bs-BA","potentialAction":[{"@type":"ReadAction","target":["https:\/\/sandzakpress.net\/arhiva\/dzudzo-sa-turskim-ambasadorom-uskoro-velike-turske-kompanije-u-sandzaku\/"]}]},{"@type":"ImageObject","inLanguage":"bs-BA","@id":"https:\/\/sandzakpress.net\/arhiva\/dzudzo-sa-turskim-ambasadorom-uskoro-velike-turske-kompanije-u-sandzaku\/#primaryimage","url":"https:\/\/sandzakpress.net\/arhiva\/wp-content\/uploads\/2015\/01\/Esko-i-Bozay-januar-2015-620x400.jpg","contentUrl":"https:\/\/sandzakpress.net\/arhiva\/wp-content\/uploads\/2015\/01\/Esko-i-Bozay-januar-2015-620x400.jpg","width":600,"height":387},{"@type":"BreadcrumbList","@id":"https:\/\/sandzakpress.net\/arhiva\/dzudzo-sa-turskim-ambasadorom-uskoro-velike-turske-kompanije-u-sandzaku\/#breadcrumb","itemListElement":[{"@type":"ListItem","position":1,"name":"Home","item":"https:\/\/sandzakpress.net\/arhiva\/"},{"@type":"ListItem","position":2,"name":"D\u017eud\u017eo sa turskim ambasadorom &#8211; Uskoro velike turske kompanije u Sand\u017eaku"}]},{"@type":"WebSite","@id":"https:\/\/sandzakpress.net\/arhiva\/#website","url":"https:\/\/sandzakpress.net\/arhiva\/","name":"Sand\u017eak PRESS","description":"Prve elektronske novine u Sand\u017eaku","publisher":{"@id":"https:\/\/sandzakpress.net\/arhiva\/#\/schema\/person\/6e72b67d6e51910a1117b3b483ba20bd"},"potentialAction":[{"@type":"SearchAction","target":{"@type":"EntryPoint","urlTemplate":"https:\/\/sandzakpress.net\/arhiva\/?s={search_term_string}"},"query-input":{"@type":"PropertyValueSpecification","valueRequired":true,"valueName":"search_term_string"}}],"inLanguage":"bs-BA"},{"@type":["Person","Organization"],"@id":"https:\/\/sandzakpress.net\/arhiva\/#\/schema\/person\/6e72b67d6e51910a1117b3b483ba20bd","name":"Kul","image":{"@type":"ImageObject","inLanguage":"bs-BA","@id":"https:\/\/sandzakpress.net\/arhiva\/#\/schema\/person\/image\/","url":"https:\/\/secure.gravatar.com\/avatar\/42263f39aa27ac04c43cab85c280eb2e?s=96&d=mm&r=pg","contentUrl":"https:\/\/secure.gravatar.com\/avatar\/42263f39aa27ac04c43cab85c280eb2e?s=96&d=mm&r=pg","caption":"Kul"},"logo":{"@id":"https:\/\/sandzakpress.net\/arhiva\/#\/schema\/person\/image\/"}},{"@type":"Person","@id":"https:\/\/sandzakpress.net\/arhiva\/#\/schema\/person\/c8baee722073534b583ea7bdb2e36c02","name":"bosniak","image":{"@type":"ImageObject","inLanguage":"bs-BA","@id":"https:\/\/sandzakpress.net\/arhiva\/#\/schema\/person\/image\/","url":"https:\/\/secure.gravatar.com\/avatar\/a04fd330bfe3a36a72a0ad4a6d89fca7?s=96&d=mm&r=pg","contentUrl":"https:\/\/secure.gravatar.com\/avatar\/a04fd330bfe3a36a72a0ad4a6d89fca7?s=96&d=mm&r=pg","caption":"bosniak"},"url":"https:\/\/sandzakpress.net\/arhiva\/author\/bosniak\/"}]}},"_links":{"self":[{"href":"https:\/\/sandzakpress.net\/arhiva\/wp-json\/wp\/v2\/posts\/120886"}],"collection":[{"href":"https:\/\/sandzakpress.net\/arhiva\/wp-json\/wp\/v2\/posts"}],"about":[{"href":"https:\/\/sandzakpress.net\/arhiva\/wp-json\/wp\/v2\/types\/post"}],"author":[{"embeddable":true,"href":"https:\/\/sandzakpress.net\/arhiva\/wp-json\/wp\/v2\/users\/83"}],"replies":[{"embeddable":true,"href":"https:\/\/sandzakpress.net\/arhiva\/wp-json\/wp\/v2\/comments?post=120886"}],"version-history":[{"count":0,"href":"https:\/\/sandzakpress.net\/arhiva\/wp-json\/wp\/v2\/posts\/120886\/revisions"}],"wp:featuredmedia":[{"embeddable":true,"href":"https:\/\/sandzakpress.net\/arhiva\/wp-json\/wp\/v2\/media\/120887"}],"wp:attachment":[{"href":"https:\/\/sandzakpress.net\/arhiva\/wp-json\/wp\/v2\/media?parent=120886"}],"wp:term":[{"taxonomy":"category","embeddable":true,"href":"https:\/\/sandzakpress.net\/arhiva\/wp-json\/wp\/v2\/categories?post=120886"},{"taxonomy":"post_tag","embeddable":true,"href":"https:\/\/sandzakpress.net\/arhiva\/wp-json\/wp\/v2\/tags?post=120886"}],"curies":[{"name":"wp","href":"https:\/\/api.w.org\/{rel}","templated":true}]}}